{"id":250829,"date":"2026-01-14T11:01:17","date_gmt":"2026-01-14T15:01:17","guid":{"rendered":"https:\/\/www.manaus.am.gov.br\/semcom\/precos-itens-material-escolar-2026\/"},"modified":"2026-01-14T11:01:17","modified_gmt":"2026-01-14T15:01:17","slug":"precos-itens-material-escolar-2026","status":"publish","type":"post","link":"https:\/\/www.manaus.am.gov.br\/semcom\/precos-itens-material-escolar-2026\/","title":{"rendered":"Procon Manaus divulga pesquisa de pre\u00e7os dos itens de material escolar para 2026"},"content":{"rendered":"\n<p>A Prefeitura de Manaus, por meio do Servi\u00e7o de Atendimento e Prote\u00e7\u00e3o ao Consumidor (Procon Manaus), divulgou, nesta quarta-feira, 14\/1, a Pesquisa Anual de Pre\u00e7os dos Itens de Material Escolar 2026, com o objetivo de orientar pais e respons\u00e1veis no per\u00edodo de compras para o in\u00edcio do ano letivo.<\/p>\n\n\n\n<p>De acordo com o diretor de Departamentos do Procon Manaus, Fabr\u00edcio Lima, a pesquisa refor\u00e7a a import\u00e2ncia do planejamento nas compras. \u201cQuando o consumidor se antecipa, compara pre\u00e7os e avalia diferentes estabelecimentos, consegue reduzir gastos e evitar escolhas por impulso, especialmente em per\u00edodos de maior demanda\u201d, destacou.<\/p>\n\n\n\n<p>O levantamento foi realizado no dia 12\/1, em dez estabelecimentos comerciais localizados em diferentes zonas da capital, incluindo papelarias, livrarias e lojas de utilidades. Ao todo, foram analisados 19 itens b\u00e1sicos de material escolar, definidos a partir das listas exigidas por institui\u00e7\u00f5es de ensino infantil e fundamental, abrangendo produtos de uso di\u00e1rio dos estudantes, como cadernos, papel A4, estojo, agenda, l\u00e1pis, canetas, tintas e EVA.<\/p>\n\n\n\n<p>Os dados apontaram grandes varia\u00e7\u00f5es de pre\u00e7os, chegando a at\u00e9 300% em alguns itens, como a cola branca (unidade) e o l\u00e1pis de cor com 12 unidades, demonstrando a import\u00e2ncia da pesquisa pr\u00e9via antes da compra. Entre os produtos de maior impacto no valor final da lista est\u00e3o a resma de papel A4 (500 folhas), encontrada com pre\u00e7os que variaram de R$ 20,59 a R$ 38; o caderno de dez mat\u00e9rias, comercializado entre R$ 9,99 e R$ 29,99; e a agenda escolar, com valores entre R$ 6 e R$ 24,99, dependendo do estabelecimento.<\/p>\n\n\n\n<p>A pesquisa tamb\u00e9m revelou diferen\u00e7a significativa no valor total&nbsp;estimado, calculado a partir&nbsp;dos pre\u00e7os unit\u00e1rios dos principais itens de material escolar, considerando apenas uma unidade de cada produto, e n\u00e3o a quantidade total normalmente solicitada pelas institui\u00e7\u00f5es de ensino. O menor valor apurado foi de R$ 95,50, enquanto o maior chegou a R$ 225,85, representando uma varia\u00e7\u00e3o de 136% entre os estabelecimentos pesquisados. Os dados evidenciam que a escolha do local de compra pode gerar economia expressiva para o consumidor.<\/p>\n\n\n\n<p>O Procon Manaus ressalta que os pre\u00e7os refletem os valores praticados no momento da coleta e podem sofrer altera\u00e7\u00f5es conforme promo\u00e7\u00f5es, ofertas ou pol\u00edticas comerciais adotadas pelos estabelecimentos. A orienta\u00e7\u00e3o \u00e9 que os consumidores utilizem a pesquisa como refer\u00eancia, comparem pre\u00e7os e planejem suas compras com anteced\u00eancia.<\/p>\n\n\n\n<p><strong><a href=\"https:\/\/www.manaus.am.gov.br\/semcom\/wp-content\/uploads\/sites\/5\/2026\/01\/pesquisa-escolar-2026-Final-para-publicacao.pdf\" target=\"_blank\" rel=\"noreferrer noopener\">Confira a lista completa<\/a>&nbsp;<\/strong><\/p>\n\n\n\n<p>&#8212; &#8212; &#8212;<\/p>\n\n\n\n<p><strong>Texto<\/strong> \u2013 Lara Bernardes\/Procon Manaus<\/p>\n\n\n\n<p><strong>Foto<\/strong> \u2013 Divulga\u00e7\u00e3o\/Procon Manaus<\/p>\n","protected":false},"excerpt":{"rendered":"","protected":false},"author":39,"featured_media":250830,"comment_status":"closed","ping_status":"closed","sticky":false,"template":"","format":"standard","meta":{"footnotes":""},"categories":[223],"tags":[4616,18853,18854,77,9825],"acf":[],"yoast_head":"<!-- This site is optimized with the Yoast SEO plugin v23.0 - https:\/\/yoast.com\/wordpress\/plugins\/seo\/ -->\n<title>Procon Manaus divulga pesquisa de pre\u00e7os dos itens de material escolar para 2026<\/title>\n<meta name=\"description\" content=\"Prefeitura de Manaus, por meio do Procon Manaus, divulga, nesta quarta-feira, 14\/1, os pre\u00e7os dos itens de material escolar para 2026.\" \/>\n<meta name=\"robots\" content=\"index, follow, max-snippet:-1, max-image-preview:large, max-video-preview:-1\" \/>\n<link rel=\"canonical\" href=\"https:\/\/www.manaus.am.gov.br\/semcom\/precos-itens-material-escolar-2026\/\" \/>\n<meta property=\"og:locale\" content=\"pt_BR\" \/>\n<meta property=\"og:type\" content=\"article\" \/>\n<meta property=\"og:title\" content=\"Procon Manaus divulga pesquisa de pre\u00e7os dos itens de material escolar para 2026\" \/>\n<meta property=\"og:description\" content=\"Prefeitura de Manaus, por meio do Procon Manaus, divulga, nesta quarta-feira, 14\/1, os pre\u00e7os dos itens de material escolar para 2026.\" \/>\n<meta property=\"og:url\" content=\"https:\/\/www.manaus.am.gov.br\/semcom\/precos-itens-material-escolar-2026\/\" \/>\n<meta property=\"og:site_name\" content=\"SEMCOM\" \/>\n<meta property=\"article:published_time\" content=\"2026-01-14T15:01:17+00:00\" \/>\n<meta property=\"og:image\" content=\"https:\/\/www.manaus.am.gov.br\/semcom\/wp-content\/uploads\/sites\/5\/2026\/01\/WhatsApp-Image-2026-01-14-at-10.14.00.jpeg\" \/>\n\t<meta property=\"og:image:width\" content=\"1280\" \/>\n\t<meta property=\"og:image:height\" content=\"960\" \/>\n\t<meta property=\"og:image:type\" content=\"image\/jpeg\" \/>\n<meta name=\"author\" content=\"Bruna Greco\" \/>\n<meta name=\"twitter:card\" content=\"summary_large_image\" \/>\n<meta name=\"twitter:label1\" content=\"Written by\" \/>\n\t<meta name=\"twitter:data1\" content=\"Bruna Greco\" \/>\n\t<meta name=\"twitter:label2\" content=\"Est. reading time\" \/>\n\t<meta name=\"twitter:data2\" content=\"3 minutos\" \/>\n<script type=\"application\/ld+json\" class=\"yoast-schema-graph\">{\"@context\":\"https:\/\/schema.org\",\"@graph\":[{\"@type\":\"WebPage\",\"@id\":\"https:\/\/www.manaus.am.gov.br\/semcom\/precos-itens-material-escolar-2026\/\",\"url\":\"https:\/\/www.manaus.am.gov.br\/semcom\/precos-itens-material-escolar-2026\/\",\"name\":\"Procon Manaus divulga pesquisa de pre\u00e7os dos itens de material escolar para 2026\",\"isPartOf\":{\"@id\":\"https:\/\/www.manaus.am.gov.br\/semcom\/#website\"},\"primaryImageOfPage\":{\"@id\":\"https:\/\/www.manaus.am.gov.br\/semcom\/precos-itens-material-escolar-2026\/#primaryimage\"},\"image\":{\"@id\":\"https:\/\/www.manaus.am.gov.br\/semcom\/precos-itens-material-escolar-2026\/#primaryimage\"},\"thumbnailUrl\":\"https:\/\/www.manaus.am.gov.br\/semcom\/wp-content\/uploads\/sites\/5\/2026\/01\/WhatsApp-Image-2026-01-14-at-10.14.00.jpeg\",\"datePublished\":\"2026-01-14T15:01:17+00:00\",\"dateModified\":\"2026-01-14T15:01:17+00:00\",\"author\":{\"@id\":\"https:\/\/www.manaus.am.gov.br\/semcom\/#\/schema\/person\/05d223aea2bf115f9883a6ff3683d81b\"},\"description\":\"Prefeitura de Manaus, por meio do Procon Manaus, divulga, nesta quarta-feira, 14\/1, os pre\u00e7os dos itens de material escolar para 2026.\",\"inLanguage\":\"pt-BR\",\"potentialAction\":[{\"@type\":\"ReadAction\",\"target\":[\"https:\/\/www.manaus.am.gov.br\/semcom\/precos-itens-material-escolar-2026\/\"]}]},{\"@type\":\"ImageObject\",\"inLanguage\":\"pt-BR\",\"@id\":\"https:\/\/www.manaus.am.gov.br\/semcom\/precos-itens-material-escolar-2026\/#primaryimage\",\"url\":\"https:\/\/www.manaus.am.gov.br\/semcom\/wp-content\/uploads\/sites\/5\/2026\/01\/WhatsApp-Image-2026-01-14-at-10.14.00.jpeg\",\"contentUrl\":\"https:\/\/www.manaus.am.gov.br\/semcom\/wp-content\/uploads\/sites\/5\/2026\/01\/WhatsApp-Image-2026-01-14-at-10.14.00.jpeg\",\"width\":1280,\"height\":960,\"caption\":\"#paratodosverem - Fiscal do Procon Manaus realizando levantamento de pre\u00e7os de itens de material escolar\"},{\"@type\":\"WebSite\",\"@id\":\"https:\/\/www.manaus.am.gov.br\/semcom\/#website\",\"url\":\"https:\/\/www.manaus.am.gov.br\/semcom\/\",\"name\":\"SEMCOM\",\"description\":\"Secretaria Municipal de Comunica\u00e7\u00e3o\",\"potentialAction\":[{\"@type\":\"SearchAction\",\"target\":{\"@type\":\"EntryPoint\",\"urlTemplate\":\"https:\/\/www.manaus.am.gov.br\/semcom\/?s={search_term_string}\"},\"query-input\":\"required name=search_term_string\"}],\"inLanguage\":\"pt-BR\"},{\"@type\":\"Person\",\"@id\":\"https:\/\/www.manaus.am.gov.br\/semcom\/#\/schema\/person\/05d223aea2bf115f9883a6ff3683d81b\",\"name\":\"Bruna Greco\",\"image\":{\"@type\":\"ImageObject\",\"inLanguage\":\"pt-BR\",\"@id\":\"https:\/\/www.manaus.am.gov.br\/semcom\/#\/schema\/person\/image\/\",\"url\":\"https:\/\/secure.gravatar.com\/avatar\/9c877d1a6adc2a055330e5c09a8653ce?s=96&d=mm&r=g\",\"contentUrl\":\"https:\/\/secure.gravatar.com\/avatar\/9c877d1a6adc2a055330e5c09a8653ce?s=96&d=mm&r=g\",\"caption\":\"Bruna Greco\"}}]}<\/script>\n<!-- \/ Yoast SEO plugin. -->","yoast_head_json":{"title":"Procon Manaus divulga pesquisa de pre\u00e7os dos itens de material escolar para 2026","description":"Prefeitura de Manaus, por meio do Procon Manaus, divulga, nesta quarta-feira, 14\/1, os pre\u00e7os dos itens de material escolar para 2026.","robots":{"index":"index","follow":"follow","max-snippet":"max-snippet:-1","max-image-preview":"max-image-preview:large","max-video-preview":"max-video-preview:-1"},"canonical":"https:\/\/www.manaus.am.gov.br\/semcom\/precos-itens-material-escolar-2026\/","og_locale":"pt_BR","og_type":"article","og_title":"Procon Manaus divulga pesquisa de pre\u00e7os dos itens de material escolar para 2026","og_description":"Prefeitura de Manaus, por meio do Procon Manaus, divulga, nesta quarta-feira, 14\/1, os pre\u00e7os dos itens de material escolar para 2026.","og_url":"https:\/\/www.manaus.am.gov.br\/semcom\/precos-itens-material-escolar-2026\/","og_site_name":"SEMCOM","article_published_time":"2026-01-14T15:01:17+00:00","og_image":[{"width":1280,"height":960,"url":"https:\/\/www.manaus.am.gov.br\/semcom\/wp-content\/uploads\/sites\/5\/2026\/01\/WhatsApp-Image-2026-01-14-at-10.14.00.jpeg","type":"image\/jpeg"}],"author":"Bruna Greco","twitter_card":"summary_large_image","twitter_misc":{"Written by":"Bruna Greco","Est. reading time":"3 minutos"},"schema":{"@context":"https:\/\/schema.org","@graph":[{"@type":"WebPage","@id":"https:\/\/www.manaus.am.gov.br\/semcom\/precos-itens-material-escolar-2026\/","url":"https:\/\/www.manaus.am.gov.br\/semcom\/precos-itens-material-escolar-2026\/","name":"Procon Manaus divulga pesquisa de pre\u00e7os dos itens de material escolar para 2026","isPartOf":{"@id":"https:\/\/www.manaus.am.gov.br\/semcom\/#website"},"primaryImageOfPage":{"@id":"https:\/\/www.manaus.am.gov.br\/semcom\/precos-itens-material-escolar-2026\/#primaryimage"},"image":{"@id":"https:\/\/www.manaus.am.gov.br\/semcom\/precos-itens-material-escolar-2026\/#primaryimage"},"thumbnailUrl":"https:\/\/www.manaus.am.gov.br\/semcom\/wp-content\/uploads\/sites\/5\/2026\/01\/WhatsApp-Image-2026-01-14-at-10.14.00.jpeg","datePublished":"2026-01-14T15:01:17+00:00","dateModified":"2026-01-14T15:01:17+00:00","author":{"@id":"https:\/\/www.manaus.am.gov.br\/semcom\/#\/schema\/person\/05d223aea2bf115f9883a6ff3683d81b"},"description":"Prefeitura de Manaus, por meio do Procon Manaus, divulga, nesta quarta-feira, 14\/1, os pre\u00e7os dos itens de material escolar para 2026.","inLanguage":"pt-BR","potentialAction":[{"@type":"ReadAction","target":["https:\/\/www.manaus.am.gov.br\/semcom\/precos-itens-material-escolar-2026\/"]}]},{"@type":"ImageObject","inLanguage":"pt-BR","@id":"https:\/\/www.manaus.am.gov.br\/semcom\/precos-itens-material-escolar-2026\/#primaryimage","url":"https:\/\/www.manaus.am.gov.br\/semcom\/wp-content\/uploads\/sites\/5\/2026\/01\/WhatsApp-Image-2026-01-14-at-10.14.00.jpeg","contentUrl":"https:\/\/www.manaus.am.gov.br\/semcom\/wp-content\/uploads\/sites\/5\/2026\/01\/WhatsApp-Image-2026-01-14-at-10.14.00.jpeg","width":1280,"height":960,"caption":"#paratodosverem - Fiscal do Procon Manaus realizando levantamento de pre\u00e7os de itens de material escolar"},{"@type":"WebSite","@id":"https:\/\/www.manaus.am.gov.br\/semcom\/#website","url":"https:\/\/www.manaus.am.gov.br\/semcom\/","name":"SEMCOM","description":"Secretaria Municipal de Comunica\u00e7\u00e3o","potentialAction":[{"@type":"SearchAction","target":{"@type":"EntryPoint","urlTemplate":"https:\/\/www.manaus.am.gov.br\/semcom\/?s={search_term_string}"},"query-input":"required name=search_term_string"}],"inLanguage":"pt-BR"},{"@type":"Person","@id":"https:\/\/www.manaus.am.gov.br\/semcom\/#\/schema\/person\/05d223aea2bf115f9883a6ff3683d81b","name":"Bruna Greco","image":{"@type":"ImageObject","inLanguage":"pt-BR","@id":"https:\/\/www.manaus.am.gov.br\/semcom\/#\/schema\/person\/image\/","url":"https:\/\/secure.gravatar.com\/avatar\/9c877d1a6adc2a055330e5c09a8653ce?s=96&d=mm&r=g","contentUrl":"https:\/\/secure.gravatar.com\/avatar\/9c877d1a6adc2a055330e5c09a8653ce?s=96&d=mm&r=g","caption":"Bruna Greco"}}]}},"_links":{"self":[{"href":"https:\/\/www.manaus.am.gov.br\/semcom\/wp-json\/wp\/v2\/posts\/250829"}],"collection":[{"href":"https:\/\/www.manaus.am.gov.br\/semcom\/wp-json\/wp\/v2\/posts"}],"about":[{"href":"https:\/\/www.manaus.am.gov.br\/semcom\/wp-json\/wp\/v2\/types\/post"}],"author":[{"embeddable":true,"href":"https:\/\/www.manaus.am.gov.br\/semcom\/wp-json\/wp\/v2\/users\/39"}],"replies":[{"embeddable":true,"href":"https:\/\/www.manaus.am.gov.br\/semcom\/wp-json\/wp\/v2\/comments?post=250829"}],"version-history":[{"count":1,"href":"https:\/\/www.manaus.am.gov.br\/semcom\/wp-json\/wp\/v2\/posts\/250829\/revisions"}],"predecessor-version":[{"id":250832,"href":"https:\/\/www.manaus.am.gov.br\/semcom\/wp-json\/wp\/v2\/posts\/250829\/revisions\/250832"}],"wp:featuredmedia":[{"embeddable":true,"href":"https:\/\/www.manaus.am.gov.br\/semcom\/wp-json\/wp\/v2\/media\/250830"}],"wp:attachment":[{"href":"https:\/\/www.manaus.am.gov.br\/semcom\/wp-json\/wp\/v2\/media?parent=250829"}],"wp:term":[{"taxonomy":"category","embeddable":true,"href":"https:\/\/www.manaus.am.gov.br\/semcom\/wp-json\/wp\/v2\/categories?post=250829"},{"taxonomy":"post_tag","embeddable":true,"href":"https:\/\/www.manaus.am.gov.br\/semcom\/wp-json\/wp\/v2\/tags?post=250829"}],"curies":[{"name":"wp","href":"https:\/\/api.w.org\/{rel}","templated":true}]}}