{"id":250821,"date":"2026-01-14T09:52:02","date_gmt":"2026-01-14T13:52:02","guid":{"rendered":"https:\/\/www.manaus.am.gov.br\/semcom\/atencao-primaria-referencia\/"},"modified":"2026-01-14T09:52:02","modified_gmt":"2026-01-14T13:52:02","slug":"atencao-primaria-referencia","status":"publish","type":"post","link":"https:\/\/www.manaus.am.gov.br\/semcom\/atencao-primaria-referencia\/","title":{"rendered":"Prefeito David Almeida destaca Manaus como case de sucesso em Aten\u00e7\u00e3o Prim\u00e1ria e refer\u00eancia de modelo de sa\u00fade para outros pa\u00edses"},"content":{"rendered":"\n<p>A cidade de Manaus vem se consolidando como refer\u00eancia internacional em Aten\u00e7\u00e3o Prim\u00e1ria \u00e0 Sa\u00fade, se tornando um verdadeiro laborat\u00f3rio vivo de pol\u00edticas p\u00fablicas em sa\u00fade, capaz de inspirar e orientar sistemas de outros pa\u00edses. Durante a entrega da primeira unidade odontol\u00f3gica m\u00f3vel incorporada \u00e0 rede municipal de Aten\u00e7\u00e3o Prim\u00e1ria \u00e0 Sa\u00fade, na manh\u00e3 desta ter\u00e7a-feira, 13\/1, o prefeito David Almeida explicou como a capital amazonense saiu de um cen\u00e1rio de baixa cobertura e fragilidade estrutural para alcan\u00e7ar n\u00edveis de excel\u00eancia reconhecidos pelo pr\u00f3prio Minist\u00e9rio da Sa\u00fade e por delega\u00e7\u00f5es internacionais.<\/p>\n\n\n\n<p>O avan\u00e7o expressivo da Aten\u00e7\u00e3o Prim\u00e1ria em Manaus \u00e9 resultado de uma pol\u00edtica baseada em planejamento, investimento cont\u00ednuo, fortalecimento das equipes e inova\u00e7\u00e3o territorial, que levou a cidade a alcan\u00e7ar \u00edndices superiores a 90% de cobertura, patamar considerado de aten\u00e7\u00e3o plena. Esse modelo tem despertado o interesse de pa\u00edses como It\u00e1lia e Alemanha, que enviaram t\u00e9cnicos e gestores \u00e0 capital para conhecer de perto a experi\u00eancia manauara.<\/p>\n\n\n\n<p>\u201cManaus saiu da pior cobertura de aten\u00e7\u00e3o b\u00e1sica do Brasil para se tornar refer\u00eancia nacional e internacional. Hoje, equipes da nossa Secretaria Municipal de Sa\u00fade (Semsa) s\u00e3o convidadas por outros pa\u00edses para apresentar o modelo que constru\u00edmos aqui. Isso \u00e9 resultado de gest\u00e3o, decis\u00e3o pol\u00edtica e compromisso com as pessoas\u201d, destacou o prefeito David Almeida.<\/p>\n\n\n\n<p>Um dos grandes diferenciais que colocam Manaus no radar internacional \u00e9 a capacidade de adaptar o Sistema \u00danico de Sa\u00fade (SUS) \u00e0s especificidades amaz\u00f4nicas, integrando realidades urbanas, ribeirinhas e ind\u00edgenas dentro de um mesmo modelo de cuidado. Nesse contexto, a Unidade de Sa\u00fade da Fam\u00edlia (USF) do Parque das Tribos se tornou s\u00edmbolo dessa inova\u00e7\u00e3o.<\/p>\n\n\n\n<p>Localizada no maior bairro ind\u00edgena n\u00e3o aldeado do mundo, com mais de 35 etnias diferentes, a unidade desenvolve um trabalho pioneiro que une aten\u00e7\u00e3o b\u00e1sica, respeito cultural e pr\u00e1ticas integrativas. \u00c9 l\u00e1 que funciona o programa \u201cFarm\u00e1cia Viva\u201d, uma iniciativa que utiliza fitoter\u00e1picos produzidos a partir de plantas medicinais da Floresta Amaz\u00f4nica, em parceria com institui\u00e7\u00f5es de ensino e pesquisa.<\/p>\n\n\n\n<p>\u201cMuitos ind\u00edgenas n\u00e3o aceitam medicamentos industrializados. Em Manaus, n\u00f3s respeitamos isso. Produzimos medicamentos naturais a partir da biodiversidade da floresta, com acompanhamento t\u00e9cnico e cient\u00edfico, e levamos esse cuidado de forma segura e humanizada. Isso n\u00e3o existe em nenhum outro lugar do mundo\u201d, afirmou David Almeida.<\/p>\n\n\n\n<p>O \u201cFarm\u00e1cia Viva\u201d permite que o tratamento de doen\u00e7as respirat\u00f3rias, inflamat\u00f3rias e outras condi\u00e7\u00f5es comuns seja feito com medicamentos naturais certificados, aliados ao trabalho estrat\u00e9gico dos agentes comunit\u00e1rios de sa\u00fade, muitos deles falantes das l\u00ednguas das pr\u00f3prias etnias atendidas. Essa integra\u00e7\u00e3o entre ci\u00eancia, saber tradicional e pol\u00edtica p\u00fablica tem sido apontada por especialistas estrangeiros como um dos aspectos mais inovadores do SUS praticado em Manaus.<\/p>\n\n\n\n<p>A secret\u00e1ria municipal de Sa\u00fade, Sh\u00e1dia Fraxe, refor\u00e7a que o interesse internacional vai al\u00e9m de visitas protocolares. \u201cDelega\u00e7\u00f5es da It\u00e1lia, da Alemanha e de outros pa\u00edses vieram a Manaus para entender como conseguimos levar sa\u00fade b\u00e1sica, bucal e ribeirinha a territ\u00f3rios t\u00e3o complexos. O que fazemos aqui desperta interesse, porque \u00e9 aplic\u00e1vel, \u00e9 humano e funciona\u201d, explicou.<\/p>\n\n\n\n<p>Al\u00e9m das unidades urbanas, Manaus tamb\u00e9m opera Unidades B\u00e1sicas de Sa\u00fade Fluviais (UBSFs) com consult\u00f3rios odontol\u00f3gicos completos, levando atendimento por rios como o Negro e o Amazonas, em trajetos que somam centenas de quil\u00f4metros. Essa capacidade log\u00edstica, aliada \u00e0 aten\u00e7\u00e3o territorializada, faz com que a cidade seja vista como refer\u00eancia global em sa\u00fade em \u00e1reas remotas.<\/p>\n\n\n\n<p>\u201cA Amaz\u00f4nia n\u00e3o pode ser vista como obst\u00e1culo. Aqui, ela \u00e9 a solu\u00e7\u00e3o. O que fazemos em Manaus prova que \u00e9 poss\u00edvel oferecer sa\u00fade p\u00fablica de qualidade, mesmo nos contextos mais desafiadores\u201d, completou o prefeito.<\/p>\n\n\n\n<p>O reconhecimento internacional n\u00e3o apenas valida o trabalho desenvolvido, como posiciona Manaus como exportadora de conhecimento em sa\u00fade p\u00fablica, fortalecendo a imagem da cidade no cen\u00e1rio global e reafirmando que pol\u00edticas p\u00fablicas bem conduzidas transformam realidades.<\/p>\n\n\n\n<p>Com resultados concretos, inova\u00e7\u00e3o e sensibilidade cultural, Manaus mostra que a Aten\u00e7\u00e3o Prim\u00e1ria pode ser eficiente, humana e adaptada \u00e0s pessoas, se tornando exemplo para o Brasil e para o mundo.<\/p>\n\n\n\n<figure class=\"wp-block-image size-large\"><img loading=\"lazy\" decoding=\"async\" width=\"1024\" height=\"683\" src=\"https:\/\/www.manaus.am.gov.br\/semcom\/wp-content\/uploads\/sites\/5\/2026\/01\/54485155104_20c9561be5_k-1024x683.jpg\" alt=\"\" class=\"wp-image-250823\" srcset=\"https:\/\/www.manaus.am.gov.br\/semcom\/wp-content\/uploads\/sites\/5\/2026\/01\/54485155104_20c9561be5_k-1024x683.jpg 1024w, https:\/\/www.manaus.am.gov.br\/semcom\/wp-content\/uploads\/sites\/5\/2026\/01\/54485155104_20c9561be5_k-300x200.jpg 300w, https:\/\/www.manaus.am.gov.br\/semcom\/wp-content\/uploads\/sites\/5\/2026\/01\/54485155104_20c9561be5_k-768x512.jpg 768w, https:\/\/www.manaus.am.gov.br\/semcom\/wp-content\/uploads\/sites\/5\/2026\/01\/54485155104_20c9561be5_k-1536x1024.jpg 1536w, https:\/\/www.manaus.am.gov.br\/semcom\/wp-content\/uploads\/sites\/5\/2026\/01\/54485155104_20c9561be5_k.jpg 2048w\" sizes=\"(max-width: 1024px) 100vw, 1024px\" \/><figcaption class=\"wp-element-caption\">#paratodosverem &#8211; Prefeito David Almeida e secret\u00e1ria Sh\u00e1dia Fraxe verificando medica\u00e7\u00f5es da Farm\u00e1cia Viva<\/figcaption><\/figure>\n\n\n\n<p>&#8212; &#8212; &#8212;<\/p>\n\n\n\n<p><strong>Texto<\/strong>&nbsp;&#8211; Emanuelle Baires\/Semcom-Prefeito<\/p>\n\n\n\n<p><strong>Fotos <\/strong>&#8211; Dhyeizo Lemos\/Semcom-Prefeito e Arquivo\/Semcom<\/p>\n","protected":false},"excerpt":{"rendered":"","protected":false},"author":39,"featured_media":250822,"comment_status":"closed","ping_status":"closed","sticky":false,"template":"","format":"standard","meta":{"footnotes":""},"categories":[925],"tags":[174,35,471,18851,77,4674,162],"acf":[],"yoast_head":"<!-- This site is optimized with the Yoast SEO plugin v23.0 - https:\/\/yoast.com\/wordpress\/plugins\/seo\/ -->\n<title>Prefeito destaca Manaus como case de sucesso em Aten\u00e7\u00e3o Prim\u00e1ria e refer\u00eancia de modelo de sa\u00fade para outros pa\u00edses<\/title>\n<meta name=\"description\" content=\"Prefeito David Almeida destaca Manaus como case de sucesso em Aten\u00e7\u00e3o Prim\u00e1ria e refer\u00eancia de modelo de sa\u00fade para outros pa\u00edses.\" \/>\n<meta name=\"robots\" content=\"index, follow, max-snippet:-1, max-image-preview:large, max-video-preview:-1\" \/>\n<link rel=\"canonical\" href=\"https:\/\/www.manaus.am.gov.br\/semcom\/atencao-primaria-referencia\/\" \/>\n<meta property=\"og:locale\" content=\"pt_BR\" \/>\n<meta property=\"og:type\" content=\"article\" \/>\n<meta property=\"og:title\" content=\"Prefeito destaca Manaus como case de sucesso em Aten\u00e7\u00e3o Prim\u00e1ria e refer\u00eancia de modelo de sa\u00fade para outros pa\u00edses\" \/>\n<meta property=\"og:description\" content=\"Prefeito David Almeida destaca Manaus como case de sucesso em Aten\u00e7\u00e3o Prim\u00e1ria e refer\u00eancia de modelo de sa\u00fade para outros pa\u00edses.\" \/>\n<meta property=\"og:url\" content=\"https:\/\/www.manaus.am.gov.br\/semcom\/atencao-primaria-referencia\/\" \/>\n<meta property=\"og:site_name\" content=\"SEMCOM\" \/>\n<meta property=\"article:published_time\" content=\"2026-01-14T13:52:02+00:00\" \/>\n<meta property=\"og:image\" content=\"https:\/\/www.manaus.am.gov.br\/semcom\/wp-content\/uploads\/sites\/5\/2026\/01\/55039659535_410b3e648a_k.jpg\" \/>\n\t<meta property=\"og:image:width\" content=\"2048\" \/>\n\t<meta property=\"og:image:height\" content=\"1365\" \/>\n\t<meta property=\"og:image:type\" content=\"image\/jpeg\" \/>\n<meta name=\"author\" content=\"Bruna Greco\" \/>\n<meta name=\"twitter:card\" content=\"summary_large_image\" \/>\n<meta name=\"twitter:label1\" content=\"Written by\" \/>\n\t<meta name=\"twitter:data1\" content=\"Bruna Greco\" \/>\n\t<meta name=\"twitter:label2\" content=\"Est. reading time\" \/>\n\t<meta name=\"twitter:data2\" content=\"5 minutos\" \/>\n<script type=\"application\/ld+json\" class=\"yoast-schema-graph\">{\"@context\":\"https:\/\/schema.org\",\"@graph\":[{\"@type\":\"WebPage\",\"@id\":\"https:\/\/www.manaus.am.gov.br\/semcom\/atencao-primaria-referencia\/\",\"url\":\"https:\/\/www.manaus.am.gov.br\/semcom\/atencao-primaria-referencia\/\",\"name\":\"Prefeito destaca Manaus como case de sucesso em Aten\u00e7\u00e3o Prim\u00e1ria e refer\u00eancia de modelo de sa\u00fade para outros pa\u00edses\",\"isPartOf\":{\"@id\":\"https:\/\/www.manaus.am.gov.br\/semcom\/#website\"},\"primaryImageOfPage\":{\"@id\":\"https:\/\/www.manaus.am.gov.br\/semcom\/atencao-primaria-referencia\/#primaryimage\"},\"image\":{\"@id\":\"https:\/\/www.manaus.am.gov.br\/semcom\/atencao-primaria-referencia\/#primaryimage\"},\"thumbnailUrl\":\"https:\/\/www.manaus.am.gov.br\/semcom\/wp-content\/uploads\/sites\/5\/2026\/01\/55039659535_410b3e648a_k.jpg\",\"datePublished\":\"2026-01-14T13:52:02+00:00\",\"dateModified\":\"2026-01-14T13:52:02+00:00\",\"author\":{\"@id\":\"https:\/\/www.manaus.am.gov.br\/semcom\/#\/schema\/person\/05d223aea2bf115f9883a6ff3683d81b\"},\"description\":\"Prefeito David Almeida destaca Manaus como case de sucesso em Aten\u00e7\u00e3o Prim\u00e1ria e refer\u00eancia de modelo de sa\u00fade para outros pa\u00edses.\",\"inLanguage\":\"pt-BR\",\"potentialAction\":[{\"@type\":\"ReadAction\",\"target\":[\"https:\/\/www.manaus.am.gov.br\/semcom\/atencao-primaria-referencia\/\"]}]},{\"@type\":\"ImageObject\",\"inLanguage\":\"pt-BR\",\"@id\":\"https:\/\/www.manaus.am.gov.br\/semcom\/atencao-primaria-referencia\/#primaryimage\",\"url\":\"https:\/\/www.manaus.am.gov.br\/semcom\/wp-content\/uploads\/sites\/5\/2026\/01\/55039659535_410b3e648a_k.jpg\",\"contentUrl\":\"https:\/\/www.manaus.am.gov.br\/semcom\/wp-content\/uploads\/sites\/5\/2026\/01\/55039659535_410b3e648a_k.jpg\",\"width\":2048,\"height\":1365,\"caption\":\"#paratodosverem - Prefeito de Manaus, David Almeida, acompanhado da titular da Semsa, Sh\u00e1dia Fraxe, durante inaugura\u00e7\u00e3o da primeira unidade odontol\u00f3gica m\u00f3vel\"},{\"@type\":\"WebSite\",\"@id\":\"https:\/\/www.manaus.am.gov.br\/semcom\/#website\",\"url\":\"https:\/\/www.manaus.am.gov.br\/semcom\/\",\"name\":\"SEMCOM\",\"description\":\"Secretaria Municipal de Comunica\u00e7\u00e3o\",\"potentialAction\":[{\"@type\":\"SearchAction\",\"target\":{\"@type\":\"EntryPoint\",\"urlTemplate\":\"https:\/\/www.manaus.am.gov.br\/semcom\/?s={search_term_string}\"},\"query-input\":\"required name=search_term_string\"}],\"inLanguage\":\"pt-BR\"},{\"@type\":\"Person\",\"@id\":\"https:\/\/www.manaus.am.gov.br\/semcom\/#\/schema\/person\/05d223aea2bf115f9883a6ff3683d81b\",\"name\":\"Bruna Greco\",\"image\":{\"@type\":\"ImageObject\",\"inLanguage\":\"pt-BR\",\"@id\":\"https:\/\/www.manaus.am.gov.br\/semcom\/#\/schema\/person\/image\/\",\"url\":\"https:\/\/secure.gravatar.com\/avatar\/9c877d1a6adc2a055330e5c09a8653ce?s=96&d=mm&r=g\",\"contentUrl\":\"https:\/\/secure.gravatar.com\/avatar\/9c877d1a6adc2a055330e5c09a8653ce?s=96&d=mm&r=g\",\"caption\":\"Bruna Greco\"}}]}<\/script>\n<!-- \/ Yoast SEO plugin. -->","yoast_head_json":{"title":"Prefeito destaca Manaus como case de sucesso em Aten\u00e7\u00e3o Prim\u00e1ria e refer\u00eancia de modelo de sa\u00fade para outros pa\u00edses","description":"Prefeito David Almeida destaca Manaus como case de sucesso em Aten\u00e7\u00e3o Prim\u00e1ria e refer\u00eancia de modelo de sa\u00fade para outros pa\u00edses.","robots":{"index":"index","follow":"follow","max-snippet":"max-snippet:-1","max-image-preview":"max-image-preview:large","max-video-preview":"max-video-preview:-1"},"canonical":"https:\/\/www.manaus.am.gov.br\/semcom\/atencao-primaria-referencia\/","og_locale":"pt_BR","og_type":"article","og_title":"Prefeito destaca Manaus como case de sucesso em Aten\u00e7\u00e3o Prim\u00e1ria e refer\u00eancia de modelo de sa\u00fade para outros pa\u00edses","og_description":"Prefeito David Almeida destaca Manaus como case de sucesso em Aten\u00e7\u00e3o Prim\u00e1ria e refer\u00eancia de modelo de sa\u00fade para outros pa\u00edses.","og_url":"https:\/\/www.manaus.am.gov.br\/semcom\/atencao-primaria-referencia\/","og_site_name":"SEMCOM","article_published_time":"2026-01-14T13:52:02+00:00","og_image":[{"width":2048,"height":1365,"url":"https:\/\/www.manaus.am.gov.br\/semcom\/wp-content\/uploads\/sites\/5\/2026\/01\/55039659535_410b3e648a_k.jpg","type":"image\/jpeg"}],"author":"Bruna Greco","twitter_card":"summary_large_image","twitter_misc":{"Written by":"Bruna Greco","Est. reading time":"5 minutos"},"schema":{"@context":"https:\/\/schema.org","@graph":[{"@type":"WebPage","@id":"https:\/\/www.manaus.am.gov.br\/semcom\/atencao-primaria-referencia\/","url":"https:\/\/www.manaus.am.gov.br\/semcom\/atencao-primaria-referencia\/","name":"Prefeito destaca Manaus como case de sucesso em Aten\u00e7\u00e3o Prim\u00e1ria e refer\u00eancia de modelo de sa\u00fade para outros pa\u00edses","isPartOf":{"@id":"https:\/\/www.manaus.am.gov.br\/semcom\/#website"},"primaryImageOfPage":{"@id":"https:\/\/www.manaus.am.gov.br\/semcom\/atencao-primaria-referencia\/#primaryimage"},"image":{"@id":"https:\/\/www.manaus.am.gov.br\/semcom\/atencao-primaria-referencia\/#primaryimage"},"thumbnailUrl":"https:\/\/www.manaus.am.gov.br\/semcom\/wp-content\/uploads\/sites\/5\/2026\/01\/55039659535_410b3e648a_k.jpg","datePublished":"2026-01-14T13:52:02+00:00","dateModified":"2026-01-14T13:52:02+00:00","author":{"@id":"https:\/\/www.manaus.am.gov.br\/semcom\/#\/schema\/person\/05d223aea2bf115f9883a6ff3683d81b"},"description":"Prefeito David Almeida destaca Manaus como case de sucesso em Aten\u00e7\u00e3o Prim\u00e1ria e refer\u00eancia de modelo de sa\u00fade para outros pa\u00edses.","inLanguage":"pt-BR","potentialAction":[{"@type":"ReadAction","target":["https:\/\/www.manaus.am.gov.br\/semcom\/atencao-primaria-referencia\/"]}]},{"@type":"ImageObject","inLanguage":"pt-BR","@id":"https:\/\/www.manaus.am.gov.br\/semcom\/atencao-primaria-referencia\/#primaryimage","url":"https:\/\/www.manaus.am.gov.br\/semcom\/wp-content\/uploads\/sites\/5\/2026\/01\/55039659535_410b3e648a_k.jpg","contentUrl":"https:\/\/www.manaus.am.gov.br\/semcom\/wp-content\/uploads\/sites\/5\/2026\/01\/55039659535_410b3e648a_k.jpg","width":2048,"height":1365,"caption":"#paratodosverem - Prefeito de Manaus, David Almeida, acompanhado da titular da Semsa, Sh\u00e1dia Fraxe, durante inaugura\u00e7\u00e3o da primeira unidade odontol\u00f3gica m\u00f3vel"},{"@type":"WebSite","@id":"https:\/\/www.manaus.am.gov.br\/semcom\/#website","url":"https:\/\/www.manaus.am.gov.br\/semcom\/","name":"SEMCOM","description":"Secretaria Municipal de Comunica\u00e7\u00e3o","potentialAction":[{"@type":"SearchAction","target":{"@type":"EntryPoint","urlTemplate":"https:\/\/www.manaus.am.gov.br\/semcom\/?s={search_term_string}"},"query-input":"required name=search_term_string"}],"inLanguage":"pt-BR"},{"@type":"Person","@id":"https:\/\/www.manaus.am.gov.br\/semcom\/#\/schema\/person\/05d223aea2bf115f9883a6ff3683d81b","name":"Bruna Greco","image":{"@type":"ImageObject","inLanguage":"pt-BR","@id":"https:\/\/www.manaus.am.gov.br\/semcom\/#\/schema\/person\/image\/","url":"https:\/\/secure.gravatar.com\/avatar\/9c877d1a6adc2a055330e5c09a8653ce?s=96&d=mm&r=g","contentUrl":"https:\/\/secure.gravatar.com\/avatar\/9c877d1a6adc2a055330e5c09a8653ce?s=96&d=mm&r=g","caption":"Bruna Greco"}}]}},"_links":{"self":[{"href":"https:\/\/www.manaus.am.gov.br\/semcom\/wp-json\/wp\/v2\/posts\/250821"}],"collection":[{"href":"https:\/\/www.manaus.am.gov.br\/semcom\/wp-json\/wp\/v2\/posts"}],"about":[{"href":"https:\/\/www.manaus.am.gov.br\/semcom\/wp-json\/wp\/v2\/types\/post"}],"author":[{"embeddable":true,"href":"https:\/\/www.manaus.am.gov.br\/semcom\/wp-json\/wp\/v2\/users\/39"}],"replies":[{"embeddable":true,"href":"https:\/\/www.manaus.am.gov.br\/semcom\/wp-json\/wp\/v2\/comments?post=250821"}],"version-history":[{"count":1,"href":"https:\/\/www.manaus.am.gov.br\/semcom\/wp-json\/wp\/v2\/posts\/250821\/revisions"}],"predecessor-version":[{"id":250824,"href":"https:\/\/www.manaus.am.gov.br\/semcom\/wp-json\/wp\/v2\/posts\/250821\/revisions\/250824"}],"wp:featuredmedia":[{"embeddable":true,"href":"https:\/\/www.manaus.am.gov.br\/semcom\/wp-json\/wp\/v2\/media\/250822"}],"wp:attachment":[{"href":"https:\/\/www.manaus.am.gov.br\/semcom\/wp-json\/wp\/v2\/media?parent=250821"}],"wp:term":[{"taxonomy":"category","embeddable":true,"href":"https:\/\/www.manaus.am.gov.br\/semcom\/wp-json\/wp\/v2\/categories?post=250821"},{"taxonomy":"post_tag","embeddable":true,"href":"https:\/\/www.manaus.am.gov.br\/semcom\/wp-json\/wp\/v2\/tags?post=250821"}],"curies":[{"name":"wp","href":"https:\/\/api.w.org\/{rel}","templated":true}]}}