{"id":250812,"date":"2026-01-13T21:20:15","date_gmt":"2026-01-14T00:20:15","guid":{"rendered":"https:\/\/www.manaus.am.gov.br\/semcom\/primeira-unidade-odontologica-movel\/"},"modified":"2026-01-13T21:20:17","modified_gmt":"2026-01-14T00:20:17","slug":"primeira-unidade-odontologica-movel","status":"publish","type":"post","link":"https:\/\/www.manaus.am.gov.br\/semcom\/primeira-unidade-odontologica-movel\/","title":{"rendered":"Prefeito David Almeida entrega primeira unidade odontol\u00f3gica m\u00f3vel da Aten\u00e7\u00e3o Prim\u00e1ria e amplia atendimento a popula\u00e7\u00f5es vulner\u00e1veis em Manaus"},"content":{"rendered":"\n<p>O prefeito de Manaus, David Almeida, entregou, nesta ter\u00e7a-feira, 13\/1, a primeira unidade odontol\u00f3gica m\u00f3vel incorporada \u00e0 rede municipal de Aten\u00e7\u00e3o Prim\u00e1ria \u00e0 Sa\u00fade. A solenidade ocorreu na sede da Secretaria Municipal de Sa\u00fade (Semsa), no bairro Adrian\u00f3polis, zona Centro-Sul, e marca mais um avan\u00e7o da gest\u00e3o no fortalecimento da sa\u00fade bucal, especialmente para pessoas em situa\u00e7\u00e3o de vulnerabilidade social.<\/p>\n\n\n\n<p>A estrutura m\u00f3vel, destinada \u00e0 Semsa pelo Minist\u00e9rio da Sa\u00fade, integra o programa \u201cBrasil Sorridente\u201d, dentro do novo Programa de Acelera\u00e7\u00e3o do Crescimento (PAC) da Sa\u00fade, e tem capacidade para realizar at\u00e9 20 atendimentos por dia. Totalmente equipada, a unidade conta com cadeira odontol\u00f3gica completa, aparelho de raio-X, autoclave, reservat\u00f3rio de \u00e1gua, gerador de energia, ar-condicionado, exaustor, frigobar, al\u00e9m de equipe formada por cirurgi\u00e3o-dentista, t\u00e9cnico em sa\u00fade bucal e motorista.<\/p>\n\n\n\n<p>Durante a entrega, o prefeito destacou que a unidade representa um salto importante na pol\u00edtica de busca ativa e no cuidado com quem mais precisa do poder p\u00fablico.<\/p>\n\n\n\n<p>\u201cEsse equipamento vai permitir que a prefeitura v\u00e1 at\u00e9 onde o cidad\u00e3o est\u00e1. Muitas vezes s\u00e3o pessoas que n\u00e3o conseguem se locomover, idosos acamados, pessoas com defici\u00eancia ou em situa\u00e7\u00e3o de rua. A nossa inten\u00e7\u00e3o \u00e9 fazer busca ativa, levar a sa\u00fade bucal a quem mais precisa e melhorar a qualidade de vida da popula\u00e7\u00e3o de Manaus\u201d, afirmou David Almeida.<\/p>\n\n\n\n<p>O prefeito ressaltou ainda que a unidade come\u00e7ar\u00e1 os atendimentos pela Funda\u00e7\u00e3o de Apoio ao Idoso Dr. Thomas, mas ter\u00e1 um roteiro ampliado.<\/p>\n\n\n\n<p>\u201cVamos iniciar pela Funda\u00e7\u00e3o Dr. Thomas, mas tamb\u00e9m levar essa estrutura ao Centro Pop, a locais com popula\u00e7\u00e3o em situa\u00e7\u00e3o de rua e a outros pontos da cidade. A programa\u00e7\u00e3o ser\u00e1 organizada semanalmente e divulgada para que todos saibam onde o servi\u00e7o estar\u00e1\u201d, completou.<\/p>\n\n\n\n<p>A secret\u00e1ria municipal de Sa\u00fade, Sh\u00e1dia Fraxe, enfatizou que a unidade m\u00f3vel \u00e9 estrat\u00e9gica para ampliar a cobertura de sa\u00fade bucal na capital.<\/p>\n\n\n\n<p>\u201cQuando assumimos, a cobertura de sa\u00fade bucal em Manaus era de cerca de 20%. Hoje, chegamos a 32%, e estruturas como essa v\u00e3o nos ajudar a avan\u00e7ar ainda mais. Essa unidade \u00e9 totalmente equipada, com raio-X, autoclave, reservat\u00f3rio de \u00e1gua e gerador, permitindo realizar praticamente todos os procedimentos da Aten\u00e7\u00e3o Prim\u00e1ria\u201d, explicou.<\/p>\n\n\n\n<p>Segundo a secret\u00e1ria, a primeira parada da unidade ser\u00e1 a Funda\u00e7\u00e3o Dr. Thomas, onde vivem cerca de 160 idosos, muitos com severas dificuldades de locomo\u00e7\u00e3o.<\/p>\n\n\n\n<p>\u201cN\u00f3s s\u00f3 sairemos de l\u00e1 quando todos forem avaliados e tratados. Depois seguiremos para outros locais, como a Fazenda da Esperan\u00e7a, Centro Pop, Parque das Tribos e onde houver pessoas em situa\u00e7\u00e3o de vulnerabilidade. O foco \u00e9 a busca ativa\u201d, destacou Sh\u00e1dia Fraxe.<\/p>\n\n\n\n<p>A coordenadora de Sa\u00fade Bucal da Semsa, Cl\u00e1udia Carvalho, ressaltou que Manaus foi uma das poucas capitais brasileiras contempladas com a unidade m\u00f3vel, devido ao reconhecimento nacional da pol\u00edtica municipal de sa\u00fade bucal.<\/p>\n\n\n\n<p>\u201cForam entregues 400 unidades em todo o Brasil, e no Amazonas apenas 22. Manaus recebeu uma porque hoje \u00e9 refer\u00eancia em sa\u00fade bucal. Essa unidade vem completa, independente de \u00e1gua e energia, e permite ofertar desde exame cl\u00ednico e preven\u00e7\u00e3o at\u00e9 restaura\u00e7\u00f5es, extra\u00e7\u00f5es e outros procedimentos\u201d, afirmou.<\/p>\n\n\n\n<p>Cl\u00e1udia destacou ainda que o equipamento foi pensado para chegar at\u00e9 quem n\u00e3o consegue acessar uma unidade fixa. \u201cEssa unidade foi feita para levar a sa\u00fade bucal para dentro da casa de quem mais precisa. Hoje, o usu\u00e1rio n\u00e3o precisa mais pagar transporte ou pedir favor; \u00e9 o servi\u00e7o p\u00fablico que vai at\u00e9 ele\u201d, completou.<\/p>\n\n\n\n<p>O diretor-presidente da Funda\u00e7\u00e3o Dr. Thomas, Eduardo Lucas, comemorou o in\u00edcio dos atendimentos na institui\u00e7\u00e3o. \u201cN\u00f3s temos cerca de 160 idosos residentes, muitos extremamente vulner\u00e1veis. Esse equipamento vai fazer uma enorme diferen\u00e7a na vida dessas pessoas, que muitas vezes ficam invis\u00edveis para o poder p\u00fablico. Somos muito gratos ao prefeito e \u00e0 secretaria de Sa\u00fade por esse cuidado\u201d, afirmou.<\/p>\n\n\n\n<p><strong>Funcionamento<\/strong><\/p>\n\n\n\n<p>A unidade odontol\u00f3gica m\u00f3vel vai funcionar de segunda a sexta-feira, das 8h \u00e0s 17h, ofertando todos os procedimentos da Aten\u00e7\u00e3o Prim\u00e1ria em sa\u00fade bucal, como exame cl\u00ednico, aplica\u00e7\u00e3o de fl\u00faor, raspagem, restaura\u00e7\u00e3o, extra\u00e7\u00e3o e curativos. Casos que demandarem atendimento especializado poder\u00e3o ser encaminhados para a rede da Semsa.<\/p>\n\n\n\n<p>Al\u00e9m de Manaus, apenas S\u00e3o Paulo e Belo Horizonte foram contempladas com a unidade entre as capitais brasileiras. O Minist\u00e9rio da Sa\u00fade prev\u00ea a renova\u00e7\u00e3o da frota a cada cinco anos, garantindo a continuidade do servi\u00e7o.<\/p>\n\n\n\n<p>Com a entrega, a Prefeitura de Manaus amplia sua capacidade de atendimento em sa\u00fade bucal e refor\u00e7a o compromisso de levar servi\u00e7os p\u00fablicos de qualidade \u00e0s popula\u00e7\u00f5es mais vulner\u00e1veis da cidade.<\/p>\n\n\n\n<p>\u2014&#8211; \u2014&#8211; \u2014&#8211;<br><strong>Texto <\/strong>&#8211; Emanuelle Baires \/ Semcom-Prefeito<\/p>\n\n\n\n<p><strong>Fotos &#8211;<\/strong> Dhyeizo Lemos \/ Semcom-Prefeito e Antonio Pereira \/ Semcom<br><strong>Dispon\u00edveis em &#8211; <\/strong><a href=\"https:\/\/flic.kr\/s\/aHBqjCGxT4\">https:\/\/flic.kr\/s\/aHBqjCGxT4<\/a><\/p>\n","protected":false},"excerpt":{"rendered":"","protected":false},"author":68,"featured_media":250813,"comment_status":"closed","ping_status":"closed","sticky":false,"template":"","format":"standard","meta":{"footnotes":""},"categories":[2179],"tags":[35,18848,77,18849,162],"acf":[],"yoast_head":"<!-- This site is optimized with the Yoast SEO plugin v23.0 - https:\/\/yoast.com\/wordpress\/plugins\/seo\/ -->\n<title>David Almeida entrega primeira unidade odontol\u00f3gica m\u00f3vel<\/title>\n<meta name=\"description\" content=\"O prefeito de Manaus, David Almeida, entregou, nesta ter\u00e7a-feira, 13\/1, a primeira unidade odontol\u00f3gica m\u00f3vel incorporada \u00e0 rede municipal de Aten\u00e7\u00e3o Prim\u00e1ria \u00e0 Sa\u00fade.\" \/>\n<meta name=\"robots\" content=\"index, follow, max-snippet:-1, max-image-preview:large, max-video-preview:-1\" \/>\n<link rel=\"canonical\" href=\"https:\/\/www.manaus.am.gov.br\/semcom\/primeira-unidade-odontologica-movel\/\" \/>\n<meta property=\"og:locale\" content=\"pt_BR\" \/>\n<meta property=\"og:type\" content=\"article\" \/>\n<meta property=\"og:title\" content=\"David Almeida entrega primeira unidade odontol\u00f3gica m\u00f3vel\" \/>\n<meta property=\"og:description\" content=\"O prefeito de Manaus, David Almeida, entregou, nesta ter\u00e7a-feira, 13\/1, a primeira unidade odontol\u00f3gica m\u00f3vel incorporada \u00e0 rede municipal de Aten\u00e7\u00e3o Prim\u00e1ria \u00e0 Sa\u00fade.\" \/>\n<meta property=\"og:url\" content=\"https:\/\/www.manaus.am.gov.br\/semcom\/primeira-unidade-odontologica-movel\/\" \/>\n<meta property=\"og:site_name\" content=\"SEMCOM\" \/>\n<meta property=\"article:published_time\" content=\"2026-01-14T00:20:15+00:00\" \/>\n<meta property=\"article:modified_time\" content=\"2026-01-14T00:20:17+00:00\" \/>\n<meta property=\"og:image\" content=\"https:\/\/www.manaus.am.gov.br\/semcom\/wp-content\/uploads\/sites\/5\/2026\/01\/55039321851_107b18b6c6_c.jpg\" \/>\n\t<meta property=\"og:image:width\" content=\"799\" \/>\n\t<meta property=\"og:image:height\" content=\"533\" \/>\n\t<meta property=\"og:image:type\" content=\"image\/jpeg\" \/>\n<meta name=\"author\" content=\"bvalente\" \/>\n<meta name=\"twitter:card\" content=\"summary_large_image\" \/>\n<meta name=\"twitter:label1\" content=\"Written by\" \/>\n\t<meta name=\"twitter:data1\" content=\"bvalente\" \/>\n\t<meta name=\"twitter:label2\" content=\"Est. reading time\" \/>\n\t<meta name=\"twitter:data2\" content=\"5 minutos\" \/>\n<script type=\"application\/ld+json\" class=\"yoast-schema-graph\">{\"@context\":\"https:\/\/schema.org\",\"@graph\":[{\"@type\":\"WebPage\",\"@id\":\"https:\/\/www.manaus.am.gov.br\/semcom\/primeira-unidade-odontologica-movel\/\",\"url\":\"https:\/\/www.manaus.am.gov.br\/semcom\/primeira-unidade-odontologica-movel\/\",\"name\":\"David Almeida entrega primeira unidade odontol\u00f3gica m\u00f3vel\",\"isPartOf\":{\"@id\":\"https:\/\/www.manaus.am.gov.br\/semcom\/#website\"},\"primaryImageOfPage\":{\"@id\":\"https:\/\/www.manaus.am.gov.br\/semcom\/primeira-unidade-odontologica-movel\/#primaryimage\"},\"image\":{\"@id\":\"https:\/\/www.manaus.am.gov.br\/semcom\/primeira-unidade-odontologica-movel\/#primaryimage\"},\"thumbnailUrl\":\"https:\/\/www.manaus.am.gov.br\/semcom\/wp-content\/uploads\/sites\/5\/2026\/01\/55039321851_107b18b6c6_c.jpg\",\"datePublished\":\"2026-01-14T00:20:15+00:00\",\"dateModified\":\"2026-01-14T00:20:17+00:00\",\"author\":{\"@id\":\"https:\/\/www.manaus.am.gov.br\/semcom\/#\/schema\/person\/466a0e03ae4b6062809046bd560ac955\"},\"description\":\"O prefeito de Manaus, David Almeida, entregou, nesta ter\u00e7a-feira, 13\/1, a primeira unidade odontol\u00f3gica m\u00f3vel incorporada \u00e0 rede municipal de Aten\u00e7\u00e3o Prim\u00e1ria \u00e0 Sa\u00fade.\",\"inLanguage\":\"pt-BR\",\"potentialAction\":[{\"@type\":\"ReadAction\",\"target\":[\"https:\/\/www.manaus.am.gov.br\/semcom\/primeira-unidade-odontologica-movel\/\"]}]},{\"@type\":\"ImageObject\",\"inLanguage\":\"pt-BR\",\"@id\":\"https:\/\/www.manaus.am.gov.br\/semcom\/primeira-unidade-odontologica-movel\/#primaryimage\",\"url\":\"https:\/\/www.manaus.am.gov.br\/semcom\/wp-content\/uploads\/sites\/5\/2026\/01\/55039321851_107b18b6c6_c.jpg\",\"contentUrl\":\"https:\/\/www.manaus.am.gov.br\/semcom\/wp-content\/uploads\/sites\/5\/2026\/01\/55039321851_107b18b6c6_c.jpg\",\"width\":799,\"height\":533,\"caption\":\"#paratodosverem - Prefeito David Almeida, secret\u00e1ria Sh\u00e1dia Fraxe e demais autoridades\"},{\"@type\":\"WebSite\",\"@id\":\"https:\/\/www.manaus.am.gov.br\/semcom\/#website\",\"url\":\"https:\/\/www.manaus.am.gov.br\/semcom\/\",\"name\":\"SEMCOM\",\"description\":\"Secretaria Municipal de Comunica\u00e7\u00e3o\",\"potentialAction\":[{\"@type\":\"SearchAction\",\"target\":{\"@type\":\"EntryPoint\",\"urlTemplate\":\"https:\/\/www.manaus.am.gov.br\/semcom\/?s={search_term_string}\"},\"query-input\":\"required name=search_term_string\"}],\"inLanguage\":\"pt-BR\"},{\"@type\":\"Person\",\"@id\":\"https:\/\/www.manaus.am.gov.br\/semcom\/#\/schema\/person\/466a0e03ae4b6062809046bd560ac955\",\"name\":\"bvalente\",\"image\":{\"@type\":\"ImageObject\",\"inLanguage\":\"pt-BR\",\"@id\":\"https:\/\/www.manaus.am.gov.br\/semcom\/#\/schema\/person\/image\/\",\"url\":\"https:\/\/secure.gravatar.com\/avatar\/3e69bc2b014bdad41adfec3a39de07d2?s=96&d=mm&r=g\",\"contentUrl\":\"https:\/\/secure.gravatar.com\/avatar\/3e69bc2b014bdad41adfec3a39de07d2?s=96&d=mm&r=g\",\"caption\":\"bvalente\"}}]}<\/script>\n<!-- \/ Yoast SEO plugin. -->","yoast_head_json":{"title":"David Almeida entrega primeira unidade odontol\u00f3gica m\u00f3vel","description":"O prefeito de Manaus, David Almeida, entregou, nesta ter\u00e7a-feira, 13\/1, a primeira unidade odontol\u00f3gica m\u00f3vel incorporada \u00e0 rede municipal de Aten\u00e7\u00e3o Prim\u00e1ria \u00e0 Sa\u00fade.","robots":{"index":"index","follow":"follow","max-snippet":"max-snippet:-1","max-image-preview":"max-image-preview:large","max-video-preview":"max-video-preview:-1"},"canonical":"https:\/\/www.manaus.am.gov.br\/semcom\/primeira-unidade-odontologica-movel\/","og_locale":"pt_BR","og_type":"article","og_title":"David Almeida entrega primeira unidade odontol\u00f3gica m\u00f3vel","og_description":"O prefeito de Manaus, David Almeida, entregou, nesta ter\u00e7a-feira, 13\/1, a primeira unidade odontol\u00f3gica m\u00f3vel incorporada \u00e0 rede municipal de Aten\u00e7\u00e3o Prim\u00e1ria \u00e0 Sa\u00fade.","og_url":"https:\/\/www.manaus.am.gov.br\/semcom\/primeira-unidade-odontologica-movel\/","og_site_name":"SEMCOM","article_published_time":"2026-01-14T00:20:15+00:00","article_modified_time":"2026-01-14T00:20:17+00:00","og_image":[{"width":799,"height":533,"url":"https:\/\/www.manaus.am.gov.br\/semcom\/wp-content\/uploads\/sites\/5\/2026\/01\/55039321851_107b18b6c6_c.jpg","type":"image\/jpeg"}],"author":"bvalente","twitter_card":"summary_large_image","twitter_misc":{"Written by":"bvalente","Est. reading time":"5 minutos"},"schema":{"@context":"https:\/\/schema.org","@graph":[{"@type":"WebPage","@id":"https:\/\/www.manaus.am.gov.br\/semcom\/primeira-unidade-odontologica-movel\/","url":"https:\/\/www.manaus.am.gov.br\/semcom\/primeira-unidade-odontologica-movel\/","name":"David Almeida entrega primeira unidade odontol\u00f3gica m\u00f3vel","isPartOf":{"@id":"https:\/\/www.manaus.am.gov.br\/semcom\/#website"},"primaryImageOfPage":{"@id":"https:\/\/www.manaus.am.gov.br\/semcom\/primeira-unidade-odontologica-movel\/#primaryimage"},"image":{"@id":"https:\/\/www.manaus.am.gov.br\/semcom\/primeira-unidade-odontologica-movel\/#primaryimage"},"thumbnailUrl":"https:\/\/www.manaus.am.gov.br\/semcom\/wp-content\/uploads\/sites\/5\/2026\/01\/55039321851_107b18b6c6_c.jpg","datePublished":"2026-01-14T00:20:15+00:00","dateModified":"2026-01-14T00:20:17+00:00","author":{"@id":"https:\/\/www.manaus.am.gov.br\/semcom\/#\/schema\/person\/466a0e03ae4b6062809046bd560ac955"},"description":"O prefeito de Manaus, David Almeida, entregou, nesta ter\u00e7a-feira, 13\/1, a primeira unidade odontol\u00f3gica m\u00f3vel incorporada \u00e0 rede municipal de Aten\u00e7\u00e3o Prim\u00e1ria \u00e0 Sa\u00fade.","inLanguage":"pt-BR","potentialAction":[{"@type":"ReadAction","target":["https:\/\/www.manaus.am.gov.br\/semcom\/primeira-unidade-odontologica-movel\/"]}]},{"@type":"ImageObject","inLanguage":"pt-BR","@id":"https:\/\/www.manaus.am.gov.br\/semcom\/primeira-unidade-odontologica-movel\/#primaryimage","url":"https:\/\/www.manaus.am.gov.br\/semcom\/wp-content\/uploads\/sites\/5\/2026\/01\/55039321851_107b18b6c6_c.jpg","contentUrl":"https:\/\/www.manaus.am.gov.br\/semcom\/wp-content\/uploads\/sites\/5\/2026\/01\/55039321851_107b18b6c6_c.jpg","width":799,"height":533,"caption":"#paratodosverem - Prefeito David Almeida, secret\u00e1ria Sh\u00e1dia Fraxe e demais autoridades"},{"@type":"WebSite","@id":"https:\/\/www.manaus.am.gov.br\/semcom\/#website","url":"https:\/\/www.manaus.am.gov.br\/semcom\/","name":"SEMCOM","description":"Secretaria Municipal de Comunica\u00e7\u00e3o","potentialAction":[{"@type":"SearchAction","target":{"@type":"EntryPoint","urlTemplate":"https:\/\/www.manaus.am.gov.br\/semcom\/?s={search_term_string}"},"query-input":"required name=search_term_string"}],"inLanguage":"pt-BR"},{"@type":"Person","@id":"https:\/\/www.manaus.am.gov.br\/semcom\/#\/schema\/person\/466a0e03ae4b6062809046bd560ac955","name":"bvalente","image":{"@type":"ImageObject","inLanguage":"pt-BR","@id":"https:\/\/www.manaus.am.gov.br\/semcom\/#\/schema\/person\/image\/","url":"https:\/\/secure.gravatar.com\/avatar\/3e69bc2b014bdad41adfec3a39de07d2?s=96&d=mm&r=g","contentUrl":"https:\/\/secure.gravatar.com\/avatar\/3e69bc2b014bdad41adfec3a39de07d2?s=96&d=mm&r=g","caption":"bvalente"}}]}},"_links":{"self":[{"href":"https:\/\/www.manaus.am.gov.br\/semcom\/wp-json\/wp\/v2\/posts\/250812"}],"collection":[{"href":"https:\/\/www.manaus.am.gov.br\/semcom\/wp-json\/wp\/v2\/posts"}],"about":[{"href":"https:\/\/www.manaus.am.gov.br\/semcom\/wp-json\/wp\/v2\/types\/post"}],"author":[{"embeddable":true,"href":"https:\/\/www.manaus.am.gov.br\/semcom\/wp-json\/wp\/v2\/users\/68"}],"replies":[{"embeddable":true,"href":"https:\/\/www.manaus.am.gov.br\/semcom\/wp-json\/wp\/v2\/comments?post=250812"}],"version-history":[{"count":0,"href":"https:\/\/www.manaus.am.gov.br\/semcom\/wp-json\/wp\/v2\/posts\/250812\/revisions"}],"wp:featuredmedia":[{"embeddable":true,"href":"https:\/\/www.manaus.am.gov.br\/semcom\/wp-json\/wp\/v2\/media\/250813"}],"wp:attachment":[{"href":"https:\/\/www.manaus.am.gov.br\/semcom\/wp-json\/wp\/v2\/media?parent=250812"}],"wp:term":[{"taxonomy":"category","embeddable":true,"href":"https:\/\/www.manaus.am.gov.br\/semcom\/wp-json\/wp\/v2\/categories?post=250812"},{"taxonomy":"post_tag","embeddable":true,"href":"https:\/\/www.manaus.am.gov.br\/semcom\/wp-json\/wp\/v2\/tags?post=250812"}],"curies":[{"name":"wp","href":"https:\/\/api.w.org\/{rel}","templated":true}]}}