{"id":250810,"date":"2026-01-13T21:15:27","date_gmt":"2026-01-14T00:15:27","guid":{"rendered":"https:\/\/www.manaus.am.gov.br\/semcom\/manutencao-galeria-subterranea\/"},"modified":"2026-01-14T14:08:36","modified_gmt":"2026-01-14T17:08:36","slug":"manutencao-em-galeria-subterranea","status":"publish","type":"post","link":"https:\/\/www.manaus.am.gov.br\/semcom\/manutencao-em-galeria-subterranea\/","title":{"rendered":"Prefeitura de Manaus realiza manuten\u00e7\u00e3o em galeria subterr\u00e2nea de cerca de 300 metros na avenida Djalma Batista"},"content":{"rendered":"\n<p>A <a href=\"https:\/\/www.manaus.am.gov.br\">Prefeitura de Manaus<\/a>, por meio da Secretaria Municipal de Infraestrutura (Seminf), executou, nesta ter\u00e7a-feira, 13\/1, servi\u00e7os de manuten\u00e7\u00e3o em galeria subterr\u00e2nea na avenida Djalma Batista, no bairro Chapada, zona Centro-Sul da capital. A interven\u00e7\u00e3o ocorre em um dos corredores vi\u00e1rios mais movimentados da cidade e tem car\u00e1ter preventivo, com foco na seguran\u00e7a e no pleno funcionamento do sistema de escoamento das \u00e1guas pluviais.<\/p>\n\n\n\n<p>Os trabalhos inclu\u00edram o anelamento da tubula\u00e7\u00e3o da galeria subterr\u00e2nea, t\u00e9cnica que evita a fuga de material interno e reduz o risco de abertura de crateras na via. A a\u00e7\u00e3o garante mais estabilidade \u00e0 estrutura e preserva a integridade do pavimento, beneficiando motoristas, pedestres e comerciantes da regi\u00e3o.<\/p>\n\n\n\n<p>Segundo o vice-prefeito e secret\u00e1rio de Obras, Renato Junior, a manuten\u00e7\u00e3o cont\u00ednua das galerias \u00e9 fundamental para prevenir problemas maiores e garantir a seguran\u00e7a da popula\u00e7\u00e3o.<\/p>\n\n\n\n<p>\u201cAs galerias subterr\u00e2neas de Manaus atravessam diversos bairros e precisam estar em pleno funcionamento. A determina\u00e7\u00e3o do prefeito David Almeida \u00e9 manter esse trabalho de forma permanente e preventiva, atuando antes que ocorram danos maiores, garantindo seguran\u00e7a e mais qualidade de vida para a popula\u00e7\u00e3o\u201d, destacou Renato Junior.&nbsp;<\/p>\n\n\n\n<p>A galeria atendida possui aproximadamente 300 metros de extens\u00e3o, com in\u00edcio no conjunto Eldorado, passando pela avenida Djalma Batista e desaguando no igarap\u00e9 do Mind\u00fa. A interven\u00e7\u00e3o se concentrou em um trecho espec\u00edfico de cerca de 10 metros, onde foi identificado comprometimento da estrutura. No local, os oper\u00e1rios aplicaram uma t\u00e9cnica de veda\u00e7\u00e3o, melhorando a fluidez das \u00e1guas pluviais e refor\u00e7ando a estrutura interna da galeria.<\/p>\n\n\n\n<p>A a\u00e7\u00e3o preventiva reduz significativamente o risco de afundamentos e crateras, especialmente em per\u00edodos de chuvas intensas, e refor\u00e7a a seguran\u00e7a vi\u00e1ria em uma das principais avenidas da cidade.<\/p>\n\n\n\n<p>A Prefeitura de Manaus segue executando servi\u00e7os de manuten\u00e7\u00e3o e recupera\u00e7\u00e3o da rede de drenagem por meio de um cronograma cont\u00ednuo, com frentes de trabalho distribu\u00eddas por diversas zonas da capital, visando melhorar o cotidiano da popula\u00e7\u00e3o e garantir a infraestrutura urbana da cidade.<\/p>\n\n\n\n<p>\u2014&#8211; \u2014&#8211; \u2014-<br><strong>Texto &#8211;<\/strong> Eduarda Lira \/ Seminf<br><strong>Fotos &#8211; <\/strong>Rayana Coutinho \/ Seminf<\/p>\n","protected":false},"excerpt":{"rendered":"","protected":false},"author":68,"featured_media":250811,"comment_status":"closed","ping_status":"closed","sticky":false,"template":"","format":"standard","meta":{"footnotes":""},"categories":[47],"tags":[18847,77,33,689],"acf":[],"yoast_head":"<!-- This site is optimized with the Yoast SEO plugin v23.0 - https:\/\/yoast.com\/wordpress\/plugins\/seo\/ -->\n<title>Prefeitura de Manaus realiza manuten\u00e7\u00e3o em galeria subterr\u00e2nea<\/title>\n<meta name=\"description\" content=\"A Prefeitura de Manaus executou, nesta ter\u00e7a, servi\u00e7os de manuten\u00e7\u00e3o em um trecho da rede de drenagem profunda da avenida Djalma Batista.\" \/>\n<meta name=\"robots\" content=\"index, follow, max-snippet:-1, max-image-preview:large, max-video-preview:-1\" \/>\n<link rel=\"canonical\" href=\"https:\/\/www.manaus.am.gov.br\/semcom\/manutencao-galeria-subterranea\/\" \/>\n<meta property=\"og:locale\" content=\"pt_BR\" \/>\n<meta property=\"og:type\" content=\"article\" \/>\n<meta property=\"og:title\" content=\"Prefeitura de Manaus realiza manuten\u00e7\u00e3o em galeria subterr\u00e2nea\" \/>\n<meta property=\"og:description\" content=\"A Prefeitura de Manaus executou, nesta ter\u00e7a, servi\u00e7os de manuten\u00e7\u00e3o em um trecho da rede de drenagem profunda da avenida Djalma Batista.\" \/>\n<meta property=\"og:url\" content=\"https:\/\/www.manaus.am.gov.br\/semcom\/manutencao-galeria-subterranea\/\" \/>\n<meta property=\"og:site_name\" content=\"SEMCOM\" \/>\n<meta property=\"article:published_time\" content=\"2026-01-14T00:15:27+00:00\" \/>\n<meta property=\"article:modified_time\" content=\"2026-01-14T17:08:36+00:00\" \/>\n<meta property=\"og:image\" content=\"https:\/\/www.manaus.am.gov.br\/semcom\/wp-content\/uploads\/sites\/5\/2026\/01\/Prefeitura-de-Manaus-realiza-manutencao-em-galeria-subterranea-2.jpg\" \/>\n\t<meta property=\"og:image:width\" content=\"1600\" \/>\n\t<meta property=\"og:image:height\" content=\"1200\" \/>\n\t<meta property=\"og:image:type\" content=\"image\/jpeg\" \/>\n<meta name=\"author\" content=\"bvalente\" \/>\n<meta name=\"twitter:card\" content=\"summary_large_image\" \/>\n<meta name=\"twitter:label1\" content=\"Written by\" \/>\n\t<meta name=\"twitter:data1\" content=\"bvalente\" \/>\n\t<meta name=\"twitter:label2\" content=\"Est. reading time\" \/>\n\t<meta name=\"twitter:data2\" content=\"3 minutos\" \/>\n<script type=\"application\/ld+json\" class=\"yoast-schema-graph\">{\"@context\":\"https:\/\/schema.org\",\"@graph\":[{\"@type\":\"WebPage\",\"@id\":\"https:\/\/www.manaus.am.gov.br\/semcom\/manutencao-galeria-subterranea\/\",\"url\":\"https:\/\/www.manaus.am.gov.br\/semcom\/manutencao-galeria-subterranea\/\",\"name\":\"Prefeitura de Manaus realiza manuten\u00e7\u00e3o em galeria subterr\u00e2nea\",\"isPartOf\":{\"@id\":\"https:\/\/www.manaus.am.gov.br\/semcom\/#website\"},\"primaryImageOfPage\":{\"@id\":\"https:\/\/www.manaus.am.gov.br\/semcom\/manutencao-galeria-subterranea\/#primaryimage\"},\"image\":{\"@id\":\"https:\/\/www.manaus.am.gov.br\/semcom\/manutencao-galeria-subterranea\/#primaryimage\"},\"thumbnailUrl\":\"https:\/\/www.manaus.am.gov.br\/semcom\/wp-content\/uploads\/sites\/5\/2026\/01\/Prefeitura-de-Manaus-realiza-manutencao-em-galeria-subterranea-2.jpg\",\"datePublished\":\"2026-01-14T00:15:27+00:00\",\"dateModified\":\"2026-01-14T17:08:36+00:00\",\"author\":{\"@id\":\"https:\/\/www.manaus.am.gov.br\/semcom\/#\/schema\/person\/466a0e03ae4b6062809046bd560ac955\"},\"description\":\"A Prefeitura de Manaus executou, nesta ter\u00e7a, servi\u00e7os de manuten\u00e7\u00e3o em um trecho da rede de drenagem profunda da avenida Djalma Batista.\",\"inLanguage\":\"pt-BR\",\"potentialAction\":[{\"@type\":\"ReadAction\",\"target\":[\"https:\/\/www.manaus.am.gov.br\/semcom\/manutencao-galeria-subterranea\/\"]}]},{\"@type\":\"ImageObject\",\"inLanguage\":\"pt-BR\",\"@id\":\"https:\/\/www.manaus.am.gov.br\/semcom\/manutencao-galeria-subterranea\/#primaryimage\",\"url\":\"https:\/\/www.manaus.am.gov.br\/semcom\/wp-content\/uploads\/sites\/5\/2026\/01\/Prefeitura-de-Manaus-realiza-manutencao-em-galeria-subterranea-2.jpg\",\"contentUrl\":\"https:\/\/www.manaus.am.gov.br\/semcom\/wp-content\/uploads\/sites\/5\/2026\/01\/Prefeitura-de-Manaus-realiza-manutencao-em-galeria-subterranea-2.jpg\",\"width\":1600,\"height\":1200,\"caption\":\"#paratodosverem - Servidores da Seminf realizando servi\u00e7os de manuten\u00e7\u00e3o em um trecho da rede de drenagem profunda da avenida Djalma Batista,\"},{\"@type\":\"WebSite\",\"@id\":\"https:\/\/www.manaus.am.gov.br\/semcom\/#website\",\"url\":\"https:\/\/www.manaus.am.gov.br\/semcom\/\",\"name\":\"SEMCOM\",\"description\":\"Secretaria Municipal de Comunica\u00e7\u00e3o\",\"potentialAction\":[{\"@type\":\"SearchAction\",\"target\":{\"@type\":\"EntryPoint\",\"urlTemplate\":\"https:\/\/www.manaus.am.gov.br\/semcom\/?s={search_term_string}\"},\"query-input\":\"required name=search_term_string\"}],\"inLanguage\":\"pt-BR\"},{\"@type\":\"Person\",\"@id\":\"https:\/\/www.manaus.am.gov.br\/semcom\/#\/schema\/person\/466a0e03ae4b6062809046bd560ac955\",\"name\":\"bvalente\",\"image\":{\"@type\":\"ImageObject\",\"inLanguage\":\"pt-BR\",\"@id\":\"https:\/\/www.manaus.am.gov.br\/semcom\/#\/schema\/person\/image\/\",\"url\":\"https:\/\/secure.gravatar.com\/avatar\/3e69bc2b014bdad41adfec3a39de07d2?s=96&d=mm&r=g\",\"contentUrl\":\"https:\/\/secure.gravatar.com\/avatar\/3e69bc2b014bdad41adfec3a39de07d2?s=96&d=mm&r=g\",\"caption\":\"bvalente\"}}]}<\/script>\n<!-- \/ Yoast SEO plugin. -->","yoast_head_json":{"title":"Prefeitura de Manaus realiza manuten\u00e7\u00e3o em galeria subterr\u00e2nea","description":"A Prefeitura de Manaus executou, nesta ter\u00e7a, servi\u00e7os de manuten\u00e7\u00e3o em um trecho da rede de drenagem profunda da avenida Djalma Batista.","robots":{"index":"index","follow":"follow","max-snippet":"max-snippet:-1","max-image-preview":"max-image-preview:large","max-video-preview":"max-video-preview:-1"},"canonical":"https:\/\/www.manaus.am.gov.br\/semcom\/manutencao-galeria-subterranea\/","og_locale":"pt_BR","og_type":"article","og_title":"Prefeitura de Manaus realiza manuten\u00e7\u00e3o em galeria subterr\u00e2nea","og_description":"A Prefeitura de Manaus executou, nesta ter\u00e7a, servi\u00e7os de manuten\u00e7\u00e3o em um trecho da rede de drenagem profunda da avenida Djalma Batista.","og_url":"https:\/\/www.manaus.am.gov.br\/semcom\/manutencao-galeria-subterranea\/","og_site_name":"SEMCOM","article_published_time":"2026-01-14T00:15:27+00:00","article_modified_time":"2026-01-14T17:08:36+00:00","og_image":[{"width":1600,"height":1200,"url":"https:\/\/www.manaus.am.gov.br\/semcom\/wp-content\/uploads\/sites\/5\/2026\/01\/Prefeitura-de-Manaus-realiza-manutencao-em-galeria-subterranea-2.jpg","type":"image\/jpeg"}],"author":"bvalente","twitter_card":"summary_large_image","twitter_misc":{"Written by":"bvalente","Est. reading time":"3 minutos"},"schema":{"@context":"https:\/\/schema.org","@graph":[{"@type":"WebPage","@id":"https:\/\/www.manaus.am.gov.br\/semcom\/manutencao-galeria-subterranea\/","url":"https:\/\/www.manaus.am.gov.br\/semcom\/manutencao-galeria-subterranea\/","name":"Prefeitura de Manaus realiza manuten\u00e7\u00e3o em galeria subterr\u00e2nea","isPartOf":{"@id":"https:\/\/www.manaus.am.gov.br\/semcom\/#website"},"primaryImageOfPage":{"@id":"https:\/\/www.manaus.am.gov.br\/semcom\/manutencao-galeria-subterranea\/#primaryimage"},"image":{"@id":"https:\/\/www.manaus.am.gov.br\/semcom\/manutencao-galeria-subterranea\/#primaryimage"},"thumbnailUrl":"https:\/\/www.manaus.am.gov.br\/semcom\/wp-content\/uploads\/sites\/5\/2026\/01\/Prefeitura-de-Manaus-realiza-manutencao-em-galeria-subterranea-2.jpg","datePublished":"2026-01-14T00:15:27+00:00","dateModified":"2026-01-14T17:08:36+00:00","author":{"@id":"https:\/\/www.manaus.am.gov.br\/semcom\/#\/schema\/person\/466a0e03ae4b6062809046bd560ac955"},"description":"A Prefeitura de Manaus executou, nesta ter\u00e7a, servi\u00e7os de manuten\u00e7\u00e3o em um trecho da rede de drenagem profunda da avenida Djalma Batista.","inLanguage":"pt-BR","potentialAction":[{"@type":"ReadAction","target":["https:\/\/www.manaus.am.gov.br\/semcom\/manutencao-galeria-subterranea\/"]}]},{"@type":"ImageObject","inLanguage":"pt-BR","@id":"https:\/\/www.manaus.am.gov.br\/semcom\/manutencao-galeria-subterranea\/#primaryimage","url":"https:\/\/www.manaus.am.gov.br\/semcom\/wp-content\/uploads\/sites\/5\/2026\/01\/Prefeitura-de-Manaus-realiza-manutencao-em-galeria-subterranea-2.jpg","contentUrl":"https:\/\/www.manaus.am.gov.br\/semcom\/wp-content\/uploads\/sites\/5\/2026\/01\/Prefeitura-de-Manaus-realiza-manutencao-em-galeria-subterranea-2.jpg","width":1600,"height":1200,"caption":"#paratodosverem - Servidores da Seminf realizando servi\u00e7os de manuten\u00e7\u00e3o em um trecho da rede de drenagem profunda da avenida Djalma Batista,"},{"@type":"WebSite","@id":"https:\/\/www.manaus.am.gov.br\/semcom\/#website","url":"https:\/\/www.manaus.am.gov.br\/semcom\/","name":"SEMCOM","description":"Secretaria Municipal de Comunica\u00e7\u00e3o","potentialAction":[{"@type":"SearchAction","target":{"@type":"EntryPoint","urlTemplate":"https:\/\/www.manaus.am.gov.br\/semcom\/?s={search_term_string}"},"query-input":"required name=search_term_string"}],"inLanguage":"pt-BR"},{"@type":"Person","@id":"https:\/\/www.manaus.am.gov.br\/semcom\/#\/schema\/person\/466a0e03ae4b6062809046bd560ac955","name":"bvalente","image":{"@type":"ImageObject","inLanguage":"pt-BR","@id":"https:\/\/www.manaus.am.gov.br\/semcom\/#\/schema\/person\/image\/","url":"https:\/\/secure.gravatar.com\/avatar\/3e69bc2b014bdad41adfec3a39de07d2?s=96&d=mm&r=g","contentUrl":"https:\/\/secure.gravatar.com\/avatar\/3e69bc2b014bdad41adfec3a39de07d2?s=96&d=mm&r=g","caption":"bvalente"}}]}},"_links":{"self":[{"href":"https:\/\/www.manaus.am.gov.br\/semcom\/wp-json\/wp\/v2\/posts\/250810"}],"collection":[{"href":"https:\/\/www.manaus.am.gov.br\/semcom\/wp-json\/wp\/v2\/posts"}],"about":[{"href":"https:\/\/www.manaus.am.gov.br\/semcom\/wp-json\/wp\/v2\/types\/post"}],"author":[{"embeddable":true,"href":"https:\/\/www.manaus.am.gov.br\/semcom\/wp-json\/wp\/v2\/users\/68"}],"replies":[{"embeddable":true,"href":"https:\/\/www.manaus.am.gov.br\/semcom\/wp-json\/wp\/v2\/comments?post=250810"}],"version-history":[{"count":1,"href":"https:\/\/www.manaus.am.gov.br\/semcom\/wp-json\/wp\/v2\/posts\/250810\/revisions"}],"predecessor-version":[{"id":250840,"href":"https:\/\/www.manaus.am.gov.br\/semcom\/wp-json\/wp\/v2\/posts\/250810\/revisions\/250840"}],"wp:featuredmedia":[{"embeddable":true,"href":"https:\/\/www.manaus.am.gov.br\/semcom\/wp-json\/wp\/v2\/media\/250811"}],"wp:attachment":[{"href":"https:\/\/www.manaus.am.gov.br\/semcom\/wp-json\/wp\/v2\/media?parent=250810"}],"wp:term":[{"taxonomy":"category","embeddable":true,"href":"https:\/\/www.manaus.am.gov.br\/semcom\/wp-json\/wp\/v2\/categories?post=250810"},{"taxonomy":"post_tag","embeddable":true,"href":"https:\/\/www.manaus.am.gov.br\/semcom\/wp-json\/wp\/v2\/tags?post=250810"}],"curies":[{"name":"wp","href":"https:\/\/api.w.org\/{rel}","templated":true}]}}