{"id":250795,"date":"2026-01-13T17:11:36","date_gmt":"2026-01-13T20:11:36","guid":{"rendered":"https:\/\/www.manaus.am.gov.br\/semcom\/novo-sistema-de-auditoria\/"},"modified":"2026-01-14T14:58:19","modified_gmt":"2026-01-14T17:58:19","slug":"novo-sistema-de-auditoria","status":"publish","type":"post","link":"https:\/\/www.manaus.am.gov.br\/semcom\/novo-sistema-de-auditoria\/","title":{"rendered":"Prefeitura de Manaus moderniza controle interno com novo Sistema de Auditoria em parceria com a Prodam"},"content":{"rendered":"\n<p>A <a href=\"https:\/\/www.manaus.am.gov.br\">Prefeitura de Manaus<\/a> deu um passo hist\u00f3rico rumo \u00e0 moderniza\u00e7\u00e3o e efici\u00eancia da gest\u00e3o p\u00fablica, nesta ter\u00e7a-feira, 13\/1, com o in\u00edcio do treinamento especializado do novo Sistema de Auditoria. A ferramenta \u00e9 uma solu\u00e7\u00e3o tecnol\u00f3gica desenvolvida por meio de uma parceria estrat\u00e9gica entre a Controladoria-Geral do Munic\u00edpio (CGM) e a empresa Processamento de Dados Amazonas S.A. (Prodam).<\/p>\n\n\n\n<p>A abertura do treinamento aconteceu na Escola de Servi\u00e7o P\u00fablico Municipal e Inclus\u00e3o Socioeducacional (Espi), e reuniu o corpo de auditores da CGM e a equipe de especialistas da Prodam, unindo o conhecimento normativo \u00e0 expertise tecnol\u00f3gica para a consolida\u00e7\u00e3o da nova ferramenta.<\/p>\n\n\n\n<p>A controladora-geral em exerc\u00edcio, Lucilene Viana, acompanhada pelo coordenador de \u00c1rea, Gleuson Chaves, e pelos diretores da CGM, Izomitel Filho e Joabe Riker, conduziu o treinamento e reafirmou o compromisso da gest\u00e3o com a transpar\u00eancia e o rigor t\u00e9cnico.&nbsp;<\/p>\n\n\n\n<p>&#8220;Investir em novas metodologias n\u00e3o \u00e9 apenas uma escolha de gest\u00e3o, mas uma necessidade para o aprimoramento do controle interno, conforme previsto na Constitui\u00e7\u00e3o Federal&#8221;, destacou.<\/p>\n\n\n\n<p><strong>Inova\u00e7\u00e3o<\/strong><\/p>\n\n\n\n<p>A implementa\u00e7\u00e3o do sistema marca o encerramento de um ciclo de auditorias que eram realizadas de forma predominantemente manual. A transi\u00e7\u00e3o para o ambiente digital representa um avan\u00e7o significativo em termos de automa\u00e7\u00e3o. Com a nova plataforma, o trabalho de fiscaliza\u00e7\u00e3o e acompanhamento junto \u00e0s Unidades Gestoras torna-se mais \u00e1gil e seguro, reduzindo margens de erro e otimizando o tempo de resposta do controle municipal.<\/p>\n\n\n\n<p>O aprimoramento do controle interno \u00e9 um pilar fundamental para garantir que os recursos p\u00fablicos sejam aplicados de forma correta e transparente. A nova metodologia de trabalho, baseada em sistemas inteligentes, permite que a CGM atue de forma mais estrat\u00e9gica, oferecendo diagn\u00f3sticos precisos sobre a gest\u00e3o administrativa do munic\u00edpio.<\/p>\n\n\n\n<p>A melhoria \u00e9 considerada um marco promissor para a administra\u00e7\u00e3o p\u00fablica municipal, j\u00e1 que substitui processos burocr\u00e1ticos por fluxos de trabalho din\u00e2micos. A automa\u00e7\u00e3o permite que o auditor foque na an\u00e1lise cr\u00edtica e na proposi\u00e7\u00e3o de melhorias, enquanto o sistema processa grandes volumes de dados com rigor e exatid\u00e3o.<\/p>\n\n\n\n<p>\u2014&#8211; \u2014&#8211; \u2014-<\/p>\n\n\n\n<p><strong>Texto &#8211;<\/strong> Joabe Riker e Oliveira Junior \/ CGM<br><strong>Fotos &#8211; <\/strong>Oliveira Junior \/ CGM e Divulga\u00e7\u00e3o \/ Prodam<\/p>\n","protected":false},"excerpt":{"rendered":"","protected":false},"author":68,"featured_media":250796,"comment_status":"closed","ping_status":"closed","sticky":false,"template":"","format":"standard","meta":{"footnotes":""},"categories":[94],"tags":[4137,18838,18839,77,18840],"acf":[],"yoast_head":"<!-- This site is optimized with the Yoast SEO plugin v23.0 - https:\/\/yoast.com\/wordpress\/plugins\/seo\/ -->\n<title>Prefeitura moderniza controle interno com Sistema de Auditoria<\/title>\n<meta name=\"description\" content=\"A Prefeitura de Manaus deu um passo hist\u00f3rico rumo \u00e0 moderniza\u00e7\u00e3o e efici\u00eancia da gest\u00e3o p\u00fablica, nesta ter\u00e7a-feira, 13\/1, com o in\u00edcio do treinamento especializado do novo Sistema de Auditoria.\" \/>\n<meta name=\"robots\" content=\"index, follow, max-snippet:-1, max-image-preview:large, max-video-preview:-1\" \/>\n<link rel=\"canonical\" href=\"https:\/\/www.manaus.am.gov.br\/semcom\/novo-sistema-de-auditoria\/\" \/>\n<meta property=\"og:locale\" content=\"pt_BR\" \/>\n<meta property=\"og:type\" content=\"article\" \/>\n<meta property=\"og:title\" content=\"Prefeitura moderniza controle interno com Sistema de Auditoria\" \/>\n<meta property=\"og:description\" content=\"A Prefeitura de Manaus deu um passo hist\u00f3rico rumo \u00e0 moderniza\u00e7\u00e3o e efici\u00eancia da gest\u00e3o p\u00fablica, nesta ter\u00e7a-feira, 13\/1, com o in\u00edcio do treinamento especializado do novo Sistema de Auditoria.\" \/>\n<meta property=\"og:url\" content=\"https:\/\/www.manaus.am.gov.br\/semcom\/novo-sistema-de-auditoria\/\" \/>\n<meta property=\"og:site_name\" content=\"SEMCOM\" \/>\n<meta property=\"article:published_time\" content=\"2026-01-13T20:11:36+00:00\" \/>\n<meta property=\"article:modified_time\" content=\"2026-01-14T17:58:19+00:00\" \/>\n<meta property=\"og:image\" content=\"https:\/\/www.manaus.am.gov.br\/semcom\/wp-content\/uploads\/sites\/5\/2026\/01\/IMG_5834-1024x577.jpeg\" \/>\n\t<meta property=\"og:image:width\" content=\"1024\" \/>\n\t<meta property=\"og:image:height\" content=\"577\" \/>\n\t<meta property=\"og:image:type\" content=\"image\/jpeg\" \/>\n<meta name=\"author\" content=\"bvalente\" \/>\n<meta name=\"twitter:card\" content=\"summary_large_image\" \/>\n<meta name=\"twitter:label1\" content=\"Written by\" \/>\n\t<meta name=\"twitter:data1\" content=\"bvalente\" \/>\n\t<meta name=\"twitter:label2\" content=\"Est. reading time\" \/>\n\t<meta name=\"twitter:data2\" content=\"3 minutos\" \/>\n<script type=\"application\/ld+json\" class=\"yoast-schema-graph\">{\"@context\":\"https:\/\/schema.org\",\"@graph\":[{\"@type\":\"WebPage\",\"@id\":\"https:\/\/www.manaus.am.gov.br\/semcom\/novo-sistema-de-auditoria\/\",\"url\":\"https:\/\/www.manaus.am.gov.br\/semcom\/novo-sistema-de-auditoria\/\",\"name\":\"Prefeitura moderniza controle interno com Sistema de Auditoria\",\"isPartOf\":{\"@id\":\"https:\/\/www.manaus.am.gov.br\/semcom\/#website\"},\"primaryImageOfPage\":{\"@id\":\"https:\/\/www.manaus.am.gov.br\/semcom\/novo-sistema-de-auditoria\/#primaryimage\"},\"image\":{\"@id\":\"https:\/\/www.manaus.am.gov.br\/semcom\/novo-sistema-de-auditoria\/#primaryimage\"},\"thumbnailUrl\":\"https:\/\/www.manaus.am.gov.br\/semcom\/wp-content\/uploads\/sites\/5\/2026\/01\/IMG_5834.jpeg\",\"datePublished\":\"2026-01-13T20:11:36+00:00\",\"dateModified\":\"2026-01-14T17:58:19+00:00\",\"author\":{\"@id\":\"https:\/\/www.manaus.am.gov.br\/semcom\/#\/schema\/person\/466a0e03ae4b6062809046bd560ac955\"},\"description\":\"A Prefeitura de Manaus deu um passo hist\u00f3rico rumo \u00e0 moderniza\u00e7\u00e3o e efici\u00eancia da gest\u00e3o p\u00fablica, nesta ter\u00e7a-feira, 13\/1, com o in\u00edcio do treinamento especializado do novo Sistema de Auditoria.\",\"inLanguage\":\"pt-BR\",\"potentialAction\":[{\"@type\":\"ReadAction\",\"target\":[\"https:\/\/www.manaus.am.gov.br\/semcom\/novo-sistema-de-auditoria\/\"]}]},{\"@type\":\"ImageObject\",\"inLanguage\":\"pt-BR\",\"@id\":\"https:\/\/www.manaus.am.gov.br\/semcom\/novo-sistema-de-auditoria\/#primaryimage\",\"url\":\"https:\/\/www.manaus.am.gov.br\/semcom\/wp-content\/uploads\/sites\/5\/2026\/01\/IMG_5834.jpeg\",\"contentUrl\":\"https:\/\/www.manaus.am.gov.br\/semcom\/wp-content\/uploads\/sites\/5\/2026\/01\/IMG_5834.jpeg\",\"width\":4000,\"height\":2252,\"caption\":\"#paratodosverem - Controladora-geral em exerc\u00edcio, Lucilene Viana, acompanhada pelo coordenador de \u00c1rea, Gleuson Chaves, e pelos diretores da CGM, Izomitel Filho e Joabe Riker durante treinamento\"},{\"@type\":\"WebSite\",\"@id\":\"https:\/\/www.manaus.am.gov.br\/semcom\/#website\",\"url\":\"https:\/\/www.manaus.am.gov.br\/semcom\/\",\"name\":\"SEMCOM\",\"description\":\"Secretaria Municipal de Comunica\u00e7\u00e3o\",\"potentialAction\":[{\"@type\":\"SearchAction\",\"target\":{\"@type\":\"EntryPoint\",\"urlTemplate\":\"https:\/\/www.manaus.am.gov.br\/semcom\/?s={search_term_string}\"},\"query-input\":\"required name=search_term_string\"}],\"inLanguage\":\"pt-BR\"},{\"@type\":\"Person\",\"@id\":\"https:\/\/www.manaus.am.gov.br\/semcom\/#\/schema\/person\/466a0e03ae4b6062809046bd560ac955\",\"name\":\"bvalente\",\"image\":{\"@type\":\"ImageObject\",\"inLanguage\":\"pt-BR\",\"@id\":\"https:\/\/www.manaus.am.gov.br\/semcom\/#\/schema\/person\/image\/\",\"url\":\"https:\/\/secure.gravatar.com\/avatar\/3e69bc2b014bdad41adfec3a39de07d2?s=96&d=mm&r=g\",\"contentUrl\":\"https:\/\/secure.gravatar.com\/avatar\/3e69bc2b014bdad41adfec3a39de07d2?s=96&d=mm&r=g\",\"caption\":\"bvalente\"}}]}<\/script>\n<!-- \/ Yoast SEO plugin. -->","yoast_head_json":{"title":"Prefeitura moderniza controle interno com Sistema de Auditoria","description":"A Prefeitura de Manaus deu um passo hist\u00f3rico rumo \u00e0 moderniza\u00e7\u00e3o e efici\u00eancia da gest\u00e3o p\u00fablica, nesta ter\u00e7a-feira, 13\/1, com o in\u00edcio do treinamento especializado do novo Sistema de Auditoria.","robots":{"index":"index","follow":"follow","max-snippet":"max-snippet:-1","max-image-preview":"max-image-preview:large","max-video-preview":"max-video-preview:-1"},"canonical":"https:\/\/www.manaus.am.gov.br\/semcom\/novo-sistema-de-auditoria\/","og_locale":"pt_BR","og_type":"article","og_title":"Prefeitura moderniza controle interno com Sistema de Auditoria","og_description":"A Prefeitura de Manaus deu um passo hist\u00f3rico rumo \u00e0 moderniza\u00e7\u00e3o e efici\u00eancia da gest\u00e3o p\u00fablica, nesta ter\u00e7a-feira, 13\/1, com o in\u00edcio do treinamento especializado do novo Sistema de Auditoria.","og_url":"https:\/\/www.manaus.am.gov.br\/semcom\/novo-sistema-de-auditoria\/","og_site_name":"SEMCOM","article_published_time":"2026-01-13T20:11:36+00:00","article_modified_time":"2026-01-14T17:58:19+00:00","og_image":[{"width":1024,"height":577,"url":"https:\/\/www.manaus.am.gov.br\/semcom\/wp-content\/uploads\/sites\/5\/2026\/01\/IMG_5834-1024x577.jpeg","type":"image\/jpeg"}],"author":"bvalente","twitter_card":"summary_large_image","twitter_misc":{"Written by":"bvalente","Est. reading time":"3 minutos"},"schema":{"@context":"https:\/\/schema.org","@graph":[{"@type":"WebPage","@id":"https:\/\/www.manaus.am.gov.br\/semcom\/novo-sistema-de-auditoria\/","url":"https:\/\/www.manaus.am.gov.br\/semcom\/novo-sistema-de-auditoria\/","name":"Prefeitura moderniza controle interno com Sistema de Auditoria","isPartOf":{"@id":"https:\/\/www.manaus.am.gov.br\/semcom\/#website"},"primaryImageOfPage":{"@id":"https:\/\/www.manaus.am.gov.br\/semcom\/novo-sistema-de-auditoria\/#primaryimage"},"image":{"@id":"https:\/\/www.manaus.am.gov.br\/semcom\/novo-sistema-de-auditoria\/#primaryimage"},"thumbnailUrl":"https:\/\/www.manaus.am.gov.br\/semcom\/wp-content\/uploads\/sites\/5\/2026\/01\/IMG_5834.jpeg","datePublished":"2026-01-13T20:11:36+00:00","dateModified":"2026-01-14T17:58:19+00:00","author":{"@id":"https:\/\/www.manaus.am.gov.br\/semcom\/#\/schema\/person\/466a0e03ae4b6062809046bd560ac955"},"description":"A Prefeitura de Manaus deu um passo hist\u00f3rico rumo \u00e0 moderniza\u00e7\u00e3o e efici\u00eancia da gest\u00e3o p\u00fablica, nesta ter\u00e7a-feira, 13\/1, com o in\u00edcio do treinamento especializado do novo Sistema de Auditoria.","inLanguage":"pt-BR","potentialAction":[{"@type":"ReadAction","target":["https:\/\/www.manaus.am.gov.br\/semcom\/novo-sistema-de-auditoria\/"]}]},{"@type":"ImageObject","inLanguage":"pt-BR","@id":"https:\/\/www.manaus.am.gov.br\/semcom\/novo-sistema-de-auditoria\/#primaryimage","url":"https:\/\/www.manaus.am.gov.br\/semcom\/wp-content\/uploads\/sites\/5\/2026\/01\/IMG_5834.jpeg","contentUrl":"https:\/\/www.manaus.am.gov.br\/semcom\/wp-content\/uploads\/sites\/5\/2026\/01\/IMG_5834.jpeg","width":4000,"height":2252,"caption":"#paratodosverem - Controladora-geral em exerc\u00edcio, Lucilene Viana, acompanhada pelo coordenador de \u00c1rea, Gleuson Chaves, e pelos diretores da CGM, Izomitel Filho e Joabe Riker durante treinamento"},{"@type":"WebSite","@id":"https:\/\/www.manaus.am.gov.br\/semcom\/#website","url":"https:\/\/www.manaus.am.gov.br\/semcom\/","name":"SEMCOM","description":"Secretaria Municipal de Comunica\u00e7\u00e3o","potentialAction":[{"@type":"SearchAction","target":{"@type":"EntryPoint","urlTemplate":"https:\/\/www.manaus.am.gov.br\/semcom\/?s={search_term_string}"},"query-input":"required name=search_term_string"}],"inLanguage":"pt-BR"},{"@type":"Person","@id":"https:\/\/www.manaus.am.gov.br\/semcom\/#\/schema\/person\/466a0e03ae4b6062809046bd560ac955","name":"bvalente","image":{"@type":"ImageObject","inLanguage":"pt-BR","@id":"https:\/\/www.manaus.am.gov.br\/semcom\/#\/schema\/person\/image\/","url":"https:\/\/secure.gravatar.com\/avatar\/3e69bc2b014bdad41adfec3a39de07d2?s=96&d=mm&r=g","contentUrl":"https:\/\/secure.gravatar.com\/avatar\/3e69bc2b014bdad41adfec3a39de07d2?s=96&d=mm&r=g","caption":"bvalente"}}]}},"_links":{"self":[{"href":"https:\/\/www.manaus.am.gov.br\/semcom\/wp-json\/wp\/v2\/posts\/250795"}],"collection":[{"href":"https:\/\/www.manaus.am.gov.br\/semcom\/wp-json\/wp\/v2\/posts"}],"about":[{"href":"https:\/\/www.manaus.am.gov.br\/semcom\/wp-json\/wp\/v2\/types\/post"}],"author":[{"embeddable":true,"href":"https:\/\/www.manaus.am.gov.br\/semcom\/wp-json\/wp\/v2\/users\/68"}],"replies":[{"embeddable":true,"href":"https:\/\/www.manaus.am.gov.br\/semcom\/wp-json\/wp\/v2\/comments?post=250795"}],"version-history":[{"count":1,"href":"https:\/\/www.manaus.am.gov.br\/semcom\/wp-json\/wp\/v2\/posts\/250795\/revisions"}],"predecessor-version":[{"id":250855,"href":"https:\/\/www.manaus.am.gov.br\/semcom\/wp-json\/wp\/v2\/posts\/250795\/revisions\/250855"}],"wp:featuredmedia":[{"embeddable":true,"href":"https:\/\/www.manaus.am.gov.br\/semcom\/wp-json\/wp\/v2\/media\/250796"}],"wp:attachment":[{"href":"https:\/\/www.manaus.am.gov.br\/semcom\/wp-json\/wp\/v2\/media?parent=250795"}],"wp:term":[{"taxonomy":"category","embeddable":true,"href":"https:\/\/www.manaus.am.gov.br\/semcom\/wp-json\/wp\/v2\/categories?post=250795"},{"taxonomy":"post_tag","embeddable":true,"href":"https:\/\/www.manaus.am.gov.br\/semcom\/wp-json\/wp\/v2\/tags?post=250795"}],"curies":[{"name":"wp","href":"https:\/\/api.w.org\/{rel}","templated":true}]}}