{"id":250784,"date":"2026-01-13T14:15:48","date_gmt":"2026-01-13T17:15:48","guid":{"rendered":"https:\/\/www.manaus.am.gov.br\/semcom\/area-regularizada-habite-se-2025\/"},"modified":"2026-01-13T14:15:50","modified_gmt":"2026-01-13T17:15:50","slug":"area-regularizada-habite-se-2025","status":"publish","type":"post","link":"https:\/\/www.manaus.am.gov.br\/semcom\/area-regularizada-habite-se-2025\/","title":{"rendered":"\u00c1rea\u00a0regularizada\u00a0com Habite-se avan\u00e7a em Manaus e soma quase 800 mil metros quadrados em 2025"},"content":{"rendered":"\n<p>Com avan\u00e7os consistentes na regulariza\u00e7\u00e3o de im\u00f3veis, a Prefeitura de Manaus encerrou 2025 ampliando a emiss\u00e3o de certid\u00f5es de Habite-se e fortalecendo a seguran\u00e7a jur\u00eddica no setor urbano. Ao longo do ano, o Instituto Municipal de Planejamento Urbano (Implurb) licenciou quase 800 mil metros quadrados, refletindo o ritmo cont\u00ednuo de organiza\u00e7\u00e3o do territ\u00f3rio e valoriza\u00e7\u00e3o do patrim\u00f4nio imobili\u00e1rio na capital.<\/p>\n\n\n\n<p>Em 2025, foram emitidas 732 certid\u00f5es, incremento de 1% em rela\u00e7\u00e3o a 2024 (722 documentos). De janeiro de 2021 a dezembro de 2025, j\u00e1 foram expedidas 3.551 certid\u00f5es e regularizados mais de 4,5 milh\u00f5es de metros quadrados.<\/p>\n\n\n\n<p>O Habite-se atesta que o im\u00f3vel foi constru\u00eddo de acordo com as normas t\u00e9cnicas e a legisla\u00e7\u00e3o de uso e ocupa\u00e7\u00e3o do solo, confirmando que a edifica\u00e7\u00e3o est\u00e1 apta para ser habitada.<\/p>\n\n\n\n<p><strong>Licenciamento<\/strong><\/p>\n\n\n\n<p>\u201cEstamos focados em metas claras e indicadores de efici\u00eancia para garantir avan\u00e7os constantes, com menos burocracia e mais agilidade nos processos, sempre dentro da legalidade. A meta da atual gest\u00e3o municipal \u00e9 transformar Manaus em uma das melhores cidades para fazer neg\u00f3cios no Brasil\u201d, afirmou o diretor-presidente do&nbsp;Implurb, engenheiro Carlos Valente.<\/p>\n\n\n\n<p>Sem o Habite-se, o im\u00f3vel fica irregular, pode sofrer desvaloriza\u00e7\u00e3o e impede o acesso a financiamentos, tornando o documento indispens\u00e1vel, tanto para quem constr\u00f3i quanto para quem compra.<\/p>\n\n\n\n<p>Regulariza\u00e7\u00e3o e&nbsp;Habite-se&nbsp;s\u00e3o servi\u00e7os utilizados para as obras j\u00e1 constru\u00eddas sem licen\u00e7a e aprova\u00e7\u00e3o, mas que podem ser regularizadas posteriormente, dentro dos mesmos crit\u00e9rios e par\u00e2metros estabelecidos pelo Plano Diretor de Manaus.<\/p>\n\n\n\n<p><strong>C\u00f3digo de Obras<\/strong><\/p>\n\n\n\n<p>O documento legal da certid\u00e3o de&nbsp;Habite-se&nbsp;consta no artigo 33, da Lei 673\/02, referente ao C\u00f3digo de Obras do Munic\u00edpio, uma das leis do Plano Diretor de Manaus. A certid\u00e3o atesta que o im\u00f3vel foi constru\u00eddo de acordo com o projeto aprovado e licenciado, seguindo&nbsp;as exig\u00eancias estabelecidas pela legisla\u00e7\u00e3o urbana em vigor. A lista com os documentos necess\u00e1rios para dar entrada em projetos e licen\u00e7as junto ao&nbsp;Implurb&nbsp;pode ser acessada no site do \u00f3rg\u00e3o.<\/p>\n\n\n\n<p>A concess\u00e3o da certid\u00e3o de&nbsp;Habite-se&nbsp;implica no reconhecimento da prefeitura de que foram cumpridas todas as formalidades legais, desde o licenciamento at\u00e9 o cumprimento correto das restri\u00e7\u00f5es contidas no alvar\u00e1 inicial. Enquanto o in\u00edcio da obra tem sua autoriza\u00e7\u00e3o legal a partir do alvar\u00e1 de constru\u00e7\u00e3o, sua conclus\u00e3o ser\u00e1 atestada pela emiss\u00e3o da certid\u00e3o.<\/p>\n\n\n\n<p>Com o&nbsp;Habite-se, o propriet\u00e1rio tem a garantia de que a constru\u00e7\u00e3o seguiu corretamente o que estava previsto no projeto aprovado e licenciado, respeitando os par\u00e2metros legais da legisla\u00e7\u00e3o e normas t\u00e9cnicas, atendendo a aspectos relacionados ao meio ambiente, preven\u00e7\u00e3o de combate a inc\u00eandio, esgotamento sanit\u00e1rio, seguran\u00e7a, ocupa\u00e7\u00e3o do lote, \u00e1rea constru\u00edda, integridade f\u00edsica e estrutural, entre outros itens.<\/p>\n\n\n\n<p>A emiss\u00e3o do documento \u00e9 importante para confirmar a conclus\u00e3o regular da obra; permitir a averba\u00e7\u00e3o do im\u00f3vel no Cart\u00f3rio de Registro de Im\u00f3veis; evitar preju\u00edzos jur\u00eddicos, financeiros e estruturais para o propriet\u00e1rio; \u00e9 requisito para financiamento e seguro imobili\u00e1rio; e viabiliza a constitui\u00e7\u00e3o legal de condom\u00ednio em edif\u00edcios.<\/p>\n\n\n\n<p>&#8212; &#8212; &#8212;<\/p>\n\n\n\n<p><strong>Texto&nbsp;<\/strong>\u2013 Claudia do Valle\/Implurb<\/p>\n\n\n\n<p><strong>Foto\u00a0<\/strong>&#8211; Maxwell Oliveira\/Implurb<\/p>\n","protected":false},"excerpt":{"rendered":"","protected":false},"author":39,"featured_media":250785,"comment_status":"closed","ping_status":"closed","sticky":false,"template":"","format":"standard","meta":{"footnotes":""},"categories":[890],"tags":[12997,18832,402,65,77],"acf":[],"yoast_head":"<!-- This site is optimized with the Yoast SEO plugin v23.0 - https:\/\/yoast.com\/wordpress\/plugins\/seo\/ -->\n<title>\u00c1rea regularizada com Habite-se avan\u00e7a em Manaus e soma quase 800 mil metros quadrados em 2025<\/title>\n<meta name=\"description\" content=\"\u00c1rea regularizada com Habite-se avan\u00e7a em Manaus e soma quase 800 mil metros quadrados em 2025, por meio do Implurb.\" \/>\n<meta name=\"robots\" content=\"index, follow, max-snippet:-1, max-image-preview:large, max-video-preview:-1\" \/>\n<link rel=\"canonical\" href=\"https:\/\/www.manaus.am.gov.br\/semcom\/area-regularizada-habite-se-2025\/\" \/>\n<meta property=\"og:locale\" content=\"pt_BR\" \/>\n<meta property=\"og:type\" content=\"article\" \/>\n<meta property=\"og:title\" content=\"\u00c1rea regularizada com Habite-se avan\u00e7a em Manaus e soma quase 800 mil metros quadrados em 2025\" \/>\n<meta property=\"og:description\" content=\"\u00c1rea regularizada com Habite-se avan\u00e7a em Manaus e soma quase 800 mil metros quadrados em 2025, por meio do Implurb.\" \/>\n<meta property=\"og:url\" content=\"https:\/\/www.manaus.am.gov.br\/semcom\/area-regularizada-habite-se-2025\/\" \/>\n<meta property=\"og:site_name\" content=\"SEMCOM\" \/>\n<meta property=\"article:published_time\" content=\"2026-01-13T17:15:48+00:00\" \/>\n<meta property=\"article:modified_time\" content=\"2026-01-13T17:15:50+00:00\" \/>\n<meta property=\"og:image\" content=\"https:\/\/www.manaus.am.gov.br\/semcom\/wp-content\/uploads\/sites\/5\/2026\/01\/Habite-se-2.jpeg\" \/>\n\t<meta property=\"og:image:width\" content=\"1280\" \/>\n\t<meta property=\"og:image:height\" content=\"960\" \/>\n\t<meta property=\"og:image:type\" content=\"image\/jpeg\" \/>\n<meta name=\"author\" content=\"Bruna Greco\" \/>\n<meta name=\"twitter:card\" content=\"summary_large_image\" \/>\n<meta name=\"twitter:label1\" content=\"Written by\" \/>\n\t<meta name=\"twitter:data1\" content=\"Bruna Greco\" \/>\n\t<meta name=\"twitter:label2\" content=\"Est. reading time\" \/>\n\t<meta name=\"twitter:data2\" content=\"3 minutos\" \/>\n<script type=\"application\/ld+json\" class=\"yoast-schema-graph\">{\"@context\":\"https:\/\/schema.org\",\"@graph\":[{\"@type\":\"WebPage\",\"@id\":\"https:\/\/www.manaus.am.gov.br\/semcom\/area-regularizada-habite-se-2025\/\",\"url\":\"https:\/\/www.manaus.am.gov.br\/semcom\/area-regularizada-habite-se-2025\/\",\"name\":\"\u00c1rea regularizada com Habite-se avan\u00e7a em Manaus e soma quase 800 mil metros quadrados em 2025\",\"isPartOf\":{\"@id\":\"https:\/\/www.manaus.am.gov.br\/semcom\/#website\"},\"primaryImageOfPage\":{\"@id\":\"https:\/\/www.manaus.am.gov.br\/semcom\/area-regularizada-habite-se-2025\/#primaryimage\"},\"image\":{\"@id\":\"https:\/\/www.manaus.am.gov.br\/semcom\/area-regularizada-habite-se-2025\/#primaryimage\"},\"thumbnailUrl\":\"https:\/\/www.manaus.am.gov.br\/semcom\/wp-content\/uploads\/sites\/5\/2026\/01\/Habite-se-2.jpeg\",\"datePublished\":\"2026-01-13T17:15:48+00:00\",\"dateModified\":\"2026-01-13T17:15:50+00:00\",\"author\":{\"@id\":\"https:\/\/www.manaus.am.gov.br\/semcom\/#\/schema\/person\/05d223aea2bf115f9883a6ff3683d81b\"},\"description\":\"\u00c1rea regularizada com Habite-se avan\u00e7a em Manaus e soma quase 800 mil metros quadrados em 2025, por meio do Implurb.\",\"inLanguage\":\"pt-BR\",\"potentialAction\":[{\"@type\":\"ReadAction\",\"target\":[\"https:\/\/www.manaus.am.gov.br\/semcom\/area-regularizada-habite-se-2025\/\"]}]},{\"@type\":\"ImageObject\",\"inLanguage\":\"pt-BR\",\"@id\":\"https:\/\/www.manaus.am.gov.br\/semcom\/area-regularizada-habite-se-2025\/#primaryimage\",\"url\":\"https:\/\/www.manaus.am.gov.br\/semcom\/wp-content\/uploads\/sites\/5\/2026\/01\/Habite-se-2.jpeg\",\"contentUrl\":\"https:\/\/www.manaus.am.gov.br\/semcom\/wp-content\/uploads\/sites\/5\/2026\/01\/Habite-se-2.jpeg\",\"width\":1280,\"height\":960,\"caption\":\"#paratodosverem - Servidora do Implurb durante expediente\"},{\"@type\":\"WebSite\",\"@id\":\"https:\/\/www.manaus.am.gov.br\/semcom\/#website\",\"url\":\"https:\/\/www.manaus.am.gov.br\/semcom\/\",\"name\":\"SEMCOM\",\"description\":\"Secretaria Municipal de Comunica\u00e7\u00e3o\",\"potentialAction\":[{\"@type\":\"SearchAction\",\"target\":{\"@type\":\"EntryPoint\",\"urlTemplate\":\"https:\/\/www.manaus.am.gov.br\/semcom\/?s={search_term_string}\"},\"query-input\":\"required name=search_term_string\"}],\"inLanguage\":\"pt-BR\"},{\"@type\":\"Person\",\"@id\":\"https:\/\/www.manaus.am.gov.br\/semcom\/#\/schema\/person\/05d223aea2bf115f9883a6ff3683d81b\",\"name\":\"Bruna Greco\",\"image\":{\"@type\":\"ImageObject\",\"inLanguage\":\"pt-BR\",\"@id\":\"https:\/\/www.manaus.am.gov.br\/semcom\/#\/schema\/person\/image\/\",\"url\":\"https:\/\/secure.gravatar.com\/avatar\/9c877d1a6adc2a055330e5c09a8653ce?s=96&d=mm&r=g\",\"contentUrl\":\"https:\/\/secure.gravatar.com\/avatar\/9c877d1a6adc2a055330e5c09a8653ce?s=96&d=mm&r=g\",\"caption\":\"Bruna Greco\"}}]}<\/script>\n<!-- \/ Yoast SEO plugin. -->","yoast_head_json":{"title":"\u00c1rea regularizada com Habite-se avan\u00e7a em Manaus e soma quase 800 mil metros quadrados em 2025","description":"\u00c1rea regularizada com Habite-se avan\u00e7a em Manaus e soma quase 800 mil metros quadrados em 2025, por meio do Implurb.","robots":{"index":"index","follow":"follow","max-snippet":"max-snippet:-1","max-image-preview":"max-image-preview:large","max-video-preview":"max-video-preview:-1"},"canonical":"https:\/\/www.manaus.am.gov.br\/semcom\/area-regularizada-habite-se-2025\/","og_locale":"pt_BR","og_type":"article","og_title":"\u00c1rea regularizada com Habite-se avan\u00e7a em Manaus e soma quase 800 mil metros quadrados em 2025","og_description":"\u00c1rea regularizada com Habite-se avan\u00e7a em Manaus e soma quase 800 mil metros quadrados em 2025, por meio do Implurb.","og_url":"https:\/\/www.manaus.am.gov.br\/semcom\/area-regularizada-habite-se-2025\/","og_site_name":"SEMCOM","article_published_time":"2026-01-13T17:15:48+00:00","article_modified_time":"2026-01-13T17:15:50+00:00","og_image":[{"width":1280,"height":960,"url":"https:\/\/www.manaus.am.gov.br\/semcom\/wp-content\/uploads\/sites\/5\/2026\/01\/Habite-se-2.jpeg","type":"image\/jpeg"}],"author":"Bruna Greco","twitter_card":"summary_large_image","twitter_misc":{"Written by":"Bruna Greco","Est. reading time":"3 minutos"},"schema":{"@context":"https:\/\/schema.org","@graph":[{"@type":"WebPage","@id":"https:\/\/www.manaus.am.gov.br\/semcom\/area-regularizada-habite-se-2025\/","url":"https:\/\/www.manaus.am.gov.br\/semcom\/area-regularizada-habite-se-2025\/","name":"\u00c1rea regularizada com Habite-se avan\u00e7a em Manaus e soma quase 800 mil metros quadrados em 2025","isPartOf":{"@id":"https:\/\/www.manaus.am.gov.br\/semcom\/#website"},"primaryImageOfPage":{"@id":"https:\/\/www.manaus.am.gov.br\/semcom\/area-regularizada-habite-se-2025\/#primaryimage"},"image":{"@id":"https:\/\/www.manaus.am.gov.br\/semcom\/area-regularizada-habite-se-2025\/#primaryimage"},"thumbnailUrl":"https:\/\/www.manaus.am.gov.br\/semcom\/wp-content\/uploads\/sites\/5\/2026\/01\/Habite-se-2.jpeg","datePublished":"2026-01-13T17:15:48+00:00","dateModified":"2026-01-13T17:15:50+00:00","author":{"@id":"https:\/\/www.manaus.am.gov.br\/semcom\/#\/schema\/person\/05d223aea2bf115f9883a6ff3683d81b"},"description":"\u00c1rea regularizada com Habite-se avan\u00e7a em Manaus e soma quase 800 mil metros quadrados em 2025, por meio do Implurb.","inLanguage":"pt-BR","potentialAction":[{"@type":"ReadAction","target":["https:\/\/www.manaus.am.gov.br\/semcom\/area-regularizada-habite-se-2025\/"]}]},{"@type":"ImageObject","inLanguage":"pt-BR","@id":"https:\/\/www.manaus.am.gov.br\/semcom\/area-regularizada-habite-se-2025\/#primaryimage","url":"https:\/\/www.manaus.am.gov.br\/semcom\/wp-content\/uploads\/sites\/5\/2026\/01\/Habite-se-2.jpeg","contentUrl":"https:\/\/www.manaus.am.gov.br\/semcom\/wp-content\/uploads\/sites\/5\/2026\/01\/Habite-se-2.jpeg","width":1280,"height":960,"caption":"#paratodosverem - Servidora do Implurb durante expediente"},{"@type":"WebSite","@id":"https:\/\/www.manaus.am.gov.br\/semcom\/#website","url":"https:\/\/www.manaus.am.gov.br\/semcom\/","name":"SEMCOM","description":"Secretaria Municipal de Comunica\u00e7\u00e3o","potentialAction":[{"@type":"SearchAction","target":{"@type":"EntryPoint","urlTemplate":"https:\/\/www.manaus.am.gov.br\/semcom\/?s={search_term_string}"},"query-input":"required name=search_term_string"}],"inLanguage":"pt-BR"},{"@type":"Person","@id":"https:\/\/www.manaus.am.gov.br\/semcom\/#\/schema\/person\/05d223aea2bf115f9883a6ff3683d81b","name":"Bruna Greco","image":{"@type":"ImageObject","inLanguage":"pt-BR","@id":"https:\/\/www.manaus.am.gov.br\/semcom\/#\/schema\/person\/image\/","url":"https:\/\/secure.gravatar.com\/avatar\/9c877d1a6adc2a055330e5c09a8653ce?s=96&d=mm&r=g","contentUrl":"https:\/\/secure.gravatar.com\/avatar\/9c877d1a6adc2a055330e5c09a8653ce?s=96&d=mm&r=g","caption":"Bruna Greco"}}]}},"_links":{"self":[{"href":"https:\/\/www.manaus.am.gov.br\/semcom\/wp-json\/wp\/v2\/posts\/250784"}],"collection":[{"href":"https:\/\/www.manaus.am.gov.br\/semcom\/wp-json\/wp\/v2\/posts"}],"about":[{"href":"https:\/\/www.manaus.am.gov.br\/semcom\/wp-json\/wp\/v2\/types\/post"}],"author":[{"embeddable":true,"href":"https:\/\/www.manaus.am.gov.br\/semcom\/wp-json\/wp\/v2\/users\/39"}],"replies":[{"embeddable":true,"href":"https:\/\/www.manaus.am.gov.br\/semcom\/wp-json\/wp\/v2\/comments?post=250784"}],"version-history":[{"count":0,"href":"https:\/\/www.manaus.am.gov.br\/semcom\/wp-json\/wp\/v2\/posts\/250784\/revisions"}],"wp:featuredmedia":[{"embeddable":true,"href":"https:\/\/www.manaus.am.gov.br\/semcom\/wp-json\/wp\/v2\/media\/250785"}],"wp:attachment":[{"href":"https:\/\/www.manaus.am.gov.br\/semcom\/wp-json\/wp\/v2\/media?parent=250784"}],"wp:term":[{"taxonomy":"category","embeddable":true,"href":"https:\/\/www.manaus.am.gov.br\/semcom\/wp-json\/wp\/v2\/categories?post=250784"},{"taxonomy":"post_tag","embeddable":true,"href":"https:\/\/www.manaus.am.gov.br\/semcom\/wp-json\/wp\/v2\/tags?post=250784"}],"curies":[{"name":"wp","href":"https:\/\/api.w.org\/{rel}","templated":true}]}}