{"id":250776,"date":"2026-01-13T12:06:01","date_gmt":"2026-01-13T16:06:01","guid":{"rendered":"https:\/\/www.manaus.am.gov.br\/semcom\/primeira-reuniao-alinhamento-oscs\/"},"modified":"2026-01-13T12:06:01","modified_gmt":"2026-01-13T16:06:01","slug":"primeira-reuniao-alinhamento-oscs","status":"publish","type":"post","link":"https:\/\/www.manaus.am.gov.br\/semcom\/primeira-reuniao-alinhamento-oscs\/","title":{"rendered":"Prefeitura de Manaus realiza primeira reuni\u00e3o de alinhamento com OSCs em 2026"},"content":{"rendered":"\n<p>A Prefeitura de Manaus, por meio da Secretaria Municipal do Trabalho, Empreendedorismo e Inova\u00e7\u00e3o (Semtepi), realizou, na manh\u00e3 desta ter\u00e7a-feira, 13\/1, a primeira reuni\u00e3o de alinhamento de 2026 com Organiza\u00e7\u00f5es da Sociedade Civil (OSCs). O encontro reuniu mais de 20 institui\u00e7\u00f5es no coworking do Casar\u00e3o da Inova\u00e7\u00e3o Cassina, localizado no centro hist\u00f3rico da cidade, zona Sul.<\/p>\n\n\n\n<p>A iniciativa teve como objetivo orientar as OSCs que recebem recursos provenientes de emendas parlamentares quanto \u00e0 correta execu\u00e7\u00e3o de projetos sociais, al\u00e9m de refor\u00e7ar boas pr\u00e1ticas para a elabora\u00e7\u00e3o e o cumprimento do plano de trabalho, garantindo maior efici\u00eancia e transpar\u00eancia na aplica\u00e7\u00e3o dos recursos.<\/p>\n\n\n\n<p>\u201cEstamos promovendo&nbsp;este momento de alinhamento para refor\u00e7ar junto \u00e0s institui\u00e7\u00f5es a import\u00e2ncia de executar os projetos da melhor forma poss\u00edvel, contribuindo para que todo o processo ocorra de maneira mais \u00e1gil e organizada\u201d, destacou o diretor do Departamento de Planejamento da Semtepi, Ronilson Lima.<\/p>\n\n\n\n<p>Durante a reuni\u00e3o, os participantes puderam esclarecer d\u00favidas, trocar experi\u00eancias e fortalecer o relacionamento institucional. Para a secret\u00e1ria da Associa\u00e7\u00e3o das OSCs, Neuda Maria Lima, representante do Instituto ADCA, o encontro simboliza novas perspectivas para o ano de 2026.<\/p>\n\n\n\n<p>\u201cSomos gratos pela oportunidade que a Semtepi nos proporciona de esclarecer d\u00favidas sobre os procedimentos necess\u00e1rios para estarmos habilitados ao acesso aos recursos oriundos de emendas parlamentares\u201d, concluiu Neuda.<\/p>\n\n\n\n<figure class=\"wp-block-image size-large\"><img loading=\"lazy\" decoding=\"async\" width=\"1024\" height=\"768\" src=\"https:\/\/www.manaus.am.gov.br\/semcom\/wp-content\/uploads\/sites\/5\/2026\/01\/IMG_5831-1024x768.jpeg\" alt=\"\" class=\"wp-image-250778\" srcset=\"https:\/\/www.manaus.am.gov.br\/semcom\/wp-content\/uploads\/sites\/5\/2026\/01\/IMG_5831-1024x768.jpeg 1024w, https:\/\/www.manaus.am.gov.br\/semcom\/wp-content\/uploads\/sites\/5\/2026\/01\/IMG_5831-300x225.jpeg 300w, https:\/\/www.manaus.am.gov.br\/semcom\/wp-content\/uploads\/sites\/5\/2026\/01\/IMG_5831-768x576.jpeg 768w, https:\/\/www.manaus.am.gov.br\/semcom\/wp-content\/uploads\/sites\/5\/2026\/01\/IMG_5831-1536x1152.jpeg 1536w, https:\/\/www.manaus.am.gov.br\/semcom\/wp-content\/uploads\/sites\/5\/2026\/01\/IMG_5831-2048x1536.jpeg 2048w\" sizes=\"(max-width: 1024px) 100vw, 1024px\" \/><figcaption class=\"wp-element-caption\">#paratodosverem &#8211; Reuni\u00e3o de alinhamento<\/figcaption><\/figure>\n\n\n\n<p>&#8212; &#8212; &#8212;<\/p>\n\n\n\n<p><strong>Texto e fotos<\/strong>&nbsp;&#8211; Fabiane Monteiro\/Semtepi<\/p>\n","protected":false},"excerpt":{"rendered":"","protected":false},"author":39,"featured_media":250777,"comment_status":"closed","ping_status":"closed","sticky":false,"template":"","format":"standard","meta":{"footnotes":""},"categories":[1657],"tags":[8894,8574,77,18829,22],"acf":[],"yoast_head":"<!-- This site is optimized with the Yoast SEO plugin v23.0 - https:\/\/yoast.com\/wordpress\/plugins\/seo\/ -->\n<title>Prefeitura realiza primeira reuni\u00e3o de alinhamento com OSCs em 2026<\/title>\n<meta name=\"description\" content=\"Prefeitura de Manaus, por meio da Semtepi, realiza, nesta ter\u00e7a-feira, 13\/1, primeira reuni\u00e3o de alinhamento com OSCs em 2026.\" \/>\n<meta name=\"robots\" content=\"index, follow, max-snippet:-1, max-image-preview:large, max-video-preview:-1\" \/>\n<link rel=\"canonical\" href=\"https:\/\/www.manaus.am.gov.br\/semcom\/primeira-reuniao-alinhamento-oscs\/\" \/>\n<meta property=\"og:locale\" content=\"pt_BR\" \/>\n<meta property=\"og:type\" content=\"article\" \/>\n<meta property=\"og:title\" content=\"Prefeitura realiza primeira reuni\u00e3o de alinhamento com OSCs em 2026\" \/>\n<meta property=\"og:description\" content=\"Prefeitura de Manaus, por meio da Semtepi, realiza, nesta ter\u00e7a-feira, 13\/1, primeira reuni\u00e3o de alinhamento com OSCs em 2026.\" \/>\n<meta property=\"og:url\" content=\"https:\/\/www.manaus.am.gov.br\/semcom\/primeira-reuniao-alinhamento-oscs\/\" \/>\n<meta property=\"og:site_name\" content=\"SEMCOM\" \/>\n<meta property=\"article:published_time\" content=\"2026-01-13T16:06:01+00:00\" \/>\n<meta property=\"og:image\" content=\"https:\/\/www.manaus.am.gov.br\/semcom\/wp-content\/uploads\/sites\/5\/2026\/01\/IMG_5854-1024x768.jpeg\" \/>\n\t<meta property=\"og:image:width\" content=\"1024\" \/>\n\t<meta property=\"og:image:height\" content=\"768\" \/>\n\t<meta property=\"og:image:type\" content=\"image\/jpeg\" \/>\n<meta name=\"author\" content=\"Bruna Greco\" \/>\n<meta name=\"twitter:card\" content=\"summary_large_image\" \/>\n<meta name=\"twitter:label1\" content=\"Written by\" \/>\n\t<meta name=\"twitter:data1\" content=\"Bruna Greco\" \/>\n\t<meta name=\"twitter:label2\" content=\"Est. reading time\" \/>\n\t<meta name=\"twitter:data2\" content=\"2 minutos\" \/>\n<script type=\"application\/ld+json\" class=\"yoast-schema-graph\">{\"@context\":\"https:\/\/schema.org\",\"@graph\":[{\"@type\":\"WebPage\",\"@id\":\"https:\/\/www.manaus.am.gov.br\/semcom\/primeira-reuniao-alinhamento-oscs\/\",\"url\":\"https:\/\/www.manaus.am.gov.br\/semcom\/primeira-reuniao-alinhamento-oscs\/\",\"name\":\"Prefeitura realiza primeira reuni\u00e3o de alinhamento com OSCs em 2026\",\"isPartOf\":{\"@id\":\"https:\/\/www.manaus.am.gov.br\/semcom\/#website\"},\"primaryImageOfPage\":{\"@id\":\"https:\/\/www.manaus.am.gov.br\/semcom\/primeira-reuniao-alinhamento-oscs\/#primaryimage\"},\"image\":{\"@id\":\"https:\/\/www.manaus.am.gov.br\/semcom\/primeira-reuniao-alinhamento-oscs\/#primaryimage\"},\"thumbnailUrl\":\"https:\/\/www.manaus.am.gov.br\/semcom\/wp-content\/uploads\/sites\/5\/2026\/01\/IMG_5854.jpeg\",\"datePublished\":\"2026-01-13T16:06:01+00:00\",\"dateModified\":\"2026-01-13T16:06:01+00:00\",\"author\":{\"@id\":\"https:\/\/www.manaus.am.gov.br\/semcom\/#\/schema\/person\/05d223aea2bf115f9883a6ff3683d81b\"},\"description\":\"Prefeitura de Manaus, por meio da Semtepi, realiza, nesta ter\u00e7a-feira, 13\/1, primeira reuni\u00e3o de alinhamento com OSCs em 2026.\",\"inLanguage\":\"pt-BR\",\"potentialAction\":[{\"@type\":\"ReadAction\",\"target\":[\"https:\/\/www.manaus.am.gov.br\/semcom\/primeira-reuniao-alinhamento-oscs\/\"]}]},{\"@type\":\"ImageObject\",\"inLanguage\":\"pt-BR\",\"@id\":\"https:\/\/www.manaus.am.gov.br\/semcom\/primeira-reuniao-alinhamento-oscs\/#primaryimage\",\"url\":\"https:\/\/www.manaus.am.gov.br\/semcom\/wp-content\/uploads\/sites\/5\/2026\/01\/IMG_5854.jpeg\",\"contentUrl\":\"https:\/\/www.manaus.am.gov.br\/semcom\/wp-content\/uploads\/sites\/5\/2026\/01\/IMG_5854.jpeg\",\"width\":4032,\"height\":3024,\"caption\":\"#paratodosverem - Representantes da Semtepi e OSCs durante primeira reuni\u00e3o de alinhamento do ano\"},{\"@type\":\"WebSite\",\"@id\":\"https:\/\/www.manaus.am.gov.br\/semcom\/#website\",\"url\":\"https:\/\/www.manaus.am.gov.br\/semcom\/\",\"name\":\"SEMCOM\",\"description\":\"Secretaria Municipal de Comunica\u00e7\u00e3o\",\"potentialAction\":[{\"@type\":\"SearchAction\",\"target\":{\"@type\":\"EntryPoint\",\"urlTemplate\":\"https:\/\/www.manaus.am.gov.br\/semcom\/?s={search_term_string}\"},\"query-input\":\"required name=search_term_string\"}],\"inLanguage\":\"pt-BR\"},{\"@type\":\"Person\",\"@id\":\"https:\/\/www.manaus.am.gov.br\/semcom\/#\/schema\/person\/05d223aea2bf115f9883a6ff3683d81b\",\"name\":\"Bruna Greco\",\"image\":{\"@type\":\"ImageObject\",\"inLanguage\":\"pt-BR\",\"@id\":\"https:\/\/www.manaus.am.gov.br\/semcom\/#\/schema\/person\/image\/\",\"url\":\"https:\/\/secure.gravatar.com\/avatar\/9c877d1a6adc2a055330e5c09a8653ce?s=96&d=mm&r=g\",\"contentUrl\":\"https:\/\/secure.gravatar.com\/avatar\/9c877d1a6adc2a055330e5c09a8653ce?s=96&d=mm&r=g\",\"caption\":\"Bruna Greco\"}}]}<\/script>\n<!-- \/ Yoast SEO plugin. -->","yoast_head_json":{"title":"Prefeitura realiza primeira reuni\u00e3o de alinhamento com OSCs em 2026","description":"Prefeitura de Manaus, por meio da Semtepi, realiza, nesta ter\u00e7a-feira, 13\/1, primeira reuni\u00e3o de alinhamento com OSCs em 2026.","robots":{"index":"index","follow":"follow","max-snippet":"max-snippet:-1","max-image-preview":"max-image-preview:large","max-video-preview":"max-video-preview:-1"},"canonical":"https:\/\/www.manaus.am.gov.br\/semcom\/primeira-reuniao-alinhamento-oscs\/","og_locale":"pt_BR","og_type":"article","og_title":"Prefeitura realiza primeira reuni\u00e3o de alinhamento com OSCs em 2026","og_description":"Prefeitura de Manaus, por meio da Semtepi, realiza, nesta ter\u00e7a-feira, 13\/1, primeira reuni\u00e3o de alinhamento com OSCs em 2026.","og_url":"https:\/\/www.manaus.am.gov.br\/semcom\/primeira-reuniao-alinhamento-oscs\/","og_site_name":"SEMCOM","article_published_time":"2026-01-13T16:06:01+00:00","og_image":[{"width":1024,"height":768,"url":"https:\/\/www.manaus.am.gov.br\/semcom\/wp-content\/uploads\/sites\/5\/2026\/01\/IMG_5854-1024x768.jpeg","type":"image\/jpeg"}],"author":"Bruna Greco","twitter_card":"summary_large_image","twitter_misc":{"Written by":"Bruna Greco","Est. reading time":"2 minutos"},"schema":{"@context":"https:\/\/schema.org","@graph":[{"@type":"WebPage","@id":"https:\/\/www.manaus.am.gov.br\/semcom\/primeira-reuniao-alinhamento-oscs\/","url":"https:\/\/www.manaus.am.gov.br\/semcom\/primeira-reuniao-alinhamento-oscs\/","name":"Prefeitura realiza primeira reuni\u00e3o de alinhamento com OSCs em 2026","isPartOf":{"@id":"https:\/\/www.manaus.am.gov.br\/semcom\/#website"},"primaryImageOfPage":{"@id":"https:\/\/www.manaus.am.gov.br\/semcom\/primeira-reuniao-alinhamento-oscs\/#primaryimage"},"image":{"@id":"https:\/\/www.manaus.am.gov.br\/semcom\/primeira-reuniao-alinhamento-oscs\/#primaryimage"},"thumbnailUrl":"https:\/\/www.manaus.am.gov.br\/semcom\/wp-content\/uploads\/sites\/5\/2026\/01\/IMG_5854.jpeg","datePublished":"2026-01-13T16:06:01+00:00","dateModified":"2026-01-13T16:06:01+00:00","author":{"@id":"https:\/\/www.manaus.am.gov.br\/semcom\/#\/schema\/person\/05d223aea2bf115f9883a6ff3683d81b"},"description":"Prefeitura de Manaus, por meio da Semtepi, realiza, nesta ter\u00e7a-feira, 13\/1, primeira reuni\u00e3o de alinhamento com OSCs em 2026.","inLanguage":"pt-BR","potentialAction":[{"@type":"ReadAction","target":["https:\/\/www.manaus.am.gov.br\/semcom\/primeira-reuniao-alinhamento-oscs\/"]}]},{"@type":"ImageObject","inLanguage":"pt-BR","@id":"https:\/\/www.manaus.am.gov.br\/semcom\/primeira-reuniao-alinhamento-oscs\/#primaryimage","url":"https:\/\/www.manaus.am.gov.br\/semcom\/wp-content\/uploads\/sites\/5\/2026\/01\/IMG_5854.jpeg","contentUrl":"https:\/\/www.manaus.am.gov.br\/semcom\/wp-content\/uploads\/sites\/5\/2026\/01\/IMG_5854.jpeg","width":4032,"height":3024,"caption":"#paratodosverem - Representantes da Semtepi e OSCs durante primeira reuni\u00e3o de alinhamento do ano"},{"@type":"WebSite","@id":"https:\/\/www.manaus.am.gov.br\/semcom\/#website","url":"https:\/\/www.manaus.am.gov.br\/semcom\/","name":"SEMCOM","description":"Secretaria Municipal de Comunica\u00e7\u00e3o","potentialAction":[{"@type":"SearchAction","target":{"@type":"EntryPoint","urlTemplate":"https:\/\/www.manaus.am.gov.br\/semcom\/?s={search_term_string}"},"query-input":"required name=search_term_string"}],"inLanguage":"pt-BR"},{"@type":"Person","@id":"https:\/\/www.manaus.am.gov.br\/semcom\/#\/schema\/person\/05d223aea2bf115f9883a6ff3683d81b","name":"Bruna Greco","image":{"@type":"ImageObject","inLanguage":"pt-BR","@id":"https:\/\/www.manaus.am.gov.br\/semcom\/#\/schema\/person\/image\/","url":"https:\/\/secure.gravatar.com\/avatar\/9c877d1a6adc2a055330e5c09a8653ce?s=96&d=mm&r=g","contentUrl":"https:\/\/secure.gravatar.com\/avatar\/9c877d1a6adc2a055330e5c09a8653ce?s=96&d=mm&r=g","caption":"Bruna Greco"}}]}},"_links":{"self":[{"href":"https:\/\/www.manaus.am.gov.br\/semcom\/wp-json\/wp\/v2\/posts\/250776"}],"collection":[{"href":"https:\/\/www.manaus.am.gov.br\/semcom\/wp-json\/wp\/v2\/posts"}],"about":[{"href":"https:\/\/www.manaus.am.gov.br\/semcom\/wp-json\/wp\/v2\/types\/post"}],"author":[{"embeddable":true,"href":"https:\/\/www.manaus.am.gov.br\/semcom\/wp-json\/wp\/v2\/users\/39"}],"replies":[{"embeddable":true,"href":"https:\/\/www.manaus.am.gov.br\/semcom\/wp-json\/wp\/v2\/comments?post=250776"}],"version-history":[{"count":1,"href":"https:\/\/www.manaus.am.gov.br\/semcom\/wp-json\/wp\/v2\/posts\/250776\/revisions"}],"predecessor-version":[{"id":250779,"href":"https:\/\/www.manaus.am.gov.br\/semcom\/wp-json\/wp\/v2\/posts\/250776\/revisions\/250779"}],"wp:featuredmedia":[{"embeddable":true,"href":"https:\/\/www.manaus.am.gov.br\/semcom\/wp-json\/wp\/v2\/media\/250777"}],"wp:attachment":[{"href":"https:\/\/www.manaus.am.gov.br\/semcom\/wp-json\/wp\/v2\/media?parent=250776"}],"wp:term":[{"taxonomy":"category","embeddable":true,"href":"https:\/\/www.manaus.am.gov.br\/semcom\/wp-json\/wp\/v2\/categories?post=250776"},{"taxonomy":"post_tag","embeddable":true,"href":"https:\/\/www.manaus.am.gov.br\/semcom\/wp-json\/wp\/v2\/tags?post=250776"}],"curies":[{"name":"wp","href":"https:\/\/api.w.org\/{rel}","templated":true}]}}