{"id":250727,"date":"2026-01-12T15:55:07","date_gmt":"2026-01-12T18:55:07","guid":{"rendered":"https:\/\/www.manaus.am.gov.br\/semcom\/prefeito-entrega-28-escolas\/"},"modified":"2026-01-12T15:55:09","modified_gmt":"2026-01-12T18:55:09","slug":"prefeito-entrega-28-escolas","status":"publish","type":"post","link":"https:\/\/www.manaus.am.gov.br\/semcom\/prefeito-entrega-28-escolas\/","title":{"rendered":"Prefeito David Almeida assegura entrega de 28 escolas antes do in\u00edcio do ano letivo em Manaus"},"content":{"rendered":"\n<p>O prefeito de Manaus, David Almeida, anunciou que a Prefeitura de Manaus vai entregar 28 escolas reformadas, ampliadas ou reconstru\u00eddas at\u00e9 o in\u00edcio do ano letivo, previsto para o dia 5 de fevereiro, assegurando que a rede municipal esteja plenamente preparada para receber alunos, professores e servidores.<\/p>\n\n\n\n<p>Apenas nos primeiros dias deste ano, a gest\u00e3o municipal j\u00e1 realizou a entrega de duas unidades escolares, mantendo o ritmo acelerado do maior programa de reestrutura\u00e7\u00e3o da rede municipal de ensino j\u00e1 executado na cidade.<\/p>\n\n\n\n<p>Segundo o prefeito, a estrat\u00e9gia \u00e9 concluir todas as inaugura\u00e7\u00f5es antes do retorno das aulas, garantindo infraestrutura adequada, conforto e seguran\u00e7a para a comunidade escolar.<\/p>\n\n\n\n<p>\u201cN\u00f3s temos 28 escolas prontas para serem entregues at\u00e9 o in\u00edcio do ano letivo. Vamos fazer uma verdadeira maratona de inaugura\u00e7\u00f5es, porque essas estruturas precisam estar funcionando antes do dia 5 de fevereiro. Educa\u00e7\u00e3o exige planejamento e respeito \u00e0s fam\u00edlias e aos alunos\u201d, afirmou David Almeida.<\/p>\n\n\n\n<p>As unidades que integram o cronograma passaram por interven\u00e7\u00f5es estruturais como reforma de quadras poliesportivas, revis\u00e3o el\u00e9trica e hidr\u00e1ulica, manuten\u00e7\u00e3o de telhados e calhas, pintura geral, adequa\u00e7\u00f5es de acessibilidade e melhorias nos ambientes pedag\u00f3gicos, elevando o padr\u00e3o da infraestrutura escolar da rede municipal.<\/p>\n\n\n\n<p>A iniciativa refor\u00e7a o compromisso da atual gest\u00e3o com a educa\u00e7\u00e3o b\u00e1sica e consolida David Almeida como o prefeito que mais entregou escolas reformadas ou constru\u00eddas na hist\u00f3ria de Manaus, ultrapassando a marca de 380 unidades educacionais beneficiadas desde o in\u00edcio da administra\u00e7\u00e3o.<\/p>\n\n\n\n<p><strong>Mais entregas<\/strong><\/p>\n\n\n\n<p>Al\u00e9m das escolas, a Prefeitura de Manaus mant\u00e9m um calend\u00e1rio cont\u00ednuo de entregas em outras \u00e1reas estrat\u00e9gicas, como sa\u00fade, assist\u00eancia social e mobilidade urbana, garantindo que os servi\u00e7os p\u00fablicos acompanhem as demandas da popula\u00e7\u00e3o.<\/p>\n\n\n\n<p>Com a programa\u00e7\u00e3o antecipada das inaugura\u00e7\u00f5es, a gest\u00e3o David Almeida assegura que o ano letivo tenha in\u00edcio com uma rede escolar mais estruturada, moderna e preparada para acolher os estudantes, fortalecendo a educa\u00e7\u00e3o como eixo central do desenvolvimento da capital.<\/p>\n","protected":false},"excerpt":{"rendered":"","protected":false},"author":25,"featured_media":250728,"comment_status":"closed","ping_status":"closed","sticky":false,"template":"","format":"standard","meta":{"footnotes":""},"categories":[49],"tags":[9423,35,463,2637],"acf":[],"yoast_head":"<!-- This site is optimized with the Yoast SEO plugin v23.0 - https:\/\/yoast.com\/wordpress\/plugins\/seo\/ -->\n<title>Prefeito David Almeida assegura entrega de 28 escolas antes do in\u00edcio do ano letivo em Manaus<\/title>\n<meta name=\"description\" content=\"O prefeito de Manaus, David Almeida, anunciou que a Prefeitura de Manaus vai entregar 28 escolas\" \/>\n<meta name=\"robots\" content=\"index, follow, max-snippet:-1, max-image-preview:large, max-video-preview:-1\" \/>\n<link rel=\"canonical\" href=\"https:\/\/www.manaus.am.gov.br\/semcom\/prefeito-entrega-28-escolas\/\" \/>\n<meta property=\"og:locale\" content=\"pt_BR\" \/>\n<meta property=\"og:type\" content=\"article\" \/>\n<meta property=\"og:title\" content=\"Prefeito David Almeida assegura entrega de 28 escolas antes do in\u00edcio do ano letivo em Manaus\" \/>\n<meta property=\"og:description\" content=\"O prefeito de Manaus, David Almeida, anunciou que a Prefeitura de Manaus vai entregar 28 escolas\" \/>\n<meta property=\"og:url\" content=\"https:\/\/www.manaus.am.gov.br\/semcom\/prefeito-entrega-28-escolas\/\" \/>\n<meta property=\"og:site_name\" content=\"SEMCOM\" \/>\n<meta property=\"article:published_time\" content=\"2026-01-12T18:55:07+00:00\" \/>\n<meta property=\"article:modified_time\" content=\"2026-01-12T18:55:09+00:00\" \/>\n<meta property=\"og:image\" content=\"https:\/\/www.manaus.am.gov.br\/semcom\/wp-content\/uploads\/sites\/5\/2026\/01\/55032089576_a964568407_c.jpg\" \/>\n\t<meta property=\"og:image:width\" content=\"799\" \/>\n\t<meta property=\"og:image:height\" content=\"533\" \/>\n\t<meta property=\"og:image:type\" content=\"image\/jpeg\" \/>\n<meta name=\"author\" content=\"Maur\u00edcio Freire\" \/>\n<meta name=\"twitter:card\" content=\"summary_large_image\" \/>\n<meta name=\"twitter:label1\" content=\"Written by\" \/>\n\t<meta name=\"twitter:data1\" content=\"Maur\u00edcio Freire\" \/>\n\t<meta name=\"twitter:label2\" content=\"Est. reading time\" \/>\n\t<meta name=\"twitter:data2\" content=\"2 minutos\" \/>\n<script type=\"application\/ld+json\" class=\"yoast-schema-graph\">{\"@context\":\"https:\/\/schema.org\",\"@graph\":[{\"@type\":\"WebPage\",\"@id\":\"https:\/\/www.manaus.am.gov.br\/semcom\/prefeito-entrega-28-escolas\/\",\"url\":\"https:\/\/www.manaus.am.gov.br\/semcom\/prefeito-entrega-28-escolas\/\",\"name\":\"Prefeito David Almeida assegura entrega de 28 escolas antes do in\u00edcio do ano letivo em Manaus\",\"isPartOf\":{\"@id\":\"https:\/\/www.manaus.am.gov.br\/semcom\/#website\"},\"primaryImageOfPage\":{\"@id\":\"https:\/\/www.manaus.am.gov.br\/semcom\/prefeito-entrega-28-escolas\/#primaryimage\"},\"image\":{\"@id\":\"https:\/\/www.manaus.am.gov.br\/semcom\/prefeito-entrega-28-escolas\/#primaryimage\"},\"thumbnailUrl\":\"https:\/\/www.manaus.am.gov.br\/semcom\/wp-content\/uploads\/sites\/5\/2026\/01\/55032089576_a964568407_c.jpg\",\"datePublished\":\"2026-01-12T18:55:07+00:00\",\"dateModified\":\"2026-01-12T18:55:09+00:00\",\"author\":{\"@id\":\"https:\/\/www.manaus.am.gov.br\/semcom\/#\/schema\/person\/587989a23a463cde5618e6a028977a9a\"},\"description\":\"O prefeito de Manaus, David Almeida, anunciou que a Prefeitura de Manaus vai entregar 28 escolas\",\"inLanguage\":\"pt-BR\",\"potentialAction\":[{\"@type\":\"ReadAction\",\"target\":[\"https:\/\/www.manaus.am.gov.br\/semcom\/prefeito-entrega-28-escolas\/\"]}]},{\"@type\":\"ImageObject\",\"inLanguage\":\"pt-BR\",\"@id\":\"https:\/\/www.manaus.am.gov.br\/semcom\/prefeito-entrega-28-escolas\/#primaryimage\",\"url\":\"https:\/\/www.manaus.am.gov.br\/semcom\/wp-content\/uploads\/sites\/5\/2026\/01\/55032089576_a964568407_c.jpg\",\"contentUrl\":\"https:\/\/www.manaus.am.gov.br\/semcom\/wp-content\/uploads\/sites\/5\/2026\/01\/55032089576_a964568407_c.jpg\",\"width\":799,\"height\":533,\"caption\":\"#paratodosverem Prefeito David Almeida realizando entrega de escola revitalizada\"},{\"@type\":\"WebSite\",\"@id\":\"https:\/\/www.manaus.am.gov.br\/semcom\/#website\",\"url\":\"https:\/\/www.manaus.am.gov.br\/semcom\/\",\"name\":\"SEMCOM\",\"description\":\"Secretaria Municipal de Comunica\u00e7\u00e3o\",\"potentialAction\":[{\"@type\":\"SearchAction\",\"target\":{\"@type\":\"EntryPoint\",\"urlTemplate\":\"https:\/\/www.manaus.am.gov.br\/semcom\/?s={search_term_string}\"},\"query-input\":\"required name=search_term_string\"}],\"inLanguage\":\"pt-BR\"},{\"@type\":\"Person\",\"@id\":\"https:\/\/www.manaus.am.gov.br\/semcom\/#\/schema\/person\/587989a23a463cde5618e6a028977a9a\",\"name\":\"Maur\u00edcio Freire\",\"image\":{\"@type\":\"ImageObject\",\"inLanguage\":\"pt-BR\",\"@id\":\"https:\/\/www.manaus.am.gov.br\/semcom\/#\/schema\/person\/image\/\",\"url\":\"https:\/\/secure.gravatar.com\/avatar\/dc1481799a1f75c733ac3b2634cd6749?s=96&d=mm&r=g\",\"contentUrl\":\"https:\/\/secure.gravatar.com\/avatar\/dc1481799a1f75c733ac3b2634cd6749?s=96&d=mm&r=g\",\"caption\":\"Maur\u00edcio Freire\"}}]}<\/script>\n<!-- \/ Yoast SEO plugin. -->","yoast_head_json":{"title":"Prefeito David Almeida assegura entrega de 28 escolas antes do in\u00edcio do ano letivo em Manaus","description":"O prefeito de Manaus, David Almeida, anunciou que a Prefeitura de Manaus vai entregar 28 escolas","robots":{"index":"index","follow":"follow","max-snippet":"max-snippet:-1","max-image-preview":"max-image-preview:large","max-video-preview":"max-video-preview:-1"},"canonical":"https:\/\/www.manaus.am.gov.br\/semcom\/prefeito-entrega-28-escolas\/","og_locale":"pt_BR","og_type":"article","og_title":"Prefeito David Almeida assegura entrega de 28 escolas antes do in\u00edcio do ano letivo em Manaus","og_description":"O prefeito de Manaus, David Almeida, anunciou que a Prefeitura de Manaus vai entregar 28 escolas","og_url":"https:\/\/www.manaus.am.gov.br\/semcom\/prefeito-entrega-28-escolas\/","og_site_name":"SEMCOM","article_published_time":"2026-01-12T18:55:07+00:00","article_modified_time":"2026-01-12T18:55:09+00:00","og_image":[{"width":799,"height":533,"url":"https:\/\/www.manaus.am.gov.br\/semcom\/wp-content\/uploads\/sites\/5\/2026\/01\/55032089576_a964568407_c.jpg","type":"image\/jpeg"}],"author":"Maur\u00edcio Freire","twitter_card":"summary_large_image","twitter_misc":{"Written by":"Maur\u00edcio Freire","Est. reading time":"2 minutos"},"schema":{"@context":"https:\/\/schema.org","@graph":[{"@type":"WebPage","@id":"https:\/\/www.manaus.am.gov.br\/semcom\/prefeito-entrega-28-escolas\/","url":"https:\/\/www.manaus.am.gov.br\/semcom\/prefeito-entrega-28-escolas\/","name":"Prefeito David Almeida assegura entrega de 28 escolas antes do in\u00edcio do ano letivo em Manaus","isPartOf":{"@id":"https:\/\/www.manaus.am.gov.br\/semcom\/#website"},"primaryImageOfPage":{"@id":"https:\/\/www.manaus.am.gov.br\/semcom\/prefeito-entrega-28-escolas\/#primaryimage"},"image":{"@id":"https:\/\/www.manaus.am.gov.br\/semcom\/prefeito-entrega-28-escolas\/#primaryimage"},"thumbnailUrl":"https:\/\/www.manaus.am.gov.br\/semcom\/wp-content\/uploads\/sites\/5\/2026\/01\/55032089576_a964568407_c.jpg","datePublished":"2026-01-12T18:55:07+00:00","dateModified":"2026-01-12T18:55:09+00:00","author":{"@id":"https:\/\/www.manaus.am.gov.br\/semcom\/#\/schema\/person\/587989a23a463cde5618e6a028977a9a"},"description":"O prefeito de Manaus, David Almeida, anunciou que a Prefeitura de Manaus vai entregar 28 escolas","inLanguage":"pt-BR","potentialAction":[{"@type":"ReadAction","target":["https:\/\/www.manaus.am.gov.br\/semcom\/prefeito-entrega-28-escolas\/"]}]},{"@type":"ImageObject","inLanguage":"pt-BR","@id":"https:\/\/www.manaus.am.gov.br\/semcom\/prefeito-entrega-28-escolas\/#primaryimage","url":"https:\/\/www.manaus.am.gov.br\/semcom\/wp-content\/uploads\/sites\/5\/2026\/01\/55032089576_a964568407_c.jpg","contentUrl":"https:\/\/www.manaus.am.gov.br\/semcom\/wp-content\/uploads\/sites\/5\/2026\/01\/55032089576_a964568407_c.jpg","width":799,"height":533,"caption":"#paratodosverem Prefeito David Almeida realizando entrega de escola revitalizada"},{"@type":"WebSite","@id":"https:\/\/www.manaus.am.gov.br\/semcom\/#website","url":"https:\/\/www.manaus.am.gov.br\/semcom\/","name":"SEMCOM","description":"Secretaria Municipal de Comunica\u00e7\u00e3o","potentialAction":[{"@type":"SearchAction","target":{"@type":"EntryPoint","urlTemplate":"https:\/\/www.manaus.am.gov.br\/semcom\/?s={search_term_string}"},"query-input":"required name=search_term_string"}],"inLanguage":"pt-BR"},{"@type":"Person","@id":"https:\/\/www.manaus.am.gov.br\/semcom\/#\/schema\/person\/587989a23a463cde5618e6a028977a9a","name":"Maur\u00edcio Freire","image":{"@type":"ImageObject","inLanguage":"pt-BR","@id":"https:\/\/www.manaus.am.gov.br\/semcom\/#\/schema\/person\/image\/","url":"https:\/\/secure.gravatar.com\/avatar\/dc1481799a1f75c733ac3b2634cd6749?s=96&d=mm&r=g","contentUrl":"https:\/\/secure.gravatar.com\/avatar\/dc1481799a1f75c733ac3b2634cd6749?s=96&d=mm&r=g","caption":"Maur\u00edcio Freire"}}]}},"_links":{"self":[{"href":"https:\/\/www.manaus.am.gov.br\/semcom\/wp-json\/wp\/v2\/posts\/250727"}],"collection":[{"href":"https:\/\/www.manaus.am.gov.br\/semcom\/wp-json\/wp\/v2\/posts"}],"about":[{"href":"https:\/\/www.manaus.am.gov.br\/semcom\/wp-json\/wp\/v2\/types\/post"}],"author":[{"embeddable":true,"href":"https:\/\/www.manaus.am.gov.br\/semcom\/wp-json\/wp\/v2\/users\/25"}],"replies":[{"embeddable":true,"href":"https:\/\/www.manaus.am.gov.br\/semcom\/wp-json\/wp\/v2\/comments?post=250727"}],"version-history":[{"count":0,"href":"https:\/\/www.manaus.am.gov.br\/semcom\/wp-json\/wp\/v2\/posts\/250727\/revisions"}],"wp:featuredmedia":[{"embeddable":true,"href":"https:\/\/www.manaus.am.gov.br\/semcom\/wp-json\/wp\/v2\/media\/250728"}],"wp:attachment":[{"href":"https:\/\/www.manaus.am.gov.br\/semcom\/wp-json\/wp\/v2\/media?parent=250727"}],"wp:term":[{"taxonomy":"category","embeddable":true,"href":"https:\/\/www.manaus.am.gov.br\/semcom\/wp-json\/wp\/v2\/categories?post=250727"},{"taxonomy":"post_tag","embeddable":true,"href":"https:\/\/www.manaus.am.gov.br\/semcom\/wp-json\/wp\/v2\/tags?post=250727"}],"curies":[{"name":"wp","href":"https:\/\/api.w.org\/{rel}","templated":true}]}}