{"id":250705,"date":"2026-01-12T11:07:58","date_gmt":"2026-01-12T14:07:58","guid":{"rendered":"https:\/\/www.manaus.am.gov.br\/semcom\/autorizacao-festas-periodo-carnaval\/"},"modified":"2026-01-12T16:54:47","modified_gmt":"2026-01-12T19:54:47","slug":"realizacao-de-eventos-autorizacao-festas-periodo-carnaval","status":"publish","type":"post","link":"https:\/\/www.manaus.am.gov.br\/semcom\/realizacao-de-eventos-autorizacao-festas-periodo-carnaval\/","title":{"rendered":"Prefeitura orienta\u00a0organizadores\u00a0de eventos para solicita\u00e7\u00e3o de autoriza\u00e7\u00e3o de festas no per\u00edodo do Carnaval"},"content":{"rendered":"\n<p>A <a href=\"https:\/\/www.manaus.am.gov.br\">Prefeitura de Manaus<\/a>, por meio da Secretaria Municipal de Meio Ambiente e Sustentabilidade (Semmas), \u00e9 o \u00f3rg\u00e3o que emite a autoriza\u00e7\u00e3o para realiza\u00e7\u00e3o de eventos carnavalescos, como blocos de rua, em pra\u00e7as ou parques, em que equipamentos sonoros ser\u00e3o utilizados e devem ser licenciados junto \u00e0 Semmas.<\/p>\n\n\n\n<p>A secretaria orienta aos respons\u00e1veis a entrarem no link a seguir&nbsp;<a href=\"https:\/\/drive.google.com\/drive\/folders\/1fETaPC8pf_RAD6mZ2VwBCNijIBE19uhe?usp=drive_link\" target=\"_blank\" rel=\"noreferrer noopener\">https:\/\/drive.google.com\/drive\/folders\/1fETaPC8pf_RAD6mZ2VwBCNijIBE19uhe?usp=drive_link<\/a>&nbsp;para obter os documentos necess\u00e1rios e atrav\u00e9s do login no Gov.br pela plataforma do Slim, no endere\u00e7o&nbsp;<a href=\"https:\/\/slim.manaus.am.gov.br\/\" target=\"_blank\" rel=\"noreferrer noopener\">https:\/\/slim.manaus.am.gov.br\/<\/a>, para a&nbsp;inser\u00e7\u00e3o de toda a documenta\u00e7\u00e3o, seguindo o passo a passo na pasta de documentos.<\/p>\n\n\n\n<p>Para solicitar a autoriza\u00e7\u00e3o de realiza\u00e7\u00e3o de eventos, \u00e9 necess\u00e1rio preencher o requerimento padronizado da Semmas;&nbsp;efetuar o pagamento de taxa de expediente correspondente a 10% da Unidade Fiscal do Munic\u00edpio (UFM) 2026;&nbsp;apresentar RG e CPF do respons\u00e1vel legal e do procurador, se houver, e a procura\u00e7\u00e3o ou instrumento particular com reconhecimento de firma, devidamente atualizada, se houver procurador; croqui de localiza\u00e7\u00e3o modelo padr\u00e3o Semmas, elaborado em cima do modelo do Google Maps; abaixo-assinado dos moradores do entorno no modelo padr\u00e3o Semmas, contendo o nome do morador, o endere\u00e7o completo e n\u00famero do RG; especifica\u00e7\u00e3o do sistema sonoro no modelo padr\u00e3o Semmas, contendo no cabe\u00e7alho as informa\u00e7\u00f5es do evento; autoriza\u00e7\u00e3o do IMMU de interdi\u00e7\u00e3o de via para eventos; e outros documentos poder\u00e3o ser solicitados.<\/p>\n\n\n\n<p>Em caso de pedidos de isen\u00e7\u00e3o da taxa de expedi\u00e7\u00e3o, o interessado dever\u00e1 apresentar: estatuto social reconhecido em cart\u00f3rio; cart\u00e3o de CNPJ atualizado e ativo; of\u00edcio pedindo isen\u00e7\u00e3o. Para pedir isen\u00e7\u00e3o a institui\u00e7\u00e3o deve estar localizada no mesmo bairro onde ocorrer\u00e1 o evento.<\/p>\n\n\n\n<p>Vale ressaltar que todos os modelos de documentos solicitados est\u00e3o dispon\u00edveis no link acima.<\/p>\n\n\n\n<p>\u201cNosso trabalho \u00e9 para garantir que os eventos sejam realizados, respeitando os limites de decib\u00e9is para que n\u00e3o haja a pr\u00e1tica de polui\u00e7\u00e3o sonora. Carnaval \u00e9 tempo de divers\u00e3o, mas ele deve ser respons\u00e1vel, respeitando o direito de todos\u201d, afirmou o secret\u00e1rio da Semmas, Fransu\u00e1 Matos.<\/p>\n\n\n\n<p>Localizada na rua Rub\u00eddio, n\u00ba 288, no bairro Vila da Prata, zona Oeste da cidade, a Semmas funciona de segunda a sexta-feira, das 8h \u00e0s 14h. As orienta\u00e7\u00f5es e o recebimento dos modelos de documentos, al\u00e9m de orienta\u00e7\u00f5es sobre os protocolos da solicita\u00e7\u00e3o no site tamb\u00e9m podem ser feitas virtualmente, por meio do WhatsApp (92) 98842-2090.<\/p>\n\n\n\n<p>O respons\u00e1vel pelo evento tamb\u00e9m deve regularizar as atividades nos seguintes \u00f3rg\u00e3os: Departamento de Vigil\u00e2ncia Sanit\u00e1ria (Dvisa); Instituto Municipal de Mobilidade Urbana (IMMU); Corpo de Bombeiros \u2013 Ecad; Amazonas Energia (quando houver a necessidade de energiza\u00e7\u00e3o); Secretaria Municipal de Finan\u00e7as P\u00fablicas (Semef), quando houver cobran\u00e7a de ingressos ou similares; e Pol\u00edcia Militar do Amazonas (PM-AM).<\/p>\n\n\n\n<p>&#8212; &#8212; &#8212;<\/p>\n\n\n\n<p><strong>Texto &#8211;<\/strong>&nbsp;Taianna Castro\/Semmas<\/p>\n\n\n\n<p><strong>Foto \u2013 <\/strong>Arquivo\/Semcom<\/p>\n","protected":false},"excerpt":{"rendered":"","protected":false},"author":39,"featured_media":250706,"comment_status":"closed","ping_status":"closed","sticky":false,"template":"","format":"standard","meta":{"footnotes":""},"categories":[890],"tags":[18798,18799,18800,18801,77,19],"acf":[],"yoast_head":"<!-- This site is optimized with the Yoast SEO plugin v23.0 - https:\/\/yoast.com\/wordpress\/plugins\/seo\/ -->\n<title>Prefeitura orienta organizadores de eventos para solicita\u00e7\u00e3o de autoriza\u00e7\u00e3o de festas no per\u00edodo do Carnaval<\/title>\n<meta name=\"description\" content=\"Prefeitura orienta organizadores de eventos para solicita\u00e7\u00e3o de autoriza\u00e7\u00e3o de festas no per\u00edodo do Carnaval.\" \/>\n<meta name=\"robots\" content=\"index, follow, max-snippet:-1, max-image-preview:large, max-video-preview:-1\" \/>\n<link rel=\"canonical\" href=\"https:\/\/www.manaus.am.gov.br\/semcom\/autorizacao-festas-periodo-carnaval\/\" \/>\n<meta property=\"og:locale\" content=\"pt_BR\" \/>\n<meta property=\"og:type\" content=\"article\" \/>\n<meta property=\"og:title\" content=\"Prefeitura orienta organizadores de eventos para solicita\u00e7\u00e3o de autoriza\u00e7\u00e3o de festas no per\u00edodo do Carnaval\" \/>\n<meta property=\"og:description\" content=\"Prefeitura orienta organizadores de eventos para solicita\u00e7\u00e3o de autoriza\u00e7\u00e3o de festas no per\u00edodo do Carnaval.\" \/>\n<meta property=\"og:url\" content=\"https:\/\/www.manaus.am.gov.br\/semcom\/autorizacao-festas-periodo-carnaval\/\" \/>\n<meta property=\"og:site_name\" content=\"SEMCOM\" \/>\n<meta property=\"article:published_time\" content=\"2026-01-12T14:07:58+00:00\" \/>\n<meta property=\"article:modified_time\" content=\"2026-01-12T19:54:47+00:00\" \/>\n<meta property=\"og:image\" content=\"https:\/\/www.manaus.am.gov.br\/semcom\/wp-content\/uploads\/sites\/5\/2026\/01\/Carnaval-de-rua.jpg\" \/>\n\t<meta property=\"og:image:width\" content=\"2048\" \/>\n\t<meta property=\"og:image:height\" content=\"1365\" \/>\n\t<meta property=\"og:image:type\" content=\"image\/jpeg\" \/>\n<meta name=\"author\" content=\"Bruna Greco\" \/>\n<meta name=\"twitter:card\" content=\"summary_large_image\" \/>\n<meta name=\"twitter:label1\" content=\"Written by\" \/>\n\t<meta name=\"twitter:data1\" content=\"Bruna Greco\" \/>\n\t<meta name=\"twitter:label2\" content=\"Est. reading time\" \/>\n\t<meta name=\"twitter:data2\" content=\"3 minutos\" \/>\n<script type=\"application\/ld+json\" class=\"yoast-schema-graph\">{\"@context\":\"https:\/\/schema.org\",\"@graph\":[{\"@type\":\"WebPage\",\"@id\":\"https:\/\/www.manaus.am.gov.br\/semcom\/autorizacao-festas-periodo-carnaval\/\",\"url\":\"https:\/\/www.manaus.am.gov.br\/semcom\/autorizacao-festas-periodo-carnaval\/\",\"name\":\"Prefeitura orienta organizadores de eventos para solicita\u00e7\u00e3o de autoriza\u00e7\u00e3o de festas no per\u00edodo do Carnaval\",\"isPartOf\":{\"@id\":\"https:\/\/www.manaus.am.gov.br\/semcom\/#website\"},\"primaryImageOfPage\":{\"@id\":\"https:\/\/www.manaus.am.gov.br\/semcom\/autorizacao-festas-periodo-carnaval\/#primaryimage\"},\"image\":{\"@id\":\"https:\/\/www.manaus.am.gov.br\/semcom\/autorizacao-festas-periodo-carnaval\/#primaryimage\"},\"thumbnailUrl\":\"https:\/\/www.manaus.am.gov.br\/semcom\/wp-content\/uploads\/sites\/5\/2026\/01\/Carnaval-de-rua.jpg\",\"datePublished\":\"2026-01-12T14:07:58+00:00\",\"dateModified\":\"2026-01-12T19:54:47+00:00\",\"author\":{\"@id\":\"https:\/\/www.manaus.am.gov.br\/semcom\/#\/schema\/person\/05d223aea2bf115f9883a6ff3683d81b\"},\"description\":\"Prefeitura orienta organizadores de eventos para solicita\u00e7\u00e3o de autoriza\u00e7\u00e3o de festas no per\u00edodo do Carnaval.\",\"inLanguage\":\"pt-BR\",\"potentialAction\":[{\"@type\":\"ReadAction\",\"target\":[\"https:\/\/www.manaus.am.gov.br\/semcom\/autorizacao-festas-periodo-carnaval\/\"]}]},{\"@type\":\"ImageObject\",\"inLanguage\":\"pt-BR\",\"@id\":\"https:\/\/www.manaus.am.gov.br\/semcom\/autorizacao-festas-periodo-carnaval\/#primaryimage\",\"url\":\"https:\/\/www.manaus.am.gov.br\/semcom\/wp-content\/uploads\/sites\/5\/2026\/01\/Carnaval-de-rua.jpg\",\"contentUrl\":\"https:\/\/www.manaus.am.gov.br\/semcom\/wp-content\/uploads\/sites\/5\/2026\/01\/Carnaval-de-rua.jpg\",\"width\":2048,\"height\":1365,\"caption\":\"#paratodosverem - P\u00fablico prestigiando carnaval de rua em Manaus\"},{\"@type\":\"WebSite\",\"@id\":\"https:\/\/www.manaus.am.gov.br\/semcom\/#website\",\"url\":\"https:\/\/www.manaus.am.gov.br\/semcom\/\",\"name\":\"SEMCOM\",\"description\":\"Secretaria Municipal de Comunica\u00e7\u00e3o\",\"potentialAction\":[{\"@type\":\"SearchAction\",\"target\":{\"@type\":\"EntryPoint\",\"urlTemplate\":\"https:\/\/www.manaus.am.gov.br\/semcom\/?s={search_term_string}\"},\"query-input\":\"required name=search_term_string\"}],\"inLanguage\":\"pt-BR\"},{\"@type\":\"Person\",\"@id\":\"https:\/\/www.manaus.am.gov.br\/semcom\/#\/schema\/person\/05d223aea2bf115f9883a6ff3683d81b\",\"name\":\"Bruna Greco\",\"image\":{\"@type\":\"ImageObject\",\"inLanguage\":\"pt-BR\",\"@id\":\"https:\/\/www.manaus.am.gov.br\/semcom\/#\/schema\/person\/image\/\",\"url\":\"https:\/\/secure.gravatar.com\/avatar\/9c877d1a6adc2a055330e5c09a8653ce?s=96&d=mm&r=g\",\"contentUrl\":\"https:\/\/secure.gravatar.com\/avatar\/9c877d1a6adc2a055330e5c09a8653ce?s=96&d=mm&r=g\",\"caption\":\"Bruna Greco\"}}]}<\/script>\n<!-- \/ Yoast SEO plugin. -->","yoast_head_json":{"title":"Prefeitura orienta organizadores de eventos para solicita\u00e7\u00e3o de autoriza\u00e7\u00e3o de festas no per\u00edodo do Carnaval","description":"Prefeitura orienta organizadores de eventos para solicita\u00e7\u00e3o de autoriza\u00e7\u00e3o de festas no per\u00edodo do Carnaval.","robots":{"index":"index","follow":"follow","max-snippet":"max-snippet:-1","max-image-preview":"max-image-preview:large","max-video-preview":"max-video-preview:-1"},"canonical":"https:\/\/www.manaus.am.gov.br\/semcom\/autorizacao-festas-periodo-carnaval\/","og_locale":"pt_BR","og_type":"article","og_title":"Prefeitura orienta organizadores de eventos para solicita\u00e7\u00e3o de autoriza\u00e7\u00e3o de festas no per\u00edodo do Carnaval","og_description":"Prefeitura orienta organizadores de eventos para solicita\u00e7\u00e3o de autoriza\u00e7\u00e3o de festas no per\u00edodo do Carnaval.","og_url":"https:\/\/www.manaus.am.gov.br\/semcom\/autorizacao-festas-periodo-carnaval\/","og_site_name":"SEMCOM","article_published_time":"2026-01-12T14:07:58+00:00","article_modified_time":"2026-01-12T19:54:47+00:00","og_image":[{"width":2048,"height":1365,"url":"https:\/\/www.manaus.am.gov.br\/semcom\/wp-content\/uploads\/sites\/5\/2026\/01\/Carnaval-de-rua.jpg","type":"image\/jpeg"}],"author":"Bruna Greco","twitter_card":"summary_large_image","twitter_misc":{"Written by":"Bruna Greco","Est. reading time":"3 minutos"},"schema":{"@context":"https:\/\/schema.org","@graph":[{"@type":"WebPage","@id":"https:\/\/www.manaus.am.gov.br\/semcom\/autorizacao-festas-periodo-carnaval\/","url":"https:\/\/www.manaus.am.gov.br\/semcom\/autorizacao-festas-periodo-carnaval\/","name":"Prefeitura orienta organizadores de eventos para solicita\u00e7\u00e3o de autoriza\u00e7\u00e3o de festas no per\u00edodo do Carnaval","isPartOf":{"@id":"https:\/\/www.manaus.am.gov.br\/semcom\/#website"},"primaryImageOfPage":{"@id":"https:\/\/www.manaus.am.gov.br\/semcom\/autorizacao-festas-periodo-carnaval\/#primaryimage"},"image":{"@id":"https:\/\/www.manaus.am.gov.br\/semcom\/autorizacao-festas-periodo-carnaval\/#primaryimage"},"thumbnailUrl":"https:\/\/www.manaus.am.gov.br\/semcom\/wp-content\/uploads\/sites\/5\/2026\/01\/Carnaval-de-rua.jpg","datePublished":"2026-01-12T14:07:58+00:00","dateModified":"2026-01-12T19:54:47+00:00","author":{"@id":"https:\/\/www.manaus.am.gov.br\/semcom\/#\/schema\/person\/05d223aea2bf115f9883a6ff3683d81b"},"description":"Prefeitura orienta organizadores de eventos para solicita\u00e7\u00e3o de autoriza\u00e7\u00e3o de festas no per\u00edodo do Carnaval.","inLanguage":"pt-BR","potentialAction":[{"@type":"ReadAction","target":["https:\/\/www.manaus.am.gov.br\/semcom\/autorizacao-festas-periodo-carnaval\/"]}]},{"@type":"ImageObject","inLanguage":"pt-BR","@id":"https:\/\/www.manaus.am.gov.br\/semcom\/autorizacao-festas-periodo-carnaval\/#primaryimage","url":"https:\/\/www.manaus.am.gov.br\/semcom\/wp-content\/uploads\/sites\/5\/2026\/01\/Carnaval-de-rua.jpg","contentUrl":"https:\/\/www.manaus.am.gov.br\/semcom\/wp-content\/uploads\/sites\/5\/2026\/01\/Carnaval-de-rua.jpg","width":2048,"height":1365,"caption":"#paratodosverem - P\u00fablico prestigiando carnaval de rua em Manaus"},{"@type":"WebSite","@id":"https:\/\/www.manaus.am.gov.br\/semcom\/#website","url":"https:\/\/www.manaus.am.gov.br\/semcom\/","name":"SEMCOM","description":"Secretaria Municipal de Comunica\u00e7\u00e3o","potentialAction":[{"@type":"SearchAction","target":{"@type":"EntryPoint","urlTemplate":"https:\/\/www.manaus.am.gov.br\/semcom\/?s={search_term_string}"},"query-input":"required name=search_term_string"}],"inLanguage":"pt-BR"},{"@type":"Person","@id":"https:\/\/www.manaus.am.gov.br\/semcom\/#\/schema\/person\/05d223aea2bf115f9883a6ff3683d81b","name":"Bruna Greco","image":{"@type":"ImageObject","inLanguage":"pt-BR","@id":"https:\/\/www.manaus.am.gov.br\/semcom\/#\/schema\/person\/image\/","url":"https:\/\/secure.gravatar.com\/avatar\/9c877d1a6adc2a055330e5c09a8653ce?s=96&d=mm&r=g","contentUrl":"https:\/\/secure.gravatar.com\/avatar\/9c877d1a6adc2a055330e5c09a8653ce?s=96&d=mm&r=g","caption":"Bruna Greco"}}]}},"_links":{"self":[{"href":"https:\/\/www.manaus.am.gov.br\/semcom\/wp-json\/wp\/v2\/posts\/250705"}],"collection":[{"href":"https:\/\/www.manaus.am.gov.br\/semcom\/wp-json\/wp\/v2\/posts"}],"about":[{"href":"https:\/\/www.manaus.am.gov.br\/semcom\/wp-json\/wp\/v2\/types\/post"}],"author":[{"embeddable":true,"href":"https:\/\/www.manaus.am.gov.br\/semcom\/wp-json\/wp\/v2\/users\/39"}],"replies":[{"embeddable":true,"href":"https:\/\/www.manaus.am.gov.br\/semcom\/wp-json\/wp\/v2\/comments?post=250705"}],"version-history":[{"count":1,"href":"https:\/\/www.manaus.am.gov.br\/semcom\/wp-json\/wp\/v2\/posts\/250705\/revisions"}],"predecessor-version":[{"id":250743,"href":"https:\/\/www.manaus.am.gov.br\/semcom\/wp-json\/wp\/v2\/posts\/250705\/revisions\/250743"}],"wp:featuredmedia":[{"embeddable":true,"href":"https:\/\/www.manaus.am.gov.br\/semcom\/wp-json\/wp\/v2\/media\/250706"}],"wp:attachment":[{"href":"https:\/\/www.manaus.am.gov.br\/semcom\/wp-json\/wp\/v2\/media?parent=250705"}],"wp:term":[{"taxonomy":"category","embeddable":true,"href":"https:\/\/www.manaus.am.gov.br\/semcom\/wp-json\/wp\/v2\/categories?post=250705"},{"taxonomy":"post_tag","embeddable":true,"href":"https:\/\/www.manaus.am.gov.br\/semcom\/wp-json\/wp\/v2\/tags?post=250705"}],"curies":[{"name":"wp","href":"https:\/\/api.w.org\/{rel}","templated":true}]}}