{"id":250698,"date":"2026-01-11T14:20:07","date_gmt":"2026-01-11T17:20:07","guid":{"rendered":"https:\/\/www.manaus.am.gov.br\/semcom\/ecoponto-no-bairro-educandos\/"},"modified":"2026-01-11T14:20:09","modified_gmt":"2026-01-11T17:20:09","slug":"ecoponto-no-bairro-educandos","status":"publish","type":"post","link":"https:\/\/www.manaus.am.gov.br\/semcom\/ecoponto-no-bairro-educandos\/","title":{"rendered":"Prefeito David Almeida anuncia implanta\u00e7\u00e3o de ecoponto no bairro Educandos e refor\u00e7a organiza\u00e7\u00e3o dos servi\u00e7os de limpeza urbana em Manaus"},"content":{"rendered":"\n<p>O prefeito de Manaus, David Almeida, anunciou, neste domingo, 11\/1, a implanta\u00e7\u00e3o de um ecoponto da Secretaria Municipal de Limpeza Urbana (Semulsp), na avenida Louren\u00e7o Braga, no bairro Educandos, zona Sul da capital. O novo equipamento ser\u00e1 instalado na \u00e1rea onde funcionava o antigo Pronto Atendimento ao Cidad\u00e3o (PAC) Educandos, espa\u00e7o que estava abandonado h\u00e1 anos e que passar\u00e1 a ter uma fun\u00e7\u00e3o estrat\u00e9gica para a limpeza urbana e a prote\u00e7\u00e3o ambiental.<\/p>\n\n\n\n<p>O ecoponto funcionar\u00e1 como uma base operacional da Semulsp, concentrando equipes, equipamentos e log\u00edstica para apoiar as a\u00e7\u00f5es de limpeza p\u00fablica e a destina\u00e7\u00e3o t\u00e9cnica dos res\u00edduos recolhidos pelas pr\u00f3prias equipes municipais. No local, tamb\u00e9m ser\u00e1 instalada uma ecobarreira, na foz do igarap\u00e9 do 40, com o objetivo de conter res\u00edduos s\u00f3lidos antes que cheguem ao rio Negro.<\/p>\n\n\n\n<p>\u201cEsse ser\u00e1 o maior ecoponto da cidade de Manaus. Aqui, al\u00e9m da base da Semulsp, vamos instalar uma ecobarreira para impedir que o lixo chegue ao rio Negro. Com isso, resolvemos um problema ambiental hist\u00f3rico e descentralizamos as a\u00e7\u00f5es da limpeza p\u00fablica\u201d, afirmou o prefeito David Almeida.<\/p>\n\n\n\n<p>Com a nova estrutura, cerca de 30% da opera\u00e7\u00e3o da Semulsp passar\u00e1 a funcionar no local, ampliando a capacidade de resposta da prefeitura, especialmente nas zonas Sul e Centro-Sul da cidade.<\/p>\n\n\n\n<p><strong>Servi\u00e7os da Semulsp<\/strong><\/p>\n\n\n\n<p>A Prefeitura de Manaus mant\u00e9m uma rede organizada de servi\u00e7os de limpeza urbana, com fun\u00e7\u00f5es distintas e complementares, sendo o ecoponto um equipamento operacional da prefeitura, voltado ao apoio log\u00edstico da limpeza urbana, \u00e0 organiza\u00e7\u00e3o das equipes e \u00e0 destina\u00e7\u00e3o t\u00e9cnica dos res\u00edduos recolhidos pela pr\u00f3pria Semulsp. N\u00e3o funciona como ponto de entrega direta de res\u00edduos pela popula\u00e7\u00e3o.<\/p>\n\n\n\n<p>Coleta agendada de grandes objetos e galhadas: a retirada de m\u00f3veis velhos, res\u00edduos volumosos, restos de poda e galhadas \u00e9 realizada exclusivamente por meio do Disk Semulsp, mediante solicita\u00e7\u00e3o do cidad\u00e3o. O Disk Semulsp \u00e9 o canal oficial para solicitar coleta agendada, al\u00e9m de registrar den\u00fancias de descarte irregular de lixo. O n\u00famero para contato \u00e9 o (92) 3642-1850.<\/p>\n\n\n\n<p>Pontos de Entrega Volunt\u00e1ria (PEVs): s\u00e3o locais destinados exclusivamente ao descarte de materiais recicl\u00e1veis espec\u00edficos, como papel, pl\u00e1stico, vidro e metal, funcionando como apoio \u00e0 coleta seletiva. Os PEVs n\u00e3o recebem entulho, galhadas ou res\u00edduos volumosos.<\/p>\n\n\n\n<p>Com a implanta\u00e7\u00e3o do ecoponto no Educandos, a gest\u00e3o David Almeida refor\u00e7a a estrat\u00e9gia de organizar os servi\u00e7os, evitar o descarte irregular, proteger os igarap\u00e9s e qualificar a limpeza urbana, garantindo que cada tipo de res\u00edduo tenha o destino correto e que a popula\u00e7\u00e3o saiba exatamente onde e como acessar cada servi\u00e7o.<\/p>\n\n\n\n<p>\u2014- \u2014- \u2014-<br><strong>Texto &#8211; <\/strong>Emanuelle Baires \/ Semcom-Prefeito<br><strong>Fotos &#8211; <\/strong>Matheus Dias \/ Semcom-Prefeito<\/p>\n","protected":false},"excerpt":{"rendered":"","protected":false},"author":68,"featured_media":250699,"comment_status":"closed","ping_status":"closed","sticky":false,"template":"","format":"standard","meta":{"footnotes":""},"categories":[134],"tags":[18792,18793,18794,77,33],"acf":[],"yoast_head":"<!-- This site is optimized with the Yoast SEO plugin v23.0 - https:\/\/yoast.com\/wordpress\/plugins\/seo\/ -->\n<title>Prefeito anuncia implanta\u00e7\u00e3o de ecoponto no bairro Educandos<\/title>\n<meta name=\"description\" content=\"O prefeito de Manaus, David Almeida, anunciou, neste domingo, 11\/1, a implanta\u00e7\u00e3o de um ecoponto da Semulsp, no bairro Educandos, zona Sul.\" \/>\n<meta name=\"robots\" content=\"index, follow, max-snippet:-1, max-image-preview:large, max-video-preview:-1\" \/>\n<link rel=\"canonical\" href=\"https:\/\/www.manaus.am.gov.br\/semcom\/ecoponto-no-bairro-educandos\/\" \/>\n<meta property=\"og:locale\" content=\"pt_BR\" \/>\n<meta property=\"og:type\" content=\"article\" \/>\n<meta property=\"og:title\" content=\"Prefeito anuncia implanta\u00e7\u00e3o de ecoponto no bairro Educandos\" \/>\n<meta property=\"og:description\" content=\"O prefeito de Manaus, David Almeida, anunciou, neste domingo, 11\/1, a implanta\u00e7\u00e3o de um ecoponto da Semulsp, no bairro Educandos, zona Sul.\" \/>\n<meta property=\"og:url\" content=\"https:\/\/www.manaus.am.gov.br\/semcom\/ecoponto-no-bairro-educandos\/\" \/>\n<meta property=\"og:site_name\" content=\"SEMCOM\" \/>\n<meta property=\"article:published_time\" content=\"2026-01-11T17:20:07+00:00\" \/>\n<meta property=\"article:modified_time\" content=\"2026-01-11T17:20:09+00:00\" \/>\n<meta property=\"og:image\" content=\"https:\/\/www.manaus.am.gov.br\/semcom\/wp-content\/uploads\/sites\/5\/2026\/01\/WhatsApp-Image-2026-01-11-at-12.14.46.jpeg\" \/>\n\t<meta property=\"og:image:width\" content=\"1280\" \/>\n\t<meta property=\"og:image:height\" content=\"720\" \/>\n\t<meta property=\"og:image:type\" content=\"image\/jpeg\" \/>\n<meta name=\"author\" content=\"bvalente\" \/>\n<meta name=\"twitter:card\" content=\"summary_large_image\" \/>\n<meta name=\"twitter:label1\" content=\"Written by\" \/>\n\t<meta name=\"twitter:data1\" content=\"bvalente\" \/>\n\t<meta name=\"twitter:label2\" content=\"Est. reading time\" \/>\n\t<meta name=\"twitter:data2\" content=\"3 minutos\" \/>\n<script type=\"application\/ld+json\" class=\"yoast-schema-graph\">{\"@context\":\"https:\/\/schema.org\",\"@graph\":[{\"@type\":\"WebPage\",\"@id\":\"https:\/\/www.manaus.am.gov.br\/semcom\/ecoponto-no-bairro-educandos\/\",\"url\":\"https:\/\/www.manaus.am.gov.br\/semcom\/ecoponto-no-bairro-educandos\/\",\"name\":\"Prefeito anuncia implanta\u00e7\u00e3o de ecoponto no bairro Educandos\",\"isPartOf\":{\"@id\":\"https:\/\/www.manaus.am.gov.br\/semcom\/#website\"},\"primaryImageOfPage\":{\"@id\":\"https:\/\/www.manaus.am.gov.br\/semcom\/ecoponto-no-bairro-educandos\/#primaryimage\"},\"image\":{\"@id\":\"https:\/\/www.manaus.am.gov.br\/semcom\/ecoponto-no-bairro-educandos\/#primaryimage\"},\"thumbnailUrl\":\"https:\/\/www.manaus.am.gov.br\/semcom\/wp-content\/uploads\/sites\/5\/2026\/01\/WhatsApp-Image-2026-01-11-at-12.14.46.jpeg\",\"datePublished\":\"2026-01-11T17:20:07+00:00\",\"dateModified\":\"2026-01-11T17:20:09+00:00\",\"author\":{\"@id\":\"https:\/\/www.manaus.am.gov.br\/semcom\/#\/schema\/person\/466a0e03ae4b6062809046bd560ac955\"},\"description\":\"O prefeito de Manaus, David Almeida, anunciou, neste domingo, 11\/1, a implanta\u00e7\u00e3o de um ecoponto da Semulsp, no bairro Educandos, zona Sul.\",\"inLanguage\":\"pt-BR\",\"potentialAction\":[{\"@type\":\"ReadAction\",\"target\":[\"https:\/\/www.manaus.am.gov.br\/semcom\/ecoponto-no-bairro-educandos\/\"]}]},{\"@type\":\"ImageObject\",\"inLanguage\":\"pt-BR\",\"@id\":\"https:\/\/www.manaus.am.gov.br\/semcom\/ecoponto-no-bairro-educandos\/#primaryimage\",\"url\":\"https:\/\/www.manaus.am.gov.br\/semcom\/wp-content\/uploads\/sites\/5\/2026\/01\/WhatsApp-Image-2026-01-11-at-12.14.46.jpeg\",\"contentUrl\":\"https:\/\/www.manaus.am.gov.br\/semcom\/wp-content\/uploads\/sites\/5\/2026\/01\/WhatsApp-Image-2026-01-11-at-12.14.46.jpeg\",\"width\":1280,\"height\":720,\"caption\":\"#paratodosverem - Prefeito David Almeida e secret\u00e1rios durante visita ao local onde ser\u00e1 novo ecoponto da Semulsp\"},{\"@type\":\"WebSite\",\"@id\":\"https:\/\/www.manaus.am.gov.br\/semcom\/#website\",\"url\":\"https:\/\/www.manaus.am.gov.br\/semcom\/\",\"name\":\"SEMCOM\",\"description\":\"Secretaria Municipal de Comunica\u00e7\u00e3o\",\"potentialAction\":[{\"@type\":\"SearchAction\",\"target\":{\"@type\":\"EntryPoint\",\"urlTemplate\":\"https:\/\/www.manaus.am.gov.br\/semcom\/?s={search_term_string}\"},\"query-input\":\"required name=search_term_string\"}],\"inLanguage\":\"pt-BR\"},{\"@type\":\"Person\",\"@id\":\"https:\/\/www.manaus.am.gov.br\/semcom\/#\/schema\/person\/466a0e03ae4b6062809046bd560ac955\",\"name\":\"bvalente\",\"image\":{\"@type\":\"ImageObject\",\"inLanguage\":\"pt-BR\",\"@id\":\"https:\/\/www.manaus.am.gov.br\/semcom\/#\/schema\/person\/image\/\",\"url\":\"https:\/\/secure.gravatar.com\/avatar\/3e69bc2b014bdad41adfec3a39de07d2?s=96&d=mm&r=g\",\"contentUrl\":\"https:\/\/secure.gravatar.com\/avatar\/3e69bc2b014bdad41adfec3a39de07d2?s=96&d=mm&r=g\",\"caption\":\"bvalente\"}}]}<\/script>\n<!-- \/ Yoast SEO plugin. -->","yoast_head_json":{"title":"Prefeito anuncia implanta\u00e7\u00e3o de ecoponto no bairro Educandos","description":"O prefeito de Manaus, David Almeida, anunciou, neste domingo, 11\/1, a implanta\u00e7\u00e3o de um ecoponto da Semulsp, no bairro Educandos, zona Sul.","robots":{"index":"index","follow":"follow","max-snippet":"max-snippet:-1","max-image-preview":"max-image-preview:large","max-video-preview":"max-video-preview:-1"},"canonical":"https:\/\/www.manaus.am.gov.br\/semcom\/ecoponto-no-bairro-educandos\/","og_locale":"pt_BR","og_type":"article","og_title":"Prefeito anuncia implanta\u00e7\u00e3o de ecoponto no bairro Educandos","og_description":"O prefeito de Manaus, David Almeida, anunciou, neste domingo, 11\/1, a implanta\u00e7\u00e3o de um ecoponto da Semulsp, no bairro Educandos, zona Sul.","og_url":"https:\/\/www.manaus.am.gov.br\/semcom\/ecoponto-no-bairro-educandos\/","og_site_name":"SEMCOM","article_published_time":"2026-01-11T17:20:07+00:00","article_modified_time":"2026-01-11T17:20:09+00:00","og_image":[{"width":1280,"height":720,"url":"https:\/\/www.manaus.am.gov.br\/semcom\/wp-content\/uploads\/sites\/5\/2026\/01\/WhatsApp-Image-2026-01-11-at-12.14.46.jpeg","type":"image\/jpeg"}],"author":"bvalente","twitter_card":"summary_large_image","twitter_misc":{"Written by":"bvalente","Est. reading time":"3 minutos"},"schema":{"@context":"https:\/\/schema.org","@graph":[{"@type":"WebPage","@id":"https:\/\/www.manaus.am.gov.br\/semcom\/ecoponto-no-bairro-educandos\/","url":"https:\/\/www.manaus.am.gov.br\/semcom\/ecoponto-no-bairro-educandos\/","name":"Prefeito anuncia implanta\u00e7\u00e3o de ecoponto no bairro Educandos","isPartOf":{"@id":"https:\/\/www.manaus.am.gov.br\/semcom\/#website"},"primaryImageOfPage":{"@id":"https:\/\/www.manaus.am.gov.br\/semcom\/ecoponto-no-bairro-educandos\/#primaryimage"},"image":{"@id":"https:\/\/www.manaus.am.gov.br\/semcom\/ecoponto-no-bairro-educandos\/#primaryimage"},"thumbnailUrl":"https:\/\/www.manaus.am.gov.br\/semcom\/wp-content\/uploads\/sites\/5\/2026\/01\/WhatsApp-Image-2026-01-11-at-12.14.46.jpeg","datePublished":"2026-01-11T17:20:07+00:00","dateModified":"2026-01-11T17:20:09+00:00","author":{"@id":"https:\/\/www.manaus.am.gov.br\/semcom\/#\/schema\/person\/466a0e03ae4b6062809046bd560ac955"},"description":"O prefeito de Manaus, David Almeida, anunciou, neste domingo, 11\/1, a implanta\u00e7\u00e3o de um ecoponto da Semulsp, no bairro Educandos, zona Sul.","inLanguage":"pt-BR","potentialAction":[{"@type":"ReadAction","target":["https:\/\/www.manaus.am.gov.br\/semcom\/ecoponto-no-bairro-educandos\/"]}]},{"@type":"ImageObject","inLanguage":"pt-BR","@id":"https:\/\/www.manaus.am.gov.br\/semcom\/ecoponto-no-bairro-educandos\/#primaryimage","url":"https:\/\/www.manaus.am.gov.br\/semcom\/wp-content\/uploads\/sites\/5\/2026\/01\/WhatsApp-Image-2026-01-11-at-12.14.46.jpeg","contentUrl":"https:\/\/www.manaus.am.gov.br\/semcom\/wp-content\/uploads\/sites\/5\/2026\/01\/WhatsApp-Image-2026-01-11-at-12.14.46.jpeg","width":1280,"height":720,"caption":"#paratodosverem - Prefeito David Almeida e secret\u00e1rios durante visita ao local onde ser\u00e1 novo ecoponto da Semulsp"},{"@type":"WebSite","@id":"https:\/\/www.manaus.am.gov.br\/semcom\/#website","url":"https:\/\/www.manaus.am.gov.br\/semcom\/","name":"SEMCOM","description":"Secretaria Municipal de Comunica\u00e7\u00e3o","potentialAction":[{"@type":"SearchAction","target":{"@type":"EntryPoint","urlTemplate":"https:\/\/www.manaus.am.gov.br\/semcom\/?s={search_term_string}"},"query-input":"required name=search_term_string"}],"inLanguage":"pt-BR"},{"@type":"Person","@id":"https:\/\/www.manaus.am.gov.br\/semcom\/#\/schema\/person\/466a0e03ae4b6062809046bd560ac955","name":"bvalente","image":{"@type":"ImageObject","inLanguage":"pt-BR","@id":"https:\/\/www.manaus.am.gov.br\/semcom\/#\/schema\/person\/image\/","url":"https:\/\/secure.gravatar.com\/avatar\/3e69bc2b014bdad41adfec3a39de07d2?s=96&d=mm&r=g","contentUrl":"https:\/\/secure.gravatar.com\/avatar\/3e69bc2b014bdad41adfec3a39de07d2?s=96&d=mm&r=g","caption":"bvalente"}}]}},"_links":{"self":[{"href":"https:\/\/www.manaus.am.gov.br\/semcom\/wp-json\/wp\/v2\/posts\/250698"}],"collection":[{"href":"https:\/\/www.manaus.am.gov.br\/semcom\/wp-json\/wp\/v2\/posts"}],"about":[{"href":"https:\/\/www.manaus.am.gov.br\/semcom\/wp-json\/wp\/v2\/types\/post"}],"author":[{"embeddable":true,"href":"https:\/\/www.manaus.am.gov.br\/semcom\/wp-json\/wp\/v2\/users\/68"}],"replies":[{"embeddable":true,"href":"https:\/\/www.manaus.am.gov.br\/semcom\/wp-json\/wp\/v2\/comments?post=250698"}],"version-history":[{"count":0,"href":"https:\/\/www.manaus.am.gov.br\/semcom\/wp-json\/wp\/v2\/posts\/250698\/revisions"}],"wp:featuredmedia":[{"embeddable":true,"href":"https:\/\/www.manaus.am.gov.br\/semcom\/wp-json\/wp\/v2\/media\/250699"}],"wp:attachment":[{"href":"https:\/\/www.manaus.am.gov.br\/semcom\/wp-json\/wp\/v2\/media?parent=250698"}],"wp:term":[{"taxonomy":"category","embeddable":true,"href":"https:\/\/www.manaus.am.gov.br\/semcom\/wp-json\/wp\/v2\/categories?post=250698"},{"taxonomy":"post_tag","embeddable":true,"href":"https:\/\/www.manaus.am.gov.br\/semcom\/wp-json\/wp\/v2\/tags?post=250698"}],"curies":[{"name":"wp","href":"https:\/\/api.w.org\/{rel}","templated":true}]}}