{"id":250650,"date":"2026-01-09T14:51:55","date_gmt":"2026-01-09T18:51:55","guid":{"rendered":"https:\/\/www.manaus.am.gov.br\/semcom\/reforma-campo-buracaoalvorada\/"},"modified":"2026-01-12T16:04:28","modified_gmt":"2026-01-12T19:04:28","slug":"reforma-campo-do-buracao-alvorada","status":"publish","type":"post","link":"https:\/\/www.manaus.am.gov.br\/semcom\/reforma-campo-do-buracao-alvorada\/","title":{"rendered":"Prefeitura de Manaus trabalha na reforma do campo do Burac\u00e3o no bairro Alvorada"},"content":{"rendered":"\n<p>Com a meta de incentivar o esporte e ampliar as op\u00e7\u00f5es de lazer, a Prefeitura de Manaus, por meio da Secretaria Municipal de Infraestrutura (Seminf), trabalha, nesta sexta-feira, 9\/1, na revitaliza\u00e7\u00e3o de um novo campo, conhecido como Campo do Burac\u00e3o, localizado entre o beco Burac\u00e3o e a rua Agnaldo Acher Pinto, no bairro Alvorada 3, zona Centro-Oeste, oferecendo uma estrutura adequada para a pr\u00e1tica esportiva e integra\u00e7\u00e3o da comunidade.<\/p>\n\n\n\n<p>O vice-prefeito e secret\u00e1rio de Obras, Renato Junior, enfatiza a import\u00e2ncia que a Prefeitura de Manaus d\u00e1 aos complexos esportivos e espa\u00e7os de lazer, contabilizando at\u00e9 o momento 35 entregues.&nbsp;<\/p>\n\n\n\n<p>\u201cJ\u00e1 come\u00e7amos o ano com entregas importantes e tamb\u00e9m com obras em andamento, como este campo que est\u00e1 sendo revitalizado para a comunidade. Nesta semana, entregamos uma quadra totalmente reformada, refor\u00e7ando que nosso ritmo de trabalho s\u00f3 cresce a cada ano e os resultados s\u00e3o vis\u00edveis. A gest\u00e3o do prefeito David Almeida tem se dedicado \u00e0 recupera\u00e7\u00e3o e \u00e0 constru\u00e7\u00e3o de espa\u00e7os esportivos e de lazer, porque al\u00e9m de reestruturar a cidade, estamos investindo no esporte, cuidando dos nossos jovens e fortalecendo a conviv\u00eancia da comunidade\u201d, afirma Renato Junior.<\/p>\n\n\n\n<p>O campo j\u00e1 recebeu alambrado novo, pintura completa e a arquibancada est\u00e1 sendo reformada. O trabalho segue tamb\u00e9m na revitaliza\u00e7\u00e3o dos banheiros, e na sequ\u00eancia ser\u00e1 implantada uma rede de drenagem no campo e constru\u00edda uma \u00e1rea de conviv\u00eancia.&nbsp;<\/p>\n\n\n\n<p>A moradora e dona de casa Josefa Nascimento, de 58 anos, disse que est\u00e1 imensamente satisfeita com os trabalhos e agradeceu a prefeitura.&nbsp;<\/p>\n\n\n\n<p>\u201cEsse campo estava bem destru\u00eddo e acabado, agora vendo a equipe da Prefeitura de Manaus trabalhando aqui sabemos que vai melhorar. Eu tenho um netinho e agora teremos um campo digno para aproveitar. Obrigada prefeito David Almeida e vice Renato pela reforma do nosso campo, vai beneficiar toda a comunidade\u201d, concluiu a moradora.<\/p>\n\n\n\n<figure class=\"wp-block-image size-large\"><img loading=\"lazy\" decoding=\"async\" width=\"1024\" height=\"682\" src=\"https:\/\/www.manaus.am.gov.br\/semcom\/wp-content\/uploads\/sites\/5\/2026\/01\/Recuperacao-5-1024x682.jpeg\" alt=\"\" class=\"wp-image-250651\" srcset=\"https:\/\/www.manaus.am.gov.br\/semcom\/wp-content\/uploads\/sites\/5\/2026\/01\/Recuperacao-5-1024x682.jpeg 1024w, https:\/\/www.manaus.am.gov.br\/semcom\/wp-content\/uploads\/sites\/5\/2026\/01\/Recuperacao-5-300x200.jpeg 300w, https:\/\/www.manaus.am.gov.br\/semcom\/wp-content\/uploads\/sites\/5\/2026\/01\/Recuperacao-5-768x512.jpeg 768w, https:\/\/www.manaus.am.gov.br\/semcom\/wp-content\/uploads\/sites\/5\/2026\/01\/Recuperacao-5-1536x1023.jpeg 1536w, https:\/\/www.manaus.am.gov.br\/semcom\/wp-content\/uploads\/sites\/5\/2026\/01\/Recuperacao-5.jpeg 1600w\" sizes=\"(max-width: 1024px) 100vw, 1024px\" \/><figcaption class=\"wp-element-caption\">#paratodosverem &#8211; Moradora Josefa Nascimento acompanhando os servi\u00e7os de recupera\u00e7\u00e3o do campo<\/figcaption><\/figure>\n\n\n\n<p>&#8212; &#8212; &#8212;<\/p>\n\n\n\n<p><strong>Texto <\/strong>&#8211; Rayana Coutinho\/Seminf&nbsp;<\/p>\n\n\n\n<p><strong>Fotos &#8211;<\/strong> M\u00e1rcio Melo\/Seminf&nbsp;<\/p>\n","protected":false},"excerpt":{"rendered":"","protected":false},"author":39,"featured_media":250652,"comment_status":"closed","ping_status":"closed","sticky":false,"template":"","format":"standard","meta":{"footnotes":""},"categories":[129],"tags":[296,77,18780,33,105],"acf":[],"yoast_head":"<!-- This site is optimized with the Yoast SEO plugin v23.0 - https:\/\/yoast.com\/wordpress\/plugins\/seo\/ -->\n<title>Prefeitura trabalha na reforma do campo do Burac\u00e3o no Alvorada<\/title>\n<meta name=\"description\" content=\"Prefeitura de Manaus, por meio da Seminf, trabalha na reforma do campo do Burac\u00e3o no bairro Alvorada, zona Centro-Oeste.\" \/>\n<meta name=\"robots\" content=\"index, follow, max-snippet:-1, max-image-preview:large, max-video-preview:-1\" \/>\n<link rel=\"canonical\" href=\"https:\/\/www.manaus.am.gov.br\/semcom\/reforma-campo-buracaoalvorada\/\" \/>\n<meta property=\"og:locale\" content=\"pt_BR\" \/>\n<meta property=\"og:type\" content=\"article\" \/>\n<meta property=\"og:title\" content=\"Prefeitura trabalha na reforma do campo do Burac\u00e3o no Alvorada\" \/>\n<meta property=\"og:description\" content=\"Prefeitura de Manaus, por meio da Seminf, trabalha na reforma do campo do Burac\u00e3o no bairro Alvorada, zona Centro-Oeste.\" \/>\n<meta property=\"og:url\" content=\"https:\/\/www.manaus.am.gov.br\/semcom\/reforma-campo-buracaoalvorada\/\" \/>\n<meta property=\"og:site_name\" content=\"SEMCOM\" \/>\n<meta property=\"article:published_time\" content=\"2026-01-09T18:51:55+00:00\" \/>\n<meta property=\"article:modified_time\" content=\"2026-01-12T19:04:28+00:00\" \/>\n<meta property=\"og:image\" content=\"https:\/\/www.manaus.am.gov.br\/semcom\/wp-content\/uploads\/sites\/5\/2026\/01\/Recuperacao-6.jpeg\" \/>\n\t<meta property=\"og:image:width\" content=\"1600\" \/>\n\t<meta property=\"og:image:height\" content=\"1066\" \/>\n\t<meta property=\"og:image:type\" content=\"image\/jpeg\" \/>\n<meta name=\"author\" content=\"Bruna Greco\" \/>\n<meta name=\"twitter:card\" content=\"summary_large_image\" \/>\n<meta name=\"twitter:label1\" content=\"Written by\" \/>\n\t<meta name=\"twitter:data1\" content=\"Bruna Greco\" \/>\n\t<meta name=\"twitter:label2\" content=\"Est. reading time\" \/>\n\t<meta name=\"twitter:data2\" content=\"3 minutos\" \/>\n<script type=\"application\/ld+json\" class=\"yoast-schema-graph\">{\"@context\":\"https:\/\/schema.org\",\"@graph\":[{\"@type\":\"WebPage\",\"@id\":\"https:\/\/www.manaus.am.gov.br\/semcom\/reforma-campo-buracaoalvorada\/\",\"url\":\"https:\/\/www.manaus.am.gov.br\/semcom\/reforma-campo-buracaoalvorada\/\",\"name\":\"Prefeitura trabalha na reforma do campo do Burac\u00e3o no Alvorada\",\"isPartOf\":{\"@id\":\"https:\/\/www.manaus.am.gov.br\/semcom\/#website\"},\"primaryImageOfPage\":{\"@id\":\"https:\/\/www.manaus.am.gov.br\/semcom\/reforma-campo-buracaoalvorada\/#primaryimage\"},\"image\":{\"@id\":\"https:\/\/www.manaus.am.gov.br\/semcom\/reforma-campo-buracaoalvorada\/#primaryimage\"},\"thumbnailUrl\":\"https:\/\/www.manaus.am.gov.br\/semcom\/wp-content\/uploads\/sites\/5\/2026\/01\/Recuperacao-6.jpeg\",\"datePublished\":\"2026-01-09T18:51:55+00:00\",\"dateModified\":\"2026-01-12T19:04:28+00:00\",\"author\":{\"@id\":\"https:\/\/www.manaus.am.gov.br\/semcom\/#\/schema\/person\/05d223aea2bf115f9883a6ff3683d81b\"},\"description\":\"Prefeitura de Manaus, por meio da Seminf, trabalha na reforma do campo do Burac\u00e3o no bairro Alvorada, zona Centro-Oeste.\",\"inLanguage\":\"pt-BR\",\"potentialAction\":[{\"@type\":\"ReadAction\",\"target\":[\"https:\/\/www.manaus.am.gov.br\/semcom\/reforma-campo-buracaoalvorada\/\"]}]},{\"@type\":\"ImageObject\",\"inLanguage\":\"pt-BR\",\"@id\":\"https:\/\/www.manaus.am.gov.br\/semcom\/reforma-campo-buracaoalvorada\/#primaryimage\",\"url\":\"https:\/\/www.manaus.am.gov.br\/semcom\/wp-content\/uploads\/sites\/5\/2026\/01\/Recuperacao-6.jpeg\",\"contentUrl\":\"https:\/\/www.manaus.am.gov.br\/semcom\/wp-content\/uploads\/sites\/5\/2026\/01\/Recuperacao-6.jpeg\",\"width\":1600,\"height\":1066,\"caption\":\"#paratodosverem - Campo do Burac\u00e3o, no bairro Alvorada 3, recebendo obras de recupera\u00e7\u00e3o da Seminf\"},{\"@type\":\"WebSite\",\"@id\":\"https:\/\/www.manaus.am.gov.br\/semcom\/#website\",\"url\":\"https:\/\/www.manaus.am.gov.br\/semcom\/\",\"name\":\"SEMCOM\",\"description\":\"Secretaria Municipal de Comunica\u00e7\u00e3o\",\"potentialAction\":[{\"@type\":\"SearchAction\",\"target\":{\"@type\":\"EntryPoint\",\"urlTemplate\":\"https:\/\/www.manaus.am.gov.br\/semcom\/?s={search_term_string}\"},\"query-input\":\"required name=search_term_string\"}],\"inLanguage\":\"pt-BR\"},{\"@type\":\"Person\",\"@id\":\"https:\/\/www.manaus.am.gov.br\/semcom\/#\/schema\/person\/05d223aea2bf115f9883a6ff3683d81b\",\"name\":\"Bruna Greco\",\"image\":{\"@type\":\"ImageObject\",\"inLanguage\":\"pt-BR\",\"@id\":\"https:\/\/www.manaus.am.gov.br\/semcom\/#\/schema\/person\/image\/\",\"url\":\"https:\/\/secure.gravatar.com\/avatar\/9c877d1a6adc2a055330e5c09a8653ce?s=96&d=mm&r=g\",\"contentUrl\":\"https:\/\/secure.gravatar.com\/avatar\/9c877d1a6adc2a055330e5c09a8653ce?s=96&d=mm&r=g\",\"caption\":\"Bruna Greco\"}}]}<\/script>\n<!-- \/ Yoast SEO plugin. -->","yoast_head_json":{"title":"Prefeitura trabalha na reforma do campo do Burac\u00e3o no Alvorada","description":"Prefeitura de Manaus, por meio da Seminf, trabalha na reforma do campo do Burac\u00e3o no bairro Alvorada, zona Centro-Oeste.","robots":{"index":"index","follow":"follow","max-snippet":"max-snippet:-1","max-image-preview":"max-image-preview:large","max-video-preview":"max-video-preview:-1"},"canonical":"https:\/\/www.manaus.am.gov.br\/semcom\/reforma-campo-buracaoalvorada\/","og_locale":"pt_BR","og_type":"article","og_title":"Prefeitura trabalha na reforma do campo do Burac\u00e3o no Alvorada","og_description":"Prefeitura de Manaus, por meio da Seminf, trabalha na reforma do campo do Burac\u00e3o no bairro Alvorada, zona Centro-Oeste.","og_url":"https:\/\/www.manaus.am.gov.br\/semcom\/reforma-campo-buracaoalvorada\/","og_site_name":"SEMCOM","article_published_time":"2026-01-09T18:51:55+00:00","article_modified_time":"2026-01-12T19:04:28+00:00","og_image":[{"width":1600,"height":1066,"url":"https:\/\/www.manaus.am.gov.br\/semcom\/wp-content\/uploads\/sites\/5\/2026\/01\/Recuperacao-6.jpeg","type":"image\/jpeg"}],"author":"Bruna Greco","twitter_card":"summary_large_image","twitter_misc":{"Written by":"Bruna Greco","Est. reading time":"3 minutos"},"schema":{"@context":"https:\/\/schema.org","@graph":[{"@type":"WebPage","@id":"https:\/\/www.manaus.am.gov.br\/semcom\/reforma-campo-buracaoalvorada\/","url":"https:\/\/www.manaus.am.gov.br\/semcom\/reforma-campo-buracaoalvorada\/","name":"Prefeitura trabalha na reforma do campo do Burac\u00e3o no Alvorada","isPartOf":{"@id":"https:\/\/www.manaus.am.gov.br\/semcom\/#website"},"primaryImageOfPage":{"@id":"https:\/\/www.manaus.am.gov.br\/semcom\/reforma-campo-buracaoalvorada\/#primaryimage"},"image":{"@id":"https:\/\/www.manaus.am.gov.br\/semcom\/reforma-campo-buracaoalvorada\/#primaryimage"},"thumbnailUrl":"https:\/\/www.manaus.am.gov.br\/semcom\/wp-content\/uploads\/sites\/5\/2026\/01\/Recuperacao-6.jpeg","datePublished":"2026-01-09T18:51:55+00:00","dateModified":"2026-01-12T19:04:28+00:00","author":{"@id":"https:\/\/www.manaus.am.gov.br\/semcom\/#\/schema\/person\/05d223aea2bf115f9883a6ff3683d81b"},"description":"Prefeitura de Manaus, por meio da Seminf, trabalha na reforma do campo do Burac\u00e3o no bairro Alvorada, zona Centro-Oeste.","inLanguage":"pt-BR","potentialAction":[{"@type":"ReadAction","target":["https:\/\/www.manaus.am.gov.br\/semcom\/reforma-campo-buracaoalvorada\/"]}]},{"@type":"ImageObject","inLanguage":"pt-BR","@id":"https:\/\/www.manaus.am.gov.br\/semcom\/reforma-campo-buracaoalvorada\/#primaryimage","url":"https:\/\/www.manaus.am.gov.br\/semcom\/wp-content\/uploads\/sites\/5\/2026\/01\/Recuperacao-6.jpeg","contentUrl":"https:\/\/www.manaus.am.gov.br\/semcom\/wp-content\/uploads\/sites\/5\/2026\/01\/Recuperacao-6.jpeg","width":1600,"height":1066,"caption":"#paratodosverem - Campo do Burac\u00e3o, no bairro Alvorada 3, recebendo obras de recupera\u00e7\u00e3o da Seminf"},{"@type":"WebSite","@id":"https:\/\/www.manaus.am.gov.br\/semcom\/#website","url":"https:\/\/www.manaus.am.gov.br\/semcom\/","name":"SEMCOM","description":"Secretaria Municipal de Comunica\u00e7\u00e3o","potentialAction":[{"@type":"SearchAction","target":{"@type":"EntryPoint","urlTemplate":"https:\/\/www.manaus.am.gov.br\/semcom\/?s={search_term_string}"},"query-input":"required name=search_term_string"}],"inLanguage":"pt-BR"},{"@type":"Person","@id":"https:\/\/www.manaus.am.gov.br\/semcom\/#\/schema\/person\/05d223aea2bf115f9883a6ff3683d81b","name":"Bruna Greco","image":{"@type":"ImageObject","inLanguage":"pt-BR","@id":"https:\/\/www.manaus.am.gov.br\/semcom\/#\/schema\/person\/image\/","url":"https:\/\/secure.gravatar.com\/avatar\/9c877d1a6adc2a055330e5c09a8653ce?s=96&d=mm&r=g","contentUrl":"https:\/\/secure.gravatar.com\/avatar\/9c877d1a6adc2a055330e5c09a8653ce?s=96&d=mm&r=g","caption":"Bruna Greco"}}]}},"_links":{"self":[{"href":"https:\/\/www.manaus.am.gov.br\/semcom\/wp-json\/wp\/v2\/posts\/250650"}],"collection":[{"href":"https:\/\/www.manaus.am.gov.br\/semcom\/wp-json\/wp\/v2\/posts"}],"about":[{"href":"https:\/\/www.manaus.am.gov.br\/semcom\/wp-json\/wp\/v2\/types\/post"}],"author":[{"embeddable":true,"href":"https:\/\/www.manaus.am.gov.br\/semcom\/wp-json\/wp\/v2\/users\/39"}],"replies":[{"embeddable":true,"href":"https:\/\/www.manaus.am.gov.br\/semcom\/wp-json\/wp\/v2\/comments?post=250650"}],"version-history":[{"count":7,"href":"https:\/\/www.manaus.am.gov.br\/semcom\/wp-json\/wp\/v2\/posts\/250650\/revisions"}],"predecessor-version":[{"id":250732,"href":"https:\/\/www.manaus.am.gov.br\/semcom\/wp-json\/wp\/v2\/posts\/250650\/revisions\/250732"}],"wp:featuredmedia":[{"embeddable":true,"href":"https:\/\/www.manaus.am.gov.br\/semcom\/wp-json\/wp\/v2\/media\/250652"}],"wp:attachment":[{"href":"https:\/\/www.manaus.am.gov.br\/semcom\/wp-json\/wp\/v2\/media?parent=250650"}],"wp:term":[{"taxonomy":"category","embeddable":true,"href":"https:\/\/www.manaus.am.gov.br\/semcom\/wp-json\/wp\/v2\/categories?post=250650"},{"taxonomy":"post_tag","embeddable":true,"href":"https:\/\/www.manaus.am.gov.br\/semcom\/wp-json\/wp\/v2\/tags?post=250650"}],"curies":[{"name":"wp","href":"https:\/\/api.w.org\/{rel}","templated":true}]}}