{"id":250629,"date":"2026-01-09T13:36:36","date_gmt":"2026-01-09T17:36:36","guid":{"rendered":"https:\/\/www.manaus.am.gov.br\/semcom\/manaus-sede-etapa-projeto-ver-sus\/"},"modified":"2026-01-09T14:37:55","modified_gmt":"2026-01-09T17:37:55","slug":"manaus-sede-etapa-projeto-ver-sus","status":"publish","type":"post","link":"https:\/\/www.manaus.am.gov.br\/semcom\/manaus-sede-etapa-projeto-ver-sus\/","title":{"rendered":"Manaus \u00e9 selecionada para sediar etapa de projeto de viv\u00eancias e est\u00e1gios no SUS"},"content":{"rendered":"\n<p>O munic\u00edpio de Manaus foi selecionado para sediar, entre os dias 6 e 11 de abril, uma das etapas do projeto VER-SUS (Viv\u00eancias e Est\u00e1gios na Realidade do Sistema \u00danico de Sa\u00fade), iniciativa do Minist\u00e9rio da Sa\u00fade que busca fortalecer e aprimorar a forma\u00e7\u00e3o de estudantes da \u00e1rea de sa\u00fade.<\/p>\n\n\n\n<p>O an\u00fancio da sele\u00e7\u00e3o do munic\u00edpio foi realizado na quinta-feira, 8\/1, na sede da Funda\u00e7\u00e3o Oswaldo Cruz (Fiocruz), em Bras\u00edlia (DF), pelo ministro da Sa\u00fade, Alexandre Padilha, durante o lan\u00e7amento oficial do VER-SUS Edi\u00e7\u00e3o 2026\/2027.<\/p>\n\n\n\n<p>O projeto \u00e9 uma parceria que envolve o Minist\u00e9rio da Sa\u00fade, Rede Unida, Secretarias Municipais de Sa\u00fade e institui\u00e7\u00f5es de ensino superior e movimentos sociais, com aposta na educa\u00e7\u00e3o permanente para fortalecer o Sistema \u00danico de Sa\u00fade (SUS) por interm\u00e9dio do protagonismo estudantil.<\/p>\n\n\n\n<p>A assistente&nbsp;social Thalita Renata Guedes, que representa a Secretaria Municipal de Sa\u00fade (Semsa), por meio da Escola de Sa\u00fade P\u00fablica (Esap), na comiss\u00e3o local do VER-SUS Amazonas, explica que o projeto permite que estudantes de todo o Brasil possam ter viv\u00eancia pr\u00e1tica no SUS.<\/p>\n\n\n\n<p>\u201cA diferen\u00e7a em rela\u00e7\u00e3o ao est\u00e1gio comum de forma\u00e7\u00e3o \u00e9 que o VER\u2013SUS fornece formas para que os alunos vivenciem a realidade local, conhe\u00e7am o territ\u00f3rio de atua\u00e7\u00e3o dos profissionais do SUS. A proposta \u00e9 de imers\u00e3o no territ\u00f3rio, entre atividades te\u00f3ricas, pr\u00e1ticas e culturais\u201d, destaca Thalita Guedes.<\/p>\n\n\n\n<p>De acordo com a proposta de Manaus, ser\u00e3o selecionados dez alunos de gradua\u00e7\u00e3o e de cursos t\u00e9cnicos da \u00e1rea da sa\u00fade, al\u00e9m de estudantes de resid\u00eancia, por meio de edital que deve ser lan\u00e7ado at\u00e9 o final de janeiro, com inscri\u00e7\u00e3o aberta para todo o Brasil.<\/p>\n\n\n\n<p>Entre os dias 6 e 11 de abril, os selecionados ir\u00e3o acompanhar o trabalho realizado em unidades de sa\u00fade na zona rural ribeirinha e na Unidade de Sa\u00fade da Fam\u00edlia (USF) Parque das Tribos, na zona Oeste de Manaus, que atende popula\u00e7\u00f5es ind\u00edgenas.<\/p>\n\n\n\n<p>\u201cA ideia \u00e9 que participem do processo de trabalho junto com nossos profissionais que ser\u00e3o supervisores em campo, interagindo com a comunidade e discutindo temas importantes para a Aten\u00e7\u00e3o B\u00e1sica no SUS, como a participa\u00e7\u00e3o social. Nesse processo, os alunos podem entender melhor como deve ser a produ\u00e7\u00e3o de cuidado intercultural, principalmente em \u00e1reas de campo, floresta e \u00e1gua, com modos de vida e povos diversificados\u201d, afirma a assistente social.<\/p>\n\n\n\n<p>Thalita Guedes informa ainda que o VER-SUS foi iniciado em 2003, sendo que \u00e9 a primeira vez que Manaus \u00e9 selecionada para sediar uma das viv\u00eancias do projeto. Ela conta que na edi\u00e7\u00e3o 2026\/2027, cerca 20 mil estudantes, chamados de viventes, devem participar do projeto no Brasil. Na regi\u00e3o Norte, tamb\u00e9m houve a sele\u00e7\u00e3o para Parintins, Novo Air\u00e3o, Tabatinga e Manicor\u00e9 no Amazonas, e Santar\u00e9m, no Estado do Par\u00e1.<\/p>\n\n\n\n<p>Os munic\u00edpios apresentam a proposta de acordo com o edital de sele\u00e7\u00e3o, com o Minist\u00e9rio da Sa\u00fade repassando recurso para custear hospedagem e alimenta\u00e7\u00e3o dos participantes.<\/p>\n\n\n\n<p>\u201cHoje, compreendemos o SUS como uma grande escola. Portanto, uma das responsabilidades da Semsa \u00e9 a indu\u00e7\u00e3o \u00e0 forma\u00e7\u00e3o dos profissionais de sa\u00fade, e at\u00e9 por isso temos a Esap em Manaus. O VER-SUS \u00e9 uma estrat\u00e9gia muito importante nesse contexto, j\u00e1 que queremos profissionais de sa\u00fade capacitados para trabalhar no SUS e por ser uma estrat\u00e9gia em que podemos interagir com as universidades e propor outras organiza\u00e7\u00f5es para forma\u00e7\u00e3o dos profissionais que n\u00e3o seja apenas te\u00f3rica\u201d, concluiu Thalita Guedes.<\/p>\n\n\n\n<figure class=\"wp-block-image size-large\"><img loading=\"lazy\" decoding=\"async\" width=\"1024\" height=\"576\" src=\"https:\/\/www.manaus.am.gov.br\/semcom\/wp-content\/uploads\/sites\/5\/2026\/01\/Semsa-Manaus-VER-SUS-2-1024x576.jpg\" alt=\"\" class=\"wp-image-250630\" srcset=\"https:\/\/www.manaus.am.gov.br\/semcom\/wp-content\/uploads\/sites\/5\/2026\/01\/Semsa-Manaus-VER-SUS-2-1024x576.jpg 1024w, https:\/\/www.manaus.am.gov.br\/semcom\/wp-content\/uploads\/sites\/5\/2026\/01\/Semsa-Manaus-VER-SUS-2-300x169.jpg 300w, https:\/\/www.manaus.am.gov.br\/semcom\/wp-content\/uploads\/sites\/5\/2026\/01\/Semsa-Manaus-VER-SUS-2-768x432.jpg 768w, https:\/\/www.manaus.am.gov.br\/semcom\/wp-content\/uploads\/sites\/5\/2026\/01\/Semsa-Manaus-VER-SUS-2-1536x864.jpg 1536w, https:\/\/www.manaus.am.gov.br\/semcom\/wp-content\/uploads\/sites\/5\/2026\/01\/Semsa-Manaus-VER-SUS-2.jpg 1600w\" sizes=\"(max-width: 1024px) 100vw, 1024px\" \/><figcaption class=\"wp-element-caption\">#paratodosverem &#8211; Projeto VER-SUS<\/figcaption><\/figure>\n\n\n\n<p>&#8212; &#8212; &#8212;<\/p>\n\n\n\n<p><strong>Texto<\/strong>&nbsp;&#8211; Euriv\u00e2nia Gal\u00facio\/Semsa<\/p>\n\n\n\n<p><strong>Fotos <\/strong>&#8211; Divulga\u00e7\u00e3o\/Semsa<\/p>\n","protected":false},"excerpt":{"rendered":"","protected":false},"author":39,"featured_media":250631,"comment_status":"closed","ping_status":"closed","sticky":false,"template":"","format":"standard","meta":{"footnotes":""},"categories":[530],"tags":[18776,18777,77,18778,162],"acf":[],"yoast_head":"<!-- This site is optimized with the Yoast SEO plugin v23.0 - https:\/\/yoast.com\/wordpress\/plugins\/seo\/ -->\n<title>Manaus \u00e9 selecionada para sediar etapa de projeto VER-SUS<\/title>\n<meta name=\"description\" content=\"O munic\u00edpio de Manaus foi selecionado para sediar, entre os dias 6 e 11 de abril, uma das etapas do projeto VER-SUS.\" \/>\n<meta name=\"robots\" content=\"index, follow, max-snippet:-1, max-image-preview:large, max-video-preview:-1\" \/>\n<link rel=\"canonical\" href=\"https:\/\/www.manaus.am.gov.br\/semcom\/manaus-sede-etapa-projeto-ver-sus\/\" \/>\n<meta property=\"og:locale\" content=\"pt_BR\" \/>\n<meta property=\"og:type\" content=\"article\" \/>\n<meta property=\"og:title\" content=\"Manaus \u00e9 selecionada para sediar etapa de projeto VER-SUS\" \/>\n<meta property=\"og:description\" content=\"O munic\u00edpio de Manaus foi selecionado para sediar, entre os dias 6 e 11 de abril, uma das etapas do projeto VER-SUS.\" \/>\n<meta property=\"og:url\" content=\"https:\/\/www.manaus.am.gov.br\/semcom\/manaus-sede-etapa-projeto-ver-sus\/\" \/>\n<meta property=\"og:site_name\" content=\"SEMCOM\" \/>\n<meta property=\"article:published_time\" content=\"2026-01-09T17:36:36+00:00\" \/>\n<meta property=\"article:modified_time\" content=\"2026-01-09T17:37:55+00:00\" \/>\n<meta property=\"og:image\" content=\"https:\/\/www.manaus.am.gov.br\/semcom\/wp-content\/uploads\/sites\/5\/2026\/01\/Semsa-Manaus-VER-SUS-1.jpg\" \/>\n\t<meta property=\"og:image:width\" content=\"1600\" \/>\n\t<meta property=\"og:image:height\" content=\"900\" \/>\n\t<meta property=\"og:image:type\" content=\"image\/jpeg\" \/>\n<meta name=\"author\" content=\"Bruna Greco\" \/>\n<meta name=\"twitter:card\" content=\"summary_large_image\" \/>\n<meta name=\"twitter:label1\" content=\"Written by\" \/>\n\t<meta name=\"twitter:data1\" content=\"Bruna Greco\" \/>\n\t<meta name=\"twitter:label2\" content=\"Est. reading time\" \/>\n\t<meta name=\"twitter:data2\" content=\"4 minutos\" \/>\n<script type=\"application\/ld+json\" class=\"yoast-schema-graph\">{\"@context\":\"https:\/\/schema.org\",\"@graph\":[{\"@type\":\"WebPage\",\"@id\":\"https:\/\/www.manaus.am.gov.br\/semcom\/manaus-sede-etapa-projeto-ver-sus\/\",\"url\":\"https:\/\/www.manaus.am.gov.br\/semcom\/manaus-sede-etapa-projeto-ver-sus\/\",\"name\":\"Manaus \u00e9 selecionada para sediar etapa de projeto VER-SUS\",\"isPartOf\":{\"@id\":\"https:\/\/www.manaus.am.gov.br\/semcom\/#website\"},\"primaryImageOfPage\":{\"@id\":\"https:\/\/www.manaus.am.gov.br\/semcom\/manaus-sede-etapa-projeto-ver-sus\/#primaryimage\"},\"image\":{\"@id\":\"https:\/\/www.manaus.am.gov.br\/semcom\/manaus-sede-etapa-projeto-ver-sus\/#primaryimage\"},\"thumbnailUrl\":\"https:\/\/www.manaus.am.gov.br\/semcom\/wp-content\/uploads\/sites\/5\/2026\/01\/Semsa-Manaus-VER-SUS-1.jpg\",\"datePublished\":\"2026-01-09T17:36:36+00:00\",\"dateModified\":\"2026-01-09T17:37:55+00:00\",\"author\":{\"@id\":\"https:\/\/www.manaus.am.gov.br\/semcom\/#\/schema\/person\/05d223aea2bf115f9883a6ff3683d81b\"},\"description\":\"O munic\u00edpio de Manaus foi selecionado para sediar, entre os dias 6 e 11 de abril, uma das etapas do projeto VER-SUS.\",\"inLanguage\":\"pt-BR\",\"potentialAction\":[{\"@type\":\"ReadAction\",\"target\":[\"https:\/\/www.manaus.am.gov.br\/semcom\/manaus-sede-etapa-projeto-ver-sus\/\"]}]},{\"@type\":\"ImageObject\",\"inLanguage\":\"pt-BR\",\"@id\":\"https:\/\/www.manaus.am.gov.br\/semcom\/manaus-sede-etapa-projeto-ver-sus\/#primaryimage\",\"url\":\"https:\/\/www.manaus.am.gov.br\/semcom\/wp-content\/uploads\/sites\/5\/2026\/01\/Semsa-Manaus-VER-SUS-1.jpg\",\"contentUrl\":\"https:\/\/www.manaus.am.gov.br\/semcom\/wp-content\/uploads\/sites\/5\/2026\/01\/Semsa-Manaus-VER-SUS-1.jpg\",\"width\":1600,\"height\":900,\"caption\":\"#paratodosverem - Evento de lan\u00e7amento do projeto VER-SUS, edi\u00e7\u00e3o 2026\/2027\"},{\"@type\":\"WebSite\",\"@id\":\"https:\/\/www.manaus.am.gov.br\/semcom\/#website\",\"url\":\"https:\/\/www.manaus.am.gov.br\/semcom\/\",\"name\":\"SEMCOM\",\"description\":\"Secretaria Municipal de Comunica\u00e7\u00e3o\",\"potentialAction\":[{\"@type\":\"SearchAction\",\"target\":{\"@type\":\"EntryPoint\",\"urlTemplate\":\"https:\/\/www.manaus.am.gov.br\/semcom\/?s={search_term_string}\"},\"query-input\":\"required name=search_term_string\"}],\"inLanguage\":\"pt-BR\"},{\"@type\":\"Person\",\"@id\":\"https:\/\/www.manaus.am.gov.br\/semcom\/#\/schema\/person\/05d223aea2bf115f9883a6ff3683d81b\",\"name\":\"Bruna Greco\",\"image\":{\"@type\":\"ImageObject\",\"inLanguage\":\"pt-BR\",\"@id\":\"https:\/\/www.manaus.am.gov.br\/semcom\/#\/schema\/person\/image\/\",\"url\":\"https:\/\/secure.gravatar.com\/avatar\/9c877d1a6adc2a055330e5c09a8653ce?s=96&d=mm&r=g\",\"contentUrl\":\"https:\/\/secure.gravatar.com\/avatar\/9c877d1a6adc2a055330e5c09a8653ce?s=96&d=mm&r=g\",\"caption\":\"Bruna Greco\"}}]}<\/script>\n<!-- \/ Yoast SEO plugin. -->","yoast_head_json":{"title":"Manaus \u00e9 selecionada para sediar etapa de projeto VER-SUS","description":"O munic\u00edpio de Manaus foi selecionado para sediar, entre os dias 6 e 11 de abril, uma das etapas do projeto VER-SUS.","robots":{"index":"index","follow":"follow","max-snippet":"max-snippet:-1","max-image-preview":"max-image-preview:large","max-video-preview":"max-video-preview:-1"},"canonical":"https:\/\/www.manaus.am.gov.br\/semcom\/manaus-sede-etapa-projeto-ver-sus\/","og_locale":"pt_BR","og_type":"article","og_title":"Manaus \u00e9 selecionada para sediar etapa de projeto VER-SUS","og_description":"O munic\u00edpio de Manaus foi selecionado para sediar, entre os dias 6 e 11 de abril, uma das etapas do projeto VER-SUS.","og_url":"https:\/\/www.manaus.am.gov.br\/semcom\/manaus-sede-etapa-projeto-ver-sus\/","og_site_name":"SEMCOM","article_published_time":"2026-01-09T17:36:36+00:00","article_modified_time":"2026-01-09T17:37:55+00:00","og_image":[{"width":1600,"height":900,"url":"https:\/\/www.manaus.am.gov.br\/semcom\/wp-content\/uploads\/sites\/5\/2026\/01\/Semsa-Manaus-VER-SUS-1.jpg","type":"image\/jpeg"}],"author":"Bruna Greco","twitter_card":"summary_large_image","twitter_misc":{"Written by":"Bruna Greco","Est. reading time":"4 minutos"},"schema":{"@context":"https:\/\/schema.org","@graph":[{"@type":"WebPage","@id":"https:\/\/www.manaus.am.gov.br\/semcom\/manaus-sede-etapa-projeto-ver-sus\/","url":"https:\/\/www.manaus.am.gov.br\/semcom\/manaus-sede-etapa-projeto-ver-sus\/","name":"Manaus \u00e9 selecionada para sediar etapa de projeto VER-SUS","isPartOf":{"@id":"https:\/\/www.manaus.am.gov.br\/semcom\/#website"},"primaryImageOfPage":{"@id":"https:\/\/www.manaus.am.gov.br\/semcom\/manaus-sede-etapa-projeto-ver-sus\/#primaryimage"},"image":{"@id":"https:\/\/www.manaus.am.gov.br\/semcom\/manaus-sede-etapa-projeto-ver-sus\/#primaryimage"},"thumbnailUrl":"https:\/\/www.manaus.am.gov.br\/semcom\/wp-content\/uploads\/sites\/5\/2026\/01\/Semsa-Manaus-VER-SUS-1.jpg","datePublished":"2026-01-09T17:36:36+00:00","dateModified":"2026-01-09T17:37:55+00:00","author":{"@id":"https:\/\/www.manaus.am.gov.br\/semcom\/#\/schema\/person\/05d223aea2bf115f9883a6ff3683d81b"},"description":"O munic\u00edpio de Manaus foi selecionado para sediar, entre os dias 6 e 11 de abril, uma das etapas do projeto VER-SUS.","inLanguage":"pt-BR","potentialAction":[{"@type":"ReadAction","target":["https:\/\/www.manaus.am.gov.br\/semcom\/manaus-sede-etapa-projeto-ver-sus\/"]}]},{"@type":"ImageObject","inLanguage":"pt-BR","@id":"https:\/\/www.manaus.am.gov.br\/semcom\/manaus-sede-etapa-projeto-ver-sus\/#primaryimage","url":"https:\/\/www.manaus.am.gov.br\/semcom\/wp-content\/uploads\/sites\/5\/2026\/01\/Semsa-Manaus-VER-SUS-1.jpg","contentUrl":"https:\/\/www.manaus.am.gov.br\/semcom\/wp-content\/uploads\/sites\/5\/2026\/01\/Semsa-Manaus-VER-SUS-1.jpg","width":1600,"height":900,"caption":"#paratodosverem - Evento de lan\u00e7amento do projeto VER-SUS, edi\u00e7\u00e3o 2026\/2027"},{"@type":"WebSite","@id":"https:\/\/www.manaus.am.gov.br\/semcom\/#website","url":"https:\/\/www.manaus.am.gov.br\/semcom\/","name":"SEMCOM","description":"Secretaria Municipal de Comunica\u00e7\u00e3o","potentialAction":[{"@type":"SearchAction","target":{"@type":"EntryPoint","urlTemplate":"https:\/\/www.manaus.am.gov.br\/semcom\/?s={search_term_string}"},"query-input":"required name=search_term_string"}],"inLanguage":"pt-BR"},{"@type":"Person","@id":"https:\/\/www.manaus.am.gov.br\/semcom\/#\/schema\/person\/05d223aea2bf115f9883a6ff3683d81b","name":"Bruna Greco","image":{"@type":"ImageObject","inLanguage":"pt-BR","@id":"https:\/\/www.manaus.am.gov.br\/semcom\/#\/schema\/person\/image\/","url":"https:\/\/secure.gravatar.com\/avatar\/9c877d1a6adc2a055330e5c09a8653ce?s=96&d=mm&r=g","contentUrl":"https:\/\/secure.gravatar.com\/avatar\/9c877d1a6adc2a055330e5c09a8653ce?s=96&d=mm&r=g","caption":"Bruna Greco"}}]}},"_links":{"self":[{"href":"https:\/\/www.manaus.am.gov.br\/semcom\/wp-json\/wp\/v2\/posts\/250629"}],"collection":[{"href":"https:\/\/www.manaus.am.gov.br\/semcom\/wp-json\/wp\/v2\/posts"}],"about":[{"href":"https:\/\/www.manaus.am.gov.br\/semcom\/wp-json\/wp\/v2\/types\/post"}],"author":[{"embeddable":true,"href":"https:\/\/www.manaus.am.gov.br\/semcom\/wp-json\/wp\/v2\/users\/39"}],"replies":[{"embeddable":true,"href":"https:\/\/www.manaus.am.gov.br\/semcom\/wp-json\/wp\/v2\/comments?post=250629"}],"version-history":[{"count":3,"href":"https:\/\/www.manaus.am.gov.br\/semcom\/wp-json\/wp\/v2\/posts\/250629\/revisions"}],"predecessor-version":[{"id":250634,"href":"https:\/\/www.manaus.am.gov.br\/semcom\/wp-json\/wp\/v2\/posts\/250629\/revisions\/250634"}],"wp:featuredmedia":[{"embeddable":true,"href":"https:\/\/www.manaus.am.gov.br\/semcom\/wp-json\/wp\/v2\/media\/250631"}],"wp:attachment":[{"href":"https:\/\/www.manaus.am.gov.br\/semcom\/wp-json\/wp\/v2\/media?parent=250629"}],"wp:term":[{"taxonomy":"category","embeddable":true,"href":"https:\/\/www.manaus.am.gov.br\/semcom\/wp-json\/wp\/v2\/categories?post=250629"},{"taxonomy":"post_tag","embeddable":true,"href":"https:\/\/www.manaus.am.gov.br\/semcom\/wp-json\/wp\/v2\/tags?post=250629"}],"curies":[{"name":"wp","href":"https:\/\/api.w.org\/{rel}","templated":true}]}}