{"id":250618,"date":"2026-01-09T13:14:11","date_gmt":"2026-01-09T17:14:11","guid":{"rendered":"https:\/\/www.manaus.am.gov.br\/semcom\/reinauguracao-escola-bairro-da-paz\/"},"modified":"2026-01-09T13:14:11","modified_gmt":"2026-01-09T17:14:11","slug":"reinauguracao-escola-bairro-da-paz","status":"publish","type":"post","link":"https:\/\/www.manaus.am.gov.br\/semcom\/reinauguracao-escola-bairro-da-paz\/","title":{"rendered":"Prefeito David Almeida entrega escola revitalizada no bairro da Paz e consolida maior transforma\u00e7\u00e3o educacional da hist\u00f3ria de Manaus"},"content":{"rendered":"\n<p>O prefeito de Manaus, David Almeida, reinaugurou, nesta sexta-feira, 9\/1, a escola municipal Jo\u00e3o Alfredo, no bairro da Paz, zona Oeste da capital. A entrega refor\u00e7a o ritmo intenso da atual gest\u00e3o neste in\u00edcio de ano e consolida David Almeida como o prefeito que mais entregou escolas reformadas, ampliadas ou constru\u00eddas na hist\u00f3ria da rede municipal, elevando de forma consistente o padr\u00e3o da educa\u00e7\u00e3o b\u00e1sica em Manaus.<\/p>\n\n\n\n<p>A unidade escolar atende mais de 480 estudantes do 6\u00ba ao 9\u00ba ano do ensino fundamental (anos finais) e passou por uma ampla revitaliza\u00e7\u00e3o estrutural. Entre os servi\u00e7os executados est\u00e3o a reforma da quadra poliesportiva, manuten\u00e7\u00e3o do telhado e das calhas, revis\u00e3o el\u00e9trica e hidr\u00e1ulica, manuten\u00e7\u00e3o da rede de esgoto, pintura geral das \u00e1reas internas e externas e revitaliza\u00e7\u00e3o da cal\u00e7ada, garantindo mais conforto, seguran\u00e7a e dignidade \u00e0 comunidade escolar.<\/p>\n\n\n\n<p>Durante a solenidade, o prefeito destacou que a entrega da escola municipal Jo\u00e3o Alfredo integra um projeto estruturante que transformou a educa\u00e7\u00e3o municipal, combinando infraestrutura, gest\u00e3o e resultados pedag\u00f3gicos.<\/p>\n\n\n\n<p>\u201cHoje Manaus ultrapassa a marca de mais de 380 escolas constru\u00eddas, reformadas ou ampliadas. Somos a capital com 100% das salas de aula climatizadas, ampliamos vagas de creche e de tempo integral como nunca antes e elevamos o n\u00edvel da educa\u00e7\u00e3o b\u00e1sica da nossa cidade. Isso n\u00e3o \u00e9 discurso, \u00e9 entrega. Educa\u00e7\u00e3o se faz com planejamento, execu\u00e7\u00e3o e fiscaliza\u00e7\u00e3o, e esse \u00e9 o maior legado que uma gest\u00e3o pode deixar\u201d, afirmou David Almeida.<\/p>\n\n\n\n<p>A reinaugura\u00e7\u00e3o da unidade faz parte de uma sequ\u00eancia de entregas realizadas pela Prefeitura de Manaus neste in\u00edcio de ano, reafirmando uma gest\u00e3o marcada por presen\u00e7a nos territ\u00f3rios e resultados concretos. Apenas na primeira semana de 2026, o munic\u00edpio realizou entregas nas \u00e1reas de sa\u00fade, esporte e educa\u00e7\u00e3o, incluindo unidades escolares e equipamentos p\u00fablicos em diferentes zonas da cidade.<\/p>\n\n\n\n<p>O secret\u00e1rio municipal de Educa\u00e7\u00e3o, J\u00fanior Mar, ressaltou que os avan\u00e7os estruturais refletem uma decis\u00e3o pol\u00edtica clara de priorizar a educa\u00e7\u00e3o p\u00fablica e garantir condi\u00e7\u00f5es adequadas de ensino e aprendizagem.<\/p>\n\n\n\n<p>\u201cNunca se reformou e se construiu tantas escolas em Manaus como na gest\u00e3o do prefeito David Almeida. S\u00e3o mais de 380 unidades entregues, al\u00e9m de investimentos hist\u00f3ricos em creches, tempo integral e valoriza\u00e7\u00e3o dos profissionais. Os resultados educacionais que alcan\u00e7amos hoje s\u00e3o consequ\u00eancia direta dessa decis\u00e3o de colocar a educa\u00e7\u00e3o no centro da gest\u00e3o\u201d, destacou J\u00fanior Mar.<\/p>\n\n\n\n<p>O gestor da escola municipal Jo\u00e3o Alfredo, professor Carlos Augusto Castro dos Santos, enfatizou que a revitaliza\u00e7\u00e3o representa um avan\u00e7o concreto para a comunidade do bairro da Paz e devolve dignidade ao ambiente escolar.<\/p>\n\n\n\n<p>\u201cA revitaliza\u00e7\u00e3o da escola municipal Jo\u00e3o Alfredo \u00e9 reflexo de uma gest\u00e3o que n\u00e3o se esquiva do trabalho e tem compromisso real com a popula\u00e7\u00e3o. Em nome de mais de 500 fam\u00edlias atendidas por esta escola, deixamos nosso agradecimento. A comunidade saber\u00e1 cuidar deste espa\u00e7o, que hoje se transforma em motivo de orgulho\u201d, declarou.<\/p>\n\n\n\n<p>Representando o Legislativo municipal, o vereador Eduardo Assis destacou que os investimentos cont\u00ednuos na educa\u00e7\u00e3o t\u00eam impacto direto na transforma\u00e7\u00e3o social da cidade.<\/p>\n\n\n\n<p>\u201cEu acompanhei a realidade das escolas no passado e sei o quanto isso mudou. Nenhum prefeito fez tanto pela educa\u00e7\u00e3o quanto David Almeida. Os resultados aparecem, os indicadores melhoraram e a educa\u00e7\u00e3o voltou a ser motivo de orgulho para Manaus\u201d, afirmou o parlamentar.<\/p>\n\n\n\n<p>Com a reinaugura\u00e7\u00e3o da escola municipal Jo\u00e3o Alfredo, a Prefeitura de Manaus reafirma seu compromisso com a infraestrutura educacional, a valoriza\u00e7\u00e3o dos profissionais da educa\u00e7\u00e3o e a consolida\u00e7\u00e3o de uma pol\u00edtica p\u00fablica que transforma a escola em espa\u00e7o de aprendizado, cidadania e oportunidades, fortalecendo a educa\u00e7\u00e3o b\u00e1sica como eixo central do desenvolvimento da cidade.<\/p>\n\n\n\n<figure class=\"wp-block-image size-large\"><img loading=\"lazy\" decoding=\"async\" width=\"1024\" height=\"576\" src=\"https:\/\/www.manaus.am.gov.br\/semcom\/wp-content\/uploads\/sites\/5\/2026\/01\/55032271868_b90fcc53ca_k-1024x576.jpg\" alt=\"\" class=\"wp-image-250620\" srcset=\"https:\/\/www.manaus.am.gov.br\/semcom\/wp-content\/uploads\/sites\/5\/2026\/01\/55032271868_b90fcc53ca_k-1024x576.jpg 1024w, https:\/\/www.manaus.am.gov.br\/semcom\/wp-content\/uploads\/sites\/5\/2026\/01\/55032271868_b90fcc53ca_k-300x169.jpg 300w, https:\/\/www.manaus.am.gov.br\/semcom\/wp-content\/uploads\/sites\/5\/2026\/01\/55032271868_b90fcc53ca_k-768x432.jpg 768w, https:\/\/www.manaus.am.gov.br\/semcom\/wp-content\/uploads\/sites\/5\/2026\/01\/55032271868_b90fcc53ca_k-1536x864.jpg 1536w, https:\/\/www.manaus.am.gov.br\/semcom\/wp-content\/uploads\/sites\/5\/2026\/01\/55032271868_b90fcc53ca_k.jpg 2048w\" sizes=\"(max-width: 1024px) 100vw, 1024px\" \/><figcaption class=\"wp-element-caption\">#paratodosverem &#8211; Imagem a\u00e9rea da escola <\/figcaption><\/figure>\n\n\n\n<p>&#8212; &#8212; &#8212;<\/p>\n\n\n\n<p><strong>Texto&nbsp;<\/strong>&#8211; Emanuelle Baires\/Semcom-Prefeito<\/p>\n\n\n\n<p><strong>Fotos<\/strong> &#8211; Antonio Pereira\/Semcom-Prefeito e Jo\u00e3o Viana\/Semcom<br><strong>Dispon\u00edveis em &#8211; <\/strong><a href=\"https:\/\/flic.kr\/s\/aHBqjCG1Lq\">https:\/\/flic.kr\/s\/aHBqjCG1Lq<\/a><\/p>\n","protected":false},"excerpt":{"rendered":"","protected":false},"author":39,"featured_media":250619,"comment_status":"closed","ping_status":"closed","sticky":false,"template":"","format":"standard","meta":{"footnotes":""},"categories":[49],"tags":[11,35,18772,77,62,18773],"acf":[],"yoast_head":"<!-- This site is optimized with the Yoast SEO plugin v23.0 - https:\/\/yoast.com\/wordpress\/plugins\/seo\/ -->\n<title>Prefeito entrega escola revitalizada no bairro da Paz e consolida maior transforma\u00e7\u00e3o educacional da hist\u00f3ria de Manaus<\/title>\n<meta name=\"description\" content=\"Prefeito David Almeida entrega escola revitalizada no bairro da Paz e consolida maior transforma\u00e7\u00e3o educacional da hist\u00f3ria de Manaus.\" \/>\n<meta name=\"robots\" content=\"index, follow, max-snippet:-1, max-image-preview:large, max-video-preview:-1\" \/>\n<link rel=\"canonical\" href=\"https:\/\/www.manaus.am.gov.br\/semcom\/reinauguracao-escola-bairro-da-paz\/\" \/>\n<meta property=\"og:locale\" content=\"pt_BR\" \/>\n<meta property=\"og:type\" content=\"article\" \/>\n<meta property=\"og:title\" content=\"Prefeito entrega escola revitalizada no bairro da Paz e consolida maior transforma\u00e7\u00e3o educacional da hist\u00f3ria de Manaus\" \/>\n<meta property=\"og:description\" content=\"Prefeito David Almeida entrega escola revitalizada no bairro da Paz e consolida maior transforma\u00e7\u00e3o educacional da hist\u00f3ria de Manaus.\" \/>\n<meta property=\"og:url\" content=\"https:\/\/www.manaus.am.gov.br\/semcom\/reinauguracao-escola-bairro-da-paz\/\" \/>\n<meta property=\"og:site_name\" content=\"SEMCOM\" \/>\n<meta property=\"article:published_time\" content=\"2026-01-09T17:14:11+00:00\" \/>\n<meta property=\"og:image\" content=\"https:\/\/www.manaus.am.gov.br\/semcom\/wp-content\/uploads\/sites\/5\/2026\/01\/WhatsApp-Image-2026-01-09-at-12.27.59.jpeg\" \/>\n\t<meta property=\"og:image:width\" content=\"799\" \/>\n\t<meta property=\"og:image:height\" content=\"533\" \/>\n\t<meta property=\"og:image:type\" content=\"image\/jpeg\" \/>\n<meta name=\"author\" content=\"Bruna Greco\" \/>\n<meta name=\"twitter:card\" content=\"summary_large_image\" \/>\n<meta name=\"twitter:label1\" content=\"Written by\" \/>\n\t<meta name=\"twitter:data1\" content=\"Bruna Greco\" \/>\n\t<meta name=\"twitter:label2\" content=\"Est. reading time\" \/>\n\t<meta name=\"twitter:data2\" content=\"4 minutos\" \/>\n<script type=\"application\/ld+json\" class=\"yoast-schema-graph\">{\"@context\":\"https:\/\/schema.org\",\"@graph\":[{\"@type\":\"WebPage\",\"@id\":\"https:\/\/www.manaus.am.gov.br\/semcom\/reinauguracao-escola-bairro-da-paz\/\",\"url\":\"https:\/\/www.manaus.am.gov.br\/semcom\/reinauguracao-escola-bairro-da-paz\/\",\"name\":\"Prefeito entrega escola revitalizada no bairro da Paz e consolida maior transforma\u00e7\u00e3o educacional da hist\u00f3ria de Manaus\",\"isPartOf\":{\"@id\":\"https:\/\/www.manaus.am.gov.br\/semcom\/#website\"},\"primaryImageOfPage\":{\"@id\":\"https:\/\/www.manaus.am.gov.br\/semcom\/reinauguracao-escola-bairro-da-paz\/#primaryimage\"},\"image\":{\"@id\":\"https:\/\/www.manaus.am.gov.br\/semcom\/reinauguracao-escola-bairro-da-paz\/#primaryimage\"},\"thumbnailUrl\":\"https:\/\/www.manaus.am.gov.br\/semcom\/wp-content\/uploads\/sites\/5\/2026\/01\/WhatsApp-Image-2026-01-09-at-12.27.59.jpeg\",\"datePublished\":\"2026-01-09T17:14:11+00:00\",\"dateModified\":\"2026-01-09T17:14:11+00:00\",\"author\":{\"@id\":\"https:\/\/www.manaus.am.gov.br\/semcom\/#\/schema\/person\/05d223aea2bf115f9883a6ff3683d81b\"},\"description\":\"Prefeito David Almeida entrega escola revitalizada no bairro da Paz e consolida maior transforma\u00e7\u00e3o educacional da hist\u00f3ria de Manaus.\",\"inLanguage\":\"pt-BR\",\"potentialAction\":[{\"@type\":\"ReadAction\",\"target\":[\"https:\/\/www.manaus.am.gov.br\/semcom\/reinauguracao-escola-bairro-da-paz\/\"]}]},{\"@type\":\"ImageObject\",\"inLanguage\":\"pt-BR\",\"@id\":\"https:\/\/www.manaus.am.gov.br\/semcom\/reinauguracao-escola-bairro-da-paz\/#primaryimage\",\"url\":\"https:\/\/www.manaus.am.gov.br\/semcom\/wp-content\/uploads\/sites\/5\/2026\/01\/WhatsApp-Image-2026-01-09-at-12.27.59.jpeg\",\"contentUrl\":\"https:\/\/www.manaus.am.gov.br\/semcom\/wp-content\/uploads\/sites\/5\/2026\/01\/WhatsApp-Image-2026-01-09-at-12.27.59.jpeg\",\"width\":799,\"height\":533,\"caption\":\"#paratodosverem - Prefeito de Manaus, David Almeida, acompanhado de secret\u00e1rios municipais, pegando na placa de entrega durante a reinaugura\u00e7\u00e3o da escola municipal Jo\u00e3o Alfredo, no bairro da Paz\"},{\"@type\":\"WebSite\",\"@id\":\"https:\/\/www.manaus.am.gov.br\/semcom\/#website\",\"url\":\"https:\/\/www.manaus.am.gov.br\/semcom\/\",\"name\":\"SEMCOM\",\"description\":\"Secretaria Municipal de Comunica\u00e7\u00e3o\",\"potentialAction\":[{\"@type\":\"SearchAction\",\"target\":{\"@type\":\"EntryPoint\",\"urlTemplate\":\"https:\/\/www.manaus.am.gov.br\/semcom\/?s={search_term_string}\"},\"query-input\":\"required name=search_term_string\"}],\"inLanguage\":\"pt-BR\"},{\"@type\":\"Person\",\"@id\":\"https:\/\/www.manaus.am.gov.br\/semcom\/#\/schema\/person\/05d223aea2bf115f9883a6ff3683d81b\",\"name\":\"Bruna Greco\",\"image\":{\"@type\":\"ImageObject\",\"inLanguage\":\"pt-BR\",\"@id\":\"https:\/\/www.manaus.am.gov.br\/semcom\/#\/schema\/person\/image\/\",\"url\":\"https:\/\/secure.gravatar.com\/avatar\/9c877d1a6adc2a055330e5c09a8653ce?s=96&d=mm&r=g\",\"contentUrl\":\"https:\/\/secure.gravatar.com\/avatar\/9c877d1a6adc2a055330e5c09a8653ce?s=96&d=mm&r=g\",\"caption\":\"Bruna Greco\"}}]}<\/script>\n<!-- \/ Yoast SEO plugin. -->","yoast_head_json":{"title":"Prefeito entrega escola revitalizada no bairro da Paz e consolida maior transforma\u00e7\u00e3o educacional da hist\u00f3ria de Manaus","description":"Prefeito David Almeida entrega escola revitalizada no bairro da Paz e consolida maior transforma\u00e7\u00e3o educacional da hist\u00f3ria de Manaus.","robots":{"index":"index","follow":"follow","max-snippet":"max-snippet:-1","max-image-preview":"max-image-preview:large","max-video-preview":"max-video-preview:-1"},"canonical":"https:\/\/www.manaus.am.gov.br\/semcom\/reinauguracao-escola-bairro-da-paz\/","og_locale":"pt_BR","og_type":"article","og_title":"Prefeito entrega escola revitalizada no bairro da Paz e consolida maior transforma\u00e7\u00e3o educacional da hist\u00f3ria de Manaus","og_description":"Prefeito David Almeida entrega escola revitalizada no bairro da Paz e consolida maior transforma\u00e7\u00e3o educacional da hist\u00f3ria de Manaus.","og_url":"https:\/\/www.manaus.am.gov.br\/semcom\/reinauguracao-escola-bairro-da-paz\/","og_site_name":"SEMCOM","article_published_time":"2026-01-09T17:14:11+00:00","og_image":[{"width":799,"height":533,"url":"https:\/\/www.manaus.am.gov.br\/semcom\/wp-content\/uploads\/sites\/5\/2026\/01\/WhatsApp-Image-2026-01-09-at-12.27.59.jpeg","type":"image\/jpeg"}],"author":"Bruna Greco","twitter_card":"summary_large_image","twitter_misc":{"Written by":"Bruna Greco","Est. reading time":"4 minutos"},"schema":{"@context":"https:\/\/schema.org","@graph":[{"@type":"WebPage","@id":"https:\/\/www.manaus.am.gov.br\/semcom\/reinauguracao-escola-bairro-da-paz\/","url":"https:\/\/www.manaus.am.gov.br\/semcom\/reinauguracao-escola-bairro-da-paz\/","name":"Prefeito entrega escola revitalizada no bairro da Paz e consolida maior transforma\u00e7\u00e3o educacional da hist\u00f3ria de Manaus","isPartOf":{"@id":"https:\/\/www.manaus.am.gov.br\/semcom\/#website"},"primaryImageOfPage":{"@id":"https:\/\/www.manaus.am.gov.br\/semcom\/reinauguracao-escola-bairro-da-paz\/#primaryimage"},"image":{"@id":"https:\/\/www.manaus.am.gov.br\/semcom\/reinauguracao-escola-bairro-da-paz\/#primaryimage"},"thumbnailUrl":"https:\/\/www.manaus.am.gov.br\/semcom\/wp-content\/uploads\/sites\/5\/2026\/01\/WhatsApp-Image-2026-01-09-at-12.27.59.jpeg","datePublished":"2026-01-09T17:14:11+00:00","dateModified":"2026-01-09T17:14:11+00:00","author":{"@id":"https:\/\/www.manaus.am.gov.br\/semcom\/#\/schema\/person\/05d223aea2bf115f9883a6ff3683d81b"},"description":"Prefeito David Almeida entrega escola revitalizada no bairro da Paz e consolida maior transforma\u00e7\u00e3o educacional da hist\u00f3ria de Manaus.","inLanguage":"pt-BR","potentialAction":[{"@type":"ReadAction","target":["https:\/\/www.manaus.am.gov.br\/semcom\/reinauguracao-escola-bairro-da-paz\/"]}]},{"@type":"ImageObject","inLanguage":"pt-BR","@id":"https:\/\/www.manaus.am.gov.br\/semcom\/reinauguracao-escola-bairro-da-paz\/#primaryimage","url":"https:\/\/www.manaus.am.gov.br\/semcom\/wp-content\/uploads\/sites\/5\/2026\/01\/WhatsApp-Image-2026-01-09-at-12.27.59.jpeg","contentUrl":"https:\/\/www.manaus.am.gov.br\/semcom\/wp-content\/uploads\/sites\/5\/2026\/01\/WhatsApp-Image-2026-01-09-at-12.27.59.jpeg","width":799,"height":533,"caption":"#paratodosverem - Prefeito de Manaus, David Almeida, acompanhado de secret\u00e1rios municipais, pegando na placa de entrega durante a reinaugura\u00e7\u00e3o da escola municipal Jo\u00e3o Alfredo, no bairro da Paz"},{"@type":"WebSite","@id":"https:\/\/www.manaus.am.gov.br\/semcom\/#website","url":"https:\/\/www.manaus.am.gov.br\/semcom\/","name":"SEMCOM","description":"Secretaria Municipal de Comunica\u00e7\u00e3o","potentialAction":[{"@type":"SearchAction","target":{"@type":"EntryPoint","urlTemplate":"https:\/\/www.manaus.am.gov.br\/semcom\/?s={search_term_string}"},"query-input":"required name=search_term_string"}],"inLanguage":"pt-BR"},{"@type":"Person","@id":"https:\/\/www.manaus.am.gov.br\/semcom\/#\/schema\/person\/05d223aea2bf115f9883a6ff3683d81b","name":"Bruna Greco","image":{"@type":"ImageObject","inLanguage":"pt-BR","@id":"https:\/\/www.manaus.am.gov.br\/semcom\/#\/schema\/person\/image\/","url":"https:\/\/secure.gravatar.com\/avatar\/9c877d1a6adc2a055330e5c09a8653ce?s=96&d=mm&r=g","contentUrl":"https:\/\/secure.gravatar.com\/avatar\/9c877d1a6adc2a055330e5c09a8653ce?s=96&d=mm&r=g","caption":"Bruna Greco"}}]}},"_links":{"self":[{"href":"https:\/\/www.manaus.am.gov.br\/semcom\/wp-json\/wp\/v2\/posts\/250618"}],"collection":[{"href":"https:\/\/www.manaus.am.gov.br\/semcom\/wp-json\/wp\/v2\/posts"}],"about":[{"href":"https:\/\/www.manaus.am.gov.br\/semcom\/wp-json\/wp\/v2\/types\/post"}],"author":[{"embeddable":true,"href":"https:\/\/www.manaus.am.gov.br\/semcom\/wp-json\/wp\/v2\/users\/39"}],"replies":[{"embeddable":true,"href":"https:\/\/www.manaus.am.gov.br\/semcom\/wp-json\/wp\/v2\/comments?post=250618"}],"version-history":[{"count":1,"href":"https:\/\/www.manaus.am.gov.br\/semcom\/wp-json\/wp\/v2\/posts\/250618\/revisions"}],"predecessor-version":[{"id":250621,"href":"https:\/\/www.manaus.am.gov.br\/semcom\/wp-json\/wp\/v2\/posts\/250618\/revisions\/250621"}],"wp:featuredmedia":[{"embeddable":true,"href":"https:\/\/www.manaus.am.gov.br\/semcom\/wp-json\/wp\/v2\/media\/250619"}],"wp:attachment":[{"href":"https:\/\/www.manaus.am.gov.br\/semcom\/wp-json\/wp\/v2\/media?parent=250618"}],"wp:term":[{"taxonomy":"category","embeddable":true,"href":"https:\/\/www.manaus.am.gov.br\/semcom\/wp-json\/wp\/v2\/categories?post=250618"},{"taxonomy":"post_tag","embeddable":true,"href":"https:\/\/www.manaus.am.gov.br\/semcom\/wp-json\/wp\/v2\/tags?post=250618"}],"curies":[{"name":"wp","href":"https:\/\/api.w.org\/{rel}","templated":true}]}}