{"id":250588,"date":"2026-01-08T18:09:17","date_gmt":"2026-01-08T21:09:17","guid":{"rendered":"https:\/\/www.manaus.am.gov.br\/semcom\/imunizacao-na-gestacao\/"},"modified":"2026-01-08T18:09:18","modified_gmt":"2026-01-08T21:09:18","slug":"imunizacao-na-gestacao","status":"publish","type":"post","link":"https:\/\/www.manaus.am.gov.br\/semcom\/imunizacao-na-gestacao\/","title":{"rendered":"Prefeitura de Manaus orienta sobre a imuniza\u00e7\u00e3o na gesta\u00e7\u00e3o para proteger beb\u00eas contra bronquiolite"},"content":{"rendered":"\n<p>Gr\u00e1vidas a partir da 28\u00aa semana de gesta\u00e7\u00e3o devem procurar uma unidade de sa\u00fade da Prefeitura de Manaus para receber a vacina contra o V\u00edrus Sincicial Respirat\u00f3rio (VSR). A vacina come\u00e7ou a ser ofertada no Calend\u00e1rio Nacional de Vacina\u00e7\u00e3o em dezembro do ano passado, com o principal objetivo de prevenir as formas graves de doen\u00e7as do trato respirat\u00f3rio que est\u00e3o associadas ao VSR, como a bronquiolite, em crian\u00e7as menores de seis meses de idade.<\/p>\n\n\n\n<p>Em Manaus, a imuniza\u00e7\u00e3o, coordenada pela Secretaria Municipal de Sa\u00fade (Semsa), est\u00e1 dispon\u00edvel em 148 Unidades de Sa\u00fade. A t\u00e9cnica respons\u00e1vel pelo Pr\u00e9-Natal na Divis\u00e3o de Aten\u00e7\u00e3o \u00e0 Sa\u00fade da Mulher da Semsa, enfermeira Gerda Costa, explica que a vacina induz a produ\u00e7\u00e3o de anticorpos contra a doen\u00e7a causada pelo v\u00edrus sincicial, o que leva \u00e0 transfer\u00eancia placent\u00e1ria dos anticorpos ao feto.<\/p>\n\n\n\n<p>\u201cOs anticorpos produzidos a partir da vacina atravessam a barreira placent\u00e1ria e s\u00e3o transmitidos \u00e0 crian\u00e7a, garantindo prote\u00e7\u00e3o nos primeiros meses de vida\u201d, destaca.<\/p>\n\n\n\n<p>Conforme dados do Minist\u00e9rio da Sa\u00fade, o v\u00edrus Sincicial Respirat\u00f3rio \u00e9 respons\u00e1vel por cerca de 75% dos casos de bronquiolite e 40% das pneumonias em menores de dois anos, sendo que a vacina confere prote\u00e7\u00e3o imediata ao rec\u00e9m-nascido e deve reduzir a necessidade de hospitaliza\u00e7\u00e3o por doen\u00e7as respirat\u00f3rias.<\/p>\n\n\n\n<p>Gerda Costa explica que as gestantes que realizam o pr\u00e9-natal na rede p\u00fablica e na rede privada podem procurar a vacina\u00e7\u00e3o, em uma das Unidades de Sa\u00fade da Semsa, apresentando a comprova\u00e7\u00e3o de idade gestacional.<\/p>\n\n\n\n<p>\u201cPode ser a caderneta da gestante, exame de ultrassom ou encaminhamento e relat\u00f3rio m\u00e9dico que indique a idade gestacional a partir de 28 semanas, cerca de sete meses de gravidez. E \u00e9 importante lembrar que uma crian\u00e7a rec\u00e9m-nascida acometida com bronquiolite tem chances reais de evoluir para o \u00f3bito, j\u00e1 que o sistema imunol\u00f3gico ainda est\u00e1 em evolu\u00e7\u00e3o\u201d, alerta.<\/p>\n\n\n\n<p>Al\u00e9m da vacina contra o V\u00edrus Sincicial Respirat\u00f3rio, o Calend\u00e1rio Nacional de Vacina\u00e7\u00e3o recomenda a atualiza\u00e7\u00e3o vacinal das gestantes com imunizantes contra outras doen\u00e7as, prevenindo complica\u00e7\u00f5es durante a gravidez e refor\u00e7ando a imunidade dos rec\u00e9m-nascidos.<\/p>\n\n\n\n<p>Gerda Costa explica que, em cada gesta\u00e7\u00e3o, a mulher deve receber a vacina contra influenza, covid-19, difteria, t\u00e9tano e coqueluche (dTpa) e V\u00edrus Sincicial, e tamb\u00e9m deve ser feita a atualiza\u00e7\u00e3o vacinal para hepatite B e da vacina dT (difteria e t\u00e9tano), quando necess\u00e1rio.<\/p>\n\n\n\n<p>\u201cA imuniza\u00e7\u00e3o \u00e9 uma estrat\u00e9gia para proteger a sa\u00fade da mulher e do rec\u00e9m-nascido contra doen\u00e7as que podem potencializar o risco de mortalidade materna, fetal e infantil. Uma recomenda\u00e7\u00e3o \u00e9 que as gestantes iniciem o pr\u00e9-natal o mais cedo poss\u00edvel nas unidades de sa\u00fade, quando \u00e9 realizada a avalia\u00e7\u00e3o da situa\u00e7\u00e3o vacinal\u201d, orienta Gerda Costa.<\/p>\n\n\n\n<p>At\u00e9 o momento, a Semsa j\u00e1 registrou a aplica\u00e7\u00e3o de 2.413 doses da vacina contra o V\u00edrus Sincicial Respirat\u00f3rio (VSR). A rela\u00e7\u00e3o de locais, com endere\u00e7os e hor\u00e1rios de atendimento para a imuniza\u00e7\u00e3o, pode ser consultada on-line pelo link <a href=\"https:\/\/bit.ly\/44pYdLU\">https:\/\/bit.ly\/44pYdLU<\/a>.&nbsp;<\/p>\n\n\n\n<p>\u2014- \u2014&#8211; \u2014-\u00a0<br><strong>Texto &#8211;<\/strong> Euriv\u00e2nia Gal\u00facio\/Semsa<br><strong>Fotos &#8211; <\/strong>\u00a0Divulga\u00e7\u00e3o\/Semsa<\/p>\n","protected":false},"excerpt":{"rendered":"","protected":false},"author":68,"featured_media":250589,"comment_status":"closed","ping_status":"closed","sticky":false,"template":"","format":"standard","meta":{"footnotes":""},"categories":[170],"tags":[18760,77,162,18761],"acf":[],"yoast_head":"<!-- This site is optimized with the Yoast SEO plugin v23.0 - https:\/\/yoast.com\/wordpress\/plugins\/seo\/ -->\n<title>Prefeitura de Manaus orienta sobre a imuniza\u00e7\u00e3o na gesta\u00e7\u00e3o<\/title>\n<meta name=\"description\" content=\"Gr\u00e1vidas a partir da 28\u00aa semana de gesta\u00e7\u00e3o devem procurar uma unidade de sa\u00fade da Prefeitura de Manaus para receber a vacina contra o V\u00edrus Sincicial Respirat\u00f3rio (VSR).\" \/>\n<meta name=\"robots\" content=\"index, follow, max-snippet:-1, max-image-preview:large, max-video-preview:-1\" \/>\n<link rel=\"canonical\" href=\"https:\/\/www.manaus.am.gov.br\/semcom\/imunizacao-na-gestacao\/\" \/>\n<meta property=\"og:locale\" content=\"pt_BR\" \/>\n<meta property=\"og:type\" content=\"article\" \/>\n<meta property=\"og:title\" content=\"Prefeitura de Manaus orienta sobre a imuniza\u00e7\u00e3o na gesta\u00e7\u00e3o\" \/>\n<meta property=\"og:description\" content=\"Gr\u00e1vidas a partir da 28\u00aa semana de gesta\u00e7\u00e3o devem procurar uma unidade de sa\u00fade da Prefeitura de Manaus para receber a vacina contra o V\u00edrus Sincicial Respirat\u00f3rio (VSR).\" \/>\n<meta property=\"og:url\" content=\"https:\/\/www.manaus.am.gov.br\/semcom\/imunizacao-na-gestacao\/\" \/>\n<meta property=\"og:site_name\" content=\"SEMCOM\" \/>\n<meta property=\"article:published_time\" content=\"2026-01-08T21:09:17+00:00\" \/>\n<meta property=\"article:modified_time\" content=\"2026-01-08T21:09:18+00:00\" \/>\n<meta property=\"og:image\" content=\"https:\/\/www.manaus.am.gov.br\/semcom\/wp-content\/uploads\/sites\/5\/2026\/01\/SEMSA-MANAUS-Vacinacao-VSR-Gestantes-2-1.jpg\" \/>\n\t<meta property=\"og:image:width\" content=\"3000\" \/>\n\t<meta property=\"og:image:height\" content=\"2250\" \/>\n\t<meta property=\"og:image:type\" content=\"image\/jpeg\" \/>\n<meta name=\"author\" content=\"bvalente\" \/>\n<meta name=\"twitter:card\" content=\"summary_large_image\" \/>\n<meta name=\"twitter:label1\" content=\"Written by\" \/>\n\t<meta name=\"twitter:data1\" content=\"bvalente\" \/>\n\t<meta name=\"twitter:label2\" content=\"Est. reading time\" \/>\n\t<meta name=\"twitter:data2\" content=\"3 minutos\" \/>\n<script type=\"application\/ld+json\" class=\"yoast-schema-graph\">{\"@context\":\"https:\/\/schema.org\",\"@graph\":[{\"@type\":\"WebPage\",\"@id\":\"https:\/\/www.manaus.am.gov.br\/semcom\/imunizacao-na-gestacao\/\",\"url\":\"https:\/\/www.manaus.am.gov.br\/semcom\/imunizacao-na-gestacao\/\",\"name\":\"Prefeitura de Manaus orienta sobre a imuniza\u00e7\u00e3o na gesta\u00e7\u00e3o\",\"isPartOf\":{\"@id\":\"https:\/\/www.manaus.am.gov.br\/semcom\/#website\"},\"primaryImageOfPage\":{\"@id\":\"https:\/\/www.manaus.am.gov.br\/semcom\/imunizacao-na-gestacao\/#primaryimage\"},\"image\":{\"@id\":\"https:\/\/www.manaus.am.gov.br\/semcom\/imunizacao-na-gestacao\/#primaryimage\"},\"thumbnailUrl\":\"https:\/\/www.manaus.am.gov.br\/semcom\/wp-content\/uploads\/sites\/5\/2026\/01\/SEMSA-MANAUS-Vacinacao-VSR-Gestantes-2-1.jpg\",\"datePublished\":\"2026-01-08T21:09:17+00:00\",\"dateModified\":\"2026-01-08T21:09:18+00:00\",\"author\":{\"@id\":\"https:\/\/www.manaus.am.gov.br\/semcom\/#\/schema\/person\/466a0e03ae4b6062809046bd560ac955\"},\"description\":\"Gr\u00e1vidas a partir da 28\u00aa semana de gesta\u00e7\u00e3o devem procurar uma unidade de sa\u00fade da Prefeitura de Manaus para receber a vacina contra o V\u00edrus Sincicial Respirat\u00f3rio (VSR).\",\"inLanguage\":\"pt-BR\",\"potentialAction\":[{\"@type\":\"ReadAction\",\"target\":[\"https:\/\/www.manaus.am.gov.br\/semcom\/imunizacao-na-gestacao\/\"]}]},{\"@type\":\"ImageObject\",\"inLanguage\":\"pt-BR\",\"@id\":\"https:\/\/www.manaus.am.gov.br\/semcom\/imunizacao-na-gestacao\/#primaryimage\",\"url\":\"https:\/\/www.manaus.am.gov.br\/semcom\/wp-content\/uploads\/sites\/5\/2026\/01\/SEMSA-MANAUS-Vacinacao-VSR-Gestantes-2-1.jpg\",\"contentUrl\":\"https:\/\/www.manaus.am.gov.br\/semcom\/wp-content\/uploads\/sites\/5\/2026\/01\/SEMSA-MANAUS-Vacinacao-VSR-Gestantes-2-1.jpg\",\"width\":3000,\"height\":2250,\"caption\":\"#paratodosverem \u2013 Enfermeira da Semsa realizando aplica\u00e7\u00e3o de vacina\"},{\"@type\":\"WebSite\",\"@id\":\"https:\/\/www.manaus.am.gov.br\/semcom\/#website\",\"url\":\"https:\/\/www.manaus.am.gov.br\/semcom\/\",\"name\":\"SEMCOM\",\"description\":\"Secretaria Municipal de Comunica\u00e7\u00e3o\",\"potentialAction\":[{\"@type\":\"SearchAction\",\"target\":{\"@type\":\"EntryPoint\",\"urlTemplate\":\"https:\/\/www.manaus.am.gov.br\/semcom\/?s={search_term_string}\"},\"query-input\":\"required name=search_term_string\"}],\"inLanguage\":\"pt-BR\"},{\"@type\":\"Person\",\"@id\":\"https:\/\/www.manaus.am.gov.br\/semcom\/#\/schema\/person\/466a0e03ae4b6062809046bd560ac955\",\"name\":\"bvalente\",\"image\":{\"@type\":\"ImageObject\",\"inLanguage\":\"pt-BR\",\"@id\":\"https:\/\/www.manaus.am.gov.br\/semcom\/#\/schema\/person\/image\/\",\"url\":\"https:\/\/secure.gravatar.com\/avatar\/3e69bc2b014bdad41adfec3a39de07d2?s=96&d=mm&r=g\",\"contentUrl\":\"https:\/\/secure.gravatar.com\/avatar\/3e69bc2b014bdad41adfec3a39de07d2?s=96&d=mm&r=g\",\"caption\":\"bvalente\"}}]}<\/script>\n<!-- \/ Yoast SEO plugin. -->","yoast_head_json":{"title":"Prefeitura de Manaus orienta sobre a imuniza\u00e7\u00e3o na gesta\u00e7\u00e3o","description":"Gr\u00e1vidas a partir da 28\u00aa semana de gesta\u00e7\u00e3o devem procurar uma unidade de sa\u00fade da Prefeitura de Manaus para receber a vacina contra o V\u00edrus Sincicial Respirat\u00f3rio (VSR).","robots":{"index":"index","follow":"follow","max-snippet":"max-snippet:-1","max-image-preview":"max-image-preview:large","max-video-preview":"max-video-preview:-1"},"canonical":"https:\/\/www.manaus.am.gov.br\/semcom\/imunizacao-na-gestacao\/","og_locale":"pt_BR","og_type":"article","og_title":"Prefeitura de Manaus orienta sobre a imuniza\u00e7\u00e3o na gesta\u00e7\u00e3o","og_description":"Gr\u00e1vidas a partir da 28\u00aa semana de gesta\u00e7\u00e3o devem procurar uma unidade de sa\u00fade da Prefeitura de Manaus para receber a vacina contra o V\u00edrus Sincicial Respirat\u00f3rio (VSR).","og_url":"https:\/\/www.manaus.am.gov.br\/semcom\/imunizacao-na-gestacao\/","og_site_name":"SEMCOM","article_published_time":"2026-01-08T21:09:17+00:00","article_modified_time":"2026-01-08T21:09:18+00:00","og_image":[{"width":3000,"height":2250,"url":"https:\/\/www.manaus.am.gov.br\/semcom\/wp-content\/uploads\/sites\/5\/2026\/01\/SEMSA-MANAUS-Vacinacao-VSR-Gestantes-2-1.jpg","type":"image\/jpeg"}],"author":"bvalente","twitter_card":"summary_large_image","twitter_misc":{"Written by":"bvalente","Est. reading time":"3 minutos"},"schema":{"@context":"https:\/\/schema.org","@graph":[{"@type":"WebPage","@id":"https:\/\/www.manaus.am.gov.br\/semcom\/imunizacao-na-gestacao\/","url":"https:\/\/www.manaus.am.gov.br\/semcom\/imunizacao-na-gestacao\/","name":"Prefeitura de Manaus orienta sobre a imuniza\u00e7\u00e3o na gesta\u00e7\u00e3o","isPartOf":{"@id":"https:\/\/www.manaus.am.gov.br\/semcom\/#website"},"primaryImageOfPage":{"@id":"https:\/\/www.manaus.am.gov.br\/semcom\/imunizacao-na-gestacao\/#primaryimage"},"image":{"@id":"https:\/\/www.manaus.am.gov.br\/semcom\/imunizacao-na-gestacao\/#primaryimage"},"thumbnailUrl":"https:\/\/www.manaus.am.gov.br\/semcom\/wp-content\/uploads\/sites\/5\/2026\/01\/SEMSA-MANAUS-Vacinacao-VSR-Gestantes-2-1.jpg","datePublished":"2026-01-08T21:09:17+00:00","dateModified":"2026-01-08T21:09:18+00:00","author":{"@id":"https:\/\/www.manaus.am.gov.br\/semcom\/#\/schema\/person\/466a0e03ae4b6062809046bd560ac955"},"description":"Gr\u00e1vidas a partir da 28\u00aa semana de gesta\u00e7\u00e3o devem procurar uma unidade de sa\u00fade da Prefeitura de Manaus para receber a vacina contra o V\u00edrus Sincicial Respirat\u00f3rio (VSR).","inLanguage":"pt-BR","potentialAction":[{"@type":"ReadAction","target":["https:\/\/www.manaus.am.gov.br\/semcom\/imunizacao-na-gestacao\/"]}]},{"@type":"ImageObject","inLanguage":"pt-BR","@id":"https:\/\/www.manaus.am.gov.br\/semcom\/imunizacao-na-gestacao\/#primaryimage","url":"https:\/\/www.manaus.am.gov.br\/semcom\/wp-content\/uploads\/sites\/5\/2026\/01\/SEMSA-MANAUS-Vacinacao-VSR-Gestantes-2-1.jpg","contentUrl":"https:\/\/www.manaus.am.gov.br\/semcom\/wp-content\/uploads\/sites\/5\/2026\/01\/SEMSA-MANAUS-Vacinacao-VSR-Gestantes-2-1.jpg","width":3000,"height":2250,"caption":"#paratodosverem \u2013 Enfermeira da Semsa realizando aplica\u00e7\u00e3o de vacina"},{"@type":"WebSite","@id":"https:\/\/www.manaus.am.gov.br\/semcom\/#website","url":"https:\/\/www.manaus.am.gov.br\/semcom\/","name":"SEMCOM","description":"Secretaria Municipal de Comunica\u00e7\u00e3o","potentialAction":[{"@type":"SearchAction","target":{"@type":"EntryPoint","urlTemplate":"https:\/\/www.manaus.am.gov.br\/semcom\/?s={search_term_string}"},"query-input":"required name=search_term_string"}],"inLanguage":"pt-BR"},{"@type":"Person","@id":"https:\/\/www.manaus.am.gov.br\/semcom\/#\/schema\/person\/466a0e03ae4b6062809046bd560ac955","name":"bvalente","image":{"@type":"ImageObject","inLanguage":"pt-BR","@id":"https:\/\/www.manaus.am.gov.br\/semcom\/#\/schema\/person\/image\/","url":"https:\/\/secure.gravatar.com\/avatar\/3e69bc2b014bdad41adfec3a39de07d2?s=96&d=mm&r=g","contentUrl":"https:\/\/secure.gravatar.com\/avatar\/3e69bc2b014bdad41adfec3a39de07d2?s=96&d=mm&r=g","caption":"bvalente"}}]}},"_links":{"self":[{"href":"https:\/\/www.manaus.am.gov.br\/semcom\/wp-json\/wp\/v2\/posts\/250588"}],"collection":[{"href":"https:\/\/www.manaus.am.gov.br\/semcom\/wp-json\/wp\/v2\/posts"}],"about":[{"href":"https:\/\/www.manaus.am.gov.br\/semcom\/wp-json\/wp\/v2\/types\/post"}],"author":[{"embeddable":true,"href":"https:\/\/www.manaus.am.gov.br\/semcom\/wp-json\/wp\/v2\/users\/68"}],"replies":[{"embeddable":true,"href":"https:\/\/www.manaus.am.gov.br\/semcom\/wp-json\/wp\/v2\/comments?post=250588"}],"version-history":[{"count":0,"href":"https:\/\/www.manaus.am.gov.br\/semcom\/wp-json\/wp\/v2\/posts\/250588\/revisions"}],"wp:featuredmedia":[{"embeddable":true,"href":"https:\/\/www.manaus.am.gov.br\/semcom\/wp-json\/wp\/v2\/media\/250589"}],"wp:attachment":[{"href":"https:\/\/www.manaus.am.gov.br\/semcom\/wp-json\/wp\/v2\/media?parent=250588"}],"wp:term":[{"taxonomy":"category","embeddable":true,"href":"https:\/\/www.manaus.am.gov.br\/semcom\/wp-json\/wp\/v2\/categories?post=250588"},{"taxonomy":"post_tag","embeddable":true,"href":"https:\/\/www.manaus.am.gov.br\/semcom\/wp-json\/wp\/v2\/tags?post=250588"}],"curies":[{"name":"wp","href":"https:\/\/api.w.org\/{rel}","templated":true}]}}