{"id":250574,"date":"2026-01-08T14:49:27","date_gmt":"2026-01-08T18:49:27","guid":{"rendered":"https:\/\/www.manaus.am.gov.br\/semcom\/reinaguracao-escola-compensa\/"},"modified":"2026-01-08T19:14:51","modified_gmt":"2026-01-08T22:14:51","slug":"reinaguracao-escola-compensa","status":"publish","type":"post","link":"https:\/\/www.manaus.am.gov.br\/semcom\/reinaguracao-escola-compensa\/","title":{"rendered":"Prefeito David Almeida reinaugura escola revitalizada na Compensa e refor\u00e7a educa\u00e7\u00e3o com mais de 380 unidades j\u00e1 entregues"},"content":{"rendered":"\n<p>Integrando o maior programa de reestrutura\u00e7\u00e3o da rede municipal de ensino j\u00e1 executado na cidade e consolidando a Educa\u00e7\u00e3o de Qualidade como eixo priorit\u00e1rio da atual gest\u00e3o, que j\u00e1 soma mais de 380 escolas constru\u00eddas, reformadas ou ampliadas, o prefeito de Manaus, David Almeida, entregou, na manh\u00e3 desta quinta-feira, 8\/1, a escola municipal Professora Perc\u00edlia do Nascimento Souza, no bairro Compensa 2, zona Oeste da capital, totalmente revitalizada.<\/p>\n\n\n\n<p>Durante a solenidade, o prefeito destacou o ritmo intenso de entregas neste in\u00edcio de ano e reafirmou que a educa\u00e7\u00e3o segue como base para o desenvolvimento social e humano de Manaus.<\/p>\n\n\n\n<p>\u201cN\u00f3s j\u00e1 ultrapassamos a marca de 380 escolas constru\u00eddas, reformadas ou ampliadas em Manaus. E ainda temos 29 escolas como esta para entregar nos pr\u00f3ximos dias, antes do in\u00edcio do ano letivo, no dia 5 de fevereiro. Educa\u00e7\u00e3o \u00e9 prioridade, \u00e9 planejamento, \u00e9 investimento e \u00e9 resultado\u201d, afirmou David Almeida.<\/p>\n\n\n\n<p>A escola Professora Perc\u00edlia do Nascimento Souza atende estudantes do 1\u00ba ao 5\u00ba ano do ensino fundamental e passou por uma reforma completa, com melhorias estruturais e funcionais. A unidade conta agora com salas de aula revitalizadas, sala de professores, diretoria, coordena\u00e7\u00e3o pedag\u00f3gica, sala de recursos, biblioteca, refeit\u00f3rio, quadra reformada, cozinha ampliada, novos dep\u00f3sitos e banheiros modernos, incluindo estruturas adaptadas para Pessoas com Defici\u00eancia (PcDs).<\/p>\n\n\n\n<p>O secret\u00e1rio municipal de Educa\u00e7\u00e3o, J\u00fanior Mar, ressaltou que os investimentos em infraestrutura caminham de forma integrada com as a\u00e7\u00f5es pedag\u00f3gicas e os resultados alcan\u00e7ados pela rede municipal.<\/p>\n\n\n\n<p>\u201cManaus n\u00e3o \u00e9 refer\u00eancia em educa\u00e7\u00e3o por acaso. Esse resultado \u00e9 fruto de planejamento, investimento e de uma decis\u00e3o pol\u00edtica clara do prefeito David Almeida de priorizar a educa\u00e7\u00e3o. Hoje, Manaus \u00e9 a capital que mais cresceu em qualidade educacional no pa\u00eds, e entregas como essa fortalecem ainda mais esse caminho\u201d, enfatizou.<\/p>\n\n\n\n<p>Representando a C\u00e2mara Municipal de Manaus (CMM), o vereador Joelson Silva salientou o impacto social das obras educacionais entregues pela gest\u00e3o e o alinhamento entre Executivo e Legislativo na constru\u00e7\u00e3o de pol\u00edticas p\u00fablicas.<\/p>\n\n\n\n<p>\u201cEstamos vivendo uma verdadeira maratona de entregas logo no in\u00edcio do ano. A Compensa recebe hoje mais uma escola revitalizada, resultado de uma gest\u00e3o que trabalha, de uma equipe comprometida e de uma C\u00e2mara Municipal que contribui para que pol\u00edticas p\u00fablicas s\u00e9rias cheguem \u00e0 popula\u00e7\u00e3o\u201d, pontuou o parlamentar.<\/p>\n\n\n\n<p>A diretora da unidade, Silvana Magalh\u00e3es, assegurou que a reforma representa um novo momento para a escola e para a comunidade, que tamb\u00e9m utiliza o espa\u00e7o fora do hor\u00e1rio escolar. \u201cA escola foi totalmente revitalizada. As salas est\u00e3o mais bonitas, a quadra ficou excelente e os banheiros ficaram igual banheiro de shopping, como os pr\u00f3prios alunos disseram. Eles acompanharam todo o processo da reforma e se sentiram parte dessa transforma\u00e7\u00e3o\u201d, disse.<\/p>\n\n\n\n<p>Segundo Silvana, a obra trouxe impactos diretos no ambiente escolar e na valoriza\u00e7\u00e3o de quem vive o dia a dia da escola. \u201cEssa reforma \u00e9 um presente para a comunidade. Faz quase 20 anos que a escola n\u00e3o passava por uma reforma completa. Escola n\u00e3o \u00e9 s\u00f3 pr\u00e9dio, s\u00e3o pessoas, um ambiente bem estruturado faz toda a diferen\u00e7a para quem ensina e para quem aprende\u201d, completou.<\/p>\n\n\n\n<p>Com a entrega da escola municipal Professora Perc\u00edlia do Nascimento Souza, a Prefeitura de Manaus reafirma o compromisso de seguir avan\u00e7ando na qualifica\u00e7\u00e3o da infraestrutura educacional, aliando investimento f\u00edsico, fortalecimento pedag\u00f3gico e valoriza\u00e7\u00e3o dos profissionais da educa\u00e7\u00e3o, consolidando Manaus como refer\u00eancia nacional em crescimento e desempenho educacional.<\/p>\n\n\n\n<figure class=\"wp-block-image size-large\"><img loading=\"lazy\" decoding=\"async\" width=\"1024\" height=\"683\" src=\"https:\/\/www.manaus.am.gov.br\/semcom\/wp-content\/uploads\/sites\/5\/2026\/01\/WhatsApp-Image-2026-01-08-at-14.38.01-1024x683.jpeg\" alt=\"\" class=\"wp-image-250576\" srcset=\"https:\/\/www.manaus.am.gov.br\/semcom\/wp-content\/uploads\/sites\/5\/2026\/01\/WhatsApp-Image-2026-01-08-at-14.38.01-1024x683.jpeg 1024w, https:\/\/www.manaus.am.gov.br\/semcom\/wp-content\/uploads\/sites\/5\/2026\/01\/WhatsApp-Image-2026-01-08-at-14.38.01-300x200.jpeg 300w, https:\/\/www.manaus.am.gov.br\/semcom\/wp-content\/uploads\/sites\/5\/2026\/01\/WhatsApp-Image-2026-01-08-at-14.38.01-768x512.jpeg 768w, https:\/\/www.manaus.am.gov.br\/semcom\/wp-content\/uploads\/sites\/5\/2026\/01\/WhatsApp-Image-2026-01-08-at-14.38.01.jpeg 1280w\" sizes=\"(max-width: 1024px) 100vw, 1024px\" \/><figcaption class=\"wp-element-caption\">#paratodosverem &#8211; Prefeito David Almeida reunido com autoridades e educadoras da unidade escolar<\/figcaption><\/figure>\n\n\n\n<p>&#8212; &#8212; &#8212;<\/p>\n\n\n\n<p><strong>Texto<\/strong>&nbsp;&#8211; Emanuelle Baires\/Semcom-Prefeito<\/p>\n\n\n\n<p><strong>Fotos &#8211;<\/strong> Antonio Pereira\/Semcom-Prefeito e Jo\u00e3o Viana\/Semcom<\/p>\n\n\n\n<p><strong>Dispon\u00edveis em &#8211; <\/strong><a href=\"https:\/\/flic.kr\/s\/aHBqjCG4mt\">https:\/\/flic.kr\/s\/aHBqjCG4mt<\/a><\/p>\n","protected":false},"excerpt":{"rendered":"","protected":false},"author":39,"featured_media":250575,"comment_status":"closed","ping_status":"closed","sticky":false,"template":"","format":"standard","meta":{"footnotes":""},"categories":[49],"tags":[35,18752,18753,77,18754,62],"acf":[],"yoast_head":"<!-- This site is optimized with the Yoast SEO plugin v23.0 - https:\/\/yoast.com\/wordpress\/plugins\/seo\/ -->\n<title>Prefeito David Almeida entrega escola revitalizada na Compensa<\/title>\n<meta name=\"description\" content=\"Prefeito David Almeida reinaugura escola revitalizada na Compensa e refor\u00e7a educa\u00e7\u00e3o com mais de 380 unidades j\u00e1 entregues.\" \/>\n<meta name=\"robots\" content=\"index, follow, max-snippet:-1, max-image-preview:large, max-video-preview:-1\" \/>\n<link rel=\"canonical\" href=\"https:\/\/www.manaus.am.gov.br\/semcom\/reinaguracao-escola-compensa\/\" \/>\n<meta property=\"og:locale\" content=\"pt_BR\" \/>\n<meta property=\"og:type\" content=\"article\" \/>\n<meta property=\"og:title\" content=\"Prefeito David Almeida entrega escola revitalizada na Compensa\" \/>\n<meta property=\"og:description\" content=\"Prefeito David Almeida reinaugura escola revitalizada na Compensa e refor\u00e7a educa\u00e7\u00e3o com mais de 380 unidades j\u00e1 entregues.\" \/>\n<meta property=\"og:url\" content=\"https:\/\/www.manaus.am.gov.br\/semcom\/reinaguracao-escola-compensa\/\" \/>\n<meta property=\"og:site_name\" content=\"SEMCOM\" \/>\n<meta property=\"article:published_time\" content=\"2026-01-08T18:49:27+00:00\" \/>\n<meta property=\"article:modified_time\" content=\"2026-01-08T22:14:51+00:00\" \/>\n<meta property=\"og:image\" content=\"https:\/\/www.manaus.am.gov.br\/semcom\/wp-content\/uploads\/sites\/5\/2026\/01\/55029600127_16e73e6ff2_k.jpg\" \/>\n\t<meta property=\"og:image:width\" content=\"2048\" \/>\n\t<meta property=\"og:image:height\" content=\"1365\" \/>\n\t<meta property=\"og:image:type\" content=\"image\/jpeg\" \/>\n<meta name=\"author\" content=\"Bruna Greco\" \/>\n<meta name=\"twitter:card\" content=\"summary_large_image\" \/>\n<meta name=\"twitter:label1\" content=\"Written by\" \/>\n\t<meta name=\"twitter:data1\" content=\"Bruna Greco\" \/>\n\t<meta name=\"twitter:label2\" content=\"Est. reading time\" \/>\n\t<meta name=\"twitter:data2\" content=\"4 minutos\" \/>\n<script type=\"application\/ld+json\" class=\"yoast-schema-graph\">{\"@context\":\"https:\/\/schema.org\",\"@graph\":[{\"@type\":\"WebPage\",\"@id\":\"https:\/\/www.manaus.am.gov.br\/semcom\/reinaguracao-escola-compensa\/\",\"url\":\"https:\/\/www.manaus.am.gov.br\/semcom\/reinaguracao-escola-compensa\/\",\"name\":\"Prefeito David Almeida entrega escola revitalizada na Compensa\",\"isPartOf\":{\"@id\":\"https:\/\/www.manaus.am.gov.br\/semcom\/#website\"},\"primaryImageOfPage\":{\"@id\":\"https:\/\/www.manaus.am.gov.br\/semcom\/reinaguracao-escola-compensa\/#primaryimage\"},\"image\":{\"@id\":\"https:\/\/www.manaus.am.gov.br\/semcom\/reinaguracao-escola-compensa\/#primaryimage\"},\"thumbnailUrl\":\"https:\/\/www.manaus.am.gov.br\/semcom\/wp-content\/uploads\/sites\/5\/2026\/01\/55029600127_16e73e6ff2_k.jpg\",\"datePublished\":\"2026-01-08T18:49:27+00:00\",\"dateModified\":\"2026-01-08T22:14:51+00:00\",\"author\":{\"@id\":\"https:\/\/www.manaus.am.gov.br\/semcom\/#\/schema\/person\/05d223aea2bf115f9883a6ff3683d81b\"},\"description\":\"Prefeito David Almeida reinaugura escola revitalizada na Compensa e refor\u00e7a educa\u00e7\u00e3o com mais de 380 unidades j\u00e1 entregues.\",\"inLanguage\":\"pt-BR\",\"potentialAction\":[{\"@type\":\"ReadAction\",\"target\":[\"https:\/\/www.manaus.am.gov.br\/semcom\/reinaguracao-escola-compensa\/\"]}]},{\"@type\":\"ImageObject\",\"inLanguage\":\"pt-BR\",\"@id\":\"https:\/\/www.manaus.am.gov.br\/semcom\/reinaguracao-escola-compensa\/#primaryimage\",\"url\":\"https:\/\/www.manaus.am.gov.br\/semcom\/wp-content\/uploads\/sites\/5\/2026\/01\/55029600127_16e73e6ff2_k.jpg\",\"contentUrl\":\"https:\/\/www.manaus.am.gov.br\/semcom\/wp-content\/uploads\/sites\/5\/2026\/01\/55029600127_16e73e6ff2_k.jpg\",\"width\":2048,\"height\":1365,\"caption\":\"#paratodosverem - Prefeito de Manaus, David Almeida, acompanhado de secret\u00e1rios municipais, durante descerramento da placa de reinaugura\u00e7\u00e3o da escola municipal Professora Perc\u00edlia do Nascimento Souza, no bairro Compensa\"},{\"@type\":\"WebSite\",\"@id\":\"https:\/\/www.manaus.am.gov.br\/semcom\/#website\",\"url\":\"https:\/\/www.manaus.am.gov.br\/semcom\/\",\"name\":\"SEMCOM\",\"description\":\"Secretaria Municipal de Comunica\u00e7\u00e3o\",\"potentialAction\":[{\"@type\":\"SearchAction\",\"target\":{\"@type\":\"EntryPoint\",\"urlTemplate\":\"https:\/\/www.manaus.am.gov.br\/semcom\/?s={search_term_string}\"},\"query-input\":\"required name=search_term_string\"}],\"inLanguage\":\"pt-BR\"},{\"@type\":\"Person\",\"@id\":\"https:\/\/www.manaus.am.gov.br\/semcom\/#\/schema\/person\/05d223aea2bf115f9883a6ff3683d81b\",\"name\":\"Bruna Greco\",\"image\":{\"@type\":\"ImageObject\",\"inLanguage\":\"pt-BR\",\"@id\":\"https:\/\/www.manaus.am.gov.br\/semcom\/#\/schema\/person\/image\/\",\"url\":\"https:\/\/secure.gravatar.com\/avatar\/9c877d1a6adc2a055330e5c09a8653ce?s=96&d=mm&r=g\",\"contentUrl\":\"https:\/\/secure.gravatar.com\/avatar\/9c877d1a6adc2a055330e5c09a8653ce?s=96&d=mm&r=g\",\"caption\":\"Bruna Greco\"}}]}<\/script>\n<!-- \/ Yoast SEO plugin. -->","yoast_head_json":{"title":"Prefeito David Almeida entrega escola revitalizada na Compensa","description":"Prefeito David Almeida reinaugura escola revitalizada na Compensa e refor\u00e7a educa\u00e7\u00e3o com mais de 380 unidades j\u00e1 entregues.","robots":{"index":"index","follow":"follow","max-snippet":"max-snippet:-1","max-image-preview":"max-image-preview:large","max-video-preview":"max-video-preview:-1"},"canonical":"https:\/\/www.manaus.am.gov.br\/semcom\/reinaguracao-escola-compensa\/","og_locale":"pt_BR","og_type":"article","og_title":"Prefeito David Almeida entrega escola revitalizada na Compensa","og_description":"Prefeito David Almeida reinaugura escola revitalizada na Compensa e refor\u00e7a educa\u00e7\u00e3o com mais de 380 unidades j\u00e1 entregues.","og_url":"https:\/\/www.manaus.am.gov.br\/semcom\/reinaguracao-escola-compensa\/","og_site_name":"SEMCOM","article_published_time":"2026-01-08T18:49:27+00:00","article_modified_time":"2026-01-08T22:14:51+00:00","og_image":[{"width":2048,"height":1365,"url":"https:\/\/www.manaus.am.gov.br\/semcom\/wp-content\/uploads\/sites\/5\/2026\/01\/55029600127_16e73e6ff2_k.jpg","type":"image\/jpeg"}],"author":"Bruna Greco","twitter_card":"summary_large_image","twitter_misc":{"Written by":"Bruna Greco","Est. reading time":"4 minutos"},"schema":{"@context":"https:\/\/schema.org","@graph":[{"@type":"WebPage","@id":"https:\/\/www.manaus.am.gov.br\/semcom\/reinaguracao-escola-compensa\/","url":"https:\/\/www.manaus.am.gov.br\/semcom\/reinaguracao-escola-compensa\/","name":"Prefeito David Almeida entrega escola revitalizada na Compensa","isPartOf":{"@id":"https:\/\/www.manaus.am.gov.br\/semcom\/#website"},"primaryImageOfPage":{"@id":"https:\/\/www.manaus.am.gov.br\/semcom\/reinaguracao-escola-compensa\/#primaryimage"},"image":{"@id":"https:\/\/www.manaus.am.gov.br\/semcom\/reinaguracao-escola-compensa\/#primaryimage"},"thumbnailUrl":"https:\/\/www.manaus.am.gov.br\/semcom\/wp-content\/uploads\/sites\/5\/2026\/01\/55029600127_16e73e6ff2_k.jpg","datePublished":"2026-01-08T18:49:27+00:00","dateModified":"2026-01-08T22:14:51+00:00","author":{"@id":"https:\/\/www.manaus.am.gov.br\/semcom\/#\/schema\/person\/05d223aea2bf115f9883a6ff3683d81b"},"description":"Prefeito David Almeida reinaugura escola revitalizada na Compensa e refor\u00e7a educa\u00e7\u00e3o com mais de 380 unidades j\u00e1 entregues.","inLanguage":"pt-BR","potentialAction":[{"@type":"ReadAction","target":["https:\/\/www.manaus.am.gov.br\/semcom\/reinaguracao-escola-compensa\/"]}]},{"@type":"ImageObject","inLanguage":"pt-BR","@id":"https:\/\/www.manaus.am.gov.br\/semcom\/reinaguracao-escola-compensa\/#primaryimage","url":"https:\/\/www.manaus.am.gov.br\/semcom\/wp-content\/uploads\/sites\/5\/2026\/01\/55029600127_16e73e6ff2_k.jpg","contentUrl":"https:\/\/www.manaus.am.gov.br\/semcom\/wp-content\/uploads\/sites\/5\/2026\/01\/55029600127_16e73e6ff2_k.jpg","width":2048,"height":1365,"caption":"#paratodosverem - Prefeito de Manaus, David Almeida, acompanhado de secret\u00e1rios municipais, durante descerramento da placa de reinaugura\u00e7\u00e3o da escola municipal Professora Perc\u00edlia do Nascimento Souza, no bairro Compensa"},{"@type":"WebSite","@id":"https:\/\/www.manaus.am.gov.br\/semcom\/#website","url":"https:\/\/www.manaus.am.gov.br\/semcom\/","name":"SEMCOM","description":"Secretaria Municipal de Comunica\u00e7\u00e3o","potentialAction":[{"@type":"SearchAction","target":{"@type":"EntryPoint","urlTemplate":"https:\/\/www.manaus.am.gov.br\/semcom\/?s={search_term_string}"},"query-input":"required name=search_term_string"}],"inLanguage":"pt-BR"},{"@type":"Person","@id":"https:\/\/www.manaus.am.gov.br\/semcom\/#\/schema\/person\/05d223aea2bf115f9883a6ff3683d81b","name":"Bruna Greco","image":{"@type":"ImageObject","inLanguage":"pt-BR","@id":"https:\/\/www.manaus.am.gov.br\/semcom\/#\/schema\/person\/image\/","url":"https:\/\/secure.gravatar.com\/avatar\/9c877d1a6adc2a055330e5c09a8653ce?s=96&d=mm&r=g","contentUrl":"https:\/\/secure.gravatar.com\/avatar\/9c877d1a6adc2a055330e5c09a8653ce?s=96&d=mm&r=g","caption":"Bruna Greco"}}]}},"_links":{"self":[{"href":"https:\/\/www.manaus.am.gov.br\/semcom\/wp-json\/wp\/v2\/posts\/250574"}],"collection":[{"href":"https:\/\/www.manaus.am.gov.br\/semcom\/wp-json\/wp\/v2\/posts"}],"about":[{"href":"https:\/\/www.manaus.am.gov.br\/semcom\/wp-json\/wp\/v2\/types\/post"}],"author":[{"embeddable":true,"href":"https:\/\/www.manaus.am.gov.br\/semcom\/wp-json\/wp\/v2\/users\/39"}],"replies":[{"embeddable":true,"href":"https:\/\/www.manaus.am.gov.br\/semcom\/wp-json\/wp\/v2\/comments?post=250574"}],"version-history":[{"count":3,"href":"https:\/\/www.manaus.am.gov.br\/semcom\/wp-json\/wp\/v2\/posts\/250574\/revisions"}],"predecessor-version":[{"id":250597,"href":"https:\/\/www.manaus.am.gov.br\/semcom\/wp-json\/wp\/v2\/posts\/250574\/revisions\/250597"}],"wp:featuredmedia":[{"embeddable":true,"href":"https:\/\/www.manaus.am.gov.br\/semcom\/wp-json\/wp\/v2\/media\/250575"}],"wp:attachment":[{"href":"https:\/\/www.manaus.am.gov.br\/semcom\/wp-json\/wp\/v2\/media?parent=250574"}],"wp:term":[{"taxonomy":"category","embeddable":true,"href":"https:\/\/www.manaus.am.gov.br\/semcom\/wp-json\/wp\/v2\/categories?post=250574"},{"taxonomy":"post_tag","embeddable":true,"href":"https:\/\/www.manaus.am.gov.br\/semcom\/wp-json\/wp\/v2\/tags?post=250574"}],"curies":[{"name":"wp","href":"https:\/\/api.w.org\/{rel}","templated":true}]}}