{"id":250537,"date":"2026-01-07T17:08:00","date_gmt":"2026-01-07T20:08:00","guid":{"rendered":"https:\/\/www.manaus.am.gov.br\/semcom\/campanha-janeiro-branco\/"},"modified":"2026-01-07T17:08:02","modified_gmt":"2026-01-07T20:08:02","slug":"campanha-janeiro-branco","status":"publish","type":"post","link":"https:\/\/www.manaus.am.gov.br\/semcom\/campanha-janeiro-branco\/","title":{"rendered":"Prefeitura orienta sobre cuidados e promo\u00e7\u00e3o da sa\u00fade mental na campanha \u2018Janeiro Branco\u2019"},"content":{"rendered":"\n<p>As equipes de sa\u00fade da Prefeitura de Manaus est\u00e3o promovendo a\u00e7\u00f5es educativas com o objetivo de sensibilizar e conscientizar a popula\u00e7\u00e3o sobre a import\u00e2ncia e os cuidados para a promo\u00e7\u00e3o da sa\u00fade mental e emocional, como parte da campanha \u201cJaneiro Branco\u201d. A programa\u00e7\u00e3o \u00e9 conduzida pela Secretaria Municipal de Sa\u00fade (Semsa) e acontecer\u00e1 ao longo de todo este m\u00eas, nas unidades b\u00e1sicas, policl\u00ednicas e Centros de Aten\u00e7\u00e3o Psicossocial (Caps) da rede municipal.<\/p>\n\n\n\n<p>Por meio de palestras e rodas de conversa, os profissionais da Semsa v\u00e3o informar e sensibilizar o p\u00fablico sobre a sa\u00fade mental e emocional, trazendo ainda orienta\u00e7\u00f5es e pr\u00e1ticas de autocuidado para a promo\u00e7\u00e3o do equil\u00edbrio e a preven\u00e7\u00e3o de transtornos como depress\u00e3o e ansiedade. Tamb\u00e9m haver\u00e1 oferta de atendimentos com profissionais psic\u00f3logos e distribui\u00e7\u00e3o de material informativo para os usu\u00e1rios.<\/p>\n\n\n\n<p>A chefe da Divis\u00e3o de Rede de Aten\u00e7\u00e3o Psicossocial da Semsa, psic\u00f3loga Jeane Leite, relata que a programa\u00e7\u00e3o t\u00eam \u00eanfase principal na preven\u00e7\u00e3o dos problemas de sa\u00fade mental, buscando estimular as pessoas a mudar estilos de vida e incluir na rotina pr\u00e1ticas e atividades que favore\u00e7am o equil\u00edbrio f\u00edsico, mental e emocional.<\/p>\n\n\n\n<p>\u201cCada pessoa tem uma atividade que lhe traz bem-estar, um momento ou situa\u00e7\u00e3o que vai permitir a ela, por assim dizer, recarregar as suas baterias e ter energia emocional para lidar da melhor forma com os desafios e as tens\u00f5es do dia a dia\u201d, aponta a gestora.<\/p>\n\n\n\n<p>Jeane cita exerc\u00edcios f\u00edsicos e esportivos, momentos de lazer, trabalhos manuais e socializa\u00e7\u00e3o como algumas das atividades que favorecem a sa\u00fade mental. \u201cCada pessoa precisa olhar para si, identificar o que lhe traz a sensa\u00e7\u00e3o de bem-estar, o que a deixa em equil\u00edbrio, e come\u00e7ar a organizar sua rotina privilegiando essas atividades\u201d.<\/p>\n\n\n\n<p>Al\u00e9m do refor\u00e7o na preven\u00e7\u00e3o, as a\u00e7\u00f5es do \u201cJaneiro Branco\u201d buscam incentivar as pessoas a buscar ajuda para o tratamento de quest\u00f5es mentais e emocionais quando necess\u00e1rio, desfazendo estigmas que envolvem a aten\u00e7\u00e3o \u00e0 sa\u00fade mental.<\/p>\n\n\n\n<p>\u201cMuitas pessoas deixam de buscar ajuda porque a associam a quest\u00f5es negativas, como fraqueza ou loucura, e a condi\u00e7\u00e3o que elas t\u00eam vai se agravando com o tempo. Se ela sente que n\u00e3o est\u00e1 bem e que precisa de ajuda, \u00e9 essencial que a pessoa procure um profissional da sa\u00fade\u201d, enfatiza.<\/p>\n\n\n\n<p>Conforme Jeane, pessoas com demandas relacionadas \u00e0 sa\u00fade mental e emocional podem buscar a Unidade de Sa\u00fade da Fam\u00edlia (USF) mais pr\u00f3xima para atendimento inicial. \u201cPessoas com transtornos mentais leves podem ser atendidas na pr\u00f3pria unidade, onde o profissional far\u00e1 uma escuta qualificada e ajudar\u00e1 a pessoa da melhor forma poss\u00edvel\u201d.<\/p>\n\n\n\n<p>A gestora complementa que casos moderados podem ser referenciados para policl\u00ednicas, enquanto os casos graves s\u00e3o direcionados para um dos seis Caps da rede de aten\u00e7\u00e3o psicossocial em Manaus, sendo cinco da rede municipal e um da estadual. Os centros, voltados a diferentes p\u00fablicos, de crian\u00e7as e adolescentes a adultos, atendem casos de pessoas com transtornos mentais graves ou com problemas relacionados ao uso prejudicial de \u00e1lcool e outras drogas.<\/p>\n\n\n\n<p>Por sua vez, os usu\u00e1rios em situa\u00e7\u00e3o de urg\u00eancia e emerg\u00eancia s\u00e3o encaminhados para o Centro de Sa\u00fade Mental do Amazonas (Cesman), servi\u00e7o de pronto atendimento da rede estadual que funciona todos os dias, em regime de 24 horas.<\/p>\n\n\n\n<p>\u201cEm qualquer caso, se j\u00e1 tem um transtorno mental instalado ou est\u00e1 s\u00f3 numa situa\u00e7\u00e3o de sofrimento ps\u00edquico, a pessoa deve buscar ajuda o quanto antes. E todas as pessoas, mesmo sem transtornos, precisam tamb\u00e9m cuidar da sa\u00fade mental para permanecer bem\u201d, orienta Jeane.<\/p>\n\n\n\n<p><strong>Campanha<\/strong><\/p>\n\n\n\n<p>Mais de 70 unidades integram a agenda do \u201cJaneiro Branco\u201d da Semsa, dentre USFs, policl\u00ednicas e Caps, nos cinco Distritos de Sa\u00fade (Disas) da rede municipal, Norte, Leste, Sul, Oeste e rural. A programa\u00e7\u00e3o inclui ainda a\u00e7\u00f5es educativas voltadas aos servidores da sa\u00fade, com atividades na sede da pasta e nas sedes distritais.<\/p>\n\n\n\n<p>A campanha \u201cJaneiro Branco\u201d \u00e9 realizada no Brasil desde 2014, com o objetivo de discutir e desenvolver a\u00e7\u00f5es em sa\u00fade mental. O m\u00eas que inicia o ano \u00e9 considerado estrat\u00e9gico para incentivar as pessoas a refletir sobre suas vidas, estabelecer metas e promover mudan\u00e7as na rotina e na sa\u00fade mental.<\/p>\n\n\n\n<p>Em Manaus, a campanha foi institu\u00edda pela Lei n\u00ba 2.224, de 20 de junho de 2017. Desde l\u00e1, a Semsa vem promovendo a\u00e7\u00f5es anuais referentes \u00e0 mobiliza\u00e7\u00e3o, voltadas \u00e0 promo\u00e7\u00e3o da sa\u00fade mental e \u00e0 preven\u00e7\u00e3o da ansiedade, depress\u00e3o e outros transtornos.<\/p>\n\n\n\n<p>\u2014&#8211; \u2014&#8211; \u2014-\u00a0<br><strong>Texto &#8211; <\/strong>Jony Clay Borges \/ Semsa<br><strong>Fotos &#8211; <\/strong>Divulga\u00e7\u00e3o \/ Semsa<\/p>\n","protected":false},"excerpt":{"rendered":"","protected":false},"author":68,"featured_media":250538,"comment_status":"closed","ping_status":"closed","sticky":false,"template":"","format":"standard","meta":{"footnotes":""},"categories":[1140],"tags":[1914,13173,77,18735,162,1143],"acf":[],"yoast_head":"<!-- This site is optimized with the Yoast SEO plugin v23.0 - https:\/\/yoast.com\/wordpress\/plugins\/seo\/ -->\n<title>Prefeitura orienta sobre cuidados e promo\u00e7\u00e3o da sa\u00fade mental<\/title>\n<meta name=\"description\" content=\"As equipes de sa\u00fade da Prefeitura de Manaus est\u00e3o promovendo a\u00e7\u00f5es educativas com o objetivo de sensibilizar e conscientizar a popula\u00e7\u00e3o sobre a import\u00e2ncia e os cuidados para a promo\u00e7\u00e3o da sa\u00fade mental e emocional, como parte da campanha \u201cJaneiro Branco\u201d.\" \/>\n<meta name=\"robots\" content=\"index, follow, max-snippet:-1, max-image-preview:large, max-video-preview:-1\" \/>\n<link rel=\"canonical\" href=\"https:\/\/www.manaus.am.gov.br\/semcom\/campanha-janeiro-branco\/\" \/>\n<meta property=\"og:locale\" content=\"pt_BR\" \/>\n<meta property=\"og:type\" content=\"article\" \/>\n<meta property=\"og:title\" content=\"Prefeitura orienta sobre cuidados e promo\u00e7\u00e3o da sa\u00fade mental\" \/>\n<meta property=\"og:description\" content=\"As equipes de sa\u00fade da Prefeitura de Manaus est\u00e3o promovendo a\u00e7\u00f5es educativas com o objetivo de sensibilizar e conscientizar a popula\u00e7\u00e3o sobre a import\u00e2ncia e os cuidados para a promo\u00e7\u00e3o da sa\u00fade mental e emocional, como parte da campanha \u201cJaneiro Branco\u201d.\" \/>\n<meta property=\"og:url\" content=\"https:\/\/www.manaus.am.gov.br\/semcom\/campanha-janeiro-branco\/\" \/>\n<meta property=\"og:site_name\" content=\"SEMCOM\" \/>\n<meta property=\"article:published_time\" content=\"2026-01-07T20:08:00+00:00\" \/>\n<meta property=\"article:modified_time\" content=\"2026-01-07T20:08:02+00:00\" \/>\n<meta property=\"og:image\" content=\"https:\/\/www.manaus.am.gov.br\/semcom\/wp-content\/uploads\/sites\/5\/2026\/01\/Semsa-Manaus_Janeiro-Branco-2.jpeg\" \/>\n\t<meta property=\"og:image:width\" content=\"1600\" \/>\n\t<meta property=\"og:image:height\" content=\"1067\" \/>\n\t<meta property=\"og:image:type\" content=\"image\/jpeg\" \/>\n<meta name=\"author\" content=\"bvalente\" \/>\n<meta name=\"twitter:card\" content=\"summary_large_image\" \/>\n<meta name=\"twitter:label1\" content=\"Written by\" \/>\n\t<meta name=\"twitter:data1\" content=\"bvalente\" \/>\n\t<meta name=\"twitter:label2\" content=\"Est. reading time\" \/>\n\t<meta name=\"twitter:data2\" content=\"5 minutos\" \/>\n<script type=\"application\/ld+json\" class=\"yoast-schema-graph\">{\"@context\":\"https:\/\/schema.org\",\"@graph\":[{\"@type\":\"WebPage\",\"@id\":\"https:\/\/www.manaus.am.gov.br\/semcom\/campanha-janeiro-branco\/\",\"url\":\"https:\/\/www.manaus.am.gov.br\/semcom\/campanha-janeiro-branco\/\",\"name\":\"Prefeitura orienta sobre cuidados e promo\u00e7\u00e3o da sa\u00fade mental\",\"isPartOf\":{\"@id\":\"https:\/\/www.manaus.am.gov.br\/semcom\/#website\"},\"primaryImageOfPage\":{\"@id\":\"https:\/\/www.manaus.am.gov.br\/semcom\/campanha-janeiro-branco\/#primaryimage\"},\"image\":{\"@id\":\"https:\/\/www.manaus.am.gov.br\/semcom\/campanha-janeiro-branco\/#primaryimage\"},\"thumbnailUrl\":\"https:\/\/www.manaus.am.gov.br\/semcom\/wp-content\/uploads\/sites\/5\/2026\/01\/Semsa-Manaus_Janeiro-Branco-2.jpeg\",\"datePublished\":\"2026-01-07T20:08:00+00:00\",\"dateModified\":\"2026-01-07T20:08:02+00:00\",\"author\":{\"@id\":\"https:\/\/www.manaus.am.gov.br\/semcom\/#\/schema\/person\/466a0e03ae4b6062809046bd560ac955\"},\"description\":\"As equipes de sa\u00fade da Prefeitura de Manaus est\u00e3o promovendo a\u00e7\u00f5es educativas com o objetivo de sensibilizar e conscientizar a popula\u00e7\u00e3o sobre a import\u00e2ncia e os cuidados para a promo\u00e7\u00e3o da sa\u00fade mental e emocional, como parte da campanha \u201cJaneiro Branco\u201d.\",\"inLanguage\":\"pt-BR\",\"potentialAction\":[{\"@type\":\"ReadAction\",\"target\":[\"https:\/\/www.manaus.am.gov.br\/semcom\/campanha-janeiro-branco\/\"]}]},{\"@type\":\"ImageObject\",\"inLanguage\":\"pt-BR\",\"@id\":\"https:\/\/www.manaus.am.gov.br\/semcom\/campanha-janeiro-branco\/#primaryimage\",\"url\":\"https:\/\/www.manaus.am.gov.br\/semcom\/wp-content\/uploads\/sites\/5\/2026\/01\/Semsa-Manaus_Janeiro-Branco-2.jpeg\",\"contentUrl\":\"https:\/\/www.manaus.am.gov.br\/semcom\/wp-content\/uploads\/sites\/5\/2026\/01\/Semsa-Manaus_Janeiro-Branco-2.jpeg\",\"width\":1600,\"height\":1067,\"caption\":\"#paratodosverem - Imagem de duas pessoas se abra\u00e7ando, representando a campanha \u201cJaneiro Branco\u201d\"},{\"@type\":\"WebSite\",\"@id\":\"https:\/\/www.manaus.am.gov.br\/semcom\/#website\",\"url\":\"https:\/\/www.manaus.am.gov.br\/semcom\/\",\"name\":\"SEMCOM\",\"description\":\"Secretaria Municipal de Comunica\u00e7\u00e3o\",\"potentialAction\":[{\"@type\":\"SearchAction\",\"target\":{\"@type\":\"EntryPoint\",\"urlTemplate\":\"https:\/\/www.manaus.am.gov.br\/semcom\/?s={search_term_string}\"},\"query-input\":\"required name=search_term_string\"}],\"inLanguage\":\"pt-BR\"},{\"@type\":\"Person\",\"@id\":\"https:\/\/www.manaus.am.gov.br\/semcom\/#\/schema\/person\/466a0e03ae4b6062809046bd560ac955\",\"name\":\"bvalente\",\"image\":{\"@type\":\"ImageObject\",\"inLanguage\":\"pt-BR\",\"@id\":\"https:\/\/www.manaus.am.gov.br\/semcom\/#\/schema\/person\/image\/\",\"url\":\"https:\/\/secure.gravatar.com\/avatar\/3e69bc2b014bdad41adfec3a39de07d2?s=96&d=mm&r=g\",\"contentUrl\":\"https:\/\/secure.gravatar.com\/avatar\/3e69bc2b014bdad41adfec3a39de07d2?s=96&d=mm&r=g\",\"caption\":\"bvalente\"}}]}<\/script>\n<!-- \/ Yoast SEO plugin. -->","yoast_head_json":{"title":"Prefeitura orienta sobre cuidados e promo\u00e7\u00e3o da sa\u00fade mental","description":"As equipes de sa\u00fade da Prefeitura de Manaus est\u00e3o promovendo a\u00e7\u00f5es educativas com o objetivo de sensibilizar e conscientizar a popula\u00e7\u00e3o sobre a import\u00e2ncia e os cuidados para a promo\u00e7\u00e3o da sa\u00fade mental e emocional, como parte da campanha \u201cJaneiro Branco\u201d.","robots":{"index":"index","follow":"follow","max-snippet":"max-snippet:-1","max-image-preview":"max-image-preview:large","max-video-preview":"max-video-preview:-1"},"canonical":"https:\/\/www.manaus.am.gov.br\/semcom\/campanha-janeiro-branco\/","og_locale":"pt_BR","og_type":"article","og_title":"Prefeitura orienta sobre cuidados e promo\u00e7\u00e3o da sa\u00fade mental","og_description":"As equipes de sa\u00fade da Prefeitura de Manaus est\u00e3o promovendo a\u00e7\u00f5es educativas com o objetivo de sensibilizar e conscientizar a popula\u00e7\u00e3o sobre a import\u00e2ncia e os cuidados para a promo\u00e7\u00e3o da sa\u00fade mental e emocional, como parte da campanha \u201cJaneiro Branco\u201d.","og_url":"https:\/\/www.manaus.am.gov.br\/semcom\/campanha-janeiro-branco\/","og_site_name":"SEMCOM","article_published_time":"2026-01-07T20:08:00+00:00","article_modified_time":"2026-01-07T20:08:02+00:00","og_image":[{"width":1600,"height":1067,"url":"https:\/\/www.manaus.am.gov.br\/semcom\/wp-content\/uploads\/sites\/5\/2026\/01\/Semsa-Manaus_Janeiro-Branco-2.jpeg","type":"image\/jpeg"}],"author":"bvalente","twitter_card":"summary_large_image","twitter_misc":{"Written by":"bvalente","Est. reading time":"5 minutos"},"schema":{"@context":"https:\/\/schema.org","@graph":[{"@type":"WebPage","@id":"https:\/\/www.manaus.am.gov.br\/semcom\/campanha-janeiro-branco\/","url":"https:\/\/www.manaus.am.gov.br\/semcom\/campanha-janeiro-branco\/","name":"Prefeitura orienta sobre cuidados e promo\u00e7\u00e3o da sa\u00fade mental","isPartOf":{"@id":"https:\/\/www.manaus.am.gov.br\/semcom\/#website"},"primaryImageOfPage":{"@id":"https:\/\/www.manaus.am.gov.br\/semcom\/campanha-janeiro-branco\/#primaryimage"},"image":{"@id":"https:\/\/www.manaus.am.gov.br\/semcom\/campanha-janeiro-branco\/#primaryimage"},"thumbnailUrl":"https:\/\/www.manaus.am.gov.br\/semcom\/wp-content\/uploads\/sites\/5\/2026\/01\/Semsa-Manaus_Janeiro-Branco-2.jpeg","datePublished":"2026-01-07T20:08:00+00:00","dateModified":"2026-01-07T20:08:02+00:00","author":{"@id":"https:\/\/www.manaus.am.gov.br\/semcom\/#\/schema\/person\/466a0e03ae4b6062809046bd560ac955"},"description":"As equipes de sa\u00fade da Prefeitura de Manaus est\u00e3o promovendo a\u00e7\u00f5es educativas com o objetivo de sensibilizar e conscientizar a popula\u00e7\u00e3o sobre a import\u00e2ncia e os cuidados para a promo\u00e7\u00e3o da sa\u00fade mental e emocional, como parte da campanha \u201cJaneiro Branco\u201d.","inLanguage":"pt-BR","potentialAction":[{"@type":"ReadAction","target":["https:\/\/www.manaus.am.gov.br\/semcom\/campanha-janeiro-branco\/"]}]},{"@type":"ImageObject","inLanguage":"pt-BR","@id":"https:\/\/www.manaus.am.gov.br\/semcom\/campanha-janeiro-branco\/#primaryimage","url":"https:\/\/www.manaus.am.gov.br\/semcom\/wp-content\/uploads\/sites\/5\/2026\/01\/Semsa-Manaus_Janeiro-Branco-2.jpeg","contentUrl":"https:\/\/www.manaus.am.gov.br\/semcom\/wp-content\/uploads\/sites\/5\/2026\/01\/Semsa-Manaus_Janeiro-Branco-2.jpeg","width":1600,"height":1067,"caption":"#paratodosverem - Imagem de duas pessoas se abra\u00e7ando, representando a campanha \u201cJaneiro Branco\u201d"},{"@type":"WebSite","@id":"https:\/\/www.manaus.am.gov.br\/semcom\/#website","url":"https:\/\/www.manaus.am.gov.br\/semcom\/","name":"SEMCOM","description":"Secretaria Municipal de Comunica\u00e7\u00e3o","potentialAction":[{"@type":"SearchAction","target":{"@type":"EntryPoint","urlTemplate":"https:\/\/www.manaus.am.gov.br\/semcom\/?s={search_term_string}"},"query-input":"required name=search_term_string"}],"inLanguage":"pt-BR"},{"@type":"Person","@id":"https:\/\/www.manaus.am.gov.br\/semcom\/#\/schema\/person\/466a0e03ae4b6062809046bd560ac955","name":"bvalente","image":{"@type":"ImageObject","inLanguage":"pt-BR","@id":"https:\/\/www.manaus.am.gov.br\/semcom\/#\/schema\/person\/image\/","url":"https:\/\/secure.gravatar.com\/avatar\/3e69bc2b014bdad41adfec3a39de07d2?s=96&d=mm&r=g","contentUrl":"https:\/\/secure.gravatar.com\/avatar\/3e69bc2b014bdad41adfec3a39de07d2?s=96&d=mm&r=g","caption":"bvalente"}}]}},"_links":{"self":[{"href":"https:\/\/www.manaus.am.gov.br\/semcom\/wp-json\/wp\/v2\/posts\/250537"}],"collection":[{"href":"https:\/\/www.manaus.am.gov.br\/semcom\/wp-json\/wp\/v2\/posts"}],"about":[{"href":"https:\/\/www.manaus.am.gov.br\/semcom\/wp-json\/wp\/v2\/types\/post"}],"author":[{"embeddable":true,"href":"https:\/\/www.manaus.am.gov.br\/semcom\/wp-json\/wp\/v2\/users\/68"}],"replies":[{"embeddable":true,"href":"https:\/\/www.manaus.am.gov.br\/semcom\/wp-json\/wp\/v2\/comments?post=250537"}],"version-history":[{"count":0,"href":"https:\/\/www.manaus.am.gov.br\/semcom\/wp-json\/wp\/v2\/posts\/250537\/revisions"}],"wp:featuredmedia":[{"embeddable":true,"href":"https:\/\/www.manaus.am.gov.br\/semcom\/wp-json\/wp\/v2\/media\/250538"}],"wp:attachment":[{"href":"https:\/\/www.manaus.am.gov.br\/semcom\/wp-json\/wp\/v2\/media?parent=250537"}],"wp:term":[{"taxonomy":"category","embeddable":true,"href":"https:\/\/www.manaus.am.gov.br\/semcom\/wp-json\/wp\/v2\/categories?post=250537"},{"taxonomy":"post_tag","embeddable":true,"href":"https:\/\/www.manaus.am.gov.br\/semcom\/wp-json\/wp\/v2\/tags?post=250537"}],"curies":[{"name":"wp","href":"https:\/\/api.w.org\/{rel}","templated":true}]}}