{"id":250492,"date":"2026-01-07T10:57:51","date_gmt":"2026-01-07T14:57:51","guid":{"rendered":"https:\/\/www.manaus.am.gov.br\/semcom\/nova-sede-implurb-visita-tecnica\/"},"modified":"2026-01-07T12:01:58","modified_gmt":"2026-01-07T15:01:58","slug":"nova-sede-implurb-visita-tecnica","status":"publish","type":"post","link":"https:\/\/www.manaus.am.gov.br\/semcom\/nova-sede-implurb-visita-tecnica\/","title":{"rendered":"Servidores do Implurb conhecem nova sede em visita t\u00e9cnica e celebram avan\u00e7o estrutural da Prefeitura de Manaus"},"content":{"rendered":"\n<p>Mais do que apresentar um novo pr\u00e9dio, a visita t\u00e9cnica \u00e0 nova sede do Instituto Municipal de Planejamento Urbano (Implurb), da Prefeitura de Manaus, simbolizou um avan\u00e7o na forma de pensar a cidade e valorizar quem trabalha diariamente para planej\u00e1-la. Na ter\u00e7a-feira, 6\/1, servidores da autarquia participaram de uma visita ao novo espa\u00e7o, localizado no parque Mosaico, no bairro Tarum\u00e3, zona Oeste.<\/p>\n\n\n\n<p>A atividade marcou um momento simb\u00f3lico de transi\u00e7\u00e3o e celebra\u00e7\u00e3o, ao apresentar de perto um espa\u00e7o concebido para refletir o novo patamar de moderniza\u00e7\u00e3o, efici\u00eancia e cuidado com o servi\u00e7o p\u00fablico da Prefeitura de Manaus e da gest\u00e3o do prefeito David Almeida.<\/p>\n\n\n\n<p>Para o diretor-presidente do Implurb, Carlos Valente, o edif\u00edcio representa muito mais do que uma mudan\u00e7a de endere\u00e7o. \u201c\u00c9 com grande satisfa\u00e7\u00e3o que apresentamos a nova sede. Trata-se de uma evolu\u00e7\u00e3o em rela\u00e7\u00e3o \u00e0s instala\u00e7\u00f5es anteriores, que nos abrigaram por mais de duas d\u00e9cadas. O projeto foi pensado para comportar o Implurb do presente e do futuro, qualificando o atendimento \u00e0 popula\u00e7\u00e3o e oferecendo melhores condi\u00e7\u00f5es de trabalho aos servidores\u201d, afirmou.<\/p>\n\n\n\n<p>Segundo ele, a experi\u00eancia acumulada ao longo de 20 anos no antigo pr\u00e9dio da avenida Brasil foi fundamental para o planejamento da nova estrutura. \u201cMesmo com um crescimento projetado de at\u00e9 50% no n\u00famero de servidores, o pr\u00e9dio foi desenhado para garantir conforto, funcionalidade e acessibilidade. \u00c9 uma mudan\u00e7a estrutural que impacta diretamente a qualidade do servi\u00e7o prestado ao cidad\u00e3o\u201d, destacou.<\/p>\n\n\n\n<p><strong>Arquitetura<\/strong><\/p>\n\n\n\n<p>Arquitetonicamente moderno e quebrando a concep\u00e7\u00e3o de pr\u00e9dios p\u00fablicos, a nova sede foi projetada pela equipe de arquitetos e engenheiros do Implurb. O diretor de Planejamento (DPLA), arquiteto e urbanista Pedro Paulo Cordeiro, refor\u00e7ou que a nova sede traduz a pr\u00f3pria miss\u00e3o do instituto enquanto \u00f3rg\u00e3o respons\u00e1vel por pensar e transformar a cidade.<\/p>\n\n\n\n<p>\u201cDesde&nbsp;o in\u00edcio, o pr\u00e9dio foi concebido para abrigar o Implurb do futuro. Se queremos uma Manaus com espa\u00e7os p\u00fablicos de qualidade, nossa sede precisava refletir isso. Hoje, estamos preparados, n\u00e3o apenas para este ano, mas para os pr\u00f3ximos 20 anos\u201d, ressaltou.<\/p>\n\n\n\n<p>Cordeiro lembrou ainda que as atribui\u00e7\u00f5es do instituto se ampliaram ao longo do tempo. \u201cO Implurb n\u00e3o atua mais apenas no controle e no planejamento urbano, mas tamb\u00e9m no cuidado com \u00e1reas p\u00fablicas e na entrega de espa\u00e7os urbanos qualificados. Essa estrutura responde a essa nova realidade\u201d, garantiu.<\/p>\n\n\n\n<p>J\u00e1 o vice-presidente do Implurb, Antonio Peixoto, enfatizou o car\u00e1ter inovador da arquitetura e o legado que o edif\u00edcio deixa para a cidade. \u201cO projeto rompe com o modelo tradicional de pr\u00e9dios p\u00fablicos, muitas vezes sem identidade. A nova sede tem uma arquitetura moderna, inspirada em institutos de tecnologia, e se destaca na paisagem urbana, sendo totalmente acess\u00edvel e inclusiva. \u00c9 motivo de orgulho. Deixamos um legado para Manaus, um pr\u00e9dio que valoriza o bairro, respeita as pessoas e projeta o crescimento institucional\u201d, concluiu.<\/p>\n\n\n\n<p>A diretora de Opera\u00e7\u00f5es (Diop), arquiteta e urbanista Jeane Mota, destacou o impacto positivo do novo ambiente, tanto para os servidores quanto para a popula\u00e7\u00e3o. \u201cEsta visita t\u00e9cnica permite que todos conhe\u00e7am um espa\u00e7o moderno, confort\u00e1vel e funcional. O pr\u00e9dio oferece melhores condi\u00e7\u00f5es de trabalho, estacionamento, acessibilidade e um atendimento mais qualificado ao p\u00fablico. \u00c9 um ganho coletivo\u201d, pontuou.<\/p>\n\n\n\n<p>A visita t\u00e9cnica refor\u00e7ou o sentimento de pertencimento dos servidores e marcou o in\u00edcio de um novo ciclo para o Implurb, alinhado \u00e0 inova\u00e7\u00e3o, \u00e0 valoriza\u00e7\u00e3o do servi\u00e7o p\u00fablico e \u00e0 constru\u00e7\u00e3o de uma cidade cada vez mais planejada e humana.<\/p>\n\n\n\n<figure class=\"wp-block-image size-large\"><img loading=\"lazy\" decoding=\"async\" width=\"1024\" height=\"683\" src=\"https:\/\/www.manaus.am.gov.br\/semcom\/wp-content\/uploads\/sites\/5\/2026\/01\/55027523186_4da89745c4_k-1-1024x683.jpg\" alt=\"\" class=\"wp-image-250493\" srcset=\"https:\/\/www.manaus.am.gov.br\/semcom\/wp-content\/uploads\/sites\/5\/2026\/01\/55027523186_4da89745c4_k-1-1024x683.jpg 1024w, https:\/\/www.manaus.am.gov.br\/semcom\/wp-content\/uploads\/sites\/5\/2026\/01\/55027523186_4da89745c4_k-1-300x200.jpg 300w, https:\/\/www.manaus.am.gov.br\/semcom\/wp-content\/uploads\/sites\/5\/2026\/01\/55027523186_4da89745c4_k-1-768x512.jpg 768w, https:\/\/www.manaus.am.gov.br\/semcom\/wp-content\/uploads\/sites\/5\/2026\/01\/55027523186_4da89745c4_k-1-1536x1024.jpg 1536w, https:\/\/www.manaus.am.gov.br\/semcom\/wp-content\/uploads\/sites\/5\/2026\/01\/55027523186_4da89745c4_k-1.jpg 2047w\" sizes=\"(max-width: 1024px) 100vw, 1024px\" \/><figcaption class=\"wp-element-caption\">#paratodosverem &#8211; Fachada externa da nova sede do Implurb<\/figcaption><\/figure>\n\n\n\n<p><strong>&#8212; &#8212; &#8212;<\/strong><\/p>\n\n\n\n<p><strong>Texto \u2013&nbsp;<\/strong>Claudia do Valle\/Implurb<\/p>\n\n\n\n<p><strong>Fotos \u2013<\/strong>&nbsp;Ant\u00f4nio Pereira\/Semcom<\/p>\n\n\n\n<p><strong>Dispon\u00edveis em \u2013<\/strong><a href=\"https:\/\/flic.kr\/s\/aHBqjCFN9P\">https:\/\/flic.kr\/s\/aHBqjCFN9P<\/a><\/p>\n","protected":false},"excerpt":{"rendered":"","protected":false},"author":39,"featured_media":250494,"comment_status":"closed","ping_status":"closed","sticky":false,"template":"","format":"standard","meta":{"footnotes":""},"categories":[94],"tags":[18725,65,13432,77,1482],"acf":[],"yoast_head":"<!-- This site is optimized with the Yoast SEO plugin v23.0 - https:\/\/yoast.com\/wordpress\/plugins\/seo\/ -->\n<title>Servidores do Implurb conhecem nova sede em visita t\u00e9cnica<\/title>\n<meta name=\"description\" content=\"Servidores do Implurb conhecem nova sede em visita t\u00e9cnica e celebram avan\u00e7o estrutural da Prefeitura de Manaus.\" \/>\n<meta name=\"robots\" content=\"index, follow, max-snippet:-1, max-image-preview:large, max-video-preview:-1\" \/>\n<link rel=\"canonical\" href=\"https:\/\/www.manaus.am.gov.br\/semcom\/nova-sede-implurb-visita-tecnica\/\" \/>\n<meta property=\"og:locale\" content=\"pt_BR\" \/>\n<meta property=\"og:type\" content=\"article\" \/>\n<meta property=\"og:title\" content=\"Servidores do Implurb conhecem nova sede em visita t\u00e9cnica\" \/>\n<meta property=\"og:description\" content=\"Servidores do Implurb conhecem nova sede em visita t\u00e9cnica e celebram avan\u00e7o estrutural da Prefeitura de Manaus.\" \/>\n<meta property=\"og:url\" content=\"https:\/\/www.manaus.am.gov.br\/semcom\/nova-sede-implurb-visita-tecnica\/\" \/>\n<meta property=\"og:site_name\" content=\"SEMCOM\" \/>\n<meta property=\"article:published_time\" content=\"2026-01-07T14:57:51+00:00\" \/>\n<meta property=\"article:modified_time\" content=\"2026-01-07T15:01:58+00:00\" \/>\n<meta property=\"og:image\" content=\"https:\/\/www.manaus.am.gov.br\/semcom\/wp-content\/uploads\/sites\/5\/2026\/01\/55027848035_1f50ca3afd_k.jpg\" \/>\n\t<meta property=\"og:image:width\" content=\"2047\" \/>\n\t<meta property=\"og:image:height\" content=\"1365\" \/>\n\t<meta property=\"og:image:type\" content=\"image\/jpeg\" \/>\n<meta name=\"author\" content=\"Bruna Greco\" \/>\n<meta name=\"twitter:card\" content=\"summary_large_image\" \/>\n<meta name=\"twitter:label1\" content=\"Written by\" \/>\n\t<meta name=\"twitter:data1\" content=\"Bruna Greco\" \/>\n\t<meta name=\"twitter:label2\" content=\"Est. reading time\" \/>\n\t<meta name=\"twitter:data2\" content=\"4 minutos\" \/>\n<script type=\"application\/ld+json\" class=\"yoast-schema-graph\">{\"@context\":\"https:\/\/schema.org\",\"@graph\":[{\"@type\":\"WebPage\",\"@id\":\"https:\/\/www.manaus.am.gov.br\/semcom\/nova-sede-implurb-visita-tecnica\/\",\"url\":\"https:\/\/www.manaus.am.gov.br\/semcom\/nova-sede-implurb-visita-tecnica\/\",\"name\":\"Servidores do Implurb conhecem nova sede em visita t\u00e9cnica\",\"isPartOf\":{\"@id\":\"https:\/\/www.manaus.am.gov.br\/semcom\/#website\"},\"primaryImageOfPage\":{\"@id\":\"https:\/\/www.manaus.am.gov.br\/semcom\/nova-sede-implurb-visita-tecnica\/#primaryimage\"},\"image\":{\"@id\":\"https:\/\/www.manaus.am.gov.br\/semcom\/nova-sede-implurb-visita-tecnica\/#primaryimage\"},\"thumbnailUrl\":\"https:\/\/www.manaus.am.gov.br\/semcom\/wp-content\/uploads\/sites\/5\/2026\/01\/55027848035_1f50ca3afd_k.jpg\",\"datePublished\":\"2026-01-07T14:57:51+00:00\",\"dateModified\":\"2026-01-07T15:01:58+00:00\",\"author\":{\"@id\":\"https:\/\/www.manaus.am.gov.br\/semcom\/#\/schema\/person\/05d223aea2bf115f9883a6ff3683d81b\"},\"description\":\"Servidores do Implurb conhecem nova sede em visita t\u00e9cnica e celebram avan\u00e7o estrutural da Prefeitura de Manaus.\",\"inLanguage\":\"pt-BR\",\"potentialAction\":[{\"@type\":\"ReadAction\",\"target\":[\"https:\/\/www.manaus.am.gov.br\/semcom\/nova-sede-implurb-visita-tecnica\/\"]}]},{\"@type\":\"ImageObject\",\"inLanguage\":\"pt-BR\",\"@id\":\"https:\/\/www.manaus.am.gov.br\/semcom\/nova-sede-implurb-visita-tecnica\/#primaryimage\",\"url\":\"https:\/\/www.manaus.am.gov.br\/semcom\/wp-content\/uploads\/sites\/5\/2026\/01\/55027848035_1f50ca3afd_k.jpg\",\"contentUrl\":\"https:\/\/www.manaus.am.gov.br\/semcom\/wp-content\/uploads\/sites\/5\/2026\/01\/55027848035_1f50ca3afd_k.jpg\",\"width\":2047,\"height\":1365,\"caption\":\"#paratodosverem - Servidores do Implurb reunidos durante visita t\u00e9cnica a nova sede do Implurb\"},{\"@type\":\"WebSite\",\"@id\":\"https:\/\/www.manaus.am.gov.br\/semcom\/#website\",\"url\":\"https:\/\/www.manaus.am.gov.br\/semcom\/\",\"name\":\"SEMCOM\",\"description\":\"Secretaria Municipal de Comunica\u00e7\u00e3o\",\"potentialAction\":[{\"@type\":\"SearchAction\",\"target\":{\"@type\":\"EntryPoint\",\"urlTemplate\":\"https:\/\/www.manaus.am.gov.br\/semcom\/?s={search_term_string}\"},\"query-input\":\"required name=search_term_string\"}],\"inLanguage\":\"pt-BR\"},{\"@type\":\"Person\",\"@id\":\"https:\/\/www.manaus.am.gov.br\/semcom\/#\/schema\/person\/05d223aea2bf115f9883a6ff3683d81b\",\"name\":\"Bruna Greco\",\"image\":{\"@type\":\"ImageObject\",\"inLanguage\":\"pt-BR\",\"@id\":\"https:\/\/www.manaus.am.gov.br\/semcom\/#\/schema\/person\/image\/\",\"url\":\"https:\/\/secure.gravatar.com\/avatar\/9c877d1a6adc2a055330e5c09a8653ce?s=96&d=mm&r=g\",\"contentUrl\":\"https:\/\/secure.gravatar.com\/avatar\/9c877d1a6adc2a055330e5c09a8653ce?s=96&d=mm&r=g\",\"caption\":\"Bruna Greco\"}}]}<\/script>\n<!-- \/ Yoast SEO plugin. -->","yoast_head_json":{"title":"Servidores do Implurb conhecem nova sede em visita t\u00e9cnica","description":"Servidores do Implurb conhecem nova sede em visita t\u00e9cnica e celebram avan\u00e7o estrutural da Prefeitura de Manaus.","robots":{"index":"index","follow":"follow","max-snippet":"max-snippet:-1","max-image-preview":"max-image-preview:large","max-video-preview":"max-video-preview:-1"},"canonical":"https:\/\/www.manaus.am.gov.br\/semcom\/nova-sede-implurb-visita-tecnica\/","og_locale":"pt_BR","og_type":"article","og_title":"Servidores do Implurb conhecem nova sede em visita t\u00e9cnica","og_description":"Servidores do Implurb conhecem nova sede em visita t\u00e9cnica e celebram avan\u00e7o estrutural da Prefeitura de Manaus.","og_url":"https:\/\/www.manaus.am.gov.br\/semcom\/nova-sede-implurb-visita-tecnica\/","og_site_name":"SEMCOM","article_published_time":"2026-01-07T14:57:51+00:00","article_modified_time":"2026-01-07T15:01:58+00:00","og_image":[{"width":2047,"height":1365,"url":"https:\/\/www.manaus.am.gov.br\/semcom\/wp-content\/uploads\/sites\/5\/2026\/01\/55027848035_1f50ca3afd_k.jpg","type":"image\/jpeg"}],"author":"Bruna Greco","twitter_card":"summary_large_image","twitter_misc":{"Written by":"Bruna Greco","Est. reading time":"4 minutos"},"schema":{"@context":"https:\/\/schema.org","@graph":[{"@type":"WebPage","@id":"https:\/\/www.manaus.am.gov.br\/semcom\/nova-sede-implurb-visita-tecnica\/","url":"https:\/\/www.manaus.am.gov.br\/semcom\/nova-sede-implurb-visita-tecnica\/","name":"Servidores do Implurb conhecem nova sede em visita t\u00e9cnica","isPartOf":{"@id":"https:\/\/www.manaus.am.gov.br\/semcom\/#website"},"primaryImageOfPage":{"@id":"https:\/\/www.manaus.am.gov.br\/semcom\/nova-sede-implurb-visita-tecnica\/#primaryimage"},"image":{"@id":"https:\/\/www.manaus.am.gov.br\/semcom\/nova-sede-implurb-visita-tecnica\/#primaryimage"},"thumbnailUrl":"https:\/\/www.manaus.am.gov.br\/semcom\/wp-content\/uploads\/sites\/5\/2026\/01\/55027848035_1f50ca3afd_k.jpg","datePublished":"2026-01-07T14:57:51+00:00","dateModified":"2026-01-07T15:01:58+00:00","author":{"@id":"https:\/\/www.manaus.am.gov.br\/semcom\/#\/schema\/person\/05d223aea2bf115f9883a6ff3683d81b"},"description":"Servidores do Implurb conhecem nova sede em visita t\u00e9cnica e celebram avan\u00e7o estrutural da Prefeitura de Manaus.","inLanguage":"pt-BR","potentialAction":[{"@type":"ReadAction","target":["https:\/\/www.manaus.am.gov.br\/semcom\/nova-sede-implurb-visita-tecnica\/"]}]},{"@type":"ImageObject","inLanguage":"pt-BR","@id":"https:\/\/www.manaus.am.gov.br\/semcom\/nova-sede-implurb-visita-tecnica\/#primaryimage","url":"https:\/\/www.manaus.am.gov.br\/semcom\/wp-content\/uploads\/sites\/5\/2026\/01\/55027848035_1f50ca3afd_k.jpg","contentUrl":"https:\/\/www.manaus.am.gov.br\/semcom\/wp-content\/uploads\/sites\/5\/2026\/01\/55027848035_1f50ca3afd_k.jpg","width":2047,"height":1365,"caption":"#paratodosverem - Servidores do Implurb reunidos durante visita t\u00e9cnica a nova sede do Implurb"},{"@type":"WebSite","@id":"https:\/\/www.manaus.am.gov.br\/semcom\/#website","url":"https:\/\/www.manaus.am.gov.br\/semcom\/","name":"SEMCOM","description":"Secretaria Municipal de Comunica\u00e7\u00e3o","potentialAction":[{"@type":"SearchAction","target":{"@type":"EntryPoint","urlTemplate":"https:\/\/www.manaus.am.gov.br\/semcom\/?s={search_term_string}"},"query-input":"required name=search_term_string"}],"inLanguage":"pt-BR"},{"@type":"Person","@id":"https:\/\/www.manaus.am.gov.br\/semcom\/#\/schema\/person\/05d223aea2bf115f9883a6ff3683d81b","name":"Bruna Greco","image":{"@type":"ImageObject","inLanguage":"pt-BR","@id":"https:\/\/www.manaus.am.gov.br\/semcom\/#\/schema\/person\/image\/","url":"https:\/\/secure.gravatar.com\/avatar\/9c877d1a6adc2a055330e5c09a8653ce?s=96&d=mm&r=g","contentUrl":"https:\/\/secure.gravatar.com\/avatar\/9c877d1a6adc2a055330e5c09a8653ce?s=96&d=mm&r=g","caption":"Bruna Greco"}}]}},"_links":{"self":[{"href":"https:\/\/www.manaus.am.gov.br\/semcom\/wp-json\/wp\/v2\/posts\/250492"}],"collection":[{"href":"https:\/\/www.manaus.am.gov.br\/semcom\/wp-json\/wp\/v2\/posts"}],"about":[{"href":"https:\/\/www.manaus.am.gov.br\/semcom\/wp-json\/wp\/v2\/types\/post"}],"author":[{"embeddable":true,"href":"https:\/\/www.manaus.am.gov.br\/semcom\/wp-json\/wp\/v2\/users\/39"}],"replies":[{"embeddable":true,"href":"https:\/\/www.manaus.am.gov.br\/semcom\/wp-json\/wp\/v2\/comments?post=250492"}],"version-history":[{"count":7,"href":"https:\/\/www.manaus.am.gov.br\/semcom\/wp-json\/wp\/v2\/posts\/250492\/revisions"}],"predecessor-version":[{"id":250502,"href":"https:\/\/www.manaus.am.gov.br\/semcom\/wp-json\/wp\/v2\/posts\/250492\/revisions\/250502"}],"wp:featuredmedia":[{"embeddable":true,"href":"https:\/\/www.manaus.am.gov.br\/semcom\/wp-json\/wp\/v2\/media\/250494"}],"wp:attachment":[{"href":"https:\/\/www.manaus.am.gov.br\/semcom\/wp-json\/wp\/v2\/media?parent=250492"}],"wp:term":[{"taxonomy":"category","embeddable":true,"href":"https:\/\/www.manaus.am.gov.br\/semcom\/wp-json\/wp\/v2\/categories?post=250492"},{"taxonomy":"post_tag","embeddable":true,"href":"https:\/\/www.manaus.am.gov.br\/semcom\/wp-json\/wp\/v2\/tags?post=250492"}],"curies":[{"name":"wp","href":"https:\/\/api.w.org\/{rel}","templated":true}]}}