{"id":250466,"date":"2026-01-06T15:55:27","date_gmt":"2026-01-06T18:55:27","guid":{"rendered":"https:\/\/www.manaus.am.gov.br\/semcom\/procon-manaus-notificacao-precos-abusivos\/"},"modified":"2026-01-06T15:55:29","modified_gmt":"2026-01-06T18:55:29","slug":"procon-manaus-notificacao-precos-abusivos","status":"publish","type":"post","link":"https:\/\/www.manaus.am.gov.br\/semcom\/procon-manaus-notificacao-precos-abusivos\/","title":{"rendered":"Procon Manaus notifica empresa de transporte por aplicativo por poss\u00edveis pre\u00e7os abusivos no per\u00edodo de fim de ano"},"content":{"rendered":"\n<p>A Prefeitura de Manaus, por meio do Servi\u00e7o de Atendimento e Prote\u00e7\u00e3o ao Consumidor (Procon Manaus), notificou a empresa&nbsp;Uber do Brasil Tecnologia Ltda.&nbsp;para prestar esclarecimentos sobre&nbsp;poss\u00edveis aumentos abusivos nos valores dascorridas&nbsp;registrados durante o per\u00edodo de festas de fim de ano, em dezembro de 2025.<\/p>\n\n\n\n<p>A notifica\u00e7\u00e3o foi motivada por&nbsp;reclama\u00e7\u00f5es de consumidores, que apontaram varia\u00e7\u00f5es expressivas nos pre\u00e7os das corridas solicitadas por meio da plataforma, especialmente em per\u00edodos de maior demanda, o que levou o \u00f3rg\u00e3o a solicitar esclarecimentos sobre a pol\u00edtica de precifica\u00e7\u00e3o adotada pela empresa.<\/p>\n\n\n\n<p>De acordo com o diretor de Departamentos do Procon Manaus,&nbsp;Fabr\u00edcio Lima, a iniciativa busca garantir que os crit\u00e9rios adotados pelas plataformas estejam em conformidade com a legisla\u00e7\u00e3o consumerista.&nbsp;\u201c\u00c9 importante que o consumidor compreenda de forma clara como os valores das corridas s\u00e3o definidos, especialmente em per\u00edodos de maior demanda, para que n\u00e3o haja preju\u00edzos\u201d<em>,<\/em>&nbsp;afirmou.<\/p>\n\n\n\n<p>Diante das reclama\u00e7\u00f5es, o Procon Manaus solicitou \u00e0 empresa informa\u00e7\u00f5es detalhadas sobre os crit\u00e9rios t\u00e9cnicos e econ\u00f4micos utilizados na aplica\u00e7\u00e3o do chamado pre\u00e7o din\u00e2mico, al\u00e9m das vari\u00e1veis que influenciam o valor final das corridas, como demanda, oferta de motoristas, hor\u00e1rio, localiza\u00e7\u00e3o geogr\u00e1fica e eventos sazonais. Tamb\u00e9m foram requisitados dados referentes aos \u00edndices de cancelamento de corridas no per\u00edodo, entre outras informa\u00e7\u00f5es.<\/p>\n\n\n\n<p>O \u00f3rg\u00e3o refor\u00e7a que a empresa deve colaborar com as solicita\u00e7\u00f5es feitas, uma vez que o n\u00e3o atendimento pode resultar em san\u00e7\u00f5es previstas na legisla\u00e7\u00e3o.\u201cA recusa injustificada \u00e0 presta\u00e7\u00e3o das informa\u00e7\u00f5es solicitadas ou o descumprimento das determina\u00e7\u00f5es deste \u00f3rg\u00e3o integrante do Sistema Nacional de Defesa do Consumidor caracterizam desobedi\u00eancia, conforme o art. 330 do C\u00f3digo Penal, sem preju\u00edzo da ado\u00e7\u00e3o das medidas administrativas, civis e sancionat\u00f3rias cab\u00edveis\u201d<em>,<\/em>&nbsp;diz trecho do documento&nbsp;<\/p>\n\n\n\n<p>A Uber ter\u00e1 prazo de 10 dias \u00fateis para apresentar as informa\u00e7\u00f5es solicitadas, que ser\u00e3o analisadas pelo Procon Manaus para a ado\u00e7\u00e3o das medidas cab\u00edveis, caso sejam constatadas irregularidades.<\/p>\n\n\n\n<p>&#8212; &#8212; &#8212;<\/p>\n\n\n\n<p><strong>Texto<\/strong>&nbsp;\u2013 Lara Bernardes\/Procon<\/p>\n\n\n\n<p><strong>Foto<\/strong>\u00a0\u2013 Divulga\u00e7\u00e3o\/Procon\u00a0\u00a0<\/p>\n","protected":false},"excerpt":{"rendered":"","protected":false},"author":39,"featured_media":250467,"comment_status":"closed","ping_status":"closed","sticky":false,"template":"","format":"standard","meta":{"footnotes":""},"categories":[9823],"tags":[4079,18714,77,9825,12484],"acf":[],"yoast_head":"<!-- This site is optimized with the Yoast SEO plugin v23.0 - https:\/\/yoast.com\/wordpress\/plugins\/seo\/ -->\n<title>Procon Manaus notifica empresa de transporte por aplicativo por poss\u00edveis pre\u00e7os abusivos no per\u00edodo de fim de ano<\/title>\n<meta name=\"description\" content=\"Procon Manaus notifica empresa de transporte por aplicativo por poss\u00edveis pre\u00e7os abusivos no per\u00edodo de fim de ano.\" \/>\n<meta name=\"robots\" content=\"index, follow, max-snippet:-1, max-image-preview:large, max-video-preview:-1\" \/>\n<link rel=\"canonical\" href=\"https:\/\/www.manaus.am.gov.br\/semcom\/procon-manaus-notificacao-precos-abusivos\/\" \/>\n<meta property=\"og:locale\" content=\"pt_BR\" \/>\n<meta property=\"og:type\" content=\"article\" \/>\n<meta property=\"og:title\" content=\"Procon Manaus notifica empresa de transporte por aplicativo por poss\u00edveis pre\u00e7os abusivos no per\u00edodo de fim de ano\" \/>\n<meta property=\"og:description\" content=\"Procon Manaus notifica empresa de transporte por aplicativo por poss\u00edveis pre\u00e7os abusivos no per\u00edodo de fim de ano.\" \/>\n<meta property=\"og:url\" content=\"https:\/\/www.manaus.am.gov.br\/semcom\/procon-manaus-notificacao-precos-abusivos\/\" \/>\n<meta property=\"og:site_name\" content=\"SEMCOM\" \/>\n<meta property=\"article:published_time\" content=\"2026-01-06T18:55:27+00:00\" \/>\n<meta property=\"article:modified_time\" content=\"2026-01-06T18:55:29+00:00\" \/>\n<meta property=\"og:image\" content=\"https:\/\/www.manaus.am.gov.br\/semcom\/wp-content\/uploads\/sites\/5\/2026\/01\/WhatsApp-Image-2026-01-06-at-13.54.12.jpeg\" \/>\n\t<meta property=\"og:image:width\" content=\"1280\" \/>\n\t<meta property=\"og:image:height\" content=\"960\" \/>\n\t<meta property=\"og:image:type\" content=\"image\/jpeg\" \/>\n<meta name=\"author\" content=\"Bruna Greco\" \/>\n<meta name=\"twitter:card\" content=\"summary_large_image\" \/>\n<meta name=\"twitter:label1\" content=\"Written by\" \/>\n\t<meta name=\"twitter:data1\" content=\"Bruna Greco\" \/>\n\t<meta name=\"twitter:label2\" content=\"Est. reading time\" \/>\n\t<meta name=\"twitter:data2\" content=\"2 minutos\" \/>\n<script type=\"application\/ld+json\" class=\"yoast-schema-graph\">{\"@context\":\"https:\/\/schema.org\",\"@graph\":[{\"@type\":\"WebPage\",\"@id\":\"https:\/\/www.manaus.am.gov.br\/semcom\/procon-manaus-notificacao-precos-abusivos\/\",\"url\":\"https:\/\/www.manaus.am.gov.br\/semcom\/procon-manaus-notificacao-precos-abusivos\/\",\"name\":\"Procon Manaus notifica empresa de transporte por aplicativo por poss\u00edveis pre\u00e7os abusivos no per\u00edodo de fim de ano\",\"isPartOf\":{\"@id\":\"https:\/\/www.manaus.am.gov.br\/semcom\/#website\"},\"primaryImageOfPage\":{\"@id\":\"https:\/\/www.manaus.am.gov.br\/semcom\/procon-manaus-notificacao-precos-abusivos\/#primaryimage\"},\"image\":{\"@id\":\"https:\/\/www.manaus.am.gov.br\/semcom\/procon-manaus-notificacao-precos-abusivos\/#primaryimage\"},\"thumbnailUrl\":\"https:\/\/www.manaus.am.gov.br\/semcom\/wp-content\/uploads\/sites\/5\/2026\/01\/WhatsApp-Image-2026-01-06-at-13.54.12.jpeg\",\"datePublished\":\"2026-01-06T18:55:27+00:00\",\"dateModified\":\"2026-01-06T18:55:29+00:00\",\"author\":{\"@id\":\"https:\/\/www.manaus.am.gov.br\/semcom\/#\/schema\/person\/05d223aea2bf115f9883a6ff3683d81b\"},\"description\":\"Procon Manaus notifica empresa de transporte por aplicativo por poss\u00edveis pre\u00e7os abusivos no per\u00edodo de fim de ano.\",\"inLanguage\":\"pt-BR\",\"potentialAction\":[{\"@type\":\"ReadAction\",\"target\":[\"https:\/\/www.manaus.am.gov.br\/semcom\/procon-manaus-notificacao-precos-abusivos\/\"]}]},{\"@type\":\"ImageObject\",\"inLanguage\":\"pt-BR\",\"@id\":\"https:\/\/www.manaus.am.gov.br\/semcom\/procon-manaus-notificacao-precos-abusivos\/#primaryimage\",\"url\":\"https:\/\/www.manaus.am.gov.br\/semcom\/wp-content\/uploads\/sites\/5\/2026\/01\/WhatsApp-Image-2026-01-06-at-13.54.12.jpeg\",\"contentUrl\":\"https:\/\/www.manaus.am.gov.br\/semcom\/wp-content\/uploads\/sites\/5\/2026\/01\/WhatsApp-Image-2026-01-06-at-13.54.12.jpeg\",\"width\":1280,\"height\":960,\"caption\":\"#paratodosverem - Fiscais do Procon Manaus entregando notifica\u00e7\u00e3o em empresa de transporte por aplicativo devido \u00e0 poss\u00edvel pre\u00e7os abusivos durante as festa de fim de ano\"},{\"@type\":\"WebSite\",\"@id\":\"https:\/\/www.manaus.am.gov.br\/semcom\/#website\",\"url\":\"https:\/\/www.manaus.am.gov.br\/semcom\/\",\"name\":\"SEMCOM\",\"description\":\"Secretaria Municipal de Comunica\u00e7\u00e3o\",\"potentialAction\":[{\"@type\":\"SearchAction\",\"target\":{\"@type\":\"EntryPoint\",\"urlTemplate\":\"https:\/\/www.manaus.am.gov.br\/semcom\/?s={search_term_string}\"},\"query-input\":\"required name=search_term_string\"}],\"inLanguage\":\"pt-BR\"},{\"@type\":\"Person\",\"@id\":\"https:\/\/www.manaus.am.gov.br\/semcom\/#\/schema\/person\/05d223aea2bf115f9883a6ff3683d81b\",\"name\":\"Bruna Greco\",\"image\":{\"@type\":\"ImageObject\",\"inLanguage\":\"pt-BR\",\"@id\":\"https:\/\/www.manaus.am.gov.br\/semcom\/#\/schema\/person\/image\/\",\"url\":\"https:\/\/secure.gravatar.com\/avatar\/9c877d1a6adc2a055330e5c09a8653ce?s=96&d=mm&r=g\",\"contentUrl\":\"https:\/\/secure.gravatar.com\/avatar\/9c877d1a6adc2a055330e5c09a8653ce?s=96&d=mm&r=g\",\"caption\":\"Bruna Greco\"}}]}<\/script>\n<!-- \/ Yoast SEO plugin. -->","yoast_head_json":{"title":"Procon Manaus notifica empresa de transporte por aplicativo por poss\u00edveis pre\u00e7os abusivos no per\u00edodo de fim de ano","description":"Procon Manaus notifica empresa de transporte por aplicativo por poss\u00edveis pre\u00e7os abusivos no per\u00edodo de fim de ano.","robots":{"index":"index","follow":"follow","max-snippet":"max-snippet:-1","max-image-preview":"max-image-preview:large","max-video-preview":"max-video-preview:-1"},"canonical":"https:\/\/www.manaus.am.gov.br\/semcom\/procon-manaus-notificacao-precos-abusivos\/","og_locale":"pt_BR","og_type":"article","og_title":"Procon Manaus notifica empresa de transporte por aplicativo por poss\u00edveis pre\u00e7os abusivos no per\u00edodo de fim de ano","og_description":"Procon Manaus notifica empresa de transporte por aplicativo por poss\u00edveis pre\u00e7os abusivos no per\u00edodo de fim de ano.","og_url":"https:\/\/www.manaus.am.gov.br\/semcom\/procon-manaus-notificacao-precos-abusivos\/","og_site_name":"SEMCOM","article_published_time":"2026-01-06T18:55:27+00:00","article_modified_time":"2026-01-06T18:55:29+00:00","og_image":[{"width":1280,"height":960,"url":"https:\/\/www.manaus.am.gov.br\/semcom\/wp-content\/uploads\/sites\/5\/2026\/01\/WhatsApp-Image-2026-01-06-at-13.54.12.jpeg","type":"image\/jpeg"}],"author":"Bruna Greco","twitter_card":"summary_large_image","twitter_misc":{"Written by":"Bruna Greco","Est. reading time":"2 minutos"},"schema":{"@context":"https:\/\/schema.org","@graph":[{"@type":"WebPage","@id":"https:\/\/www.manaus.am.gov.br\/semcom\/procon-manaus-notificacao-precos-abusivos\/","url":"https:\/\/www.manaus.am.gov.br\/semcom\/procon-manaus-notificacao-precos-abusivos\/","name":"Procon Manaus notifica empresa de transporte por aplicativo por poss\u00edveis pre\u00e7os abusivos no per\u00edodo de fim de ano","isPartOf":{"@id":"https:\/\/www.manaus.am.gov.br\/semcom\/#website"},"primaryImageOfPage":{"@id":"https:\/\/www.manaus.am.gov.br\/semcom\/procon-manaus-notificacao-precos-abusivos\/#primaryimage"},"image":{"@id":"https:\/\/www.manaus.am.gov.br\/semcom\/procon-manaus-notificacao-precos-abusivos\/#primaryimage"},"thumbnailUrl":"https:\/\/www.manaus.am.gov.br\/semcom\/wp-content\/uploads\/sites\/5\/2026\/01\/WhatsApp-Image-2026-01-06-at-13.54.12.jpeg","datePublished":"2026-01-06T18:55:27+00:00","dateModified":"2026-01-06T18:55:29+00:00","author":{"@id":"https:\/\/www.manaus.am.gov.br\/semcom\/#\/schema\/person\/05d223aea2bf115f9883a6ff3683d81b"},"description":"Procon Manaus notifica empresa de transporte por aplicativo por poss\u00edveis pre\u00e7os abusivos no per\u00edodo de fim de ano.","inLanguage":"pt-BR","potentialAction":[{"@type":"ReadAction","target":["https:\/\/www.manaus.am.gov.br\/semcom\/procon-manaus-notificacao-precos-abusivos\/"]}]},{"@type":"ImageObject","inLanguage":"pt-BR","@id":"https:\/\/www.manaus.am.gov.br\/semcom\/procon-manaus-notificacao-precos-abusivos\/#primaryimage","url":"https:\/\/www.manaus.am.gov.br\/semcom\/wp-content\/uploads\/sites\/5\/2026\/01\/WhatsApp-Image-2026-01-06-at-13.54.12.jpeg","contentUrl":"https:\/\/www.manaus.am.gov.br\/semcom\/wp-content\/uploads\/sites\/5\/2026\/01\/WhatsApp-Image-2026-01-06-at-13.54.12.jpeg","width":1280,"height":960,"caption":"#paratodosverem - Fiscais do Procon Manaus entregando notifica\u00e7\u00e3o em empresa de transporte por aplicativo devido \u00e0 poss\u00edvel pre\u00e7os abusivos durante as festa de fim de ano"},{"@type":"WebSite","@id":"https:\/\/www.manaus.am.gov.br\/semcom\/#website","url":"https:\/\/www.manaus.am.gov.br\/semcom\/","name":"SEMCOM","description":"Secretaria Municipal de Comunica\u00e7\u00e3o","potentialAction":[{"@type":"SearchAction","target":{"@type":"EntryPoint","urlTemplate":"https:\/\/www.manaus.am.gov.br\/semcom\/?s={search_term_string}"},"query-input":"required name=search_term_string"}],"inLanguage":"pt-BR"},{"@type":"Person","@id":"https:\/\/www.manaus.am.gov.br\/semcom\/#\/schema\/person\/05d223aea2bf115f9883a6ff3683d81b","name":"Bruna Greco","image":{"@type":"ImageObject","inLanguage":"pt-BR","@id":"https:\/\/www.manaus.am.gov.br\/semcom\/#\/schema\/person\/image\/","url":"https:\/\/secure.gravatar.com\/avatar\/9c877d1a6adc2a055330e5c09a8653ce?s=96&d=mm&r=g","contentUrl":"https:\/\/secure.gravatar.com\/avatar\/9c877d1a6adc2a055330e5c09a8653ce?s=96&d=mm&r=g","caption":"Bruna Greco"}}]}},"_links":{"self":[{"href":"https:\/\/www.manaus.am.gov.br\/semcom\/wp-json\/wp\/v2\/posts\/250466"}],"collection":[{"href":"https:\/\/www.manaus.am.gov.br\/semcom\/wp-json\/wp\/v2\/posts"}],"about":[{"href":"https:\/\/www.manaus.am.gov.br\/semcom\/wp-json\/wp\/v2\/types\/post"}],"author":[{"embeddable":true,"href":"https:\/\/www.manaus.am.gov.br\/semcom\/wp-json\/wp\/v2\/users\/39"}],"replies":[{"embeddable":true,"href":"https:\/\/www.manaus.am.gov.br\/semcom\/wp-json\/wp\/v2\/comments?post=250466"}],"version-history":[{"count":0,"href":"https:\/\/www.manaus.am.gov.br\/semcom\/wp-json\/wp\/v2\/posts\/250466\/revisions"}],"wp:featuredmedia":[{"embeddable":true,"href":"https:\/\/www.manaus.am.gov.br\/semcom\/wp-json\/wp\/v2\/media\/250467"}],"wp:attachment":[{"href":"https:\/\/www.manaus.am.gov.br\/semcom\/wp-json\/wp\/v2\/media?parent=250466"}],"wp:term":[{"taxonomy":"category","embeddable":true,"href":"https:\/\/www.manaus.am.gov.br\/semcom\/wp-json\/wp\/v2\/categories?post=250466"},{"taxonomy":"post_tag","embeddable":true,"href":"https:\/\/www.manaus.am.gov.br\/semcom\/wp-json\/wp\/v2\/tags?post=250466"}],"curies":[{"name":"wp","href":"https:\/\/api.w.org\/{rel}","templated":true}]}}