{"id":250436,"date":"2026-01-05T17:40:34","date_gmt":"2026-01-05T21:40:34","guid":{"rendered":"https:\/\/www.manaus.am.gov.br\/semcom\/servicos-janeiro-roxo-combate-a-hanseniase\/"},"modified":"2026-01-05T17:40:34","modified_gmt":"2026-01-05T21:40:34","slug":"servicos-janeiro-roxo-combate-a-hanseniase","status":"publish","type":"post","link":"https:\/\/www.manaus.am.gov.br\/semcom\/servicos-janeiro-roxo-combate-a-hanseniase\/","title":{"rendered":"Prefeitura de Manaus refor\u00e7a oferta de servi\u00e7os no \u2018Janeiro Roxo\u2019 para o combate \u00e0 hansen\u00edase"},"content":{"rendered":"\n<p>Com o registro de 106 casos novos de hansen\u00edase em 2025, a Prefeitura de Manaus, por meio da Secretaria Municipal de Sa\u00fade (Semsa), continua com o refor\u00e7o das a\u00e7\u00f5es de combate e inicia este ano com a programa\u00e7\u00e3o da campanha \u201cJaneiro Roxo\u201d, de alerta e conscientiza\u00e7\u00e3o da sociedade sobre a doen\u00e7a.<\/p>\n\n\n\n<p>At\u00e9 o final de janeiro, todas as unidades de sa\u00fade estar\u00e3o desenvolvendo a\u00e7\u00f5es de preven\u00e7\u00e3o e controle da hansen\u00edase em Manaus, intensificando a oferta de servi\u00e7os como avalia\u00e7\u00e3o cl\u00ednica para identificar casos suspeitos, exames dermatol\u00f3gicos, aplica\u00e7\u00e3o do Question\u00e1rio de Suspei\u00e7\u00e3o da Hansen\u00edase (QSH), testagem de pessoas que s\u00e3o contatos de pacientes com confirma\u00e7\u00e3o da doen\u00e7a, palestras educativas, rodas de conversa e panfletagem em espa\u00e7os comunit\u00e1rios.<\/p>\n\n\n\n<p>A chefe do N\u00facleo de Controle da Hansen\u00edase (Nuhan\/Semsa), enfermeira Ana Cristina Malveira, explica que a campanha \u201cJaneiro Roxo\u201d \u00e9 realizada anualmente. \u201cEssa \u00e9 uma campanha direcionada \u00e0 conscientiza\u00e7\u00e3o, preven\u00e7\u00e3o, diagn\u00f3stico precoce e enfrentamento da hansen\u00edase, que ainda \u00e9 um desafio para a sa\u00fade p\u00fablica, principalmente por causa do risco de gerar incapacidades f\u00edsicas quando o diagn\u00f3stico \u00e9 tardio\u201d, alerta.<\/p>\n\n\n\n<p>A hansen\u00edase \u00e9 uma doen\u00e7a infecciosa cr\u00f4nica, causada pelo Mycobacterium leprae, que tem como uma das caracter\u00edsticas a evolu\u00e7\u00e3o lenta, com um per\u00edodo de incuba\u00e7\u00e3o em m\u00e9dia de dois a sete anos, o que significa que pode haver demora na manifesta\u00e7\u00e3o de sinais e sintomas, dificultando o diagn\u00f3stico precoce.<\/p>\n\n\n\n<p>A transmiss\u00e3o ocorre de uma pessoa infectada pelo bacilo (sem tratamento) para uma pessoa sadia, por meio de got\u00edculas de saliva eliminadas na fala, tosse ou espirro. As chances de transmiss\u00e3o s\u00e3o maiores quando o contato com a pessoa doente \u00e9 pr\u00f3ximo e prolongado.<\/p>\n\n\n\n<p>Cristina Malveira destaca que, do total de 106 casos novos da doen\u00e7a registrados em Manaus no ano passado, 10 foram diagnosticados em menores de 15 anos, o que evidencia a manuten\u00e7\u00e3o da transmiss\u00e3o ativa da doen\u00e7a, em especial entre os familiares, e mostra a necessidade da avalia\u00e7\u00e3o dos contatos dos pacientes.<\/p>\n\n\n\n<p>\u201cAtualmente, 49 pacientes est\u00e3o em tratamento na rede municipal de sa\u00fade, incluindo seis que s\u00e3o acompanhados por Unidades Fluviais de Sa\u00fade da Fam\u00edlia, ampliando o acesso ao cuidado em comunidades ribeirinhas. No campo da vigil\u00e2ncia, 90,07% dos contatos da coorte 2025 j\u00e1 foram avaliados, indicador considerado muito positivo\u201d, aponta Cristina Malveira.<\/p>\n\n\n\n<p>Uma das estrat\u00e9gias usadas no controle da hansen\u00edase \u00e9 o teste r\u00e1pido, dispon\u00edvel em 12 unidades sa\u00fade habilitadas para a realiza\u00e7\u00e3o do exame e que \u00e9 usado na detec\u00e7\u00e3o de anticorpos espec\u00edficos contra o bacilo causador da doen\u00e7a (<em>Mycobacterium leprae<\/em>), sendo indicado para pessoas que s\u00e3o contatos de pacientes diagnosticados com a doen\u00e7a.<\/p>\n\n\n\n<p><strong>Campanha<\/strong><\/p>\n\n\n\n<p>A abertura oficial da campanha \u201cJaneiro Roxo\u201d vai acontecer na pr\u00f3xima segunda-feira, 12\/1, das 8h \u00e0s 12h, na sede do Movimento de Reintegra\u00e7\u00e3o das Pessoas Atingidas pela Hansen\u00edase (Morhan), no bairro Col\u00f4nia Ant\u00f4nio Aleixo, zona Leste, com um mutir\u00e3o de servi\u00e7os de sa\u00fade, assist\u00eancia social e educa\u00e7\u00e3o em sa\u00fade.<\/p>\n\n\n\n<p>\u201cA expectativa \u00e9 que sejam realizados aproximadamente 300 atendimentos em uma programa\u00e7\u00e3o que vai integrar esfor\u00e7os intersetoriais das secretarias municipais de sa\u00fade e assist\u00eancia social, e outras parcerias. Haver\u00e1 oferta de consultas em cl\u00ednica geral, dermatologia e pediatria, al\u00e9m de testes r\u00e1pidos para HIV, s\u00edfilis e hepatites virais, vacina\u00e7\u00e3o contra influenza e atividades de promo\u00e7\u00e3o do autocuidado\u201d, informa Cristina Malveira.<\/p>\n\n\n\n<p>Durante o evento, a Secretaria Municipal da Mulher, Assist\u00eancia Social e Cidadania (Semasc) disponibilizar\u00e1 servi\u00e7os de Cadastro \u00danico, atendimentos do Centro de Refer\u00eancia de Assist\u00eancia Social (Cras) e emiss\u00e3o de RG. O Morhan ofertar\u00e1 pr\u00e1ticas integrativas e a\u00e7\u00f5es de bem-estar, como auriculoterapia, esmalta\u00e7\u00e3o, corte de cabelo unissex e massoterapia.<\/p>\n\n\n\n<p>O encerramento da campanha vai ocorrer no dia 30\/1, com uma caminhada alusiva ao \u201cJaneiro Roxo\u201d, no bairro Col\u00f4nia Ant\u00f4nio Aleixo, refor\u00e7ando a import\u00e2ncia da informa\u00e7\u00e3o, do combate ao estigma e do acesso oportuno ao diagn\u00f3stico e tratamento.<\/p>\n\n\n\n<p>\u201c\u00c9 importante refor\u00e7ar que a hansen\u00edase tem tratamento e cura, mas o diagn\u00f3stico precoce \u00e9 fundamental para interromper a transmiss\u00e3o e prevenir incapacidades\u201d, afirma Cristina Malveria.<\/p>\n\n\n\n<p>Os sintomas da hansen\u00edase incluem: manchas na pele esbranqui\u00e7adas, amarronzadas ou avermelhadas, em qualquer parte do corpo, com perda de sensibilidade ao calor, ao frio, a dor e ao tato, que s\u00e3o mais frequentes nos bra\u00e7os, pernas e costas, mas podem aparecer no corpo inteiro.<\/p>\n\n\n\n<p>Tamb\u00e9m podem surgir sensa\u00e7\u00e3o de fisgada, choque, dorm\u00eancia, c\u00e2imbras e formigamento em algumas \u00e1reas dos bra\u00e7os, m\u00e3os, pernas ou p\u00e9s; incha\u00e7o e dor nas m\u00e3os, p\u00e9s e articula\u00e7\u00f5es; diminui\u00e7\u00e3o do suor e dos pelos, principalmente nas sobrancelhas; redu\u00e7\u00e3o da for\u00e7a muscular, sobretudo nas m\u00e3os (dificuldade para segurar objetos) ou nos p\u00e9s.<\/p>\n\n\n\n<figure class=\"wp-block-image size-large\"><img loading=\"lazy\" decoding=\"async\" width=\"1024\" height=\"461\" src=\"https:\/\/www.manaus.am.gov.br\/semcom\/wp-content\/uploads\/sites\/5\/2026\/01\/Semsa-Manaus-Janeiro-Roxo-3-1024x461.jpeg\" alt=\"\" class=\"wp-image-250438\" srcset=\"https:\/\/www.manaus.am.gov.br\/semcom\/wp-content\/uploads\/sites\/5\/2026\/01\/Semsa-Manaus-Janeiro-Roxo-3-1024x461.jpeg 1024w, https:\/\/www.manaus.am.gov.br\/semcom\/wp-content\/uploads\/sites\/5\/2026\/01\/Semsa-Manaus-Janeiro-Roxo-3-300x135.jpeg 300w, https:\/\/www.manaus.am.gov.br\/semcom\/wp-content\/uploads\/sites\/5\/2026\/01\/Semsa-Manaus-Janeiro-Roxo-3-768x346.jpeg 768w, https:\/\/www.manaus.am.gov.br\/semcom\/wp-content\/uploads\/sites\/5\/2026\/01\/Semsa-Manaus-Janeiro-Roxo-3-1536x691.jpeg 1536w, https:\/\/www.manaus.am.gov.br\/semcom\/wp-content\/uploads\/sites\/5\/2026\/01\/Semsa-Manaus-Janeiro-Roxo-3.jpeg 1600w\" sizes=\"(max-width: 1024px) 100vw, 1024px\" \/><figcaption class=\"wp-element-caption\">#paratodosverem &#8211; Profissional de sa\u00fade realizando atendimento<\/figcaption><\/figure>\n\n\n\n<p>&#8212; &#8212; &#8212;<\/p>\n\n\n\n<p><strong>Texto<\/strong>&nbsp;&#8211; Euriv\u00e2nia Gal\u00facio\/Semsa<\/p>\n\n\n\n<p><strong>Fotos &#8211;<\/strong> Divulga\u00e7\u00e3o\/Semsa<\/p>\n","protected":false},"excerpt":{"rendered":"","protected":false},"author":39,"featured_media":250437,"comment_status":"closed","ping_status":"closed","sticky":false,"template":"","format":"standard","meta":{"footnotes":""},"categories":[170],"tags":[3211,275,9383,77,162],"acf":[],"yoast_head":"<!-- This site is optimized with the Yoast SEO plugin v23.0 - https:\/\/yoast.com\/wordpress\/plugins\/seo\/ -->\n<title>Prefeitura de Manaus refor\u00e7a oferta de servi\u00e7os no \u2018Janeiro Roxo\u2019 para o combate \u00e0 hansen\u00edase<\/title>\n<meta name=\"description\" content=\"Prefeitura de Manaus, por meio da Semsa, refor\u00e7a oferta de servi\u00e7os no \u2018Janeiro Roxo\u2019 para o combate \u00e0 hansen\u00edase.\" \/>\n<meta name=\"robots\" content=\"index, follow, max-snippet:-1, max-image-preview:large, max-video-preview:-1\" \/>\n<link rel=\"canonical\" href=\"https:\/\/www.manaus.am.gov.br\/semcom\/servicos-janeiro-roxo-combate-a-hanseniase\/\" \/>\n<meta property=\"og:locale\" content=\"pt_BR\" \/>\n<meta property=\"og:type\" content=\"article\" \/>\n<meta property=\"og:title\" content=\"Prefeitura de Manaus refor\u00e7a oferta de servi\u00e7os no \u2018Janeiro Roxo\u2019 para o combate \u00e0 hansen\u00edase\" \/>\n<meta property=\"og:description\" content=\"Prefeitura de Manaus, por meio da Semsa, refor\u00e7a oferta de servi\u00e7os no \u2018Janeiro Roxo\u2019 para o combate \u00e0 hansen\u00edase.\" \/>\n<meta property=\"og:url\" content=\"https:\/\/www.manaus.am.gov.br\/semcom\/servicos-janeiro-roxo-combate-a-hanseniase\/\" \/>\n<meta property=\"og:site_name\" content=\"SEMCOM\" \/>\n<meta property=\"article:published_time\" content=\"2026-01-05T21:40:34+00:00\" \/>\n<meta property=\"og:image\" content=\"https:\/\/www.manaus.am.gov.br\/semcom\/wp-content\/uploads\/sites\/5\/2026\/01\/Semsa-Manaus-Janeiro-Roxo-4.jpeg\" \/>\n\t<meta property=\"og:image:width\" content=\"1600\" \/>\n\t<meta property=\"og:image:height\" content=\"1066\" \/>\n\t<meta property=\"og:image:type\" content=\"image\/jpeg\" \/>\n<meta name=\"author\" content=\"Bruna Greco\" \/>\n<meta name=\"twitter:card\" content=\"summary_large_image\" \/>\n<meta name=\"twitter:label1\" content=\"Written by\" \/>\n\t<meta name=\"twitter:data1\" content=\"Bruna Greco\" \/>\n\t<meta name=\"twitter:label2\" content=\"Est. reading time\" \/>\n\t<meta name=\"twitter:data2\" content=\"5 minutos\" \/>\n<script type=\"application\/ld+json\" class=\"yoast-schema-graph\">{\"@context\":\"https:\/\/schema.org\",\"@graph\":[{\"@type\":\"WebPage\",\"@id\":\"https:\/\/www.manaus.am.gov.br\/semcom\/servicos-janeiro-roxo-combate-a-hanseniase\/\",\"url\":\"https:\/\/www.manaus.am.gov.br\/semcom\/servicos-janeiro-roxo-combate-a-hanseniase\/\",\"name\":\"Prefeitura de Manaus refor\u00e7a oferta de servi\u00e7os no \u2018Janeiro Roxo\u2019 para o combate \u00e0 hansen\u00edase\",\"isPartOf\":{\"@id\":\"https:\/\/www.manaus.am.gov.br\/semcom\/#website\"},\"primaryImageOfPage\":{\"@id\":\"https:\/\/www.manaus.am.gov.br\/semcom\/servicos-janeiro-roxo-combate-a-hanseniase\/#primaryimage\"},\"image\":{\"@id\":\"https:\/\/www.manaus.am.gov.br\/semcom\/servicos-janeiro-roxo-combate-a-hanseniase\/#primaryimage\"},\"thumbnailUrl\":\"https:\/\/www.manaus.am.gov.br\/semcom\/wp-content\/uploads\/sites\/5\/2026\/01\/Semsa-Manaus-Janeiro-Roxo-4.jpeg\",\"datePublished\":\"2026-01-05T21:40:34+00:00\",\"dateModified\":\"2026-01-05T21:40:34+00:00\",\"author\":{\"@id\":\"https:\/\/www.manaus.am.gov.br\/semcom\/#\/schema\/person\/05d223aea2bf115f9883a6ff3683d81b\"},\"description\":\"Prefeitura de Manaus, por meio da Semsa, refor\u00e7a oferta de servi\u00e7os no \u2018Janeiro Roxo\u2019 para o combate \u00e0 hansen\u00edase.\",\"inLanguage\":\"pt-BR\",\"potentialAction\":[{\"@type\":\"ReadAction\",\"target\":[\"https:\/\/www.manaus.am.gov.br\/semcom\/servicos-janeiro-roxo-combate-a-hanseniase\/\"]}]},{\"@type\":\"ImageObject\",\"inLanguage\":\"pt-BR\",\"@id\":\"https:\/\/www.manaus.am.gov.br\/semcom\/servicos-janeiro-roxo-combate-a-hanseniase\/#primaryimage\",\"url\":\"https:\/\/www.manaus.am.gov.br\/semcom\/wp-content\/uploads\/sites\/5\/2026\/01\/Semsa-Manaus-Janeiro-Roxo-4.jpeg\",\"contentUrl\":\"https:\/\/www.manaus.am.gov.br\/semcom\/wp-content\/uploads\/sites\/5\/2026\/01\/Semsa-Manaus-Janeiro-Roxo-4.jpeg\",\"width\":1600,\"height\":1066,\"caption\":\"#paratodosverem - Usu\u00e1ria de unidade de sa\u00fade recebendo atendimento de profissional da Semsa para o diagn\u00f3stico de hansen\u00edase\"},{\"@type\":\"WebSite\",\"@id\":\"https:\/\/www.manaus.am.gov.br\/semcom\/#website\",\"url\":\"https:\/\/www.manaus.am.gov.br\/semcom\/\",\"name\":\"SEMCOM\",\"description\":\"Secretaria Municipal de Comunica\u00e7\u00e3o\",\"potentialAction\":[{\"@type\":\"SearchAction\",\"target\":{\"@type\":\"EntryPoint\",\"urlTemplate\":\"https:\/\/www.manaus.am.gov.br\/semcom\/?s={search_term_string}\"},\"query-input\":\"required name=search_term_string\"}],\"inLanguage\":\"pt-BR\"},{\"@type\":\"Person\",\"@id\":\"https:\/\/www.manaus.am.gov.br\/semcom\/#\/schema\/person\/05d223aea2bf115f9883a6ff3683d81b\",\"name\":\"Bruna Greco\",\"image\":{\"@type\":\"ImageObject\",\"inLanguage\":\"pt-BR\",\"@id\":\"https:\/\/www.manaus.am.gov.br\/semcom\/#\/schema\/person\/image\/\",\"url\":\"https:\/\/secure.gravatar.com\/avatar\/9c877d1a6adc2a055330e5c09a8653ce?s=96&d=mm&r=g\",\"contentUrl\":\"https:\/\/secure.gravatar.com\/avatar\/9c877d1a6adc2a055330e5c09a8653ce?s=96&d=mm&r=g\",\"caption\":\"Bruna Greco\"}}]}<\/script>\n<!-- \/ Yoast SEO plugin. -->","yoast_head_json":{"title":"Prefeitura de Manaus refor\u00e7a oferta de servi\u00e7os no \u2018Janeiro Roxo\u2019 para o combate \u00e0 hansen\u00edase","description":"Prefeitura de Manaus, por meio da Semsa, refor\u00e7a oferta de servi\u00e7os no \u2018Janeiro Roxo\u2019 para o combate \u00e0 hansen\u00edase.","robots":{"index":"index","follow":"follow","max-snippet":"max-snippet:-1","max-image-preview":"max-image-preview:large","max-video-preview":"max-video-preview:-1"},"canonical":"https:\/\/www.manaus.am.gov.br\/semcom\/servicos-janeiro-roxo-combate-a-hanseniase\/","og_locale":"pt_BR","og_type":"article","og_title":"Prefeitura de Manaus refor\u00e7a oferta de servi\u00e7os no \u2018Janeiro Roxo\u2019 para o combate \u00e0 hansen\u00edase","og_description":"Prefeitura de Manaus, por meio da Semsa, refor\u00e7a oferta de servi\u00e7os no \u2018Janeiro Roxo\u2019 para o combate \u00e0 hansen\u00edase.","og_url":"https:\/\/www.manaus.am.gov.br\/semcom\/servicos-janeiro-roxo-combate-a-hanseniase\/","og_site_name":"SEMCOM","article_published_time":"2026-01-05T21:40:34+00:00","og_image":[{"width":1600,"height":1066,"url":"https:\/\/www.manaus.am.gov.br\/semcom\/wp-content\/uploads\/sites\/5\/2026\/01\/Semsa-Manaus-Janeiro-Roxo-4.jpeg","type":"image\/jpeg"}],"author":"Bruna Greco","twitter_card":"summary_large_image","twitter_misc":{"Written by":"Bruna Greco","Est. reading time":"5 minutos"},"schema":{"@context":"https:\/\/schema.org","@graph":[{"@type":"WebPage","@id":"https:\/\/www.manaus.am.gov.br\/semcom\/servicos-janeiro-roxo-combate-a-hanseniase\/","url":"https:\/\/www.manaus.am.gov.br\/semcom\/servicos-janeiro-roxo-combate-a-hanseniase\/","name":"Prefeitura de Manaus refor\u00e7a oferta de servi\u00e7os no \u2018Janeiro Roxo\u2019 para o combate \u00e0 hansen\u00edase","isPartOf":{"@id":"https:\/\/www.manaus.am.gov.br\/semcom\/#website"},"primaryImageOfPage":{"@id":"https:\/\/www.manaus.am.gov.br\/semcom\/servicos-janeiro-roxo-combate-a-hanseniase\/#primaryimage"},"image":{"@id":"https:\/\/www.manaus.am.gov.br\/semcom\/servicos-janeiro-roxo-combate-a-hanseniase\/#primaryimage"},"thumbnailUrl":"https:\/\/www.manaus.am.gov.br\/semcom\/wp-content\/uploads\/sites\/5\/2026\/01\/Semsa-Manaus-Janeiro-Roxo-4.jpeg","datePublished":"2026-01-05T21:40:34+00:00","dateModified":"2026-01-05T21:40:34+00:00","author":{"@id":"https:\/\/www.manaus.am.gov.br\/semcom\/#\/schema\/person\/05d223aea2bf115f9883a6ff3683d81b"},"description":"Prefeitura de Manaus, por meio da Semsa, refor\u00e7a oferta de servi\u00e7os no \u2018Janeiro Roxo\u2019 para o combate \u00e0 hansen\u00edase.","inLanguage":"pt-BR","potentialAction":[{"@type":"ReadAction","target":["https:\/\/www.manaus.am.gov.br\/semcom\/servicos-janeiro-roxo-combate-a-hanseniase\/"]}]},{"@type":"ImageObject","inLanguage":"pt-BR","@id":"https:\/\/www.manaus.am.gov.br\/semcom\/servicos-janeiro-roxo-combate-a-hanseniase\/#primaryimage","url":"https:\/\/www.manaus.am.gov.br\/semcom\/wp-content\/uploads\/sites\/5\/2026\/01\/Semsa-Manaus-Janeiro-Roxo-4.jpeg","contentUrl":"https:\/\/www.manaus.am.gov.br\/semcom\/wp-content\/uploads\/sites\/5\/2026\/01\/Semsa-Manaus-Janeiro-Roxo-4.jpeg","width":1600,"height":1066,"caption":"#paratodosverem - Usu\u00e1ria de unidade de sa\u00fade recebendo atendimento de profissional da Semsa para o diagn\u00f3stico de hansen\u00edase"},{"@type":"WebSite","@id":"https:\/\/www.manaus.am.gov.br\/semcom\/#website","url":"https:\/\/www.manaus.am.gov.br\/semcom\/","name":"SEMCOM","description":"Secretaria Municipal de Comunica\u00e7\u00e3o","potentialAction":[{"@type":"SearchAction","target":{"@type":"EntryPoint","urlTemplate":"https:\/\/www.manaus.am.gov.br\/semcom\/?s={search_term_string}"},"query-input":"required name=search_term_string"}],"inLanguage":"pt-BR"},{"@type":"Person","@id":"https:\/\/www.manaus.am.gov.br\/semcom\/#\/schema\/person\/05d223aea2bf115f9883a6ff3683d81b","name":"Bruna Greco","image":{"@type":"ImageObject","inLanguage":"pt-BR","@id":"https:\/\/www.manaus.am.gov.br\/semcom\/#\/schema\/person\/image\/","url":"https:\/\/secure.gravatar.com\/avatar\/9c877d1a6adc2a055330e5c09a8653ce?s=96&d=mm&r=g","contentUrl":"https:\/\/secure.gravatar.com\/avatar\/9c877d1a6adc2a055330e5c09a8653ce?s=96&d=mm&r=g","caption":"Bruna Greco"}}]}},"_links":{"self":[{"href":"https:\/\/www.manaus.am.gov.br\/semcom\/wp-json\/wp\/v2\/posts\/250436"}],"collection":[{"href":"https:\/\/www.manaus.am.gov.br\/semcom\/wp-json\/wp\/v2\/posts"}],"about":[{"href":"https:\/\/www.manaus.am.gov.br\/semcom\/wp-json\/wp\/v2\/types\/post"}],"author":[{"embeddable":true,"href":"https:\/\/www.manaus.am.gov.br\/semcom\/wp-json\/wp\/v2\/users\/39"}],"replies":[{"embeddable":true,"href":"https:\/\/www.manaus.am.gov.br\/semcom\/wp-json\/wp\/v2\/comments?post=250436"}],"version-history":[{"count":1,"href":"https:\/\/www.manaus.am.gov.br\/semcom\/wp-json\/wp\/v2\/posts\/250436\/revisions"}],"predecessor-version":[{"id":250439,"href":"https:\/\/www.manaus.am.gov.br\/semcom\/wp-json\/wp\/v2\/posts\/250436\/revisions\/250439"}],"wp:featuredmedia":[{"embeddable":true,"href":"https:\/\/www.manaus.am.gov.br\/semcom\/wp-json\/wp\/v2\/media\/250437"}],"wp:attachment":[{"href":"https:\/\/www.manaus.am.gov.br\/semcom\/wp-json\/wp\/v2\/media?parent=250436"}],"wp:term":[{"taxonomy":"category","embeddable":true,"href":"https:\/\/www.manaus.am.gov.br\/semcom\/wp-json\/wp\/v2\/categories?post=250436"},{"taxonomy":"post_tag","embeddable":true,"href":"https:\/\/www.manaus.am.gov.br\/semcom\/wp-json\/wp\/v2\/tags?post=250436"}],"curies":[{"name":"wp","href":"https:\/\/api.w.org\/{rel}","templated":true}]}}