{"id":250383,"date":"2026-01-01T23:37:39","date_gmt":"2026-01-02T02:37:39","guid":{"rendered":"https:\/\/www.manaus.am.gov.br\/semcom\/prefeito-democratizacao-reveillonmanaus2026\/"},"modified":"2026-01-01T23:50:32","modified_gmt":"2026-01-02T02:50:32","slug":"prefeito-democratizacao-reveillonmanaus2026","status":"publish","type":"post","link":"https:\/\/www.manaus.am.gov.br\/semcom\/prefeito-democratizacao-reveillonmanaus2026\/","title":{"rendered":"Prefeito David Almeida comemora R\u00e9veillon em Manaus com p\u00fablico circulante de aproximadamente 278 mil pessoas e transforma virada de ano em pol\u00edtica de justi\u00e7a cultural"},"content":{"rendered":"\n<p>O prefeito David Almeida celebrou o sucesso do &#8220;R\u00e9veillon Manaus 2026 &#8211; O encontro da nossa gente&#8221;, que atraiu p\u00fablico circulante de aproximadamente 278 mil pessoas nos tr\u00eas locais de festa, e refor\u00e7ou um dos eixos de sua gest\u00e3o: a descentraliza\u00e7\u00e3o dos grandes eventos p\u00fablicos e a democratiza\u00e7\u00e3o do acesso \u00e0 cultura em todas as regi\u00f5es da cidade.<\/p>\n\n\n\n<p>Celebrado na noite do dia 31 de dezembro at\u00e9 as primeiras horas do deste 1\u00b0 de janeiro, o &#8220;R\u00e9veillon Manaus 2026&#8221; atraiu grande p\u00fablico circulante nos tr\u00eas locais onde foi realizado, sendo aproximadamente 160 mil na Ponta Negra; 100 mil na alameda Alphaville, entre as zonas Norte e Leste, e 18 mil no Amarelinho, na zona Sul.<\/p>\n\n\n\n<p>Durante visita \u00e0 festa realizada na alameda Alphaville, o prefeito David Almeida destacou que a realiza\u00e7\u00e3o simult\u00e2nea do R\u00e9veillon em diferentes \u00e1reas de Manaus n\u00e3o \u00e9 apenas uma escolha log\u00edstica, mas uma decis\u00e3o pol\u00edtica de governo, alinhada ao compromisso de promover inclus\u00e3o cultural e equil\u00edbrio territorial.<\/p>\n\n\n\n<p>\u201cJ\u00e1 \u00e9 o terceiro ano seguido e virou tradi\u00e7\u00e3o o \u2018R\u00e9veillon de Manaus\u2019 aqui neste local. Esses espa\u00e7os foram constru\u00eddos pela nossa gest\u00e3o. Estamos fazendo justi\u00e7a cultural nas duas zonas mais populosas da cidade, trazendo eventos de qualidade, artistas de renome nacional e dando o mesmo tratamento que a gente d\u00e1 \u00e0 Ponta Negra, na zona Oeste, tamb\u00e9m \u00e0 zona Norte e \u00e0 zona Leste. Tem sido um sucesso total e vamos continuar fazendo para a alegria da popula\u00e7\u00e3o da nossa cidade\u201d, afirmou o chefe do Executivo municipal.<\/p>\n\n\n\n<p>A programa\u00e7\u00e3o da alameda Alphaville reuniu atra\u00e7\u00f5es locais e nacionais, com estrutura de palco, som, ilumina\u00e7\u00e3o e servi\u00e7os no mesmo padr\u00e3o adotado nos grandes eventos realizados na orla da Ponta Negra, tradicional cart\u00e3o-postal da capital. A diretriz da atual gest\u00e3o \u00e9 clara, romper a l\u00f3gica de concentra\u00e7\u00e3o cultural e garantir que a popula\u00e7\u00e3o das \u00e1reas mais populosas tenha acesso \u00e0s mesmas experi\u00eancias oferecidas nas regi\u00f5es centrais e tur\u00edsticas.<\/p>\n\n\n\n<p>O \u201cR\u00e9veillon Manaus 2026\u201d foi realizado de forma simult\u00e2nea em quatro zonas da cidade, Oeste, Sul, Norte e Leste, al\u00e9m da programa\u00e7\u00e3o gospel e do apoio institucional ao Festival Afroamaz\u00f4nico de Yemanj\u00e1, contemplando diferentes estilos musicais, p\u00fablicos e territ\u00f3rios urbanos. A opera\u00e7\u00e3o envolveu mais de mil profissionais, entre equipes de cultura, seguran\u00e7a, sa\u00fade, tr\u00e2nsito, limpeza urbana e apoio log\u00edstico, assegurando organiza\u00e7\u00e3o, seguran\u00e7a e conforto ao p\u00fablico durante toda a noite.<\/p>\n\n\n\n<p>Mais do que uma grande festa, a virada do ano em Manaus vem sendo consolidada pela atual gest\u00e3o como uma pol\u00edtica p\u00fablica permanente, que valoriza os artistas locais, impulsiona a economia criativa, movimenta o com\u00e9rcio e fortalece o sentimento de pertencimento da popula\u00e7\u00e3o aos espa\u00e7os p\u00fablicos da cidade.<\/p>\n\n\n\n<p>Ao transformar o R\u00e9veillon em um evento plural, descentralizado e cont\u00ednuo, o prefeito David Almeida consolida Manaus como refer\u00eancia nacional em pol\u00edticas culturais inclusivas, projetando a capital amazonense n\u00e3o apenas pela grandiosidade da celebra\u00e7\u00e3o, mas pelo conceito de justi\u00e7a cultural e equil\u00edbrio urbano que a iniciativa representa.<\/p>\n\n\n\n<p>&#8212; &#8212; &#8212;<\/p>\n\n\n\n<p><strong>Texto<\/strong> &#8211; Emanuelle Baires\/Semcom-Prefeito<\/p>\n\n\n\n<p><strong>Fotos<\/strong> &#8211; Dhyeizo Lemos\/Semcom-Prefeito, Cl\u00f3vis Miranda\/Semcom, Jo\u00e3o Viana\/Semcom e Valdo Le\u00e3o\/Semcom<\/p>\n","protected":false},"excerpt":{"rendered":"","protected":false},"author":23,"featured_media":250384,"comment_status":"closed","ping_status":"closed","sticky":false,"template":"","format":"standard","meta":{"footnotes":""},"categories":[980],"tags":[18682,484,5341,18625],"acf":[],"yoast_head":"<!-- This site is optimized with the Yoast SEO plugin v23.0 - https:\/\/yoast.com\/wordpress\/plugins\/seo\/ -->\n<title>Prefeito David Almeida comemora R\u00e9veillon em Manaus com p\u00fablico circulante de aproximadamente 278 mil pessoas e transforma virada de ano em pol\u00edtica de justi\u00e7a cultural<\/title>\n<meta name=\"description\" content=\"O prefeito David Almeida celebrou o sucesso do &quot;R\u00e9veillon Manaus 2026 - O encontro da nossa gente&quot;, que atraiu p\u00fablico circulante de aproximadamente 278 mil pessoas nos tr\u00eas locais de festa, e refor\u00e7ou um dos eixos de sua gest\u00e3o: a descentraliza\u00e7\u00e3o dos grandes eventos p\u00fablicos e a democratiza\u00e7\u00e3o do acesso \u00e0 cultura em todas as regi\u00f5es da cidade.\" \/>\n<meta name=\"robots\" content=\"index, follow, max-snippet:-1, max-image-preview:large, max-video-preview:-1\" \/>\n<link rel=\"canonical\" href=\"https:\/\/www.manaus.am.gov.br\/semcom\/prefeito-democratizacao-reveillonmanaus2026\/\" \/>\n<meta property=\"og:locale\" content=\"pt_BR\" \/>\n<meta property=\"og:type\" content=\"article\" \/>\n<meta property=\"og:title\" content=\"Prefeito David Almeida comemora R\u00e9veillon em Manaus com p\u00fablico circulante de aproximadamente 278 mil pessoas e transforma virada de ano em pol\u00edtica de justi\u00e7a cultural\" \/>\n<meta property=\"og:description\" content=\"O prefeito David Almeida celebrou o sucesso do &quot;R\u00e9veillon Manaus 2026 - O encontro da nossa gente&quot;, que atraiu p\u00fablico circulante de aproximadamente 278 mil pessoas nos tr\u00eas locais de festa, e refor\u00e7ou um dos eixos de sua gest\u00e3o: a descentraliza\u00e7\u00e3o dos grandes eventos p\u00fablicos e a democratiza\u00e7\u00e3o do acesso \u00e0 cultura em todas as regi\u00f5es da cidade.\" \/>\n<meta property=\"og:url\" content=\"https:\/\/www.manaus.am.gov.br\/semcom\/prefeito-democratizacao-reveillonmanaus2026\/\" \/>\n<meta property=\"og:site_name\" content=\"SEMCOM\" \/>\n<meta property=\"article:published_time\" content=\"2026-01-02T02:37:39+00:00\" \/>\n<meta property=\"article:modified_time\" content=\"2026-01-02T02:50:32+00:00\" \/>\n<meta property=\"og:image\" content=\"https:\/\/www.manaus.am.gov.br\/semcom\/wp-content\/uploads\/sites\/5\/2026\/01\/WhatsApp-Image-2026-01-01-at-22.21.59-2.jpeg\" \/>\n\t<meta property=\"og:image:width\" content=\"4160\" \/>\n\t<meta property=\"og:image:height\" content=\"2773\" \/>\n\t<meta property=\"og:image:type\" content=\"image\/jpeg\" \/>\n<meta name=\"author\" content=\"Adriana Costa\" \/>\n<meta name=\"twitter:card\" content=\"summary_large_image\" \/>\n<meta name=\"twitter:label1\" content=\"Written by\" \/>\n\t<meta name=\"twitter:data1\" content=\"Adriana Costa\" \/>\n\t<meta name=\"twitter:label2\" content=\"Est. reading time\" \/>\n\t<meta name=\"twitter:data2\" content=\"3 minutos\" \/>\n<script type=\"application\/ld+json\" class=\"yoast-schema-graph\">{\"@context\":\"https:\/\/schema.org\",\"@graph\":[{\"@type\":\"WebPage\",\"@id\":\"https:\/\/www.manaus.am.gov.br\/semcom\/prefeito-democratizacao-reveillonmanaus2026\/\",\"url\":\"https:\/\/www.manaus.am.gov.br\/semcom\/prefeito-democratizacao-reveillonmanaus2026\/\",\"name\":\"Prefeito David Almeida comemora R\u00e9veillon em Manaus com p\u00fablico circulante de aproximadamente 278 mil pessoas e transforma virada de ano em pol\u00edtica de justi\u00e7a cultural\",\"isPartOf\":{\"@id\":\"https:\/\/www.manaus.am.gov.br\/semcom\/#website\"},\"primaryImageOfPage\":{\"@id\":\"https:\/\/www.manaus.am.gov.br\/semcom\/prefeito-democratizacao-reveillonmanaus2026\/#primaryimage\"},\"image\":{\"@id\":\"https:\/\/www.manaus.am.gov.br\/semcom\/prefeito-democratizacao-reveillonmanaus2026\/#primaryimage\"},\"thumbnailUrl\":\"https:\/\/www.manaus.am.gov.br\/semcom\/wp-content\/uploads\/sites\/5\/2026\/01\/WhatsApp-Image-2026-01-01-at-22.21.59-2.jpeg\",\"datePublished\":\"2026-01-02T02:37:39+00:00\",\"dateModified\":\"2026-01-02T02:50:32+00:00\",\"author\":{\"@id\":\"https:\/\/www.manaus.am.gov.br\/semcom\/#\/schema\/person\/4e49f4e267757a06ca072ec61b2b9968\"},\"description\":\"O prefeito David Almeida celebrou o sucesso do \\\"R\u00e9veillon Manaus 2026 - O encontro da nossa gente\\\", que atraiu p\u00fablico circulante de aproximadamente 278 mil pessoas nos tr\u00eas locais de festa, e refor\u00e7ou um dos eixos de sua gest\u00e3o: a descentraliza\u00e7\u00e3o dos grandes eventos p\u00fablicos e a democratiza\u00e7\u00e3o do acesso \u00e0 cultura em todas as regi\u00f5es da cidade.\",\"inLanguage\":\"pt-BR\",\"potentialAction\":[{\"@type\":\"ReadAction\",\"target\":[\"https:\/\/www.manaus.am.gov.br\/semcom\/prefeito-democratizacao-reveillonmanaus2026\/\"]}]},{\"@type\":\"ImageObject\",\"inLanguage\":\"pt-BR\",\"@id\":\"https:\/\/www.manaus.am.gov.br\/semcom\/prefeito-democratizacao-reveillonmanaus2026\/#primaryimage\",\"url\":\"https:\/\/www.manaus.am.gov.br\/semcom\/wp-content\/uploads\/sites\/5\/2026\/01\/WhatsApp-Image-2026-01-01-at-22.21.59-2.jpeg\",\"contentUrl\":\"https:\/\/www.manaus.am.gov.br\/semcom\/wp-content\/uploads\/sites\/5\/2026\/01\/WhatsApp-Image-2026-01-01-at-22.21.59-2.jpeg\",\"width\":4160,\"height\":2773,\"caption\":\"#paratodosverem - Em festa de \\\"R\u00e9veillon Manaus 2026\\\", prefeito David Almeida tira selfie com p\u00fablico e celebra democratiza\u00e7\u00e3o do acesso \u00e0 cultura\"},{\"@type\":\"WebSite\",\"@id\":\"https:\/\/www.manaus.am.gov.br\/semcom\/#website\",\"url\":\"https:\/\/www.manaus.am.gov.br\/semcom\/\",\"name\":\"SEMCOM\",\"description\":\"Secretaria Municipal de Comunica\u00e7\u00e3o\",\"potentialAction\":[{\"@type\":\"SearchAction\",\"target\":{\"@type\":\"EntryPoint\",\"urlTemplate\":\"https:\/\/www.manaus.am.gov.br\/semcom\/?s={search_term_string}\"},\"query-input\":\"required name=search_term_string\"}],\"inLanguage\":\"pt-BR\"},{\"@type\":\"Person\",\"@id\":\"https:\/\/www.manaus.am.gov.br\/semcom\/#\/schema\/person\/4e49f4e267757a06ca072ec61b2b9968\",\"name\":\"Adriana Costa\",\"image\":{\"@type\":\"ImageObject\",\"inLanguage\":\"pt-BR\",\"@id\":\"https:\/\/www.manaus.am.gov.br\/semcom\/#\/schema\/person\/image\/\",\"url\":\"https:\/\/secure.gravatar.com\/avatar\/576258617ef7194f718179e766d57bd4?s=96&d=mm&r=g\",\"contentUrl\":\"https:\/\/secure.gravatar.com\/avatar\/576258617ef7194f718179e766d57bd4?s=96&d=mm&r=g\",\"caption\":\"Adriana Costa\"}}]}<\/script>\n<!-- \/ Yoast SEO plugin. -->","yoast_head_json":{"title":"Prefeito David Almeida comemora R\u00e9veillon em Manaus com p\u00fablico circulante de aproximadamente 278 mil pessoas e transforma virada de ano em pol\u00edtica de justi\u00e7a cultural","description":"O prefeito David Almeida celebrou o sucesso do \"R\u00e9veillon Manaus 2026 - O encontro da nossa gente\", que atraiu p\u00fablico circulante de aproximadamente 278 mil pessoas nos tr\u00eas locais de festa, e refor\u00e7ou um dos eixos de sua gest\u00e3o: a descentraliza\u00e7\u00e3o dos grandes eventos p\u00fablicos e a democratiza\u00e7\u00e3o do acesso \u00e0 cultura em todas as regi\u00f5es da cidade.","robots":{"index":"index","follow":"follow","max-snippet":"max-snippet:-1","max-image-preview":"max-image-preview:large","max-video-preview":"max-video-preview:-1"},"canonical":"https:\/\/www.manaus.am.gov.br\/semcom\/prefeito-democratizacao-reveillonmanaus2026\/","og_locale":"pt_BR","og_type":"article","og_title":"Prefeito David Almeida comemora R\u00e9veillon em Manaus com p\u00fablico circulante de aproximadamente 278 mil pessoas e transforma virada de ano em pol\u00edtica de justi\u00e7a cultural","og_description":"O prefeito David Almeida celebrou o sucesso do \"R\u00e9veillon Manaus 2026 - O encontro da nossa gente\", que atraiu p\u00fablico circulante de aproximadamente 278 mil pessoas nos tr\u00eas locais de festa, e refor\u00e7ou um dos eixos de sua gest\u00e3o: a descentraliza\u00e7\u00e3o dos grandes eventos p\u00fablicos e a democratiza\u00e7\u00e3o do acesso \u00e0 cultura em todas as regi\u00f5es da cidade.","og_url":"https:\/\/www.manaus.am.gov.br\/semcom\/prefeito-democratizacao-reveillonmanaus2026\/","og_site_name":"SEMCOM","article_published_time":"2026-01-02T02:37:39+00:00","article_modified_time":"2026-01-02T02:50:32+00:00","og_image":[{"width":4160,"height":2773,"url":"https:\/\/www.manaus.am.gov.br\/semcom\/wp-content\/uploads\/sites\/5\/2026\/01\/WhatsApp-Image-2026-01-01-at-22.21.59-2.jpeg","type":"image\/jpeg"}],"author":"Adriana Costa","twitter_card":"summary_large_image","twitter_misc":{"Written by":"Adriana Costa","Est. reading time":"3 minutos"},"schema":{"@context":"https:\/\/schema.org","@graph":[{"@type":"WebPage","@id":"https:\/\/www.manaus.am.gov.br\/semcom\/prefeito-democratizacao-reveillonmanaus2026\/","url":"https:\/\/www.manaus.am.gov.br\/semcom\/prefeito-democratizacao-reveillonmanaus2026\/","name":"Prefeito David Almeida comemora R\u00e9veillon em Manaus com p\u00fablico circulante de aproximadamente 278 mil pessoas e transforma virada de ano em pol\u00edtica de justi\u00e7a cultural","isPartOf":{"@id":"https:\/\/www.manaus.am.gov.br\/semcom\/#website"},"primaryImageOfPage":{"@id":"https:\/\/www.manaus.am.gov.br\/semcom\/prefeito-democratizacao-reveillonmanaus2026\/#primaryimage"},"image":{"@id":"https:\/\/www.manaus.am.gov.br\/semcom\/prefeito-democratizacao-reveillonmanaus2026\/#primaryimage"},"thumbnailUrl":"https:\/\/www.manaus.am.gov.br\/semcom\/wp-content\/uploads\/sites\/5\/2026\/01\/WhatsApp-Image-2026-01-01-at-22.21.59-2.jpeg","datePublished":"2026-01-02T02:37:39+00:00","dateModified":"2026-01-02T02:50:32+00:00","author":{"@id":"https:\/\/www.manaus.am.gov.br\/semcom\/#\/schema\/person\/4e49f4e267757a06ca072ec61b2b9968"},"description":"O prefeito David Almeida celebrou o sucesso do \"R\u00e9veillon Manaus 2026 - O encontro da nossa gente\", que atraiu p\u00fablico circulante de aproximadamente 278 mil pessoas nos tr\u00eas locais de festa, e refor\u00e7ou um dos eixos de sua gest\u00e3o: a descentraliza\u00e7\u00e3o dos grandes eventos p\u00fablicos e a democratiza\u00e7\u00e3o do acesso \u00e0 cultura em todas as regi\u00f5es da cidade.","inLanguage":"pt-BR","potentialAction":[{"@type":"ReadAction","target":["https:\/\/www.manaus.am.gov.br\/semcom\/prefeito-democratizacao-reveillonmanaus2026\/"]}]},{"@type":"ImageObject","inLanguage":"pt-BR","@id":"https:\/\/www.manaus.am.gov.br\/semcom\/prefeito-democratizacao-reveillonmanaus2026\/#primaryimage","url":"https:\/\/www.manaus.am.gov.br\/semcom\/wp-content\/uploads\/sites\/5\/2026\/01\/WhatsApp-Image-2026-01-01-at-22.21.59-2.jpeg","contentUrl":"https:\/\/www.manaus.am.gov.br\/semcom\/wp-content\/uploads\/sites\/5\/2026\/01\/WhatsApp-Image-2026-01-01-at-22.21.59-2.jpeg","width":4160,"height":2773,"caption":"#paratodosverem - Em festa de \"R\u00e9veillon Manaus 2026\", prefeito David Almeida tira selfie com p\u00fablico e celebra democratiza\u00e7\u00e3o do acesso \u00e0 cultura"},{"@type":"WebSite","@id":"https:\/\/www.manaus.am.gov.br\/semcom\/#website","url":"https:\/\/www.manaus.am.gov.br\/semcom\/","name":"SEMCOM","description":"Secretaria Municipal de Comunica\u00e7\u00e3o","potentialAction":[{"@type":"SearchAction","target":{"@type":"EntryPoint","urlTemplate":"https:\/\/www.manaus.am.gov.br\/semcom\/?s={search_term_string}"},"query-input":"required name=search_term_string"}],"inLanguage":"pt-BR"},{"@type":"Person","@id":"https:\/\/www.manaus.am.gov.br\/semcom\/#\/schema\/person\/4e49f4e267757a06ca072ec61b2b9968","name":"Adriana Costa","image":{"@type":"ImageObject","inLanguage":"pt-BR","@id":"https:\/\/www.manaus.am.gov.br\/semcom\/#\/schema\/person\/image\/","url":"https:\/\/secure.gravatar.com\/avatar\/576258617ef7194f718179e766d57bd4?s=96&d=mm&r=g","contentUrl":"https:\/\/secure.gravatar.com\/avatar\/576258617ef7194f718179e766d57bd4?s=96&d=mm&r=g","caption":"Adriana Costa"}}]}},"_links":{"self":[{"href":"https:\/\/www.manaus.am.gov.br\/semcom\/wp-json\/wp\/v2\/posts\/250383"}],"collection":[{"href":"https:\/\/www.manaus.am.gov.br\/semcom\/wp-json\/wp\/v2\/posts"}],"about":[{"href":"https:\/\/www.manaus.am.gov.br\/semcom\/wp-json\/wp\/v2\/types\/post"}],"author":[{"embeddable":true,"href":"https:\/\/www.manaus.am.gov.br\/semcom\/wp-json\/wp\/v2\/users\/23"}],"replies":[{"embeddable":true,"href":"https:\/\/www.manaus.am.gov.br\/semcom\/wp-json\/wp\/v2\/comments?post=250383"}],"version-history":[{"count":1,"href":"https:\/\/www.manaus.am.gov.br\/semcom\/wp-json\/wp\/v2\/posts\/250383\/revisions"}],"predecessor-version":[{"id":250385,"href":"https:\/\/www.manaus.am.gov.br\/semcom\/wp-json\/wp\/v2\/posts\/250383\/revisions\/250385"}],"wp:featuredmedia":[{"embeddable":true,"href":"https:\/\/www.manaus.am.gov.br\/semcom\/wp-json\/wp\/v2\/media\/250384"}],"wp:attachment":[{"href":"https:\/\/www.manaus.am.gov.br\/semcom\/wp-json\/wp\/v2\/media?parent=250383"}],"wp:term":[{"taxonomy":"category","embeddable":true,"href":"https:\/\/www.manaus.am.gov.br\/semcom\/wp-json\/wp\/v2\/categories?post=250383"},{"taxonomy":"post_tag","embeddable":true,"href":"https:\/\/www.manaus.am.gov.br\/semcom\/wp-json\/wp\/v2\/tags?post=250383"}],"curies":[{"name":"wp","href":"https:\/\/api.w.org\/{rel}","templated":true}]}}