{"id":250373,"date":"2026-01-01T06:34:21","date_gmt":"2026-01-01T10:34:21","guid":{"rendered":"https:\/\/www.manaus.am.gov.br\/semcom\/reveillon-parque-amazonino-mendes\/"},"modified":"2026-01-01T06:34:21","modified_gmt":"2026-01-01T10:34:21","slug":"reveillon-parque-amazonino-mendes","status":"publish","type":"post","link":"https:\/\/www.manaus.am.gov.br\/semcom\/reveillon-parque-amazonino-mendes\/","title":{"rendered":"Cerca de 100 mil pessoas celebram o \u2018R\u00e9veillon Manaus 2026\u2019 no parque Amazonino Mendes com grande evento"},"content":{"rendered":"\n<p>Pelo terceiro ano seguido, a virada de ano foi celebrada no parque Amazonino Mendes, na alameda Alphaville, atraindo um p\u00fablico de cerca de 100 mil pessoas circulantes. A Prefeitura de Manaus proporcionou uma grande festa para a popula\u00e7\u00e3o das zonas Norte e Leste da capital para a chegada de 2026. A programa\u00e7\u00e3o do &#8220;R\u00e9veillon Manaus 2026 &#8211; O encontro da nossa gente&#8221; foi coordenada pela Funda\u00e7\u00e3o Municipal de Cultura, Turismo e Eventos (Manauscult), oferecendo uma noite repleta de shows e uma queima de fogos memor\u00e1vel.<\/p>\n\n\n\n<p>O prefeito David Almeida ressaltou que a festa na alameda Alphaville \u00e9 resultado de justi\u00e7a cultural realizada pela sua gest\u00e3o. &#8220;Estamos fazendo justi\u00e7a cultural nas duas zonas mais populosas de Manaus, trazendo eventos de qualidade e artistas de renome nacional. Damos \u00e0s zonas Norte e Leste o mesmo tratamento que oferecemos \u00e0 zona Oeste, na Ponta Negra. O sucesso total deste terceiro ano mostra que estamos no caminho certo, e continuaremos trabalhando para a alegria da popula\u00e7\u00e3o da nossa cidade&#8221;, afirmou.<\/p>\n\n\n\n<p>O megashow da virada foi comandado pela cantora Klessinha, fen\u00f4meno da &#8220;seresta de batid\u00e3o&#8221;. A artista possui uma grande base de f\u00e3s em Manaus e \u00e9 uma das atra\u00e7\u00f5es mais requisitadas para eventos realizados pela prefeitura.<\/p>\n\n\n\n<p>Uma das atra\u00e7\u00f5es mais pedidas pelo p\u00fablico para se apresentar no \u201cR\u00e9veillon Manaus 2026\u201d ap\u00f3s seu show no anivers\u00e1rio de 356 anos da capital amazonense, Klessinha agradeceu o carinho do p\u00fablico manauara que manifestou tanto o desejo de v\u00ea-la que decidiu se apresentar nos tr\u00eas palcos montados pela prefeitura para a virada de ano.<\/p>\n\n\n\n<p>&#8220;Estou me sentindo muito realizada com tudo o que a gente vem colhendo depois da grava\u00e7\u00e3o do DVD. Estou muito surpresa e grata devido a todos os pedidos dos f\u00e3s, das pessoas que gostam do meu trabalho e a todos que est\u00e3o me apoiando, muito obrigada. Foi uma correria grande, tr\u00eas shows na capital n\u00e3o s\u00e3o para qualquer um. Ent\u00e3o, n\u00e3o tenho nem como agradecer por esse resultado. S\u00f3 pe\u00e7o que Deus multiplique e d\u00ea em dobro tudo o que voc\u00eas desejam para mim. Obrigada por esse ano maravilhoso que foi 2025 e que, em 2026, a gente se encontre muito, muito mais&#8221;, declarou a cantora.<\/p>\n\n\n\n<p>A alegria do p\u00fablico em curtir o show da &#8220;Baronesa da Seresta&#8221; era contagiante. Optando por passar o R\u00e9veillon na alameda Alphaville em vez da Ponta Negra neste ano, o chefe de cozinha Francisco de Assis garantiu um lugar \u00e0 frente do palco para aproveitar a atra\u00e7\u00e3o de perto. &#8220;Eu vim ver a Klessinha, sou muito f\u00e3 dela. Todo dia escuto as m\u00fasicas dela, principalmente a m\u00fasica &#8216;Gaia'&#8221;, comentou.<\/p>\n\n\n\n<p>Al\u00e9m de Klessinha, a programa\u00e7\u00e3o do R\u00e9veillon Manaus na alameda Alphaville contou com o show da dupla Bruno &amp; Marrone e apresenta\u00e7\u00f5es de artistas locais como Mikael, Luiz Carlos e Banda, Carlos Batata e Mailzon, a DJ Ariana, entre outros.<\/p>\n\n\n\n<p>Mikael agradeceu o suporte ofertado pela prefeitura a todos os artistas. &#8220;Quero agradecer \u00e0 Prefeitura de Manaus e ao nosso querido prefeito David Almeida pelo carinho. O mesmo suporte dado aos artistas nacionais n\u00f3s recebemos tamb\u00e9m, como camarim e estrutura. Fico muito feliz em fazer parte deste R\u00e9veillon maravilhoso&#8221;, agradeceu o cantor.<\/p>\n\n\n\n<p>A realiza\u00e7\u00e3o da festa de R\u00e9veillon entre as zonas Norte e Leste pela terceira vez \u00e9 uma importante iniciativa para os moradores da regi\u00e3o, que n\u00e3o precisam se deslocar para locais distantes, como a Ponta Negra, para curtir um megashow na chegada do ano novo.<\/p>\n\n\n\n<p>O microempres\u00e1rio Evil\u00e1sio da Silva, morador da zona Leste, afirmou que ter uma grande festa pr\u00f3xima de casa \u00e9 um acerto. &#8220;J\u00e1 que est\u00e1 perto de casa, \u00e9 unir o \u00fatil ao agrad\u00e1vel. A organiza\u00e7\u00e3o da festa e as atra\u00e7\u00f5es est\u00e3o aprovadas&#8221;, afirmou.<\/p>\n\n\n\n<p><strong>Acessibilidade<\/strong><\/p>\n\n\n\n<p>A estrutura do \u201cR\u00e9veillon Manaus 2026\u201d foi marcada pela inclus\u00e3o e diversidade, com uma festa democr\u00e1tica e acolhedora. Na alameda Alphaville, foi garantido um espa\u00e7o reservado para Pessoas com Defici\u00eancia (PcDs) e seus acompanhantes pr\u00f3ximo ao palco.<\/p>\n\n\n\n<p>A queima de fogos tamb\u00e9m foi inclusiva, com baixo ru\u00eddo. A pol\u00edtica de bem-estar mantida pela Prefeitura de Manaus beneficia crian\u00e7as, idosos, PcDs, pessoas com Transtorno do Espectro Autista (TEA) e animais.<\/p>\n\n\n\n<p><strong>Mobiliza\u00e7\u00e3o<\/strong><\/p>\n\n\n\n<p>O \u201cR\u00e9veillon Manaus 2026\u201d contou com uma grande mobiliza\u00e7\u00e3o das secretarias municipais para garantir seguran\u00e7a, mobilidade, sa\u00fade e bem-estar \u00e0 popula\u00e7\u00e3o, com refor\u00e7o de \u00f3rg\u00e3os estaduais e seguran\u00e7a privada. Mais de mil trabalhadores atuaram no evento, que transcorreu sem ocorr\u00eancias graves.<\/p>\n\n\n\n<figure class=\"wp-block-image size-full\"><img loading=\"lazy\" decoding=\"async\" width=\"1024\" height=\"683\" src=\"https:\/\/www.manaus.am.gov.br\/semcom\/wp-content\/uploads\/sites\/5\/2026\/01\/55016762855_f6fa44c37b_b.jpg\" alt=\"\" class=\"wp-image-250376\" srcset=\"https:\/\/www.manaus.am.gov.br\/semcom\/wp-content\/uploads\/sites\/5\/2026\/01\/55016762855_f6fa44c37b_b.jpg 1024w, https:\/\/www.manaus.am.gov.br\/semcom\/wp-content\/uploads\/sites\/5\/2026\/01\/55016762855_f6fa44c37b_b-300x200.jpg 300w, https:\/\/www.manaus.am.gov.br\/semcom\/wp-content\/uploads\/sites\/5\/2026\/01\/55016762855_f6fa44c37b_b-768x512.jpg 768w\" sizes=\"(max-width: 1024px) 100vw, 1024px\" \/><figcaption class=\"wp-element-caption\">#paratodosverem &#8211; Espa\u00e7o reservado para Pessoas com Defici\u00eancia (PcDs) e necessidades especiais<\/figcaption><\/figure>\n\n\n\n<p>&#8212; &#8212; &#8212;<\/p>\n\n\n\n<p><strong>Texto&nbsp;<\/strong>&#8211; Geraldo Farias\/Semcom<\/p>\n\n\n\n<p><strong>Fotos<\/strong> &#8211; Jo\u00e3o Viana\/Semcom<\/p>\n\n\n\n<p><strong>Dispon\u00edveis em &#8211; <\/strong><a href=\"https:\/\/flic.kr\/s\/aHBqjCFqEd\">https:\/\/flic.kr\/s\/aHBqjCFqEd<\/a><\/p>\n","protected":false},"excerpt":{"rendered":"","protected":false},"author":39,"featured_media":250374,"comment_status":"closed","ping_status":"closed","sticky":false,"template":"","format":"standard","meta":{"footnotes":""},"categories":[7],"tags":[18684,307,3711,77,18625],"acf":[],"yoast_head":"<!-- This site is optimized with the Yoast SEO plugin v23.0 - https:\/\/yoast.com\/wordpress\/plugins\/seo\/ -->\n<title>Cerca de 100 mil pessoas celebram o \u2018R\u00e9veillon Manaus 2026\u2019 no parque Amazonino Mendes com grande evento<\/title>\n<meta name=\"description\" content=\"Cerca de 100 mil pessoas celebram o \u2018R\u00e9veillon Manaus 2026\u2019 no parque Amazonino Mendes com grande evento neste dia 31\/12.\" \/>\n<meta name=\"robots\" content=\"index, follow, max-snippet:-1, max-image-preview:large, max-video-preview:-1\" \/>\n<link rel=\"canonical\" href=\"https:\/\/www.manaus.am.gov.br\/semcom\/reveillon-parque-amazonino-mendes\/\" \/>\n<meta property=\"og:locale\" content=\"pt_BR\" \/>\n<meta property=\"og:type\" content=\"article\" \/>\n<meta property=\"og:title\" content=\"Cerca de 100 mil pessoas celebram o \u2018R\u00e9veillon Manaus 2026\u2019 no parque Amazonino Mendes com grande evento\" \/>\n<meta property=\"og:description\" content=\"Cerca de 100 mil pessoas celebram o \u2018R\u00e9veillon Manaus 2026\u2019 no parque Amazonino Mendes com grande evento neste dia 31\/12.\" \/>\n<meta property=\"og:url\" content=\"https:\/\/www.manaus.am.gov.br\/semcom\/reveillon-parque-amazonino-mendes\/\" \/>\n<meta property=\"og:site_name\" content=\"SEMCOM\" \/>\n<meta property=\"article:published_time\" content=\"2026-01-01T10:34:21+00:00\" \/>\n<meta property=\"og:image\" content=\"https:\/\/www.manaus.am.gov.br\/semcom\/wp-content\/uploads\/sites\/5\/2026\/01\/55017228073_c41eaceb85_b.jpg\" \/>\n\t<meta property=\"og:image:width\" content=\"1024\" \/>\n\t<meta property=\"og:image:height\" content=\"576\" \/>\n\t<meta property=\"og:image:type\" content=\"image\/jpeg\" \/>\n<meta name=\"author\" content=\"Bruna Greco\" \/>\n<meta name=\"twitter:card\" content=\"summary_large_image\" \/>\n<meta name=\"twitter:label1\" content=\"Written by\" \/>\n\t<meta name=\"twitter:data1\" content=\"Bruna Greco\" \/>\n\t<meta name=\"twitter:label2\" content=\"Est. reading time\" \/>\n\t<meta name=\"twitter:data2\" content=\"5 minutos\" \/>\n<script type=\"application\/ld+json\" class=\"yoast-schema-graph\">{\"@context\":\"https:\/\/schema.org\",\"@graph\":[{\"@type\":\"WebPage\",\"@id\":\"https:\/\/www.manaus.am.gov.br\/semcom\/reveillon-parque-amazonino-mendes\/\",\"url\":\"https:\/\/www.manaus.am.gov.br\/semcom\/reveillon-parque-amazonino-mendes\/\",\"name\":\"Cerca de 100 mil pessoas celebram o \u2018R\u00e9veillon Manaus 2026\u2019 no parque Amazonino Mendes com grande evento\",\"isPartOf\":{\"@id\":\"https:\/\/www.manaus.am.gov.br\/semcom\/#website\"},\"primaryImageOfPage\":{\"@id\":\"https:\/\/www.manaus.am.gov.br\/semcom\/reveillon-parque-amazonino-mendes\/#primaryimage\"},\"image\":{\"@id\":\"https:\/\/www.manaus.am.gov.br\/semcom\/reveillon-parque-amazonino-mendes\/#primaryimage\"},\"thumbnailUrl\":\"https:\/\/www.manaus.am.gov.br\/semcom\/wp-content\/uploads\/sites\/5\/2026\/01\/55017228073_c41eaceb85_b.jpg\",\"datePublished\":\"2026-01-01T10:34:21+00:00\",\"dateModified\":\"2026-01-01T10:34:21+00:00\",\"author\":{\"@id\":\"https:\/\/www.manaus.am.gov.br\/semcom\/#\/schema\/person\/05d223aea2bf115f9883a6ff3683d81b\"},\"description\":\"Cerca de 100 mil pessoas celebram o \u2018R\u00e9veillon Manaus 2026\u2019 no parque Amazonino Mendes com grande evento neste dia 31\/12.\",\"inLanguage\":\"pt-BR\",\"potentialAction\":[{\"@type\":\"ReadAction\",\"target\":[\"https:\/\/www.manaus.am.gov.br\/semcom\/reveillon-parque-amazonino-mendes\/\"]}]},{\"@type\":\"ImageObject\",\"inLanguage\":\"pt-BR\",\"@id\":\"https:\/\/www.manaus.am.gov.br\/semcom\/reveillon-parque-amazonino-mendes\/#primaryimage\",\"url\":\"https:\/\/www.manaus.am.gov.br\/semcom\/wp-content\/uploads\/sites\/5\/2026\/01\/55017228073_c41eaceb85_b.jpg\",\"contentUrl\":\"https:\/\/www.manaus.am.gov.br\/semcom\/wp-content\/uploads\/sites\/5\/2026\/01\/55017228073_c41eaceb85_b.jpg\",\"width\":1024,\"height\":576,\"caption\":\"#paratodosverem - Imagem a\u00e9rea da alameda Alphaville durante queima de fogos e programa\u00e7\u00e3o do \\\"R\u00e9veillon Manaus 2026\\\"\"},{\"@type\":\"WebSite\",\"@id\":\"https:\/\/www.manaus.am.gov.br\/semcom\/#website\",\"url\":\"https:\/\/www.manaus.am.gov.br\/semcom\/\",\"name\":\"SEMCOM\",\"description\":\"Secretaria Municipal de Comunica\u00e7\u00e3o\",\"potentialAction\":[{\"@type\":\"SearchAction\",\"target\":{\"@type\":\"EntryPoint\",\"urlTemplate\":\"https:\/\/www.manaus.am.gov.br\/semcom\/?s={search_term_string}\"},\"query-input\":\"required name=search_term_string\"}],\"inLanguage\":\"pt-BR\"},{\"@type\":\"Person\",\"@id\":\"https:\/\/www.manaus.am.gov.br\/semcom\/#\/schema\/person\/05d223aea2bf115f9883a6ff3683d81b\",\"name\":\"Bruna Greco\",\"image\":{\"@type\":\"ImageObject\",\"inLanguage\":\"pt-BR\",\"@id\":\"https:\/\/www.manaus.am.gov.br\/semcom\/#\/schema\/person\/image\/\",\"url\":\"https:\/\/secure.gravatar.com\/avatar\/9c877d1a6adc2a055330e5c09a8653ce?s=96&d=mm&r=g\",\"contentUrl\":\"https:\/\/secure.gravatar.com\/avatar\/9c877d1a6adc2a055330e5c09a8653ce?s=96&d=mm&r=g\",\"caption\":\"Bruna Greco\"}}]}<\/script>\n<!-- \/ Yoast SEO plugin. -->","yoast_head_json":{"title":"Cerca de 100 mil pessoas celebram o \u2018R\u00e9veillon Manaus 2026\u2019 no parque Amazonino Mendes com grande evento","description":"Cerca de 100 mil pessoas celebram o \u2018R\u00e9veillon Manaus 2026\u2019 no parque Amazonino Mendes com grande evento neste dia 31\/12.","robots":{"index":"index","follow":"follow","max-snippet":"max-snippet:-1","max-image-preview":"max-image-preview:large","max-video-preview":"max-video-preview:-1"},"canonical":"https:\/\/www.manaus.am.gov.br\/semcom\/reveillon-parque-amazonino-mendes\/","og_locale":"pt_BR","og_type":"article","og_title":"Cerca de 100 mil pessoas celebram o \u2018R\u00e9veillon Manaus 2026\u2019 no parque Amazonino Mendes com grande evento","og_description":"Cerca de 100 mil pessoas celebram o \u2018R\u00e9veillon Manaus 2026\u2019 no parque Amazonino Mendes com grande evento neste dia 31\/12.","og_url":"https:\/\/www.manaus.am.gov.br\/semcom\/reveillon-parque-amazonino-mendes\/","og_site_name":"SEMCOM","article_published_time":"2026-01-01T10:34:21+00:00","og_image":[{"width":1024,"height":576,"url":"https:\/\/www.manaus.am.gov.br\/semcom\/wp-content\/uploads\/sites\/5\/2026\/01\/55017228073_c41eaceb85_b.jpg","type":"image\/jpeg"}],"author":"Bruna Greco","twitter_card":"summary_large_image","twitter_misc":{"Written by":"Bruna Greco","Est. reading time":"5 minutos"},"schema":{"@context":"https:\/\/schema.org","@graph":[{"@type":"WebPage","@id":"https:\/\/www.manaus.am.gov.br\/semcom\/reveillon-parque-amazonino-mendes\/","url":"https:\/\/www.manaus.am.gov.br\/semcom\/reveillon-parque-amazonino-mendes\/","name":"Cerca de 100 mil pessoas celebram o \u2018R\u00e9veillon Manaus 2026\u2019 no parque Amazonino Mendes com grande evento","isPartOf":{"@id":"https:\/\/www.manaus.am.gov.br\/semcom\/#website"},"primaryImageOfPage":{"@id":"https:\/\/www.manaus.am.gov.br\/semcom\/reveillon-parque-amazonino-mendes\/#primaryimage"},"image":{"@id":"https:\/\/www.manaus.am.gov.br\/semcom\/reveillon-parque-amazonino-mendes\/#primaryimage"},"thumbnailUrl":"https:\/\/www.manaus.am.gov.br\/semcom\/wp-content\/uploads\/sites\/5\/2026\/01\/55017228073_c41eaceb85_b.jpg","datePublished":"2026-01-01T10:34:21+00:00","dateModified":"2026-01-01T10:34:21+00:00","author":{"@id":"https:\/\/www.manaus.am.gov.br\/semcom\/#\/schema\/person\/05d223aea2bf115f9883a6ff3683d81b"},"description":"Cerca de 100 mil pessoas celebram o \u2018R\u00e9veillon Manaus 2026\u2019 no parque Amazonino Mendes com grande evento neste dia 31\/12.","inLanguage":"pt-BR","potentialAction":[{"@type":"ReadAction","target":["https:\/\/www.manaus.am.gov.br\/semcom\/reveillon-parque-amazonino-mendes\/"]}]},{"@type":"ImageObject","inLanguage":"pt-BR","@id":"https:\/\/www.manaus.am.gov.br\/semcom\/reveillon-parque-amazonino-mendes\/#primaryimage","url":"https:\/\/www.manaus.am.gov.br\/semcom\/wp-content\/uploads\/sites\/5\/2026\/01\/55017228073_c41eaceb85_b.jpg","contentUrl":"https:\/\/www.manaus.am.gov.br\/semcom\/wp-content\/uploads\/sites\/5\/2026\/01\/55017228073_c41eaceb85_b.jpg","width":1024,"height":576,"caption":"#paratodosverem - Imagem a\u00e9rea da alameda Alphaville durante queima de fogos e programa\u00e7\u00e3o do \"R\u00e9veillon Manaus 2026\""},{"@type":"WebSite","@id":"https:\/\/www.manaus.am.gov.br\/semcom\/#website","url":"https:\/\/www.manaus.am.gov.br\/semcom\/","name":"SEMCOM","description":"Secretaria Municipal de Comunica\u00e7\u00e3o","potentialAction":[{"@type":"SearchAction","target":{"@type":"EntryPoint","urlTemplate":"https:\/\/www.manaus.am.gov.br\/semcom\/?s={search_term_string}"},"query-input":"required name=search_term_string"}],"inLanguage":"pt-BR"},{"@type":"Person","@id":"https:\/\/www.manaus.am.gov.br\/semcom\/#\/schema\/person\/05d223aea2bf115f9883a6ff3683d81b","name":"Bruna Greco","image":{"@type":"ImageObject","inLanguage":"pt-BR","@id":"https:\/\/www.manaus.am.gov.br\/semcom\/#\/schema\/person\/image\/","url":"https:\/\/secure.gravatar.com\/avatar\/9c877d1a6adc2a055330e5c09a8653ce?s=96&d=mm&r=g","contentUrl":"https:\/\/secure.gravatar.com\/avatar\/9c877d1a6adc2a055330e5c09a8653ce?s=96&d=mm&r=g","caption":"Bruna Greco"}}]}},"_links":{"self":[{"href":"https:\/\/www.manaus.am.gov.br\/semcom\/wp-json\/wp\/v2\/posts\/250373"}],"collection":[{"href":"https:\/\/www.manaus.am.gov.br\/semcom\/wp-json\/wp\/v2\/posts"}],"about":[{"href":"https:\/\/www.manaus.am.gov.br\/semcom\/wp-json\/wp\/v2\/types\/post"}],"author":[{"embeddable":true,"href":"https:\/\/www.manaus.am.gov.br\/semcom\/wp-json\/wp\/v2\/users\/39"}],"replies":[{"embeddable":true,"href":"https:\/\/www.manaus.am.gov.br\/semcom\/wp-json\/wp\/v2\/comments?post=250373"}],"version-history":[{"count":1,"href":"https:\/\/www.manaus.am.gov.br\/semcom\/wp-json\/wp\/v2\/posts\/250373\/revisions"}],"predecessor-version":[{"id":250377,"href":"https:\/\/www.manaus.am.gov.br\/semcom\/wp-json\/wp\/v2\/posts\/250373\/revisions\/250377"}],"wp:featuredmedia":[{"embeddable":true,"href":"https:\/\/www.manaus.am.gov.br\/semcom\/wp-json\/wp\/v2\/media\/250374"}],"wp:attachment":[{"href":"https:\/\/www.manaus.am.gov.br\/semcom\/wp-json\/wp\/v2\/media?parent=250373"}],"wp:term":[{"taxonomy":"category","embeddable":true,"href":"https:\/\/www.manaus.am.gov.br\/semcom\/wp-json\/wp\/v2\/categories?post=250373"},{"taxonomy":"post_tag","embeddable":true,"href":"https:\/\/www.manaus.am.gov.br\/semcom\/wp-json\/wp\/v2\/tags?post=250373"}],"curies":[{"name":"wp","href":"https:\/\/api.w.org\/{rel}","templated":true}]}}