{"id":250368,"date":"2026-01-01T04:14:53","date_gmt":"2026-01-01T08:14:53","guid":{"rendered":"https:\/\/www.manaus.am.gov.br\/semcom\/reveillon-orla-do-amarelinho\/"},"modified":"2026-01-01T05:19:31","modified_gmt":"2026-01-01T08:19:31","slug":"reveillon-orla-do-amarelinho","status":"publish","type":"post","link":"https:\/\/www.manaus.am.gov.br\/semcom\/reveillon-orla-do-amarelinho\/","title":{"rendered":"Manaus celebra a chegada de 2026 na orla do Amarelinho com shows de Klessinha, Uendel Pinheiro e Guto Lima"},"content":{"rendered":"\n<p>A chegada de 2026 foi celebrada por milhares de pessoas na orla do Amarelinho, no bairro Educandos, zona Sul de Manaus, com apresenta\u00e7\u00f5es de artistas e bandas locais como Uendel Pinheiro e Guto Lima, al\u00e9m da grande atra\u00e7\u00e3o nacional, a cantora e compositora Klessinha. As bandas Impacto e Marrakesh, Edilson Santana e o DJ Fabinho tamb\u00e9m agitaram o p\u00fablico entre a noite de quarta-feira, 31\/12, e as primeiras horas desta quinta-feira, 1\u00ba\/1.<\/p>\n\n\n\n<p>A programa\u00e7\u00e3o do &#8220;R\u00e9veillon Manaus 2026&#8221;, organizada pela Prefeitura de Manaus, por meio da Funda\u00e7\u00e3o Municipal de Cultura, Turismo e Eventos (ManausCult), teve como tema &#8220;O encontro da nossa gente\u201d e marcou a virada de ano em um dos pontos mais tradicionais da capital.<\/p>\n\n\n\n<p>A celebra\u00e7\u00e3o na orla do Amarelinho entregou uma noite de festa para a popula\u00e7\u00e3o, com apresenta\u00e7\u00f5es de diferentes ritmos e g\u00eaneros musicais, al\u00e9m de valorizar o talento regional e abrir espa\u00e7o para atra\u00e7\u00e3o nacional, conforme ressaltou a gerente de eventos da ManausCult, Albertina Silva.<\/p>\n\n\n\n<p>&#8220;Mais um ano estamos realizando um grande evento aqui. O nosso prefeito David Almeida contagiou a comunidade ao trazer a Klessinha para a zona Sul. E \u00e9 um evento realizado com total seguran\u00e7a, com a participa\u00e7\u00e3o da comunidade que veio prestigiar&#8221;, disse.<\/p>\n\n\n\n<p>A atra\u00e7\u00e3o mais aguardada no local, Klessinha, conhecida como &#8220;Baronesa da Seresta&#8221;, levou o p\u00fablico a cantar em alta voz seu repert\u00f3rio de sucesso, que inclui m\u00fasicas como &#8220;Amor sem Fim&#8221; e &#8220;Volta Pra Mim&#8221;. A artista sergipana compartilhou a alegria em participar da festa de Ano-Novo na capital.<\/p>\n\n\n\n<p>&#8220;Quero agradecer ao povo manauara, ao povo amazonense, que acompanha e vem abra\u00e7ando o meu trabalho. Este ano de 2025 foi o melhor ano da minha vida e estou encerrando com chave de ouro&#8221;, falou.<\/p>\n\n\n\n<p>Com cl\u00e1ssicos do pagode, Uendel Pinheiro agitou o p\u00fablico desde que subiu ao palco. J\u00e1 Guto Lima foi o respons\u00e1vel por fazer a contagem regressiva para chegada de 2026. O cantor falou da emo\u00e7\u00e3o e do prest\u00edgio em fazer o show da virada.<\/p>\n\n\n\n<p>&#8220;Para mim, \u00e9 um prazer imenso participar dessa festa e fazer a contagem para 2026. Ano de muita paz e muita luz para todo mundo&#8221;, desejou.<\/p>\n\n\n\n<p>Quem marcou presen\u00e7a na festa foi Helen Gon\u00e7alves, f\u00e3 de carteirinha de Klessinha. Ela lembrou da alegria que ficou ao saber que a cantora se apresentaria no bairro Educandos.<\/p>\n\n\n\n<p>&#8220;Quando soube que ela vinha para c\u00e1, eu fiquei muito feliz, muito emocionada. Sou muito f\u00e3 dela. O Brasil todo gosta dela&#8221;, falou.<\/p>\n\n\n\n<p>J\u00e1 Jeferson Silva levou a esposa e os dois filhos para festejar a virada do ano na orla do Amarelinho. Nascido e criado no bairro Educandos, ele destacou a import\u00e2ncia da festa para a regi\u00e3o.<\/p>\n\n\n\n<p>&#8220;\u00c9 gratificante poder comemorar uma data festiva aqui no bairro. E ao lado da fam\u00edlia, claro. O nosso Educandos \u00e9 um bairro que prestigia muito os eventos&#8221;, comentou.<\/p>\n\n\n\n<p><strong>Economia popular<\/strong><\/p>\n\n\n\n<p>A programa\u00e7\u00e3o impulsionou a economia e movimentou o com\u00e9rcio local. Quem aproveitou para tirar uma renda extra foi o vendedor J\u00falio C\u00e9sar.<\/p>\n\n\n\n<p>&#8220;\u00c9 um evento muito legal. Inclusive, quero agradecer \u00e0 Prefeitura de Manaus por lembrar de n\u00f3s. E assim podemos fazer o nosso &#8216;extrazinho&#8217; aqui&#8221;, celebrou.<\/p>\n\n\n\n<p>Rosilene dos Santos passou a virada de ano trabalhando com a venda de produtos infantis e festejou o lucro gerado pela programa\u00e7\u00e3o na orla.<\/p>\n\n\n\n<p>&#8220;\u00c9 muito boa essa festa. Todos os anos que eu vim foi muito bom. Eu trabalho com vendas h\u00e1 36 anos e a expectativa de vendas nesta festa \u00e9 muito boa&#8221;, assegurou.<\/p>\n\n\n\n<p><strong>Inclus\u00e3o e bem-estar<\/strong><\/p>\n\n\n\n<p>A queima de fogos, que iluminou o c\u00e9u do Educandos a partir da meia-noite, foi de baixo ru\u00eddo, iniciativa realizada para o bem-estar especialmente de crian\u00e7as, idosos, pessoas com Transtorno do Espectro Autista (TEA) e animais.<\/p>\n\n\n\n<p>Al\u00e9m da orla do Amarelinho, a prefeitura celebrou a chegada de 2026 na alameda Alphaville, entre as zonas Norte e Leste, e na praia da Ponta Negra, na zona Oeste da capital. As programa\u00e7\u00f5es simult\u00e2neas em diferentes pontos de Manaus ofereceram, assim, repert\u00f3rio amplo e diversificado de shows, artistas e ritmos a toda popula\u00e7\u00e3o.<\/p>\n\n\n\n<figure class=\"wp-block-image size-full\"><img loading=\"lazy\" decoding=\"async\" width=\"800\" height=\"533\" src=\"https:\/\/www.manaus.am.gov.br\/semcom\/wp-content\/uploads\/sites\/5\/2026\/01\/WhatsApp-Image-2026-01-01-at-03.16.04.jpeg\" alt=\"\" class=\"wp-image-250371\" srcset=\"https:\/\/www.manaus.am.gov.br\/semcom\/wp-content\/uploads\/sites\/5\/2026\/01\/WhatsApp-Image-2026-01-01-at-03.16.04.jpeg 800w, https:\/\/www.manaus.am.gov.br\/semcom\/wp-content\/uploads\/sites\/5\/2026\/01\/WhatsApp-Image-2026-01-01-at-03.16.04-300x200.jpeg 300w, https:\/\/www.manaus.am.gov.br\/semcom\/wp-content\/uploads\/sites\/5\/2026\/01\/WhatsApp-Image-2026-01-01-at-03.16.04-768x512.jpeg 768w\" sizes=\"(max-width: 800px) 100vw, 800px\" \/><figcaption class=\"wp-element-caption\">#paratodosverem &#8211; P\u00fablico aproveitando programa\u00e7\u00e3o do &#8220;R\u00e9veillon Manaus 2026&#8221; no bairro Educandos<\/figcaption><\/figure>\n\n\n\n<p>&#8212; &#8212; &#8212;<\/p>\n\n\n\n<p><strong>Texto &#8211;&nbsp;<\/strong>Tiago Auzier\/Semcom<\/p>\n\n\n\n<p><strong>Fotos &#8211;&nbsp;<\/strong>Valdo Le\u00e3o\/Semcom<br><strong>Dispon\u00edveis em &#8211;<\/strong>&nbsp;<a href=\"https:\/\/flic.kr\/s\/aHBqjCFnUY\" target=\"_blank\" rel=\"noreferrer noopener\">https:\/\/flic.kr\/s\/aHBqjCFnUY<\/a>&nbsp;<\/p>\n","protected":false},"excerpt":{"rendered":"","protected":false},"author":39,"featured_media":250369,"comment_status":"closed","ping_status":"closed","sticky":false,"template":"","format":"standard","meta":{"footnotes":""},"categories":[7],"tags":[2822,9962,77,18625,18683],"acf":[],"yoast_head":"<!-- This site is optimized with the Yoast SEO plugin v23.0 - https:\/\/yoast.com\/wordpress\/plugins\/seo\/ -->\n<title>Manaus celebra a chegada de 2026 na orla do Amarelinho<\/title>\n<meta name=\"description\" content=\"Manaus celebra a chegada de 2026 na orla do Amarelinho com shows de Klessinha, Uendel Pinheiro e Guto Lima.\" \/>\n<meta name=\"robots\" content=\"index, follow, max-snippet:-1, max-image-preview:large, max-video-preview:-1\" \/>\n<link rel=\"canonical\" href=\"https:\/\/www.manaus.am.gov.br\/semcom\/reveillon-orla-do-amarelinho\/\" \/>\n<meta property=\"og:locale\" content=\"pt_BR\" \/>\n<meta property=\"og:type\" content=\"article\" \/>\n<meta property=\"og:title\" content=\"Manaus celebra a chegada de 2026 na orla do Amarelinho\" \/>\n<meta property=\"og:description\" content=\"Manaus celebra a chegada de 2026 na orla do Amarelinho com shows de Klessinha, Uendel Pinheiro e Guto Lima.\" \/>\n<meta property=\"og:url\" content=\"https:\/\/www.manaus.am.gov.br\/semcom\/reveillon-orla-do-amarelinho\/\" \/>\n<meta property=\"og:site_name\" content=\"SEMCOM\" \/>\n<meta property=\"article:published_time\" content=\"2026-01-01T08:14:53+00:00\" \/>\n<meta property=\"article:modified_time\" content=\"2026-01-01T08:19:31+00:00\" \/>\n<meta property=\"og:image\" content=\"https:\/\/www.manaus.am.gov.br\/semcom\/wp-content\/uploads\/sites\/5\/2026\/01\/55017055083_21d5f30cfc_k.jpg\" \/>\n\t<meta property=\"og:image:width\" content=\"2048\" \/>\n\t<meta property=\"og:image:height\" content=\"1365\" \/>\n\t<meta property=\"og:image:type\" content=\"image\/jpeg\" \/>\n<meta name=\"author\" content=\"Bruna Greco\" \/>\n<meta name=\"twitter:card\" content=\"summary_large_image\" \/>\n<meta name=\"twitter:label1\" content=\"Written by\" \/>\n\t<meta name=\"twitter:data1\" content=\"Bruna Greco\" \/>\n\t<meta name=\"twitter:label2\" content=\"Est. reading time\" \/>\n\t<meta name=\"twitter:data2\" content=\"5 minutos\" \/>\n<script type=\"application\/ld+json\" class=\"yoast-schema-graph\">{\"@context\":\"https:\/\/schema.org\",\"@graph\":[{\"@type\":\"WebPage\",\"@id\":\"https:\/\/www.manaus.am.gov.br\/semcom\/reveillon-orla-do-amarelinho\/\",\"url\":\"https:\/\/www.manaus.am.gov.br\/semcom\/reveillon-orla-do-amarelinho\/\",\"name\":\"Manaus celebra a chegada de 2026 na orla do Amarelinho\",\"isPartOf\":{\"@id\":\"https:\/\/www.manaus.am.gov.br\/semcom\/#website\"},\"primaryImageOfPage\":{\"@id\":\"https:\/\/www.manaus.am.gov.br\/semcom\/reveillon-orla-do-amarelinho\/#primaryimage\"},\"image\":{\"@id\":\"https:\/\/www.manaus.am.gov.br\/semcom\/reveillon-orla-do-amarelinho\/#primaryimage\"},\"thumbnailUrl\":\"https:\/\/www.manaus.am.gov.br\/semcom\/wp-content\/uploads\/sites\/5\/2026\/01\/55017055083_21d5f30cfc_k.jpg\",\"datePublished\":\"2026-01-01T08:14:53+00:00\",\"dateModified\":\"2026-01-01T08:19:31+00:00\",\"author\":{\"@id\":\"https:\/\/www.manaus.am.gov.br\/semcom\/#\/schema\/person\/05d223aea2bf115f9883a6ff3683d81b\"},\"description\":\"Manaus celebra a chegada de 2026 na orla do Amarelinho com shows de Klessinha, Uendel Pinheiro e Guto Lima.\",\"inLanguage\":\"pt-BR\",\"potentialAction\":[{\"@type\":\"ReadAction\",\"target\":[\"https:\/\/www.manaus.am.gov.br\/semcom\/reveillon-orla-do-amarelinho\/\"]}]},{\"@type\":\"ImageObject\",\"inLanguage\":\"pt-BR\",\"@id\":\"https:\/\/www.manaus.am.gov.br\/semcom\/reveillon-orla-do-amarelinho\/#primaryimage\",\"url\":\"https:\/\/www.manaus.am.gov.br\/semcom\/wp-content\/uploads\/sites\/5\/2026\/01\/55017055083_21d5f30cfc_k.jpg\",\"contentUrl\":\"https:\/\/www.manaus.am.gov.br\/semcom\/wp-content\/uploads\/sites\/5\/2026\/01\/55017055083_21d5f30cfc_k.jpg\",\"width\":2048,\"height\":1365},{\"@type\":\"WebSite\",\"@id\":\"https:\/\/www.manaus.am.gov.br\/semcom\/#website\",\"url\":\"https:\/\/www.manaus.am.gov.br\/semcom\/\",\"name\":\"SEMCOM\",\"description\":\"Secretaria Municipal de Comunica\u00e7\u00e3o\",\"potentialAction\":[{\"@type\":\"SearchAction\",\"target\":{\"@type\":\"EntryPoint\",\"urlTemplate\":\"https:\/\/www.manaus.am.gov.br\/semcom\/?s={search_term_string}\"},\"query-input\":\"required name=search_term_string\"}],\"inLanguage\":\"pt-BR\"},{\"@type\":\"Person\",\"@id\":\"https:\/\/www.manaus.am.gov.br\/semcom\/#\/schema\/person\/05d223aea2bf115f9883a6ff3683d81b\",\"name\":\"Bruna Greco\",\"image\":{\"@type\":\"ImageObject\",\"inLanguage\":\"pt-BR\",\"@id\":\"https:\/\/www.manaus.am.gov.br\/semcom\/#\/schema\/person\/image\/\",\"url\":\"https:\/\/secure.gravatar.com\/avatar\/9c877d1a6adc2a055330e5c09a8653ce?s=96&d=mm&r=g\",\"contentUrl\":\"https:\/\/secure.gravatar.com\/avatar\/9c877d1a6adc2a055330e5c09a8653ce?s=96&d=mm&r=g\",\"caption\":\"Bruna Greco\"}}]}<\/script>\n<!-- \/ Yoast SEO plugin. -->","yoast_head_json":{"title":"Manaus celebra a chegada de 2026 na orla do Amarelinho","description":"Manaus celebra a chegada de 2026 na orla do Amarelinho com shows de Klessinha, Uendel Pinheiro e Guto Lima.","robots":{"index":"index","follow":"follow","max-snippet":"max-snippet:-1","max-image-preview":"max-image-preview:large","max-video-preview":"max-video-preview:-1"},"canonical":"https:\/\/www.manaus.am.gov.br\/semcom\/reveillon-orla-do-amarelinho\/","og_locale":"pt_BR","og_type":"article","og_title":"Manaus celebra a chegada de 2026 na orla do Amarelinho","og_description":"Manaus celebra a chegada de 2026 na orla do Amarelinho com shows de Klessinha, Uendel Pinheiro e Guto Lima.","og_url":"https:\/\/www.manaus.am.gov.br\/semcom\/reveillon-orla-do-amarelinho\/","og_site_name":"SEMCOM","article_published_time":"2026-01-01T08:14:53+00:00","article_modified_time":"2026-01-01T08:19:31+00:00","og_image":[{"width":2048,"height":1365,"url":"https:\/\/www.manaus.am.gov.br\/semcom\/wp-content\/uploads\/sites\/5\/2026\/01\/55017055083_21d5f30cfc_k.jpg","type":"image\/jpeg"}],"author":"Bruna Greco","twitter_card":"summary_large_image","twitter_misc":{"Written by":"Bruna Greco","Est. reading time":"5 minutos"},"schema":{"@context":"https:\/\/schema.org","@graph":[{"@type":"WebPage","@id":"https:\/\/www.manaus.am.gov.br\/semcom\/reveillon-orla-do-amarelinho\/","url":"https:\/\/www.manaus.am.gov.br\/semcom\/reveillon-orla-do-amarelinho\/","name":"Manaus celebra a chegada de 2026 na orla do Amarelinho","isPartOf":{"@id":"https:\/\/www.manaus.am.gov.br\/semcom\/#website"},"primaryImageOfPage":{"@id":"https:\/\/www.manaus.am.gov.br\/semcom\/reveillon-orla-do-amarelinho\/#primaryimage"},"image":{"@id":"https:\/\/www.manaus.am.gov.br\/semcom\/reveillon-orla-do-amarelinho\/#primaryimage"},"thumbnailUrl":"https:\/\/www.manaus.am.gov.br\/semcom\/wp-content\/uploads\/sites\/5\/2026\/01\/55017055083_21d5f30cfc_k.jpg","datePublished":"2026-01-01T08:14:53+00:00","dateModified":"2026-01-01T08:19:31+00:00","author":{"@id":"https:\/\/www.manaus.am.gov.br\/semcom\/#\/schema\/person\/05d223aea2bf115f9883a6ff3683d81b"},"description":"Manaus celebra a chegada de 2026 na orla do Amarelinho com shows de Klessinha, Uendel Pinheiro e Guto Lima.","inLanguage":"pt-BR","potentialAction":[{"@type":"ReadAction","target":["https:\/\/www.manaus.am.gov.br\/semcom\/reveillon-orla-do-amarelinho\/"]}]},{"@type":"ImageObject","inLanguage":"pt-BR","@id":"https:\/\/www.manaus.am.gov.br\/semcom\/reveillon-orla-do-amarelinho\/#primaryimage","url":"https:\/\/www.manaus.am.gov.br\/semcom\/wp-content\/uploads\/sites\/5\/2026\/01\/55017055083_21d5f30cfc_k.jpg","contentUrl":"https:\/\/www.manaus.am.gov.br\/semcom\/wp-content\/uploads\/sites\/5\/2026\/01\/55017055083_21d5f30cfc_k.jpg","width":2048,"height":1365},{"@type":"WebSite","@id":"https:\/\/www.manaus.am.gov.br\/semcom\/#website","url":"https:\/\/www.manaus.am.gov.br\/semcom\/","name":"SEMCOM","description":"Secretaria Municipal de Comunica\u00e7\u00e3o","potentialAction":[{"@type":"SearchAction","target":{"@type":"EntryPoint","urlTemplate":"https:\/\/www.manaus.am.gov.br\/semcom\/?s={search_term_string}"},"query-input":"required name=search_term_string"}],"inLanguage":"pt-BR"},{"@type":"Person","@id":"https:\/\/www.manaus.am.gov.br\/semcom\/#\/schema\/person\/05d223aea2bf115f9883a6ff3683d81b","name":"Bruna Greco","image":{"@type":"ImageObject","inLanguage":"pt-BR","@id":"https:\/\/www.manaus.am.gov.br\/semcom\/#\/schema\/person\/image\/","url":"https:\/\/secure.gravatar.com\/avatar\/9c877d1a6adc2a055330e5c09a8653ce?s=96&d=mm&r=g","contentUrl":"https:\/\/secure.gravatar.com\/avatar\/9c877d1a6adc2a055330e5c09a8653ce?s=96&d=mm&r=g","caption":"Bruna Greco"}}]}},"_links":{"self":[{"href":"https:\/\/www.manaus.am.gov.br\/semcom\/wp-json\/wp\/v2\/posts\/250368"}],"collection":[{"href":"https:\/\/www.manaus.am.gov.br\/semcom\/wp-json\/wp\/v2\/posts"}],"about":[{"href":"https:\/\/www.manaus.am.gov.br\/semcom\/wp-json\/wp\/v2\/types\/post"}],"author":[{"embeddable":true,"href":"https:\/\/www.manaus.am.gov.br\/semcom\/wp-json\/wp\/v2\/users\/39"}],"replies":[{"embeddable":true,"href":"https:\/\/www.manaus.am.gov.br\/semcom\/wp-json\/wp\/v2\/comments?post=250368"}],"version-history":[{"count":2,"href":"https:\/\/www.manaus.am.gov.br\/semcom\/wp-json\/wp\/v2\/posts\/250368\/revisions"}],"predecessor-version":[{"id":250372,"href":"https:\/\/www.manaus.am.gov.br\/semcom\/wp-json\/wp\/v2\/posts\/250368\/revisions\/250372"}],"wp:featuredmedia":[{"embeddable":true,"href":"https:\/\/www.manaus.am.gov.br\/semcom\/wp-json\/wp\/v2\/media\/250369"}],"wp:attachment":[{"href":"https:\/\/www.manaus.am.gov.br\/semcom\/wp-json\/wp\/v2\/media?parent=250368"}],"wp:term":[{"taxonomy":"category","embeddable":true,"href":"https:\/\/www.manaus.am.gov.br\/semcom\/wp-json\/wp\/v2\/categories?post=250368"},{"taxonomy":"post_tag","embeddable":true,"href":"https:\/\/www.manaus.am.gov.br\/semcom\/wp-json\/wp\/v2\/tags?post=250368"}],"curies":[{"name":"wp","href":"https:\/\/api.w.org\/{rel}","templated":true}]}}