{"id":250364,"date":"2026-01-01T03:58:37","date_gmt":"2026-01-01T07:58:37","guid":{"rendered":"https:\/\/www.manaus.am.gov.br\/semcom\/reveillon-manaus-2026-reune-multidoes\/"},"modified":"2026-01-01T03:58:37","modified_gmt":"2026-01-01T07:58:37","slug":"reveillon-manaus-2026-reune-multidoes","status":"publish","type":"post","link":"https:\/\/www.manaus.am.gov.br\/semcom\/reveillon-manaus-2026-reune-multidoes\/","title":{"rendered":"\u2018R\u00e9veillon Manaus 2026\u2019 re\u00fane multid\u00f5es e prefeito David Almeida destaca sucesso na gera\u00e7\u00e3o de emprego e inclus\u00e3o social"},"content":{"rendered":"\n<p>O prefeito de Manaus, David Almeida, acompanhado pelo presidente da ManausCult, Jender Lobato, afirmou, na noite desta quarta-feira, 31\/12, durante coletiva de imprensa no anfiteatro da Ponta Negra, que o \u201cR\u00e9veillon Manaus 2026 \u2013 O encontro da nossa gente\u201d \u00e9 uma pol\u00edtica p\u00fablica estruturante voltada \u00e0 gera\u00e7\u00e3o de emprego e renda, valoriza\u00e7\u00e3o da cultura local, inclus\u00e3o social e movimenta\u00e7\u00e3o da economia, consolidando a capital amazonense como refer\u00eancia nacional na realiza\u00e7\u00e3o de grandes eventos com responsabilidade social.<\/p>\n\n\n\n<p>Realizado simultaneamente em tr\u00eas grandes polos da cidade, no complexo tur\u00edstico Ponta Negra, zona Oeste; no parque Amazonino Mendes, na alameda Alphaville, entre as zonas Norte e Leste; e no bairro Educandos (Amarelinho), zona Sul, o r\u00e9veillon democratiza o acesso \u00e0 cultura, descentraliza grandes atra\u00e7\u00f5es nacionais e amplia o impacto econ\u00f4mico do evento. A estrat\u00e9gia garante que moradores de diferentes regi\u00f5es da capital participem da programa\u00e7\u00e3o com seguran\u00e7a, mobilidade e estrutura adequadas, colocando Manaus no mesmo patamar das grandes capitais brasileiras que realizam megaeventos urbanos.<\/p>\n\n\n\n<p>Durante a reuni\u00e3o do colegiado do Centro de Coopera\u00e7\u00e3o da Cidade (CCC), respons\u00e1vel pela coordena\u00e7\u00e3o estrat\u00e9gica do evento, em parceria com a ManausCult, o prefeito destacou a integra\u00e7\u00e3o das secretarias municipais, for\u00e7as de seguran\u00e7a e \u00f3rg\u00e3os operacionais. A opera\u00e7\u00e3o envolve mais de mil profissionais, entre servidores p\u00fablicos, Pol\u00edcia Militar, Guarda Municipal, equipes de sa\u00fade, mobilidade urbana, limpeza, produ\u00e7\u00e3o cultural e apoio log\u00edstico.<\/p>\n\n\n\n<p>\u201cO r\u00e9veillon \u00e9 a festa mais tradicional da cidade de Manaus. O que para a maioria das pessoas \u00e9 lazer, divers\u00e3o e entretenimento, para a prefeitura \u00e9 trabalho, entrega e resultado. \u00c9 uma grande opera\u00e7\u00e3o p\u00fablica, planejada e integrada, para que a popula\u00e7\u00e3o chegue, aproveite e volte para casa com tranquilidade\u201d, afirmou David Almeida.<\/p>\n\n\n\n<p>Um dos principais diferenciais do \u201cR\u00e9veillon Manaus 2026\u201d \u00e9 a queima de fogos de baixo ru\u00eddo, medida que alia espet\u00e1culo visual, inclus\u00e3o e cuidado com crian\u00e7as, idosos, pessoas sens\u00edveis ao som e animais. A iniciativa segue uma tend\u00eancia internacional de grandes eventos urbanos, reafirmando o compromisso da Prefeitura de Manaus com inova\u00e7\u00e3o, acessibilidade e responsabilidade social.<\/p>\n\n\n\n<p>O prefeito tamb\u00e9m ressaltou que a pol\u00edtica cultural da gest\u00e3o tem um papel estrat\u00e9gico na reconstru\u00e7\u00e3o social e simb\u00f3lica da cidade. \u201cManaus foi uma das cidades do mundo que mais sofreu com a pandemia. A nossa popula\u00e7\u00e3o teve sua autoestima profundamente abalada. Fazer cultura, lazer e grandes eventos \u00e9 tamb\u00e9m fazer justi\u00e7a social e justi\u00e7a cultural. \u00c9 devolver orgulho, pertencimento e dignidade a nossa gente\u201d, destacou.<\/p>\n\n\n\n<p>Durante a abertura da programa\u00e7\u00e3o, o pai de santo Alberto Jorge fez um agradecimento p\u00fablico \u00e0 postura da gest\u00e3o municipal em rela\u00e7\u00e3o \u00e0 diversidade cultural e religiosa.<\/p>\n\n\n\n<p>\u201cO que est\u00e1 sendo feito aqui \u00e9 uma exce\u00e7\u00e3o positiva no Brasil. Em pouco tempo, foi constru\u00edda uma estrutura que integrou capoeira, samba de roda, terreiros, candombl\u00e9 e diversas manifesta\u00e7\u00f5es culturais. Isso \u00e9 respeito, inclus\u00e3o e justi\u00e7a cultural. Manaus d\u00e1 um exemplo ao pa\u00eds\u201d, enfatizou Alberto.<\/p>\n\n\n\n<p>O impacto econ\u00f4mico do evento tamb\u00e9m foi destacado durante a coletiva. Al\u00e9m de artistas e produtores culturais, o r\u00e9veillon movimenta diretamente ambulantes, permission\u00e1rios, trabalhadores do com\u00e9rcio, turismo, transporte e servi\u00e7os, gerando renda antes, durante e ap\u00f3s a festa.<\/p>\n\n\n\n<p>O presidente da ManausCult, Jender Lobato, refor\u00e7ou que o r\u00e9veillon \u00e9 o ponto culminante de uma pol\u00edtica cultural cont\u00ednua desenvolvida ao longo de todo o ano.<\/p>\n\n\n\n<p>\u201cAo longo do ano, atendemos mais de 10 mil artistas e realizamos cerca de 1.900 eventos comunit\u00e1rios. O r\u00e9veillon sintetiza tudo isso: grandes atra\u00e7\u00f5es nacionais, artistas locais valorizados e a economia girando. Cada evento gera trabalho, renda e oportunidade para quem vive da cultura e para quem trabalha no entorno\u201d, afirmou.<\/p>\n\n\n\n<p>Entre as atra\u00e7\u00f5es nacionais, a dupla Bruno &amp; Marrone agradeceu ao p\u00fablico manauara pela escolha popular, feita a partir de pesquisa realizada durante o festival \u201c#SouManaus\u201d.<\/p>\n\n\n\n<p>\u201cSaber que fomos escolhidos pelo p\u00fablico de Manaus nos emociona muito. \u00c9 uma honra fazer parte desse momento t\u00e3o especial da cidade\u201d, afirmou o cantor Bruno.<\/p>\n\n\n\n<p>O \u201cR\u00e9veillon Manaus 2026\u201d tamb\u00e9m se destaca pelas a\u00e7\u00f5es de acessibilidade e inclus\u00e3o, com espa\u00e7os exclusivos e organizados para Pessoas com Defici\u00eancia (PcDs), garantindo que todos possam vivenciar a virada do ano com dignidade, conforto e seguran\u00e7a.<\/p>\n\n\n\n<p>Ao encerrar a coletiva, David Almeida refor\u00e7ou que o evento simboliza o modelo de cidade que a gest\u00e3o municipal vem construindo.<\/p>\n\n\n\n<p>\u201cManaus hoje vive uma nova atmosfera. \u00c9 uma cidade que se respeita, que valoriza sua gente e que oferece o melhor em cultura, lazer e entretenimento. Este r\u00e9veillon mostra para o Brasil e para o mundo que Manaus sabe fazer megaeventos, mas, acima de tudo, sabe governar para todos, sem deixar ningu\u00e9m de fora\u201d, concluiu o prefeito.<\/p>\n\n\n\n<figure class=\"wp-block-image size-large\"><img loading=\"lazy\" decoding=\"async\" width=\"1024\" height=\"608\" src=\"https:\/\/www.manaus.am.gov.br\/semcom\/wp-content\/uploads\/sites\/5\/2026\/01\/WhatsApp-Image-2026-01-01-at-03.34.12-1024x608.jpeg\" alt=\"\" class=\"wp-image-250365\" srcset=\"https:\/\/www.manaus.am.gov.br\/semcom\/wp-content\/uploads\/sites\/5\/2026\/01\/WhatsApp-Image-2026-01-01-at-03.34.12-1024x608.jpeg 1024w, https:\/\/www.manaus.am.gov.br\/semcom\/wp-content\/uploads\/sites\/5\/2026\/01\/WhatsApp-Image-2026-01-01-at-03.34.12-300x178.jpeg 300w, https:\/\/www.manaus.am.gov.br\/semcom\/wp-content\/uploads\/sites\/5\/2026\/01\/WhatsApp-Image-2026-01-01-at-03.34.12-768x456.jpeg 768w, https:\/\/www.manaus.am.gov.br\/semcom\/wp-content\/uploads\/sites\/5\/2026\/01\/WhatsApp-Image-2026-01-01-at-03.34.12.jpeg 1280w\" sizes=\"(max-width: 1024px) 100vw, 1024px\" \/><figcaption class=\"wp-element-caption\">#paratodosverem &#8211; Queima de fogos no &#8220;R\u00e9veillon Manaus 2026&#8221; na Ponta Negra<\/figcaption><\/figure>\n\n\n\n<p>&#8212; &#8212; &#8212;<\/p>\n\n\n\n<p><strong>Texto <\/strong>&#8211; Emanuelle Baires\/Semcom-Prefeito<\/p>\n\n\n\n<p><strong>Fotos <\/strong>&#8211; Dhyeizo Lemos\/Semcom-Prefeito e Cl\u00f3vis Miranda\/Semcom<\/p>\n\n\n\n<p><strong>Dispon\u00edveis em \u2013 <\/strong><a href=\"https:\/\/flic.kr\/s\/aHBqjCFhhE\">https:\/\/flic.kr\/s\/aHBqjCFhhE<\/a><\/p>\n","protected":false},"excerpt":{"rendered":"","protected":false},"author":39,"featured_media":250366,"comment_status":"closed","ping_status":"closed","sticky":false,"template":"","format":"standard","meta":{"footnotes":""},"categories":[7],"tags":[35,3959,5766,18682,77,18625],"acf":[],"yoast_head":"<!-- This site is optimized with the Yoast SEO plugin v23.0 - https:\/\/yoast.com\/wordpress\/plugins\/seo\/ -->\n<title>\u2018R\u00e9veillon Manaus 2026\u2019 re\u00fane multid\u00f5es e prefeito David Almeida destaca sucesso na gera\u00e7\u00e3o de emprego e inclus\u00e3o social<\/title>\n<meta name=\"description\" content=\"\u2018R\u00e9veillon Manaus 2026\u2019 re\u00fane multid\u00f5es e prefeito David Almeida destaca sucesso na gera\u00e7\u00e3o de emprego e inclus\u00e3o social.\" \/>\n<meta name=\"robots\" content=\"index, follow, max-snippet:-1, max-image-preview:large, max-video-preview:-1\" \/>\n<link rel=\"canonical\" href=\"https:\/\/www.manaus.am.gov.br\/semcom\/reveillon-manaus-2026-reune-multidoes\/\" \/>\n<meta property=\"og:locale\" content=\"pt_BR\" \/>\n<meta property=\"og:type\" content=\"article\" \/>\n<meta property=\"og:title\" content=\"\u2018R\u00e9veillon Manaus 2026\u2019 re\u00fane multid\u00f5es e prefeito David Almeida destaca sucesso na gera\u00e7\u00e3o de emprego e inclus\u00e3o social\" \/>\n<meta property=\"og:description\" content=\"\u2018R\u00e9veillon Manaus 2026\u2019 re\u00fane multid\u00f5es e prefeito David Almeida destaca sucesso na gera\u00e7\u00e3o de emprego e inclus\u00e3o social.\" \/>\n<meta property=\"og:url\" content=\"https:\/\/www.manaus.am.gov.br\/semcom\/reveillon-manaus-2026-reune-multidoes\/\" \/>\n<meta property=\"og:site_name\" content=\"SEMCOM\" \/>\n<meta property=\"article:published_time\" content=\"2026-01-01T07:58:37+00:00\" \/>\n<meta property=\"og:image\" content=\"https:\/\/www.manaus.am.gov.br\/semcom\/wp-content\/uploads\/sites\/5\/2026\/01\/WhatsApp-Image-2026-01-01-at-03.34.13.jpeg\" \/>\n\t<meta property=\"og:image:width\" content=\"1280\" \/>\n\t<meta property=\"og:image:height\" content=\"854\" \/>\n\t<meta property=\"og:image:type\" content=\"image\/jpeg\" \/>\n<meta name=\"author\" content=\"Bruna Greco\" \/>\n<meta name=\"twitter:card\" content=\"summary_large_image\" \/>\n<meta name=\"twitter:label1\" content=\"Written by\" \/>\n\t<meta name=\"twitter:data1\" content=\"Bruna Greco\" \/>\n\t<meta name=\"twitter:label2\" content=\"Est. reading time\" \/>\n\t<meta name=\"twitter:data2\" content=\"5 minutos\" \/>\n<script type=\"application\/ld+json\" class=\"yoast-schema-graph\">{\"@context\":\"https:\/\/schema.org\",\"@graph\":[{\"@type\":\"WebPage\",\"@id\":\"https:\/\/www.manaus.am.gov.br\/semcom\/reveillon-manaus-2026-reune-multidoes\/\",\"url\":\"https:\/\/www.manaus.am.gov.br\/semcom\/reveillon-manaus-2026-reune-multidoes\/\",\"name\":\"\u2018R\u00e9veillon Manaus 2026\u2019 re\u00fane multid\u00f5es e prefeito David Almeida destaca sucesso na gera\u00e7\u00e3o de emprego e inclus\u00e3o social\",\"isPartOf\":{\"@id\":\"https:\/\/www.manaus.am.gov.br\/semcom\/#website\"},\"primaryImageOfPage\":{\"@id\":\"https:\/\/www.manaus.am.gov.br\/semcom\/reveillon-manaus-2026-reune-multidoes\/#primaryimage\"},\"image\":{\"@id\":\"https:\/\/www.manaus.am.gov.br\/semcom\/reveillon-manaus-2026-reune-multidoes\/#primaryimage\"},\"thumbnailUrl\":\"https:\/\/www.manaus.am.gov.br\/semcom\/wp-content\/uploads\/sites\/5\/2026\/01\/WhatsApp-Image-2026-01-01-at-03.34.13.jpeg\",\"datePublished\":\"2026-01-01T07:58:37+00:00\",\"dateModified\":\"2026-01-01T07:58:37+00:00\",\"author\":{\"@id\":\"https:\/\/www.manaus.am.gov.br\/semcom\/#\/schema\/person\/05d223aea2bf115f9883a6ff3683d81b\"},\"description\":\"\u2018R\u00e9veillon Manaus 2026\u2019 re\u00fane multid\u00f5es e prefeito David Almeida destaca sucesso na gera\u00e7\u00e3o de emprego e inclus\u00e3o social.\",\"inLanguage\":\"pt-BR\",\"potentialAction\":[{\"@type\":\"ReadAction\",\"target\":[\"https:\/\/www.manaus.am.gov.br\/semcom\/reveillon-manaus-2026-reune-multidoes\/\"]}]},{\"@type\":\"ImageObject\",\"inLanguage\":\"pt-BR\",\"@id\":\"https:\/\/www.manaus.am.gov.br\/semcom\/reveillon-manaus-2026-reune-multidoes\/#primaryimage\",\"url\":\"https:\/\/www.manaus.am.gov.br\/semcom\/wp-content\/uploads\/sites\/5\/2026\/01\/WhatsApp-Image-2026-01-01-at-03.34.13.jpeg\",\"contentUrl\":\"https:\/\/www.manaus.am.gov.br\/semcom\/wp-content\/uploads\/sites\/5\/2026\/01\/WhatsApp-Image-2026-01-01-at-03.34.13.jpeg\",\"width\":1280,\"height\":854,\"caption\":\"#paratodosverem - Prefeito de Manaus, David Almeida, acompanhado do vice-prefeito Renato Junior e do diretor-presidente da ManausCult, Jender Lobato, durante programa\u00e7\u00e3o do \\\"R\u00e9veillon Manaus 2026\\\" na Ponta Negra\"},{\"@type\":\"WebSite\",\"@id\":\"https:\/\/www.manaus.am.gov.br\/semcom\/#website\",\"url\":\"https:\/\/www.manaus.am.gov.br\/semcom\/\",\"name\":\"SEMCOM\",\"description\":\"Secretaria Municipal de Comunica\u00e7\u00e3o\",\"potentialAction\":[{\"@type\":\"SearchAction\",\"target\":{\"@type\":\"EntryPoint\",\"urlTemplate\":\"https:\/\/www.manaus.am.gov.br\/semcom\/?s={search_term_string}\"},\"query-input\":\"required name=search_term_string\"}],\"inLanguage\":\"pt-BR\"},{\"@type\":\"Person\",\"@id\":\"https:\/\/www.manaus.am.gov.br\/semcom\/#\/schema\/person\/05d223aea2bf115f9883a6ff3683d81b\",\"name\":\"Bruna Greco\",\"image\":{\"@type\":\"ImageObject\",\"inLanguage\":\"pt-BR\",\"@id\":\"https:\/\/www.manaus.am.gov.br\/semcom\/#\/schema\/person\/image\/\",\"url\":\"https:\/\/secure.gravatar.com\/avatar\/9c877d1a6adc2a055330e5c09a8653ce?s=96&d=mm&r=g\",\"contentUrl\":\"https:\/\/secure.gravatar.com\/avatar\/9c877d1a6adc2a055330e5c09a8653ce?s=96&d=mm&r=g\",\"caption\":\"Bruna Greco\"}}]}<\/script>\n<!-- \/ Yoast SEO plugin. -->","yoast_head_json":{"title":"\u2018R\u00e9veillon Manaus 2026\u2019 re\u00fane multid\u00f5es e prefeito David Almeida destaca sucesso na gera\u00e7\u00e3o de emprego e inclus\u00e3o social","description":"\u2018R\u00e9veillon Manaus 2026\u2019 re\u00fane multid\u00f5es e prefeito David Almeida destaca sucesso na gera\u00e7\u00e3o de emprego e inclus\u00e3o social.","robots":{"index":"index","follow":"follow","max-snippet":"max-snippet:-1","max-image-preview":"max-image-preview:large","max-video-preview":"max-video-preview:-1"},"canonical":"https:\/\/www.manaus.am.gov.br\/semcom\/reveillon-manaus-2026-reune-multidoes\/","og_locale":"pt_BR","og_type":"article","og_title":"\u2018R\u00e9veillon Manaus 2026\u2019 re\u00fane multid\u00f5es e prefeito David Almeida destaca sucesso na gera\u00e7\u00e3o de emprego e inclus\u00e3o social","og_description":"\u2018R\u00e9veillon Manaus 2026\u2019 re\u00fane multid\u00f5es e prefeito David Almeida destaca sucesso na gera\u00e7\u00e3o de emprego e inclus\u00e3o social.","og_url":"https:\/\/www.manaus.am.gov.br\/semcom\/reveillon-manaus-2026-reune-multidoes\/","og_site_name":"SEMCOM","article_published_time":"2026-01-01T07:58:37+00:00","og_image":[{"width":1280,"height":854,"url":"https:\/\/www.manaus.am.gov.br\/semcom\/wp-content\/uploads\/sites\/5\/2026\/01\/WhatsApp-Image-2026-01-01-at-03.34.13.jpeg","type":"image\/jpeg"}],"author":"Bruna Greco","twitter_card":"summary_large_image","twitter_misc":{"Written by":"Bruna Greco","Est. reading time":"5 minutos"},"schema":{"@context":"https:\/\/schema.org","@graph":[{"@type":"WebPage","@id":"https:\/\/www.manaus.am.gov.br\/semcom\/reveillon-manaus-2026-reune-multidoes\/","url":"https:\/\/www.manaus.am.gov.br\/semcom\/reveillon-manaus-2026-reune-multidoes\/","name":"\u2018R\u00e9veillon Manaus 2026\u2019 re\u00fane multid\u00f5es e prefeito David Almeida destaca sucesso na gera\u00e7\u00e3o de emprego e inclus\u00e3o social","isPartOf":{"@id":"https:\/\/www.manaus.am.gov.br\/semcom\/#website"},"primaryImageOfPage":{"@id":"https:\/\/www.manaus.am.gov.br\/semcom\/reveillon-manaus-2026-reune-multidoes\/#primaryimage"},"image":{"@id":"https:\/\/www.manaus.am.gov.br\/semcom\/reveillon-manaus-2026-reune-multidoes\/#primaryimage"},"thumbnailUrl":"https:\/\/www.manaus.am.gov.br\/semcom\/wp-content\/uploads\/sites\/5\/2026\/01\/WhatsApp-Image-2026-01-01-at-03.34.13.jpeg","datePublished":"2026-01-01T07:58:37+00:00","dateModified":"2026-01-01T07:58:37+00:00","author":{"@id":"https:\/\/www.manaus.am.gov.br\/semcom\/#\/schema\/person\/05d223aea2bf115f9883a6ff3683d81b"},"description":"\u2018R\u00e9veillon Manaus 2026\u2019 re\u00fane multid\u00f5es e prefeito David Almeida destaca sucesso na gera\u00e7\u00e3o de emprego e inclus\u00e3o social.","inLanguage":"pt-BR","potentialAction":[{"@type":"ReadAction","target":["https:\/\/www.manaus.am.gov.br\/semcom\/reveillon-manaus-2026-reune-multidoes\/"]}]},{"@type":"ImageObject","inLanguage":"pt-BR","@id":"https:\/\/www.manaus.am.gov.br\/semcom\/reveillon-manaus-2026-reune-multidoes\/#primaryimage","url":"https:\/\/www.manaus.am.gov.br\/semcom\/wp-content\/uploads\/sites\/5\/2026\/01\/WhatsApp-Image-2026-01-01-at-03.34.13.jpeg","contentUrl":"https:\/\/www.manaus.am.gov.br\/semcom\/wp-content\/uploads\/sites\/5\/2026\/01\/WhatsApp-Image-2026-01-01-at-03.34.13.jpeg","width":1280,"height":854,"caption":"#paratodosverem - Prefeito de Manaus, David Almeida, acompanhado do vice-prefeito Renato Junior e do diretor-presidente da ManausCult, Jender Lobato, durante programa\u00e7\u00e3o do \"R\u00e9veillon Manaus 2026\" na Ponta Negra"},{"@type":"WebSite","@id":"https:\/\/www.manaus.am.gov.br\/semcom\/#website","url":"https:\/\/www.manaus.am.gov.br\/semcom\/","name":"SEMCOM","description":"Secretaria Municipal de Comunica\u00e7\u00e3o","potentialAction":[{"@type":"SearchAction","target":{"@type":"EntryPoint","urlTemplate":"https:\/\/www.manaus.am.gov.br\/semcom\/?s={search_term_string}"},"query-input":"required name=search_term_string"}],"inLanguage":"pt-BR"},{"@type":"Person","@id":"https:\/\/www.manaus.am.gov.br\/semcom\/#\/schema\/person\/05d223aea2bf115f9883a6ff3683d81b","name":"Bruna Greco","image":{"@type":"ImageObject","inLanguage":"pt-BR","@id":"https:\/\/www.manaus.am.gov.br\/semcom\/#\/schema\/person\/image\/","url":"https:\/\/secure.gravatar.com\/avatar\/9c877d1a6adc2a055330e5c09a8653ce?s=96&d=mm&r=g","contentUrl":"https:\/\/secure.gravatar.com\/avatar\/9c877d1a6adc2a055330e5c09a8653ce?s=96&d=mm&r=g","caption":"Bruna Greco"}}]}},"_links":{"self":[{"href":"https:\/\/www.manaus.am.gov.br\/semcom\/wp-json\/wp\/v2\/posts\/250364"}],"collection":[{"href":"https:\/\/www.manaus.am.gov.br\/semcom\/wp-json\/wp\/v2\/posts"}],"about":[{"href":"https:\/\/www.manaus.am.gov.br\/semcom\/wp-json\/wp\/v2\/types\/post"}],"author":[{"embeddable":true,"href":"https:\/\/www.manaus.am.gov.br\/semcom\/wp-json\/wp\/v2\/users\/39"}],"replies":[{"embeddable":true,"href":"https:\/\/www.manaus.am.gov.br\/semcom\/wp-json\/wp\/v2\/comments?post=250364"}],"version-history":[{"count":1,"href":"https:\/\/www.manaus.am.gov.br\/semcom\/wp-json\/wp\/v2\/posts\/250364\/revisions"}],"predecessor-version":[{"id":250367,"href":"https:\/\/www.manaus.am.gov.br\/semcom\/wp-json\/wp\/v2\/posts\/250364\/revisions\/250367"}],"wp:featuredmedia":[{"embeddable":true,"href":"https:\/\/www.manaus.am.gov.br\/semcom\/wp-json\/wp\/v2\/media\/250366"}],"wp:attachment":[{"href":"https:\/\/www.manaus.am.gov.br\/semcom\/wp-json\/wp\/v2\/media?parent=250364"}],"wp:term":[{"taxonomy":"category","embeddable":true,"href":"https:\/\/www.manaus.am.gov.br\/semcom\/wp-json\/wp\/v2\/categories?post=250364"},{"taxonomy":"post_tag","embeddable":true,"href":"https:\/\/www.manaus.am.gov.br\/semcom\/wp-json\/wp\/v2\/tags?post=250364"}],"curies":[{"name":"wp","href":"https:\/\/api.w.org\/{rel}","templated":true}]}}