{"id":250335,"date":"2025-12-31T11:52:07","date_gmt":"2025-12-31T15:52:07","guid":{"rendered":"https:\/\/www.manaus.am.gov.br\/semcom\/mutirao-centro-historico\/"},"modified":"2025-12-31T11:52:07","modified_gmt":"2025-12-31T15:52:07","slug":"mutirao-centro-historico","status":"publish","type":"post","link":"https:\/\/www.manaus.am.gov.br\/semcom\/mutirao-centro-historico\/","title":{"rendered":"Em 2025, mutir\u00e3o da prefeitura devolve vida, identidade e pertencimento ao Centro Hist\u00f3rico de Manaus"},"content":{"rendered":"\n<p>Neste ano, a Prefeitura de Manaus protagonizou uma das a\u00e7\u00f5es mais simb\u00f3licas e transformadoras de sua hist\u00f3ria, o \u201cMutir\u00e3o no Bairro\u201d, que contemplou diversas zonas da capital com servi\u00e7os de infraestrutura, limpeza urbana e ordenamento p\u00fablico. O centro hist\u00f3rico da cidade foi um dos mais impactados com a opera\u00e7\u00e3o e, ap\u00f3s a interven\u00e7\u00e3o, voltou a ser um lugar de encontro, mem\u00f3ria, conviv\u00eancia e, sobretudo, de gente.<\/p>\n\n\n\n<p>O Mutir\u00e3o do Centro n\u00e3o foi apenas uma opera\u00e7\u00e3o administrativa, foi um gesto coletivo de coragem, cuidado e respeito pela hist\u00f3ria de Manaus, uma mobiliza\u00e7\u00e3o que reuniu 16 secretarias, mais de 1.100 servidores e uma cidade inteira disposta a recuperar aquilo que sempre foi seu.<\/p>\n\n\n\n<p>Durante anos, o cora\u00e7\u00e3o da capital estava sem movimento, vida e afeto. E neste ano, esse cen\u00e1rio come\u00e7ou a mudar e de forma profunda. Ruas hist\u00f3ricas foram revitalizadas, cal\u00e7adas recuperadas, sistemas de drenagem restabelecidos, pra\u00e7as iluminadas e espa\u00e7os de mem\u00f3ria devolvidos \u00e0 popula\u00e7\u00e3o. A cada medida adotada, um peda\u00e7o da identidade manauara se reerguia.<\/p>\n\n\n\n<p>Fam\u00edlias voltaram a caminhar pelo Centro, crian\u00e7as voltaram a brincar nas pra\u00e7as, idosos revisitaram ruas que guardam lembran\u00e7as de uma vida inteira e os comerciantes voltaram a acreditar no futuro.<\/p>\n\n\n\n<p>Outro destaque dessa grande a\u00e7\u00e3o integrada foi a implanta\u00e7\u00e3o da faixa liberada da avenida Get\u00falio Vargas, que se tornou um dos s\u00edmbolos dessa nova fase, reunindo esporte, lazer, conviv\u00eancia e reencontro, transformando a via em um presente vivo para a popula\u00e7\u00e3o.<\/p>\n\n\n\n<p>Para a estudante Luciana Paiva, caminhar pelo Centro agora tem outro significado. \u201cEst\u00e1 sendo muito bom. A gente conhece mais a hist\u00f3ria de Manaus. A faixa vai trazer mais pessoas, incentivar o turismo e esse passeio bem regional que a cidade merece\u201d, disse.<\/p>\n\n\n\n<figure class=\"wp-block-image size-large\"><img loading=\"lazy\" decoding=\"async\" width=\"1024\" height=\"682\" src=\"https:\/\/www.manaus.am.gov.br\/semcom\/wp-content\/uploads\/sites\/5\/2025\/12\/Centro-de-Manaus-7-1024x682.jpeg\" alt=\"\" class=\"wp-image-250336\" srcset=\"https:\/\/www.manaus.am.gov.br\/semcom\/wp-content\/uploads\/sites\/5\/2025\/12\/Centro-de-Manaus-7-1024x682.jpeg 1024w, https:\/\/www.manaus.am.gov.br\/semcom\/wp-content\/uploads\/sites\/5\/2025\/12\/Centro-de-Manaus-7-300x200.jpeg 300w, https:\/\/www.manaus.am.gov.br\/semcom\/wp-content\/uploads\/sites\/5\/2025\/12\/Centro-de-Manaus-7-768x512.jpeg 768w, https:\/\/www.manaus.am.gov.br\/semcom\/wp-content\/uploads\/sites\/5\/2025\/12\/Centro-de-Manaus-7-1536x1023.jpeg 1536w, https:\/\/www.manaus.am.gov.br\/semcom\/wp-content\/uploads\/sites\/5\/2025\/12\/Centro-de-Manaus-7.jpeg 1600w\" sizes=\"(max-width: 1024px) 100vw, 1024px\" \/><figcaption class=\"wp-element-caption\">#paratodosverem &#8211; Fam\u00edlia na faixa liberada da avenida Get\u00falio Vargas<\/figcaption><\/figure>\n\n\n\n<p><strong>Pra\u00e7a dos Rem\u00e9dios<\/strong><\/p>\n\n\n\n<p>A revitaliza\u00e7\u00e3o da pra\u00e7a dos Rem\u00e9dios tamb\u00e9m marcou esse resgate do Centro. Um espa\u00e7o que, por anos, refletiu medo e sil\u00eancio voltou a pulsar como cen\u00e1rio de encontros, mem\u00f3ria e vida. A entrega da pra\u00e7a n\u00e3o foi apenas a conclus\u00e3o de uma obra, mas um gesto de reconcilia\u00e7\u00e3o de Manaus com suas origens.<\/p>\n\n\n\n<p>A nova ilumina\u00e7\u00e3o, paisagismo recuperado, o cuidado com o pavimento e a valoriza\u00e7\u00e3o dos elementos hist\u00f3ricos devolveram \u00e0 popula\u00e7\u00e3o um dos maiores s\u00edmbolos afetivos da \u00e1rea central. Para o vice-prefeito e secret\u00e1rio de Obras, Renato Junior, a revitaliza\u00e7\u00e3o da pra\u00e7a dos Rem\u00e9dios representou um dos momentos mais desafiadores da gest\u00e3o e tamb\u00e9m o mais simb\u00f3lico.<\/p>\n\n\n\n<p>\u201cNo come\u00e7o, muita gente n\u00e3o acreditava. Diziam que o Centro n\u00e3o tinha mais jeito, que revitalizar a pra\u00e7a dos Rem\u00e9dios era um desafio grande demais. Mas a gente acreditou. Acreditamos porque conhecemos a hist\u00f3ria de Manaus e sabemos o valor simb\u00f3lico desse lugar. A pra\u00e7a precisava ser devolvida ao povo, precisava voltar a ter vida. Hoje, ver fam\u00edlias ocupando esse espa\u00e7o mostra que o desafio valeu a pena e que o Centro tem sim futuro e futuro promissor\u201d, afirmou Renato Junior.<\/p>\n\n\n\n<p>O impacto dessa transforma\u00e7\u00e3o \u00e9 sentido por quem carrega o Centro na pr\u00f3pria hist\u00f3ria. Moradora da regi\u00e3o desde a inf\u00e2ncia, a aposentada Maria de F\u00e1tima Dias, de 83 anos, resume a emo\u00e7\u00e3o coletiva provocada pela revitaliza\u00e7\u00e3o.<\/p>\n\n\n\n<p>\u201cMeu cora\u00e7\u00e3o ficava partido ao ver a pra\u00e7a abandonada e tomada por pessoas entregues ao v\u00edcio e em situa\u00e7\u00e3o de rua. Eu cresci aqui, vivi muitos momentos nesse lugar. Hoje, quando vejo a pra\u00e7a dos Rem\u00e9dios cheia de gente, iluminada, cuidada, eu choro de gratid\u00e3o. Manaus est\u00e1 renascendo. \u00c9 um sonho realizado. O Centro voltou para o povo\u201d, declarou emocionada.<\/p>\n\n\n\n<p>A pra\u00e7a dos Rem\u00e9dios se tornou o maior marco do Mutir\u00e3o do Centro. Lugar onde a cidade voltou a se encontrar consigo mesma, reacendendo o orgulho, o pertencimento e a certeza de que cuidar da mem\u00f3ria \u00e9 tamb\u00e9m cuidar das pessoas.<\/p>\n\n\n\n<p>O trabalho integrado tamb\u00e9m alcan\u00e7ou o lado social. O Centro passou a concentrar um n\u00facleo de assist\u00eancia com a entrega do Centro Pop, da Casa de Passagem Padre Orlando Barbosa e do Centro de Atendimento e Desenvolvimento Social (Cads), oferecendo acolhimento, alimenta\u00e7\u00e3o, higiene, escuta, capacita\u00e7\u00e3o e oportunidades de recome\u00e7o para pessoas em situa\u00e7\u00e3o de vulnerabilidade. Uma pol\u00edtica p\u00fablica que refor\u00e7a o olhar humano e completo do mutir\u00e3o.<\/p>\n\n\n\n<p>Com o Mutir\u00e3o no Centro, a prefeitura encerra este ano reconhecendo que realizou mais do que obras, mas promoveu a reconstru\u00e7\u00e3o de pertencimento e devolveu \u00e0 popula\u00e7\u00e3o o direito de viver, ocupar e amar o cora\u00e7\u00e3o da cidade. Com coragem para enfrentar desafios, sensibilidade para ouvir as pessoas e trabalho integrado entre secretarias, a Prefeitura de Manaus mostrou que cuidar do Centro \u00e9 cuidar da identidade, da mem\u00f3ria e do futuro de toda a cidade.<\/p>\n\n\n\n<figure class=\"wp-block-image size-large\"><img loading=\"lazy\" decoding=\"async\" width=\"1024\" height=\"576\" src=\"https:\/\/www.manaus.am.gov.br\/semcom\/wp-content\/uploads\/sites\/5\/2025\/12\/Centro-de-Manaus-9-1024x576.jpeg\" alt=\"\" class=\"wp-image-250338\" srcset=\"https:\/\/www.manaus.am.gov.br\/semcom\/wp-content\/uploads\/sites\/5\/2025\/12\/Centro-de-Manaus-9-1024x576.jpeg 1024w, https:\/\/www.manaus.am.gov.br\/semcom\/wp-content\/uploads\/sites\/5\/2025\/12\/Centro-de-Manaus-9-300x169.jpeg 300w, https:\/\/www.manaus.am.gov.br\/semcom\/wp-content\/uploads\/sites\/5\/2025\/12\/Centro-de-Manaus-9-768x432.jpeg 768w, https:\/\/www.manaus.am.gov.br\/semcom\/wp-content\/uploads\/sites\/5\/2025\/12\/Centro-de-Manaus-9-1536x864.jpeg 1536w, https:\/\/www.manaus.am.gov.br\/semcom\/wp-content\/uploads\/sites\/5\/2025\/12\/Centro-de-Manaus-9.jpeg 1600w\" sizes=\"(max-width: 1024px) 100vw, 1024px\" \/><figcaption class=\"wp-element-caption\">#paratodosverem &#8211; Pra\u00e7a dos Rem\u00e9dios revitalizada<\/figcaption><\/figure>\n\n\n\n<p>&#8212; &#8212; &#8212;<\/p>\n\n\n\n<p><strong>Texto &#8211;<\/strong>&nbsp;Valesca Martins\/Seminf&nbsp;<\/p>\n\n\n\n<p><strong>Fotos &#8211;<\/strong> M\u00e1rcio Melo e Alessandro Ara\u00fajo\/Seminf e Carlos Oliveira\/Vice-Prefeito<\/p>\n","protected":false},"excerpt":{"rendered":"","protected":false},"author":39,"featured_media":250337,"comment_status":"closed","ping_status":"closed","sticky":false,"template":"","format":"standard","meta":{"footnotes":""},"categories":[2069],"tags":[12997,638,15027,77,450,33],"acf":[],"yoast_head":"<!-- This site is optimized with the Yoast SEO plugin v23.0 - https:\/\/yoast.com\/wordpress\/plugins\/seo\/ -->\n<title>Em 2025, mutir\u00e3o da prefeitura devolve vida, identidade e pertencimento ao Centro Hist\u00f3rico de Manaus<\/title>\n<meta name=\"description\" content=\"Em 2025, mutir\u00e3o da prefeitura devolve vida, identidade e pertencimento ao Centro Hist\u00f3rico de Manaus.\" \/>\n<meta name=\"robots\" content=\"index, follow, max-snippet:-1, max-image-preview:large, max-video-preview:-1\" \/>\n<link rel=\"canonical\" href=\"https:\/\/www.manaus.am.gov.br\/semcom\/mutirao-centro-historico\/\" \/>\n<meta property=\"og:locale\" content=\"pt_BR\" \/>\n<meta property=\"og:type\" content=\"article\" \/>\n<meta property=\"og:title\" content=\"Em 2025, mutir\u00e3o da prefeitura devolve vida, identidade e pertencimento ao Centro Hist\u00f3rico de Manaus\" \/>\n<meta property=\"og:description\" content=\"Em 2025, mutir\u00e3o da prefeitura devolve vida, identidade e pertencimento ao Centro Hist\u00f3rico de Manaus.\" \/>\n<meta property=\"og:url\" content=\"https:\/\/www.manaus.am.gov.br\/semcom\/mutirao-centro-historico\/\" \/>\n<meta property=\"og:site_name\" content=\"SEMCOM\" \/>\n<meta property=\"article:published_time\" content=\"2025-12-31T15:52:07+00:00\" \/>\n<meta property=\"og:image\" content=\"https:\/\/www.manaus.am.gov.br\/semcom\/wp-content\/uploads\/sites\/5\/2025\/12\/Centro-de-Manaus-5.jpeg\" \/>\n\t<meta property=\"og:image:width\" content=\"1600\" \/>\n\t<meta property=\"og:image:height\" content=\"1066\" \/>\n\t<meta property=\"og:image:type\" content=\"image\/jpeg\" \/>\n<meta name=\"author\" content=\"Bruna Greco\" \/>\n<meta name=\"twitter:card\" content=\"summary_large_image\" \/>\n<meta name=\"twitter:label1\" content=\"Written by\" \/>\n\t<meta name=\"twitter:data1\" content=\"Bruna Greco\" \/>\n\t<meta name=\"twitter:label2\" content=\"Est. reading time\" \/>\n\t<meta name=\"twitter:data2\" content=\"5 minutos\" \/>\n<script type=\"application\/ld+json\" class=\"yoast-schema-graph\">{\"@context\":\"https:\/\/schema.org\",\"@graph\":[{\"@type\":\"WebPage\",\"@id\":\"https:\/\/www.manaus.am.gov.br\/semcom\/mutirao-centro-historico\/\",\"url\":\"https:\/\/www.manaus.am.gov.br\/semcom\/mutirao-centro-historico\/\",\"name\":\"Em 2025, mutir\u00e3o da prefeitura devolve vida, identidade e pertencimento ao Centro Hist\u00f3rico de Manaus\",\"isPartOf\":{\"@id\":\"https:\/\/www.manaus.am.gov.br\/semcom\/#website\"},\"primaryImageOfPage\":{\"@id\":\"https:\/\/www.manaus.am.gov.br\/semcom\/mutirao-centro-historico\/#primaryimage\"},\"image\":{\"@id\":\"https:\/\/www.manaus.am.gov.br\/semcom\/mutirao-centro-historico\/#primaryimage\"},\"thumbnailUrl\":\"https:\/\/www.manaus.am.gov.br\/semcom\/wp-content\/uploads\/sites\/5\/2025\/12\/Centro-de-Manaus-5.jpeg\",\"datePublished\":\"2025-12-31T15:52:07+00:00\",\"dateModified\":\"2025-12-31T15:52:07+00:00\",\"author\":{\"@id\":\"https:\/\/www.manaus.am.gov.br\/semcom\/#\/schema\/person\/05d223aea2bf115f9883a6ff3683d81b\"},\"description\":\"Em 2025, mutir\u00e3o da prefeitura devolve vida, identidade e pertencimento ao Centro Hist\u00f3rico de Manaus.\",\"inLanguage\":\"pt-BR\",\"potentialAction\":[{\"@type\":\"ReadAction\",\"target\":[\"https:\/\/www.manaus.am.gov.br\/semcom\/mutirao-centro-historico\/\"]}]},{\"@type\":\"ImageObject\",\"inLanguage\":\"pt-BR\",\"@id\":\"https:\/\/www.manaus.am.gov.br\/semcom\/mutirao-centro-historico\/#primaryimage\",\"url\":\"https:\/\/www.manaus.am.gov.br\/semcom\/wp-content\/uploads\/sites\/5\/2025\/12\/Centro-de-Manaus-5.jpeg\",\"contentUrl\":\"https:\/\/www.manaus.am.gov.br\/semcom\/wp-content\/uploads\/sites\/5\/2025\/12\/Centro-de-Manaus-5.jpeg\",\"width\":1600,\"height\":1066,\"caption\":\"#paratodosverem - Equipe da Seminf realizando o recapeamento asf\u00e1ltico na avenida Get\u00falio Vargas, no Centro\"},{\"@type\":\"WebSite\",\"@id\":\"https:\/\/www.manaus.am.gov.br\/semcom\/#website\",\"url\":\"https:\/\/www.manaus.am.gov.br\/semcom\/\",\"name\":\"SEMCOM\",\"description\":\"Secretaria Municipal de Comunica\u00e7\u00e3o\",\"potentialAction\":[{\"@type\":\"SearchAction\",\"target\":{\"@type\":\"EntryPoint\",\"urlTemplate\":\"https:\/\/www.manaus.am.gov.br\/semcom\/?s={search_term_string}\"},\"query-input\":\"required name=search_term_string\"}],\"inLanguage\":\"pt-BR\"},{\"@type\":\"Person\",\"@id\":\"https:\/\/www.manaus.am.gov.br\/semcom\/#\/schema\/person\/05d223aea2bf115f9883a6ff3683d81b\",\"name\":\"Bruna Greco\",\"image\":{\"@type\":\"ImageObject\",\"inLanguage\":\"pt-BR\",\"@id\":\"https:\/\/www.manaus.am.gov.br\/semcom\/#\/schema\/person\/image\/\",\"url\":\"https:\/\/secure.gravatar.com\/avatar\/9c877d1a6adc2a055330e5c09a8653ce?s=96&d=mm&r=g\",\"contentUrl\":\"https:\/\/secure.gravatar.com\/avatar\/9c877d1a6adc2a055330e5c09a8653ce?s=96&d=mm&r=g\",\"caption\":\"Bruna Greco\"}}]}<\/script>\n<!-- \/ Yoast SEO plugin. -->","yoast_head_json":{"title":"Em 2025, mutir\u00e3o da prefeitura devolve vida, identidade e pertencimento ao Centro Hist\u00f3rico de Manaus","description":"Em 2025, mutir\u00e3o da prefeitura devolve vida, identidade e pertencimento ao Centro Hist\u00f3rico de Manaus.","robots":{"index":"index","follow":"follow","max-snippet":"max-snippet:-1","max-image-preview":"max-image-preview:large","max-video-preview":"max-video-preview:-1"},"canonical":"https:\/\/www.manaus.am.gov.br\/semcom\/mutirao-centro-historico\/","og_locale":"pt_BR","og_type":"article","og_title":"Em 2025, mutir\u00e3o da prefeitura devolve vida, identidade e pertencimento ao Centro Hist\u00f3rico de Manaus","og_description":"Em 2025, mutir\u00e3o da prefeitura devolve vida, identidade e pertencimento ao Centro Hist\u00f3rico de Manaus.","og_url":"https:\/\/www.manaus.am.gov.br\/semcom\/mutirao-centro-historico\/","og_site_name":"SEMCOM","article_published_time":"2025-12-31T15:52:07+00:00","og_image":[{"width":1600,"height":1066,"url":"https:\/\/www.manaus.am.gov.br\/semcom\/wp-content\/uploads\/sites\/5\/2025\/12\/Centro-de-Manaus-5.jpeg","type":"image\/jpeg"}],"author":"Bruna Greco","twitter_card":"summary_large_image","twitter_misc":{"Written by":"Bruna Greco","Est. reading time":"5 minutos"},"schema":{"@context":"https:\/\/schema.org","@graph":[{"@type":"WebPage","@id":"https:\/\/www.manaus.am.gov.br\/semcom\/mutirao-centro-historico\/","url":"https:\/\/www.manaus.am.gov.br\/semcom\/mutirao-centro-historico\/","name":"Em 2025, mutir\u00e3o da prefeitura devolve vida, identidade e pertencimento ao Centro Hist\u00f3rico de Manaus","isPartOf":{"@id":"https:\/\/www.manaus.am.gov.br\/semcom\/#website"},"primaryImageOfPage":{"@id":"https:\/\/www.manaus.am.gov.br\/semcom\/mutirao-centro-historico\/#primaryimage"},"image":{"@id":"https:\/\/www.manaus.am.gov.br\/semcom\/mutirao-centro-historico\/#primaryimage"},"thumbnailUrl":"https:\/\/www.manaus.am.gov.br\/semcom\/wp-content\/uploads\/sites\/5\/2025\/12\/Centro-de-Manaus-5.jpeg","datePublished":"2025-12-31T15:52:07+00:00","dateModified":"2025-12-31T15:52:07+00:00","author":{"@id":"https:\/\/www.manaus.am.gov.br\/semcom\/#\/schema\/person\/05d223aea2bf115f9883a6ff3683d81b"},"description":"Em 2025, mutir\u00e3o da prefeitura devolve vida, identidade e pertencimento ao Centro Hist\u00f3rico de Manaus.","inLanguage":"pt-BR","potentialAction":[{"@type":"ReadAction","target":["https:\/\/www.manaus.am.gov.br\/semcom\/mutirao-centro-historico\/"]}]},{"@type":"ImageObject","inLanguage":"pt-BR","@id":"https:\/\/www.manaus.am.gov.br\/semcom\/mutirao-centro-historico\/#primaryimage","url":"https:\/\/www.manaus.am.gov.br\/semcom\/wp-content\/uploads\/sites\/5\/2025\/12\/Centro-de-Manaus-5.jpeg","contentUrl":"https:\/\/www.manaus.am.gov.br\/semcom\/wp-content\/uploads\/sites\/5\/2025\/12\/Centro-de-Manaus-5.jpeg","width":1600,"height":1066,"caption":"#paratodosverem - Equipe da Seminf realizando o recapeamento asf\u00e1ltico na avenida Get\u00falio Vargas, no Centro"},{"@type":"WebSite","@id":"https:\/\/www.manaus.am.gov.br\/semcom\/#website","url":"https:\/\/www.manaus.am.gov.br\/semcom\/","name":"SEMCOM","description":"Secretaria Municipal de Comunica\u00e7\u00e3o","potentialAction":[{"@type":"SearchAction","target":{"@type":"EntryPoint","urlTemplate":"https:\/\/www.manaus.am.gov.br\/semcom\/?s={search_term_string}"},"query-input":"required name=search_term_string"}],"inLanguage":"pt-BR"},{"@type":"Person","@id":"https:\/\/www.manaus.am.gov.br\/semcom\/#\/schema\/person\/05d223aea2bf115f9883a6ff3683d81b","name":"Bruna Greco","image":{"@type":"ImageObject","inLanguage":"pt-BR","@id":"https:\/\/www.manaus.am.gov.br\/semcom\/#\/schema\/person\/image\/","url":"https:\/\/secure.gravatar.com\/avatar\/9c877d1a6adc2a055330e5c09a8653ce?s=96&d=mm&r=g","contentUrl":"https:\/\/secure.gravatar.com\/avatar\/9c877d1a6adc2a055330e5c09a8653ce?s=96&d=mm&r=g","caption":"Bruna Greco"}}]}},"_links":{"self":[{"href":"https:\/\/www.manaus.am.gov.br\/semcom\/wp-json\/wp\/v2\/posts\/250335"}],"collection":[{"href":"https:\/\/www.manaus.am.gov.br\/semcom\/wp-json\/wp\/v2\/posts"}],"about":[{"href":"https:\/\/www.manaus.am.gov.br\/semcom\/wp-json\/wp\/v2\/types\/post"}],"author":[{"embeddable":true,"href":"https:\/\/www.manaus.am.gov.br\/semcom\/wp-json\/wp\/v2\/users\/39"}],"replies":[{"embeddable":true,"href":"https:\/\/www.manaus.am.gov.br\/semcom\/wp-json\/wp\/v2\/comments?post=250335"}],"version-history":[{"count":1,"href":"https:\/\/www.manaus.am.gov.br\/semcom\/wp-json\/wp\/v2\/posts\/250335\/revisions"}],"predecessor-version":[{"id":250339,"href":"https:\/\/www.manaus.am.gov.br\/semcom\/wp-json\/wp\/v2\/posts\/250335\/revisions\/250339"}],"wp:featuredmedia":[{"embeddable":true,"href":"https:\/\/www.manaus.am.gov.br\/semcom\/wp-json\/wp\/v2\/media\/250337"}],"wp:attachment":[{"href":"https:\/\/www.manaus.am.gov.br\/semcom\/wp-json\/wp\/v2\/media?parent=250335"}],"wp:term":[{"taxonomy":"category","embeddable":true,"href":"https:\/\/www.manaus.am.gov.br\/semcom\/wp-json\/wp\/v2\/categories?post=250335"},{"taxonomy":"post_tag","embeddable":true,"href":"https:\/\/www.manaus.am.gov.br\/semcom\/wp-json\/wp\/v2\/tags?post=250335"}],"curies":[{"name":"wp","href":"https:\/\/api.w.org\/{rel}","templated":true}]}}