{"id":250319,"date":"2025-12-31T01:23:44","date_gmt":"2025-12-31T05:23:44","guid":{"rendered":"https:\/\/www.manaus.am.gov.br\/semcom\/reveillon-gospel-pioneirismo\/"},"modified":"2025-12-31T01:23:44","modified_gmt":"2025-12-31T05:23:44","slug":"reveillon-gospel-pioneirismo","status":"publish","type":"post","link":"https:\/\/www.manaus.am.gov.br\/semcom\/reveillon-gospel-pioneirismo\/","title":{"rendered":"\u2018R\u00e9veillon Gospel\u2019 leva mais de 50 mil pessoas \u00e0 Ponta Negra e prefeito David Almeida celebra f\u00e9 e religiosidade de Manaus"},"content":{"rendered":"\n<p>Manaus viveu, na noite desta ter\u00e7a-feira, 30\/12, mais do que um grande evento musical, viveu um marco hist\u00f3rico. No anfiteatro da Ponta Negra, diante de mais de 50 mil pessoas circulantes, o prefeito David Almeida consolidou o \u201cR\u00e9veillon Gospel\u201d n\u00e3o apenas como uma celebra\u00e7\u00e3o de f\u00e9, mas como uma pol\u00edtica p\u00fablica de inclus\u00e3o cultural que projeta a capital amazonense para o cen\u00e1rio nacional. Foi em Manaus, a primeira capital brasileira a instituir oficialmente o \u201cR\u00e9veillon Gospel\u201d, que essa hist\u00f3ria come\u00e7ou e segue se fortalecendo.<\/p>\n\n\n\n<p>Ao conceder entrevista coletiva durante a programa\u00e7\u00e3o, o prefeito David Almeida explicou que o evento representa justi\u00e7a cultural e reconhecimento institucional a um p\u00fablico que, por d\u00e9cadas, esteve \u00e0 margem das grandes celebra\u00e7\u00f5es de fim de ano.<\/p>\n\n\n\n<p>\u201cManaus tem uma popula\u00e7\u00e3o majoritariamente crist\u00e3. Cerca de 40% a 45% dos manauaras s\u00e3o evang\u00e9licos e, por muito tempo, esse p\u00fablico ficava alijado das festividades oficiais. O \u2018R\u00e9veillon Gospel\u2019 nasce para corrigir isso. \u00c9 a celebra\u00e7\u00e3o de toda a cidade\u201d, afirmou o prefeito.<\/p>\n\n\n\n<p>A cena era simb\u00f3lica. Fam\u00edlias inteiras ocupavam o espa\u00e7o, jovens de m\u00e3os erguidas em louvor, idosos emocionados, crian\u00e7as acompanhando os pais. Entre elas, Maria das Dores, moradora da zona Norte, que fez quest\u00e3o de chegar cedo. \u201cA gente sempre esperou por uma noite como essa. Um R\u00e9veillon que respeita nossa f\u00e9, nossa forma de celebrar\u201d, disse, emocionada.<\/p>\n\n\n\n<p>No palco, artistas locais dividiram espa\u00e7o com nomes nacionais consagrados da m\u00fasica gospel, como Gabriel Guedes e a banda Morada, refor\u00e7ando a proposta de valoriza\u00e7\u00e3o da produ\u00e7\u00e3o regional aliada \u00e0 proje\u00e7\u00e3o nacional. O resultado foi uma atmosfera de comunh\u00e3o, m\u00fasica e pertencimento.<\/p>\n\n\n\n<figure class=\"wp-block-image size-large\"><img loading=\"lazy\" decoding=\"async\" width=\"1024\" height=\"683\" src=\"https:\/\/www.manaus.am.gov.br\/semcom\/wp-content\/uploads\/sites\/5\/2025\/12\/Prefeito-David-Almeida-transforma-o-\u2018Reveillon-Gospel-em-simbolo-de-identidade-inclusao-e-pioneirismo-cultural-de-Manaus-5-1-1024x683.jpeg\" alt=\"\" class=\"wp-image-250321\" srcset=\"https:\/\/www.manaus.am.gov.br\/semcom\/wp-content\/uploads\/sites\/5\/2025\/12\/Prefeito-David-Almeida-transforma-o-\u2018Reveillon-Gospel-em-simbolo-de-identidade-inclusao-e-pioneirismo-cultural-de-Manaus-5-1-1024x683.jpeg 1024w, https:\/\/www.manaus.am.gov.br\/semcom\/wp-content\/uploads\/sites\/5\/2025\/12\/Prefeito-David-Almeida-transforma-o-\u2018Reveillon-Gospel-em-simbolo-de-identidade-inclusao-e-pioneirismo-cultural-de-Manaus-5-1-300x200.jpeg 300w, https:\/\/www.manaus.am.gov.br\/semcom\/wp-content\/uploads\/sites\/5\/2025\/12\/Prefeito-David-Almeida-transforma-o-\u2018Reveillon-Gospel-em-simbolo-de-identidade-inclusao-e-pioneirismo-cultural-de-Manaus-5-1-768x512.jpeg 768w, https:\/\/www.manaus.am.gov.br\/semcom\/wp-content\/uploads\/sites\/5\/2025\/12\/Prefeito-David-Almeida-transforma-o-\u2018Reveillon-Gospel-em-simbolo-de-identidade-inclusao-e-pioneirismo-cultural-de-Manaus-5-1-1536x1024.jpeg 1536w, https:\/\/www.manaus.am.gov.br\/semcom\/wp-content\/uploads\/sites\/5\/2025\/12\/Prefeito-David-Almeida-transforma-o-\u2018Reveillon-Gospel-em-simbolo-de-identidade-inclusao-e-pioneirismo-cultural-de-Manaus-5-1-2048x1365.jpeg 2048w\" sizes=\"(max-width: 1024px) 100vw, 1024px\" \/><\/figure>\n\n\n\n<p>Respons\u00e1vel pela organiza\u00e7\u00e3o do evento, o diretor-presidente da Funda\u00e7\u00e3o Municipal de Cultura, Turismo e Eventos (ManausCult), Jender Lobato, destacou o planejamento operacional e o cuidado com a experi\u00eancia do p\u00fablico.<\/p>\n\n\n\n<p>\u201cO \u2018R\u00e9veillon Gospel\u2019 foi pensado para acolher as fam\u00edlias com seguran\u00e7a, organiza\u00e7\u00e3o e acessibilidade. Tivemos uma \u00e1rea exclusiva para pessoas com defici\u00eancia, esquema especial de seguran\u00e7a, apoio das equipes de sa\u00fade e log\u00edstica integrada para garantir conforto e tranquilidade a todos que vieram celebrar\u201d, afirmou.<\/p>\n\n\n\n<p>Para o prefeito, o \u201cR\u00e9veillon Gospel\u201d \u00e9 parte de uma vis\u00e3o estrat\u00e9gica maior: garantir que Manaus seja uma cidade onde todas as express\u00f5es culturais tenham espa\u00e7o, visibilidade e respeito institucional. \u201cQuando o poder p\u00fablico reconhece essa celebra\u00e7\u00e3o, ele reconhece pessoas, hist\u00f3rias, valores e identidades. Isso \u00e9 governar para todos\u201d, destacou.<\/p>\n\n\n\n<p>A decis\u00e3o de consolidar o dia 30 de dezembro como data oficial do \u201cR\u00e9veillon Gospel\u201d no calend\u00e1rio da cidade tamb\u00e9m tem um peso simb\u00f3lico. Manaus n\u00e3o apenas criou o evento, ela inaugurou um modelo que hoje inspira outras capitais brasileiras a refletirem sobre inclus\u00e3o cultural e diversidade religiosa nas pol\u00edticas p\u00fablicas.<\/p>\n\n\n\n<p>\u201cAqui n\u00e3o se trata de excluir ningu\u00e9m, mas de incluir quem nunca teve vez. O dia 31 continua sendo a virada tradicional e o dia 30 passa a ser o momento do p\u00fablico gospel. Manaus \u00e9 plural e a gest\u00e3o precisa refletir isso\u201d, refor\u00e7ou o prefeito.<\/p>\n\n\n\n<p>\u00c0 medida que a noite avan\u00e7ava e o p\u00fablico seguia em louvor, o sentimento era de pertencimento coletivo. O \u201cR\u00e9veillon Gospel\u201d deixou de ser apenas um evento e se consolidou como um s\u00edmbolo: de f\u00e9, de respeito e de uma Manaus pioneira, que olha para sua gente e transforma diversidade em pol\u00edtica p\u00fablica.<br><\/p>\n\n\n\n<figure class=\"wp-block-image size-large\"><img loading=\"lazy\" decoding=\"async\" width=\"1024\" height=\"683\" src=\"https:\/\/www.manaus.am.gov.br\/semcom\/wp-content\/uploads\/sites\/5\/2025\/12\/Prefeito-David-Almeida-transforma-o-\u2018Reveillon-Gospel-em-simbolo-de-identidade-inclusao-e-pioneirismo-cultural-de-Manaus-4-1-1024x683.jpeg\" alt=\"\" class=\"wp-image-250320\" srcset=\"https:\/\/www.manaus.am.gov.br\/semcom\/wp-content\/uploads\/sites\/5\/2025\/12\/Prefeito-David-Almeida-transforma-o-\u2018Reveillon-Gospel-em-simbolo-de-identidade-inclusao-e-pioneirismo-cultural-de-Manaus-4-1-1024x683.jpeg 1024w, https:\/\/www.manaus.am.gov.br\/semcom\/wp-content\/uploads\/sites\/5\/2025\/12\/Prefeito-David-Almeida-transforma-o-\u2018Reveillon-Gospel-em-simbolo-de-identidade-inclusao-e-pioneirismo-cultural-de-Manaus-4-1-300x200.jpeg 300w, https:\/\/www.manaus.am.gov.br\/semcom\/wp-content\/uploads\/sites\/5\/2025\/12\/Prefeito-David-Almeida-transforma-o-\u2018Reveillon-Gospel-em-simbolo-de-identidade-inclusao-e-pioneirismo-cultural-de-Manaus-4-1-768x512.jpeg 768w, https:\/\/www.manaus.am.gov.br\/semcom\/wp-content\/uploads\/sites\/5\/2025\/12\/Prefeito-David-Almeida-transforma-o-\u2018Reveillon-Gospel-em-simbolo-de-identidade-inclusao-e-pioneirismo-cultural-de-Manaus-4-1-1536x1024.jpeg 1536w, https:\/\/www.manaus.am.gov.br\/semcom\/wp-content\/uploads\/sites\/5\/2025\/12\/Prefeito-David-Almeida-transforma-o-\u2018Reveillon-Gospel-em-simbolo-de-identidade-inclusao-e-pioneirismo-cultural-de-Manaus-4-1-2048x1365.jpeg 2048w\" sizes=\"(max-width: 1024px) 100vw, 1024px\" \/><\/figure>\n\n\n\n<p>\u2014&#8211; \u2014&#8211; \u2014-<br><strong>Texto &#8211;<\/strong> Emanuelle Baires \/ Semcom-Prefeito<br><strong>Fotos &#8211;<\/strong> Dhyeizo Lemos \/ Semcom-Prefeito e Antonio Pereira \/ Semcom<br><strong>Dispon\u00edveis em &#8211;<\/strong><a href=\"https:\/\/flic.kr\/s\/aHBqjCFafS\">https:\/\/flic.kr\/s\/aHBqjCFafS<\/a><\/p>\n\n\n\n<p><\/p>\n","protected":false},"excerpt":{"rendered":"","protected":false},"author":68,"featured_media":250322,"comment_status":"closed","ping_status":"closed","sticky":false,"template":"","format":"standard","meta":{"footnotes":""},"categories":[7],"tags":[35,77,18672,18673],"acf":[],"yoast_head":"<!-- This site is optimized with the Yoast SEO plugin v23.0 - https:\/\/yoast.com\/wordpress\/plugins\/seo\/ -->\n<title>\u2018R\u00e9veillon Gospel\u2019 leva mais de 50 mil pessoas \u00e0 Ponta Negra<\/title>\n<meta name=\"description\" content=\"Manaus viveu, na noite desta ter\u00e7a-feira, 30\/12, mais do que um grande evento musical, viveu um marco hist\u00f3rico.\" \/>\n<meta name=\"robots\" content=\"index, follow, max-snippet:-1, max-image-preview:large, max-video-preview:-1\" \/>\n<link rel=\"canonical\" href=\"https:\/\/www.manaus.am.gov.br\/semcom\/reveillon-gospel-pioneirismo\/\" \/>\n<meta property=\"og:locale\" content=\"pt_BR\" \/>\n<meta property=\"og:type\" content=\"article\" \/>\n<meta property=\"og:title\" content=\"\u2018R\u00e9veillon Gospel\u2019 leva mais de 50 mil pessoas \u00e0 Ponta Negra\" \/>\n<meta property=\"og:description\" content=\"Manaus viveu, na noite desta ter\u00e7a-feira, 30\/12, mais do que um grande evento musical, viveu um marco hist\u00f3rico.\" \/>\n<meta property=\"og:url\" content=\"https:\/\/www.manaus.am.gov.br\/semcom\/reveillon-gospel-pioneirismo\/\" \/>\n<meta property=\"og:site_name\" content=\"SEMCOM\" \/>\n<meta property=\"article:published_time\" content=\"2025-12-31T05:23:44+00:00\" \/>\n<meta property=\"og:image\" content=\"https:\/\/www.manaus.am.gov.br\/semcom\/wp-content\/uploads\/sites\/5\/2025\/12\/55015388250_a6d53efc73_c.jpg\" \/>\n\t<meta property=\"og:image:width\" content=\"800\" \/>\n\t<meta property=\"og:image:height\" content=\"534\" \/>\n\t<meta property=\"og:image:type\" content=\"image\/jpeg\" \/>\n<meta name=\"author\" content=\"bvalente\" \/>\n<meta name=\"twitter:card\" content=\"summary_large_image\" \/>\n<meta name=\"twitter:label1\" content=\"Written by\" \/>\n\t<meta name=\"twitter:data1\" content=\"bvalente\" \/>\n\t<meta name=\"twitter:label2\" content=\"Est. reading time\" \/>\n\t<meta name=\"twitter:data2\" content=\"4 minutos\" \/>\n<script type=\"application\/ld+json\" class=\"yoast-schema-graph\">{\"@context\":\"https:\/\/schema.org\",\"@graph\":[{\"@type\":\"WebPage\",\"@id\":\"https:\/\/www.manaus.am.gov.br\/semcom\/reveillon-gospel-pioneirismo\/\",\"url\":\"https:\/\/www.manaus.am.gov.br\/semcom\/reveillon-gospel-pioneirismo\/\",\"name\":\"\u2018R\u00e9veillon Gospel\u2019 leva mais de 50 mil pessoas \u00e0 Ponta Negra\",\"isPartOf\":{\"@id\":\"https:\/\/www.manaus.am.gov.br\/semcom\/#website\"},\"primaryImageOfPage\":{\"@id\":\"https:\/\/www.manaus.am.gov.br\/semcom\/reveillon-gospel-pioneirismo\/#primaryimage\"},\"image\":{\"@id\":\"https:\/\/www.manaus.am.gov.br\/semcom\/reveillon-gospel-pioneirismo\/#primaryimage\"},\"thumbnailUrl\":\"https:\/\/www.manaus.am.gov.br\/semcom\/wp-content\/uploads\/sites\/5\/2025\/12\/55015388250_a6d53efc73_c.jpg\",\"datePublished\":\"2025-12-31T05:23:44+00:00\",\"dateModified\":\"2025-12-31T05:23:44+00:00\",\"author\":{\"@id\":\"https:\/\/www.manaus.am.gov.br\/semcom\/#\/schema\/person\/466a0e03ae4b6062809046bd560ac955\"},\"description\":\"Manaus viveu, na noite desta ter\u00e7a-feira, 30\/12, mais do que um grande evento musical, viveu um marco hist\u00f3rico.\",\"inLanguage\":\"pt-BR\",\"potentialAction\":[{\"@type\":\"ReadAction\",\"target\":[\"https:\/\/www.manaus.am.gov.br\/semcom\/reveillon-gospel-pioneirismo\/\"]}]},{\"@type\":\"ImageObject\",\"inLanguage\":\"pt-BR\",\"@id\":\"https:\/\/www.manaus.am.gov.br\/semcom\/reveillon-gospel-pioneirismo\/#primaryimage\",\"url\":\"https:\/\/www.manaus.am.gov.br\/semcom\/wp-content\/uploads\/sites\/5\/2025\/12\/55015388250_a6d53efc73_c.jpg\",\"contentUrl\":\"https:\/\/www.manaus.am.gov.br\/semcom\/wp-content\/uploads\/sites\/5\/2025\/12\/55015388250_a6d53efc73_c.jpg\",\"width\":800,\"height\":534,\"caption\":\"#paratodosverem - Prefeito David Almeida e diretor-presidente da ManausCult, Jender Lobato, durante \u2018R\u00e9veillon Gospel\u2019\"},{\"@type\":\"WebSite\",\"@id\":\"https:\/\/www.manaus.am.gov.br\/semcom\/#website\",\"url\":\"https:\/\/www.manaus.am.gov.br\/semcom\/\",\"name\":\"SEMCOM\",\"description\":\"Secretaria Municipal de Comunica\u00e7\u00e3o\",\"potentialAction\":[{\"@type\":\"SearchAction\",\"target\":{\"@type\":\"EntryPoint\",\"urlTemplate\":\"https:\/\/www.manaus.am.gov.br\/semcom\/?s={search_term_string}\"},\"query-input\":\"required name=search_term_string\"}],\"inLanguage\":\"pt-BR\"},{\"@type\":\"Person\",\"@id\":\"https:\/\/www.manaus.am.gov.br\/semcom\/#\/schema\/person\/466a0e03ae4b6062809046bd560ac955\",\"name\":\"bvalente\",\"image\":{\"@type\":\"ImageObject\",\"inLanguage\":\"pt-BR\",\"@id\":\"https:\/\/www.manaus.am.gov.br\/semcom\/#\/schema\/person\/image\/\",\"url\":\"https:\/\/secure.gravatar.com\/avatar\/3e69bc2b014bdad41adfec3a39de07d2?s=96&d=mm&r=g\",\"contentUrl\":\"https:\/\/secure.gravatar.com\/avatar\/3e69bc2b014bdad41adfec3a39de07d2?s=96&d=mm&r=g\",\"caption\":\"bvalente\"}}]}<\/script>\n<!-- \/ Yoast SEO plugin. -->","yoast_head_json":{"title":"\u2018R\u00e9veillon Gospel\u2019 leva mais de 50 mil pessoas \u00e0 Ponta Negra","description":"Manaus viveu, na noite desta ter\u00e7a-feira, 30\/12, mais do que um grande evento musical, viveu um marco hist\u00f3rico.","robots":{"index":"index","follow":"follow","max-snippet":"max-snippet:-1","max-image-preview":"max-image-preview:large","max-video-preview":"max-video-preview:-1"},"canonical":"https:\/\/www.manaus.am.gov.br\/semcom\/reveillon-gospel-pioneirismo\/","og_locale":"pt_BR","og_type":"article","og_title":"\u2018R\u00e9veillon Gospel\u2019 leva mais de 50 mil pessoas \u00e0 Ponta Negra","og_description":"Manaus viveu, na noite desta ter\u00e7a-feira, 30\/12, mais do que um grande evento musical, viveu um marco hist\u00f3rico.","og_url":"https:\/\/www.manaus.am.gov.br\/semcom\/reveillon-gospel-pioneirismo\/","og_site_name":"SEMCOM","article_published_time":"2025-12-31T05:23:44+00:00","og_image":[{"width":800,"height":534,"url":"https:\/\/www.manaus.am.gov.br\/semcom\/wp-content\/uploads\/sites\/5\/2025\/12\/55015388250_a6d53efc73_c.jpg","type":"image\/jpeg"}],"author":"bvalente","twitter_card":"summary_large_image","twitter_misc":{"Written by":"bvalente","Est. reading time":"4 minutos"},"schema":{"@context":"https:\/\/schema.org","@graph":[{"@type":"WebPage","@id":"https:\/\/www.manaus.am.gov.br\/semcom\/reveillon-gospel-pioneirismo\/","url":"https:\/\/www.manaus.am.gov.br\/semcom\/reveillon-gospel-pioneirismo\/","name":"\u2018R\u00e9veillon Gospel\u2019 leva mais de 50 mil pessoas \u00e0 Ponta Negra","isPartOf":{"@id":"https:\/\/www.manaus.am.gov.br\/semcom\/#website"},"primaryImageOfPage":{"@id":"https:\/\/www.manaus.am.gov.br\/semcom\/reveillon-gospel-pioneirismo\/#primaryimage"},"image":{"@id":"https:\/\/www.manaus.am.gov.br\/semcom\/reveillon-gospel-pioneirismo\/#primaryimage"},"thumbnailUrl":"https:\/\/www.manaus.am.gov.br\/semcom\/wp-content\/uploads\/sites\/5\/2025\/12\/55015388250_a6d53efc73_c.jpg","datePublished":"2025-12-31T05:23:44+00:00","dateModified":"2025-12-31T05:23:44+00:00","author":{"@id":"https:\/\/www.manaus.am.gov.br\/semcom\/#\/schema\/person\/466a0e03ae4b6062809046bd560ac955"},"description":"Manaus viveu, na noite desta ter\u00e7a-feira, 30\/12, mais do que um grande evento musical, viveu um marco hist\u00f3rico.","inLanguage":"pt-BR","potentialAction":[{"@type":"ReadAction","target":["https:\/\/www.manaus.am.gov.br\/semcom\/reveillon-gospel-pioneirismo\/"]}]},{"@type":"ImageObject","inLanguage":"pt-BR","@id":"https:\/\/www.manaus.am.gov.br\/semcom\/reveillon-gospel-pioneirismo\/#primaryimage","url":"https:\/\/www.manaus.am.gov.br\/semcom\/wp-content\/uploads\/sites\/5\/2025\/12\/55015388250_a6d53efc73_c.jpg","contentUrl":"https:\/\/www.manaus.am.gov.br\/semcom\/wp-content\/uploads\/sites\/5\/2025\/12\/55015388250_a6d53efc73_c.jpg","width":800,"height":534,"caption":"#paratodosverem - Prefeito David Almeida e diretor-presidente da ManausCult, Jender Lobato, durante \u2018R\u00e9veillon Gospel\u2019"},{"@type":"WebSite","@id":"https:\/\/www.manaus.am.gov.br\/semcom\/#website","url":"https:\/\/www.manaus.am.gov.br\/semcom\/","name":"SEMCOM","description":"Secretaria Municipal de Comunica\u00e7\u00e3o","potentialAction":[{"@type":"SearchAction","target":{"@type":"EntryPoint","urlTemplate":"https:\/\/www.manaus.am.gov.br\/semcom\/?s={search_term_string}"},"query-input":"required name=search_term_string"}],"inLanguage":"pt-BR"},{"@type":"Person","@id":"https:\/\/www.manaus.am.gov.br\/semcom\/#\/schema\/person\/466a0e03ae4b6062809046bd560ac955","name":"bvalente","image":{"@type":"ImageObject","inLanguage":"pt-BR","@id":"https:\/\/www.manaus.am.gov.br\/semcom\/#\/schema\/person\/image\/","url":"https:\/\/secure.gravatar.com\/avatar\/3e69bc2b014bdad41adfec3a39de07d2?s=96&d=mm&r=g","contentUrl":"https:\/\/secure.gravatar.com\/avatar\/3e69bc2b014bdad41adfec3a39de07d2?s=96&d=mm&r=g","caption":"bvalente"}}]}},"_links":{"self":[{"href":"https:\/\/www.manaus.am.gov.br\/semcom\/wp-json\/wp\/v2\/posts\/250319"}],"collection":[{"href":"https:\/\/www.manaus.am.gov.br\/semcom\/wp-json\/wp\/v2\/posts"}],"about":[{"href":"https:\/\/www.manaus.am.gov.br\/semcom\/wp-json\/wp\/v2\/types\/post"}],"author":[{"embeddable":true,"href":"https:\/\/www.manaus.am.gov.br\/semcom\/wp-json\/wp\/v2\/users\/68"}],"replies":[{"embeddable":true,"href":"https:\/\/www.manaus.am.gov.br\/semcom\/wp-json\/wp\/v2\/comments?post=250319"}],"version-history":[{"count":1,"href":"https:\/\/www.manaus.am.gov.br\/semcom\/wp-json\/wp\/v2\/posts\/250319\/revisions"}],"predecessor-version":[{"id":250327,"href":"https:\/\/www.manaus.am.gov.br\/semcom\/wp-json\/wp\/v2\/posts\/250319\/revisions\/250327"}],"wp:featuredmedia":[{"embeddable":true,"href":"https:\/\/www.manaus.am.gov.br\/semcom\/wp-json\/wp\/v2\/media\/250322"}],"wp:attachment":[{"href":"https:\/\/www.manaus.am.gov.br\/semcom\/wp-json\/wp\/v2\/media?parent=250319"}],"wp:term":[{"taxonomy":"category","embeddable":true,"href":"https:\/\/www.manaus.am.gov.br\/semcom\/wp-json\/wp\/v2\/categories?post=250319"},{"taxonomy":"post_tag","embeddable":true,"href":"https:\/\/www.manaus.am.gov.br\/semcom\/wp-json\/wp\/v2\/tags?post=250319"}],"curies":[{"name":"wp","href":"https:\/\/api.w.org\/{rel}","templated":true}]}}