{"id":250287,"date":"2025-12-30T15:30:38","date_gmt":"2025-12-30T18:30:38","guid":{"rendered":"https:\/\/www.manaus.am.gov.br\/semcom\/prefeitura-semtepi-sinemanaus-2025\/"},"modified":"2025-12-30T15:30:39","modified_gmt":"2025-12-30T18:30:39","slug":"prefeitura-semtepi-sinemanaus-2025","status":"publish","type":"post","link":"https:\/\/www.manaus.am.gov.br\/semcom\/prefeitura-semtepi-sinemanaus-2025\/","title":{"rendered":"Sine Manaus alcan\u00e7a feito hist\u00f3rico em 2025 e registra o melhor desempenho de sua hist\u00f3ria"},"content":{"rendered":"\n<p>O Sistema Nacional de Emprego (Sine) Manaus, gerenciado pela Prefeitura de Manaus, por meio da Secretaria Municipal do Trabalho, Empreendedorismo e Inova\u00e7\u00e3o (Semtepi), alcan\u00e7ou, em 2025, um feito hist\u00f3rico, superando todos os resultados j\u00e1 registrados desde a cria\u00e7\u00e3o do \u00f3rg\u00e3o e consolidando o ano como o melhor da hist\u00f3ria do Sine Manaus.<br><br><\/p>\n\n\n\n<p>De acordo com o painel de desempenho divulgado pela secretaria, em 2025, foram 7.155 vagas ofertadas, n\u00famero que ultrapassa com folga o melhor resultado anterior, registrado em 2022, quando o Sine Manaus havia disponibilizado 6.426 vagas. No mesmo per\u00edodo de 2025, o \u00f3rg\u00e3o tamb\u00e9m obteve um recorde no n\u00famero de pessoas inseridas no mercado formal, com 5.835 trabalhadores colocados, superando as 5.480 coloca\u00e7\u00f5es registradas em 2022.<br><br><\/p>\n\n\n\n<p>Os dois anos de maior desempenho do Sine Manaus ocorreram durante a gest\u00e3o do prefeito David Almeida, o que evidencia a continuidade e o fortalecimento das pol\u00edticas p\u00fablicas voltadas \u00e0 gera\u00e7\u00e3o de emprego e renda na capital amazonense. Em 2025, al\u00e9m das coloca\u00e7\u00f5es recordes, o Sine realizou 9.190 encaminhamentos para processos seletivos e contabilizou 4.429 trabalhadores inscritos.<br><br><\/p>\n\n\n\n<p>Em avalia\u00e7\u00e3o aos n\u00fameros hist\u00f3ricos alcan\u00e7ados pelo Sine Manaus em 2025, o secret\u00e1rio municipal do Trabalho, Empreendedorismo e Inova\u00e7\u00e3o (Semtepi), Alonso Oliveira, destacou que o resultado \u00e9 fruto de planejamento, fortalecimento das parcerias com o setor produtivo e do compromisso da gest\u00e3o municipal com a gera\u00e7\u00e3o de emprego e renda na capital. Segundo ele, o desempenho recorde reafirma a efici\u00eancia das pol\u00edticas p\u00fablicas adotadas pela Prefeitura de Manaus e o papel estrat\u00e9gico do Sine como principal elo entre trabalhadores e empresas.<br><br><\/p>\n\n\n\n<p>\u201cEsses n\u00fameros representam um marco hist\u00f3rico para o Sine Manaus. Superamos todos os anos anteriores, inclusive 2022, que at\u00e9 ent\u00e3o era o nosso melhor resultado, tamb\u00e9m na gest\u00e3o do prefeito David Almeida. Em 2025, conseguimos avan\u00e7ar ainda mais, ofertando mais vagas e colocando mais pessoas no mercado de trabalho. Isso mostra que a pol\u00edtica de emprego da Prefeitura de Manaus est\u00e1 no caminho certo, gerando oportunidades reais para a popula\u00e7\u00e3o e fortalecendo a economia da nossa cidade\u201d, afirmou o secret\u00e1rio Alonso Oliveira.<\/p>\n\n\n\n<p>O desempenho hist\u00f3rico tamb\u00e9m \u00e9 reflexo da diversidade de setores que ofertaram oportunidades ao longo do ano. O setor de Servi\u00e7os liderou, com 2.302 vagas, seguido por Com\u00e9rcio (2.014 vagas) e Ind\u00fastria (1.327 vagas). A Constru\u00e7\u00e3o Civil ofertou 911 vagas, enquanto Informa\u00e7\u00e3o e Comunica\u00e7\u00e3o registrou 250 oportunidades, al\u00e9m de outros 340 registros sem setor especificado.<\/p>\n\n\n\n<p>No perfil das coloca\u00e7\u00f5es, a maior parte dos trabalhadores inseridos no mercado est\u00e1 na faixa et\u00e1ria de 30 a 39 anos, com 1.727 pessoas empregadas, seguida pelos jovens de 18 a 24 anos, que somaram 1.533 coloca\u00e7\u00f5es. Trabalhadores entre 40 e 49 anos tamb\u00e9m tiveram participa\u00e7\u00e3o expressiva, com 1.186 inser\u00e7\u00f5es, demonstrando o alcance das a\u00e7\u00f5es do Sine Manaus para diferentes p\u00fablicos.<\/p>\n\n\n\n<p>Os dados refor\u00e7am ainda o equil\u00edbrio de g\u00eanero entre os inscritos, com 2.254 homens e 2.172 mulheres, evidenciando o papel do Sine Manaus como instrumento democr\u00e1tico de acesso ao trabalho.<\/p>\n\n\n\n<p>&#8212; &#8212; &#8212;<br><strong>Texto<\/strong>&nbsp;&#8211; Asafe Augusto\/Semtepi<br><strong>Fotos<\/strong>&nbsp;&#8211; Divulga\u00e7\u00e3o\/Semcom<\/p>\n\n\n\n<p><strong>Dispon\u00edveis em<\/strong>&nbsp;&#8211;&nbsp;<a href=\"https:\/\/flic.kr\/s\/aHBqjCetWK\" target=\"_blank\" rel=\"noreferrer noopener\">https:\/\/flic.kr\/s\/aHBqjCetWK<\/a><\/p>\n","protected":false},"excerpt":{"rendered":"","protected":false},"author":23,"featured_media":250288,"comment_status":"closed","ping_status":"closed","sticky":false,"template":"","format":"standard","meta":{"footnotes":""},"categories":[8850],"tags":[18575,206,77,22,23],"acf":[],"yoast_head":"<!-- This site is optimized with the Yoast SEO plugin v23.0 - https:\/\/yoast.com\/wordpress\/plugins\/seo\/ -->\n<title>Sine Manaus alcan\u00e7a feito hist\u00f3rico em 2025 e registra o melhor desempenho de sua hist\u00f3ria<\/title>\n<meta name=\"description\" content=\"O Sistema Nacional de Emprego (Sine) Manaus, gerenciado pela Prefeitura de Manaus, por meio da Secretaria Municipal do Trabalho, Empreendedorismo e Inova\u00e7\u00e3o (Semtepi), alcan\u00e7ou, em 2025, um feito hist\u00f3rico, superando todos os resultados j\u00e1 registrados desde a cria\u00e7\u00e3o do \u00f3rg\u00e3o e consolidando o ano como o melhor da hist\u00f3ria do Sine Manaus.\" \/>\n<meta name=\"robots\" content=\"index, follow, max-snippet:-1, max-image-preview:large, max-video-preview:-1\" \/>\n<link rel=\"canonical\" href=\"https:\/\/www.manaus.am.gov.br\/semcom\/prefeitura-semtepi-sinemanaus-2025\/\" \/>\n<meta property=\"og:locale\" content=\"pt_BR\" \/>\n<meta property=\"og:type\" content=\"article\" \/>\n<meta property=\"og:title\" content=\"Sine Manaus alcan\u00e7a feito hist\u00f3rico em 2025 e registra o melhor desempenho de sua hist\u00f3ria\" \/>\n<meta property=\"og:description\" content=\"O Sistema Nacional de Emprego (Sine) Manaus, gerenciado pela Prefeitura de Manaus, por meio da Secretaria Municipal do Trabalho, Empreendedorismo e Inova\u00e7\u00e3o (Semtepi), alcan\u00e7ou, em 2025, um feito hist\u00f3rico, superando todos os resultados j\u00e1 registrados desde a cria\u00e7\u00e3o do \u00f3rg\u00e3o e consolidando o ano como o melhor da hist\u00f3ria do Sine Manaus.\" \/>\n<meta property=\"og:url\" content=\"https:\/\/www.manaus.am.gov.br\/semcom\/prefeitura-semtepi-sinemanaus-2025\/\" \/>\n<meta property=\"og:site_name\" content=\"SEMCOM\" \/>\n<meta property=\"article:published_time\" content=\"2025-12-30T18:30:38+00:00\" \/>\n<meta property=\"article:modified_time\" content=\"2025-12-30T18:30:39+00:00\" \/>\n<meta property=\"og:image\" content=\"https:\/\/www.manaus.am.gov.br\/semcom\/wp-content\/uploads\/sites\/5\/2025\/12\/54523927824_f1e50dbf0a_c.jpg\" \/>\n\t<meta property=\"og:image:width\" content=\"799\" \/>\n\t<meta property=\"og:image:height\" content=\"533\" \/>\n\t<meta property=\"og:image:type\" content=\"image\/jpeg\" \/>\n<meta name=\"author\" content=\"Adriana Costa\" \/>\n<meta name=\"twitter:card\" content=\"summary_large_image\" \/>\n<meta name=\"twitter:label1\" content=\"Written by\" \/>\n\t<meta name=\"twitter:data1\" content=\"Adriana Costa\" \/>\n\t<meta name=\"twitter:label2\" content=\"Est. reading time\" \/>\n\t<meta name=\"twitter:data2\" content=\"3 minutos\" \/>\n<script type=\"application\/ld+json\" class=\"yoast-schema-graph\">{\"@context\":\"https:\/\/schema.org\",\"@graph\":[{\"@type\":\"WebPage\",\"@id\":\"https:\/\/www.manaus.am.gov.br\/semcom\/prefeitura-semtepi-sinemanaus-2025\/\",\"url\":\"https:\/\/www.manaus.am.gov.br\/semcom\/prefeitura-semtepi-sinemanaus-2025\/\",\"name\":\"Sine Manaus alcan\u00e7a feito hist\u00f3rico em 2025 e registra o melhor desempenho de sua hist\u00f3ria\",\"isPartOf\":{\"@id\":\"https:\/\/www.manaus.am.gov.br\/semcom\/#website\"},\"primaryImageOfPage\":{\"@id\":\"https:\/\/www.manaus.am.gov.br\/semcom\/prefeitura-semtepi-sinemanaus-2025\/#primaryimage\"},\"image\":{\"@id\":\"https:\/\/www.manaus.am.gov.br\/semcom\/prefeitura-semtepi-sinemanaus-2025\/#primaryimage\"},\"thumbnailUrl\":\"https:\/\/www.manaus.am.gov.br\/semcom\/wp-content\/uploads\/sites\/5\/2025\/12\/54523927824_f1e50dbf0a_c.jpg\",\"datePublished\":\"2025-12-30T18:30:38+00:00\",\"dateModified\":\"2025-12-30T18:30:39+00:00\",\"author\":{\"@id\":\"https:\/\/www.manaus.am.gov.br\/semcom\/#\/schema\/person\/4e49f4e267757a06ca072ec61b2b9968\"},\"description\":\"O Sistema Nacional de Emprego (Sine) Manaus, gerenciado pela Prefeitura de Manaus, por meio da Secretaria Municipal do Trabalho, Empreendedorismo e Inova\u00e7\u00e3o (Semtepi), alcan\u00e7ou, em 2025, um feito hist\u00f3rico, superando todos os resultados j\u00e1 registrados desde a cria\u00e7\u00e3o do \u00f3rg\u00e3o e consolidando o ano como o melhor da hist\u00f3ria do Sine Manaus.\",\"inLanguage\":\"pt-BR\",\"potentialAction\":[{\"@type\":\"ReadAction\",\"target\":[\"https:\/\/www.manaus.am.gov.br\/semcom\/prefeitura-semtepi-sinemanaus-2025\/\"]}]},{\"@type\":\"ImageObject\",\"inLanguage\":\"pt-BR\",\"@id\":\"https:\/\/www.manaus.am.gov.br\/semcom\/prefeitura-semtepi-sinemanaus-2025\/#primaryimage\",\"url\":\"https:\/\/www.manaus.am.gov.br\/semcom\/wp-content\/uploads\/sites\/5\/2025\/12\/54523927824_f1e50dbf0a_c.jpg\",\"contentUrl\":\"https:\/\/www.manaus.am.gov.br\/semcom\/wp-content\/uploads\/sites\/5\/2025\/12\/54523927824_f1e50dbf0a_c.jpg\",\"width\":799,\"height\":533,\"caption\":\"#paratodosverem - Atendimento na entrada de posto do Sine Manaus\"},{\"@type\":\"WebSite\",\"@id\":\"https:\/\/www.manaus.am.gov.br\/semcom\/#website\",\"url\":\"https:\/\/www.manaus.am.gov.br\/semcom\/\",\"name\":\"SEMCOM\",\"description\":\"Secretaria Municipal de Comunica\u00e7\u00e3o\",\"potentialAction\":[{\"@type\":\"SearchAction\",\"target\":{\"@type\":\"EntryPoint\",\"urlTemplate\":\"https:\/\/www.manaus.am.gov.br\/semcom\/?s={search_term_string}\"},\"query-input\":\"required name=search_term_string\"}],\"inLanguage\":\"pt-BR\"},{\"@type\":\"Person\",\"@id\":\"https:\/\/www.manaus.am.gov.br\/semcom\/#\/schema\/person\/4e49f4e267757a06ca072ec61b2b9968\",\"name\":\"Adriana Costa\",\"image\":{\"@type\":\"ImageObject\",\"inLanguage\":\"pt-BR\",\"@id\":\"https:\/\/www.manaus.am.gov.br\/semcom\/#\/schema\/person\/image\/\",\"url\":\"https:\/\/secure.gravatar.com\/avatar\/576258617ef7194f718179e766d57bd4?s=96&d=mm&r=g\",\"contentUrl\":\"https:\/\/secure.gravatar.com\/avatar\/576258617ef7194f718179e766d57bd4?s=96&d=mm&r=g\",\"caption\":\"Adriana Costa\"}}]}<\/script>\n<!-- \/ Yoast SEO plugin. -->","yoast_head_json":{"title":"Sine Manaus alcan\u00e7a feito hist\u00f3rico em 2025 e registra o melhor desempenho de sua hist\u00f3ria","description":"O Sistema Nacional de Emprego (Sine) Manaus, gerenciado pela Prefeitura de Manaus, por meio da Secretaria Municipal do Trabalho, Empreendedorismo e Inova\u00e7\u00e3o (Semtepi), alcan\u00e7ou, em 2025, um feito hist\u00f3rico, superando todos os resultados j\u00e1 registrados desde a cria\u00e7\u00e3o do \u00f3rg\u00e3o e consolidando o ano como o melhor da hist\u00f3ria do Sine Manaus.","robots":{"index":"index","follow":"follow","max-snippet":"max-snippet:-1","max-image-preview":"max-image-preview:large","max-video-preview":"max-video-preview:-1"},"canonical":"https:\/\/www.manaus.am.gov.br\/semcom\/prefeitura-semtepi-sinemanaus-2025\/","og_locale":"pt_BR","og_type":"article","og_title":"Sine Manaus alcan\u00e7a feito hist\u00f3rico em 2025 e registra o melhor desempenho de sua hist\u00f3ria","og_description":"O Sistema Nacional de Emprego (Sine) Manaus, gerenciado pela Prefeitura de Manaus, por meio da Secretaria Municipal do Trabalho, Empreendedorismo e Inova\u00e7\u00e3o (Semtepi), alcan\u00e7ou, em 2025, um feito hist\u00f3rico, superando todos os resultados j\u00e1 registrados desde a cria\u00e7\u00e3o do \u00f3rg\u00e3o e consolidando o ano como o melhor da hist\u00f3ria do Sine Manaus.","og_url":"https:\/\/www.manaus.am.gov.br\/semcom\/prefeitura-semtepi-sinemanaus-2025\/","og_site_name":"SEMCOM","article_published_time":"2025-12-30T18:30:38+00:00","article_modified_time":"2025-12-30T18:30:39+00:00","og_image":[{"width":799,"height":533,"url":"https:\/\/www.manaus.am.gov.br\/semcom\/wp-content\/uploads\/sites\/5\/2025\/12\/54523927824_f1e50dbf0a_c.jpg","type":"image\/jpeg"}],"author":"Adriana Costa","twitter_card":"summary_large_image","twitter_misc":{"Written by":"Adriana Costa","Est. reading time":"3 minutos"},"schema":{"@context":"https:\/\/schema.org","@graph":[{"@type":"WebPage","@id":"https:\/\/www.manaus.am.gov.br\/semcom\/prefeitura-semtepi-sinemanaus-2025\/","url":"https:\/\/www.manaus.am.gov.br\/semcom\/prefeitura-semtepi-sinemanaus-2025\/","name":"Sine Manaus alcan\u00e7a feito hist\u00f3rico em 2025 e registra o melhor desempenho de sua hist\u00f3ria","isPartOf":{"@id":"https:\/\/www.manaus.am.gov.br\/semcom\/#website"},"primaryImageOfPage":{"@id":"https:\/\/www.manaus.am.gov.br\/semcom\/prefeitura-semtepi-sinemanaus-2025\/#primaryimage"},"image":{"@id":"https:\/\/www.manaus.am.gov.br\/semcom\/prefeitura-semtepi-sinemanaus-2025\/#primaryimage"},"thumbnailUrl":"https:\/\/www.manaus.am.gov.br\/semcom\/wp-content\/uploads\/sites\/5\/2025\/12\/54523927824_f1e50dbf0a_c.jpg","datePublished":"2025-12-30T18:30:38+00:00","dateModified":"2025-12-30T18:30:39+00:00","author":{"@id":"https:\/\/www.manaus.am.gov.br\/semcom\/#\/schema\/person\/4e49f4e267757a06ca072ec61b2b9968"},"description":"O Sistema Nacional de Emprego (Sine) Manaus, gerenciado pela Prefeitura de Manaus, por meio da Secretaria Municipal do Trabalho, Empreendedorismo e Inova\u00e7\u00e3o (Semtepi), alcan\u00e7ou, em 2025, um feito hist\u00f3rico, superando todos os resultados j\u00e1 registrados desde a cria\u00e7\u00e3o do \u00f3rg\u00e3o e consolidando o ano como o melhor da hist\u00f3ria do Sine Manaus.","inLanguage":"pt-BR","potentialAction":[{"@type":"ReadAction","target":["https:\/\/www.manaus.am.gov.br\/semcom\/prefeitura-semtepi-sinemanaus-2025\/"]}]},{"@type":"ImageObject","inLanguage":"pt-BR","@id":"https:\/\/www.manaus.am.gov.br\/semcom\/prefeitura-semtepi-sinemanaus-2025\/#primaryimage","url":"https:\/\/www.manaus.am.gov.br\/semcom\/wp-content\/uploads\/sites\/5\/2025\/12\/54523927824_f1e50dbf0a_c.jpg","contentUrl":"https:\/\/www.manaus.am.gov.br\/semcom\/wp-content\/uploads\/sites\/5\/2025\/12\/54523927824_f1e50dbf0a_c.jpg","width":799,"height":533,"caption":"#paratodosverem - Atendimento na entrada de posto do Sine Manaus"},{"@type":"WebSite","@id":"https:\/\/www.manaus.am.gov.br\/semcom\/#website","url":"https:\/\/www.manaus.am.gov.br\/semcom\/","name":"SEMCOM","description":"Secretaria Municipal de Comunica\u00e7\u00e3o","potentialAction":[{"@type":"SearchAction","target":{"@type":"EntryPoint","urlTemplate":"https:\/\/www.manaus.am.gov.br\/semcom\/?s={search_term_string}"},"query-input":"required name=search_term_string"}],"inLanguage":"pt-BR"},{"@type":"Person","@id":"https:\/\/www.manaus.am.gov.br\/semcom\/#\/schema\/person\/4e49f4e267757a06ca072ec61b2b9968","name":"Adriana Costa","image":{"@type":"ImageObject","inLanguage":"pt-BR","@id":"https:\/\/www.manaus.am.gov.br\/semcom\/#\/schema\/person\/image\/","url":"https:\/\/secure.gravatar.com\/avatar\/576258617ef7194f718179e766d57bd4?s=96&d=mm&r=g","contentUrl":"https:\/\/secure.gravatar.com\/avatar\/576258617ef7194f718179e766d57bd4?s=96&d=mm&r=g","caption":"Adriana Costa"}}]}},"_links":{"self":[{"href":"https:\/\/www.manaus.am.gov.br\/semcom\/wp-json\/wp\/v2\/posts\/250287"}],"collection":[{"href":"https:\/\/www.manaus.am.gov.br\/semcom\/wp-json\/wp\/v2\/posts"}],"about":[{"href":"https:\/\/www.manaus.am.gov.br\/semcom\/wp-json\/wp\/v2\/types\/post"}],"author":[{"embeddable":true,"href":"https:\/\/www.manaus.am.gov.br\/semcom\/wp-json\/wp\/v2\/users\/23"}],"replies":[{"embeddable":true,"href":"https:\/\/www.manaus.am.gov.br\/semcom\/wp-json\/wp\/v2\/comments?post=250287"}],"version-history":[{"count":0,"href":"https:\/\/www.manaus.am.gov.br\/semcom\/wp-json\/wp\/v2\/posts\/250287\/revisions"}],"wp:featuredmedia":[{"embeddable":true,"href":"https:\/\/www.manaus.am.gov.br\/semcom\/wp-json\/wp\/v2\/media\/250288"}],"wp:attachment":[{"href":"https:\/\/www.manaus.am.gov.br\/semcom\/wp-json\/wp\/v2\/media?parent=250287"}],"wp:term":[{"taxonomy":"category","embeddable":true,"href":"https:\/\/www.manaus.am.gov.br\/semcom\/wp-json\/wp\/v2\/categories?post=250287"},{"taxonomy":"post_tag","embeddable":true,"href":"https:\/\/www.manaus.am.gov.br\/semcom\/wp-json\/wp\/v2\/tags?post=250287"}],"curies":[{"name":"wp","href":"https:\/\/api.w.org\/{rel}","templated":true}]}}