{"id":250279,"date":"2025-12-30T14:57:21","date_gmt":"2025-12-30T17:57:21","guid":{"rendered":"https:\/\/www.manaus.am.gov.br\/semcom\/prefeitura-semtepi-feiragastronomica-pontanegra\/"},"modified":"2025-12-30T14:57:23","modified_gmt":"2025-12-30T17:57:23","slug":"prefeitura-semtepi-feiragastronomica-pontanegra","status":"publish","type":"post","link":"https:\/\/www.manaus.am.gov.br\/semcom\/prefeitura-semtepi-feiragastronomica-pontanegra\/","title":{"rendered":"Empreendedores faturam R$ 500 mil em \u2018Feira Gastron\u00f4mica de Natal\u2019 confirmando sucesso na Ponta Negra"},"content":{"rendered":"\n<p>A Feira Gastron\u00f4mica de Natal, realizada no Espa\u00e7o do Empreendedor da Ponta Negra, confirmou o sucesso ao registrar um faturamento expressivo de R$ 500 mil para os empreendedores cadastrados na Prefeitura de Manaus, via Secretaria Municipal do Trabalho, Empreendedorismo e Inova\u00e7\u00e3o (Semtepi). A a\u00e7\u00e3o atraiu milhares de pessoas que circularam pelo complexo tur\u00edstico durante a programa\u00e7\u00e3o natalina. O evento se consolidou como um dos principais destaques do per\u00edodo, unindo lazer, gastronomia e fortalecimento da economia criativa em um dos cart\u00f5es-postais de Manaus.<\/p>\n\n\n\n<p>Com a participa\u00e7\u00e3o de 40 empreendimentos, a feira ofereceu ao p\u00fablico uma ampla variedade de produtos gastron\u00f4micos, muitos com tem\u00e1tica natalina, impulsionando as vendas e estimulando o consumo local. O volume financeiro alcan\u00e7ado refor\u00e7a o potencial dos pequenos neg\u00f3cios quando recebem apoio, estrutura e visibilidade em eventos de grande circula\u00e7\u00e3o. A feira funcionar\u00e1 at\u00e9 \u00e0s 22h desta quarta-feira, 31\/12.<\/p>\n\n\n\n<p>Al\u00e9m do impacto econ\u00f4mico direto, a iniciativa tamb\u00e9m gerou resultados positivos na \u00e1rea social e de emprego, com a cria\u00e7\u00e3o de mais de 120 empregos diretos e indiretos, beneficiando empreendedores, trabalhadores e prestadores de servi\u00e7o envolvidos na realiza\u00e7\u00e3o da feira.<\/p>\n\n\n\n<p>Promovida Semtepi, por meio do departamento de Economia Solid\u00e1ria e Criativa, a Feira Gastron\u00f4mica de Natal reafirma a import\u00e2ncia de pol\u00edticas p\u00fablicas voltadas ao incentivo do empreendedorismo e da economia criativa. Segundo o secret\u00e1rio da Semtepi, Alonso Oliveira, o sucesso do evento na Ponta Negra evidencia que investir em a\u00e7\u00f5es que movimentam o com\u00e9rcio local \u00e9 essencial para gerar renda, oportunidades e desenvolvimento para a cidade.<\/p>\n\n\n\n<p>\u201cEsse resultado mostra que estamos no caminho certo. A Feira Gastron\u00f4mica de Natal superou as expectativas, movimentou a Ponta Negra, atraiu milhares de pessoas e garantiu renda para quem empreende. Os n\u00fameros refletem o impacto real das pol\u00edticas p\u00fablicas da Prefeitura de Manaus no fortalecimento da economia criativa. Nosso objetivo, enquanto Semtepi, \u00e9 exatamente esse: criar oportunidades, dar visibilidade aos pequenos neg\u00f3cios e transformar eventos como esse em motores de desenvolvimento econ\u00f4mico e social para a cidade\u201d, destacou o secret\u00e1rio.<\/p>\n\n\n\n<p>Entre os empreendedores participantes, a feirante Luciana Machado, propriet\u00e1ria do Hot Dog Mania, destacou a import\u00e2ncia da iniciativa para quem atua no segmento gastron\u00f4mico. Participando pela primeira vez de uma feira de gastronomia na Ponta Negra, ela ressaltou que o evento amplia oportunidades e fortalece um setor que antes n\u00e3o contava com um espa\u00e7o exclusivo dentro da programa\u00e7\u00e3o municipal.<\/p>\n\n\n\n<p>\u201cPara n\u00f3s, \u00e9 muito importante ver a prefeitura abrindo esse leque e inovando ao incluir a gastronomia, junto com iniciativas que j\u00e1 existem, como a Feira do Empreendedor. Essa \u00e9 a nossa primeira vez participando de uma feira de gastronomia aqui na Ponta Negra, e essa oportunidade faz toda a diferen\u00e7a. \u00c9 um novo p\u00fablico, um novo espa\u00e7o para quem vive da gastronomia, e ver que isso est\u00e1 dando certo nos d\u00e1 esperan\u00e7a de permanecer, crescer e conquistar nosso espa\u00e7o por muito tempo\u201d, afirmou a empreendedora.<\/p>\n\n\n\n<p>&#8212; &#8212; &#8212;<\/p>\n\n\n\n<p><strong>Texto<\/strong>&nbsp;&#8211; Asafe Augusto \/ Semtepi<br><strong>Fotos<\/strong>&nbsp;&#8211; Divulga\u00e7\u00e3o \/ Semtepi<\/p>\n","protected":false},"excerpt":{"rendered":"","protected":false},"author":23,"featured_media":250280,"comment_status":"closed","ping_status":"closed","sticky":false,"template":"","format":"standard","meta":{"footnotes":""},"categories":[585],"tags":[588,18070,458,77,22],"acf":[],"yoast_head":"<!-- This site is optimized with the Yoast SEO plugin v23.0 - https:\/\/yoast.com\/wordpress\/plugins\/seo\/ -->\n<title>Empreendedores faturam R$ 500 mil em \u2018Feira Gastron\u00f4mica de Natal\u2019 confirmando sucesso na Ponta Negra<\/title>\n<meta name=\"description\" content=\"A Feira Gastron\u00f4mica de Natal, realizada no Espa\u00e7o do Empreendedor da Ponta Negra, confirmou o sucesso ao registrar um faturamento expressivo de R$ 500 mil para os empreendedores cadastrados na Prefeitura de Manaus, via Secretaria Municipal do Trabalho, Empreendedorismo e Inova\u00e7\u00e3o (Semtepi).\" \/>\n<meta name=\"robots\" content=\"index, follow, max-snippet:-1, max-image-preview:large, max-video-preview:-1\" \/>\n<link rel=\"canonical\" href=\"https:\/\/www.manaus.am.gov.br\/semcom\/prefeitura-semtepi-feiragastronomica-pontanegra\/\" \/>\n<meta property=\"og:locale\" content=\"pt_BR\" \/>\n<meta property=\"og:type\" content=\"article\" \/>\n<meta property=\"og:title\" content=\"Empreendedores faturam R$ 500 mil em \u2018Feira Gastron\u00f4mica de Natal\u2019 confirmando sucesso na Ponta Negra\" \/>\n<meta property=\"og:description\" content=\"A Feira Gastron\u00f4mica de Natal, realizada no Espa\u00e7o do Empreendedor da Ponta Negra, confirmou o sucesso ao registrar um faturamento expressivo de R$ 500 mil para os empreendedores cadastrados na Prefeitura de Manaus, via Secretaria Municipal do Trabalho, Empreendedorismo e Inova\u00e7\u00e3o (Semtepi).\" \/>\n<meta property=\"og:url\" content=\"https:\/\/www.manaus.am.gov.br\/semcom\/prefeitura-semtepi-feiragastronomica-pontanegra\/\" \/>\n<meta property=\"og:site_name\" content=\"SEMCOM\" \/>\n<meta property=\"article:published_time\" content=\"2025-12-30T17:57:21+00:00\" \/>\n<meta property=\"article:modified_time\" content=\"2025-12-30T17:57:23+00:00\" \/>\n<meta property=\"og:image\" content=\"https:\/\/www.manaus.am.gov.br\/semcom\/wp-content\/uploads\/sites\/5\/2025\/12\/WhatsApp-Image-2025-12-30-at-12.58.51-1.jpeg\" \/>\n\t<meta property=\"og:image:width\" content=\"1280\" \/>\n\t<meta property=\"og:image:height\" content=\"720\" \/>\n\t<meta property=\"og:image:type\" content=\"image\/jpeg\" \/>\n<meta name=\"author\" content=\"Adriana Costa\" \/>\n<meta name=\"twitter:card\" content=\"summary_large_image\" \/>\n<meta name=\"twitter:label1\" content=\"Written by\" \/>\n\t<meta name=\"twitter:data1\" content=\"Adriana Costa\" \/>\n\t<meta name=\"twitter:label2\" content=\"Est. reading time\" \/>\n\t<meta name=\"twitter:data2\" content=\"3 minutos\" \/>\n<script type=\"application\/ld+json\" class=\"yoast-schema-graph\">{\"@context\":\"https:\/\/schema.org\",\"@graph\":[{\"@type\":\"WebPage\",\"@id\":\"https:\/\/www.manaus.am.gov.br\/semcom\/prefeitura-semtepi-feiragastronomica-pontanegra\/\",\"url\":\"https:\/\/www.manaus.am.gov.br\/semcom\/prefeitura-semtepi-feiragastronomica-pontanegra\/\",\"name\":\"Empreendedores faturam R$ 500 mil em \u2018Feira Gastron\u00f4mica de Natal\u2019 confirmando sucesso na Ponta Negra\",\"isPartOf\":{\"@id\":\"https:\/\/www.manaus.am.gov.br\/semcom\/#website\"},\"primaryImageOfPage\":{\"@id\":\"https:\/\/www.manaus.am.gov.br\/semcom\/prefeitura-semtepi-feiragastronomica-pontanegra\/#primaryimage\"},\"image\":{\"@id\":\"https:\/\/www.manaus.am.gov.br\/semcom\/prefeitura-semtepi-feiragastronomica-pontanegra\/#primaryimage\"},\"thumbnailUrl\":\"https:\/\/www.manaus.am.gov.br\/semcom\/wp-content\/uploads\/sites\/5\/2025\/12\/WhatsApp-Image-2025-12-30-at-12.58.51-1.jpeg\",\"datePublished\":\"2025-12-30T17:57:21+00:00\",\"dateModified\":\"2025-12-30T17:57:23+00:00\",\"author\":{\"@id\":\"https:\/\/www.manaus.am.gov.br\/semcom\/#\/schema\/person\/4e49f4e267757a06ca072ec61b2b9968\"},\"description\":\"A Feira Gastron\u00f4mica de Natal, realizada no Espa\u00e7o do Empreendedor da Ponta Negra, confirmou o sucesso ao registrar um faturamento expressivo de R$ 500 mil para os empreendedores cadastrados na Prefeitura de Manaus, via Secretaria Municipal do Trabalho, Empreendedorismo e Inova\u00e7\u00e3o (Semtepi).\",\"inLanguage\":\"pt-BR\",\"potentialAction\":[{\"@type\":\"ReadAction\",\"target\":[\"https:\/\/www.manaus.am.gov.br\/semcom\/prefeitura-semtepi-feiragastronomica-pontanegra\/\"]}]},{\"@type\":\"ImageObject\",\"inLanguage\":\"pt-BR\",\"@id\":\"https:\/\/www.manaus.am.gov.br\/semcom\/prefeitura-semtepi-feiragastronomica-pontanegra\/#primaryimage\",\"url\":\"https:\/\/www.manaus.am.gov.br\/semcom\/wp-content\/uploads\/sites\/5\/2025\/12\/WhatsApp-Image-2025-12-30-at-12.58.51-1.jpeg\",\"contentUrl\":\"https:\/\/www.manaus.am.gov.br\/semcom\/wp-content\/uploads\/sites\/5\/2025\/12\/WhatsApp-Image-2025-12-30-at-12.58.51-1.jpeg\",\"width\":1280,\"height\":720,\"caption\":\"#paratodosverem - Tendas e p\u00fablico da Feira Gastron\u00f4mica de Natal na Ponta Negra\"},{\"@type\":\"WebSite\",\"@id\":\"https:\/\/www.manaus.am.gov.br\/semcom\/#website\",\"url\":\"https:\/\/www.manaus.am.gov.br\/semcom\/\",\"name\":\"SEMCOM\",\"description\":\"Secretaria Municipal de Comunica\u00e7\u00e3o\",\"potentialAction\":[{\"@type\":\"SearchAction\",\"target\":{\"@type\":\"EntryPoint\",\"urlTemplate\":\"https:\/\/www.manaus.am.gov.br\/semcom\/?s={search_term_string}\"},\"query-input\":\"required name=search_term_string\"}],\"inLanguage\":\"pt-BR\"},{\"@type\":\"Person\",\"@id\":\"https:\/\/www.manaus.am.gov.br\/semcom\/#\/schema\/person\/4e49f4e267757a06ca072ec61b2b9968\",\"name\":\"Adriana Costa\",\"image\":{\"@type\":\"ImageObject\",\"inLanguage\":\"pt-BR\",\"@id\":\"https:\/\/www.manaus.am.gov.br\/semcom\/#\/schema\/person\/image\/\",\"url\":\"https:\/\/secure.gravatar.com\/avatar\/576258617ef7194f718179e766d57bd4?s=96&d=mm&r=g\",\"contentUrl\":\"https:\/\/secure.gravatar.com\/avatar\/576258617ef7194f718179e766d57bd4?s=96&d=mm&r=g\",\"caption\":\"Adriana Costa\"}}]}<\/script>\n<!-- \/ Yoast SEO plugin. -->","yoast_head_json":{"title":"Empreendedores faturam R$ 500 mil em \u2018Feira Gastron\u00f4mica de Natal\u2019 confirmando sucesso na Ponta Negra","description":"A Feira Gastron\u00f4mica de Natal, realizada no Espa\u00e7o do Empreendedor da Ponta Negra, confirmou o sucesso ao registrar um faturamento expressivo de R$ 500 mil para os empreendedores cadastrados na Prefeitura de Manaus, via Secretaria Municipal do Trabalho, Empreendedorismo e Inova\u00e7\u00e3o (Semtepi).","robots":{"index":"index","follow":"follow","max-snippet":"max-snippet:-1","max-image-preview":"max-image-preview:large","max-video-preview":"max-video-preview:-1"},"canonical":"https:\/\/www.manaus.am.gov.br\/semcom\/prefeitura-semtepi-feiragastronomica-pontanegra\/","og_locale":"pt_BR","og_type":"article","og_title":"Empreendedores faturam R$ 500 mil em \u2018Feira Gastron\u00f4mica de Natal\u2019 confirmando sucesso na Ponta Negra","og_description":"A Feira Gastron\u00f4mica de Natal, realizada no Espa\u00e7o do Empreendedor da Ponta Negra, confirmou o sucesso ao registrar um faturamento expressivo de R$ 500 mil para os empreendedores cadastrados na Prefeitura de Manaus, via Secretaria Municipal do Trabalho, Empreendedorismo e Inova\u00e7\u00e3o (Semtepi).","og_url":"https:\/\/www.manaus.am.gov.br\/semcom\/prefeitura-semtepi-feiragastronomica-pontanegra\/","og_site_name":"SEMCOM","article_published_time":"2025-12-30T17:57:21+00:00","article_modified_time":"2025-12-30T17:57:23+00:00","og_image":[{"width":1280,"height":720,"url":"https:\/\/www.manaus.am.gov.br\/semcom\/wp-content\/uploads\/sites\/5\/2025\/12\/WhatsApp-Image-2025-12-30-at-12.58.51-1.jpeg","type":"image\/jpeg"}],"author":"Adriana Costa","twitter_card":"summary_large_image","twitter_misc":{"Written by":"Adriana Costa","Est. reading time":"3 minutos"},"schema":{"@context":"https:\/\/schema.org","@graph":[{"@type":"WebPage","@id":"https:\/\/www.manaus.am.gov.br\/semcom\/prefeitura-semtepi-feiragastronomica-pontanegra\/","url":"https:\/\/www.manaus.am.gov.br\/semcom\/prefeitura-semtepi-feiragastronomica-pontanegra\/","name":"Empreendedores faturam R$ 500 mil em \u2018Feira Gastron\u00f4mica de Natal\u2019 confirmando sucesso na Ponta Negra","isPartOf":{"@id":"https:\/\/www.manaus.am.gov.br\/semcom\/#website"},"primaryImageOfPage":{"@id":"https:\/\/www.manaus.am.gov.br\/semcom\/prefeitura-semtepi-feiragastronomica-pontanegra\/#primaryimage"},"image":{"@id":"https:\/\/www.manaus.am.gov.br\/semcom\/prefeitura-semtepi-feiragastronomica-pontanegra\/#primaryimage"},"thumbnailUrl":"https:\/\/www.manaus.am.gov.br\/semcom\/wp-content\/uploads\/sites\/5\/2025\/12\/WhatsApp-Image-2025-12-30-at-12.58.51-1.jpeg","datePublished":"2025-12-30T17:57:21+00:00","dateModified":"2025-12-30T17:57:23+00:00","author":{"@id":"https:\/\/www.manaus.am.gov.br\/semcom\/#\/schema\/person\/4e49f4e267757a06ca072ec61b2b9968"},"description":"A Feira Gastron\u00f4mica de Natal, realizada no Espa\u00e7o do Empreendedor da Ponta Negra, confirmou o sucesso ao registrar um faturamento expressivo de R$ 500 mil para os empreendedores cadastrados na Prefeitura de Manaus, via Secretaria Municipal do Trabalho, Empreendedorismo e Inova\u00e7\u00e3o (Semtepi).","inLanguage":"pt-BR","potentialAction":[{"@type":"ReadAction","target":["https:\/\/www.manaus.am.gov.br\/semcom\/prefeitura-semtepi-feiragastronomica-pontanegra\/"]}]},{"@type":"ImageObject","inLanguage":"pt-BR","@id":"https:\/\/www.manaus.am.gov.br\/semcom\/prefeitura-semtepi-feiragastronomica-pontanegra\/#primaryimage","url":"https:\/\/www.manaus.am.gov.br\/semcom\/wp-content\/uploads\/sites\/5\/2025\/12\/WhatsApp-Image-2025-12-30-at-12.58.51-1.jpeg","contentUrl":"https:\/\/www.manaus.am.gov.br\/semcom\/wp-content\/uploads\/sites\/5\/2025\/12\/WhatsApp-Image-2025-12-30-at-12.58.51-1.jpeg","width":1280,"height":720,"caption":"#paratodosverem - Tendas e p\u00fablico da Feira Gastron\u00f4mica de Natal na Ponta Negra"},{"@type":"WebSite","@id":"https:\/\/www.manaus.am.gov.br\/semcom\/#website","url":"https:\/\/www.manaus.am.gov.br\/semcom\/","name":"SEMCOM","description":"Secretaria Municipal de Comunica\u00e7\u00e3o","potentialAction":[{"@type":"SearchAction","target":{"@type":"EntryPoint","urlTemplate":"https:\/\/www.manaus.am.gov.br\/semcom\/?s={search_term_string}"},"query-input":"required name=search_term_string"}],"inLanguage":"pt-BR"},{"@type":"Person","@id":"https:\/\/www.manaus.am.gov.br\/semcom\/#\/schema\/person\/4e49f4e267757a06ca072ec61b2b9968","name":"Adriana Costa","image":{"@type":"ImageObject","inLanguage":"pt-BR","@id":"https:\/\/www.manaus.am.gov.br\/semcom\/#\/schema\/person\/image\/","url":"https:\/\/secure.gravatar.com\/avatar\/576258617ef7194f718179e766d57bd4?s=96&d=mm&r=g","contentUrl":"https:\/\/secure.gravatar.com\/avatar\/576258617ef7194f718179e766d57bd4?s=96&d=mm&r=g","caption":"Adriana Costa"}}]}},"_links":{"self":[{"href":"https:\/\/www.manaus.am.gov.br\/semcom\/wp-json\/wp\/v2\/posts\/250279"}],"collection":[{"href":"https:\/\/www.manaus.am.gov.br\/semcom\/wp-json\/wp\/v2\/posts"}],"about":[{"href":"https:\/\/www.manaus.am.gov.br\/semcom\/wp-json\/wp\/v2\/types\/post"}],"author":[{"embeddable":true,"href":"https:\/\/www.manaus.am.gov.br\/semcom\/wp-json\/wp\/v2\/users\/23"}],"replies":[{"embeddable":true,"href":"https:\/\/www.manaus.am.gov.br\/semcom\/wp-json\/wp\/v2\/comments?post=250279"}],"version-history":[{"count":0,"href":"https:\/\/www.manaus.am.gov.br\/semcom\/wp-json\/wp\/v2\/posts\/250279\/revisions"}],"wp:featuredmedia":[{"embeddable":true,"href":"https:\/\/www.manaus.am.gov.br\/semcom\/wp-json\/wp\/v2\/media\/250280"}],"wp:attachment":[{"href":"https:\/\/www.manaus.am.gov.br\/semcom\/wp-json\/wp\/v2\/media?parent=250279"}],"wp:term":[{"taxonomy":"category","embeddable":true,"href":"https:\/\/www.manaus.am.gov.br\/semcom\/wp-json\/wp\/v2\/categories?post=250279"},{"taxonomy":"post_tag","embeddable":true,"href":"https:\/\/www.manaus.am.gov.br\/semcom\/wp-json\/wp\/v2\/tags?post=250279"}],"curies":[{"name":"wp","href":"https:\/\/api.w.org\/{rel}","templated":true}]}}