{"id":250250,"date":"2025-12-29T20:14:41","date_gmt":"2025-12-29T23:14:41","guid":{"rendered":"https:\/\/www.manaus.am.gov.br\/semcom\/acesso-da-imprensa\/"},"modified":"2025-12-29T20:14:42","modified_gmt":"2025-12-29T23:14:42","slug":"acesso-da-imprensa","status":"publish","type":"post","link":"https:\/\/www.manaus.am.gov.br\/semcom\/acesso-da-imprensa\/","title":{"rendered":"Acesso da imprensa ao \u2018R\u00e9veillon Manaus 2026\u2019"},"content":{"rendered":"\n<p>A Prefeitura de Manaus, por meio da Secretaria Municipal de Comunica\u00e7\u00e3o (Semcom), informa que o acesso dos profissionais da imprensa ao \u201cR\u00e9veillon Manaus 2026\u201d ser\u00e1 feito mediante apresenta\u00e7\u00e3o do crach\u00e1 funcional.<\/p>\n\n\n\n<p>A programa\u00e7\u00e3o do \u201cR\u00e9veillon Manaus 2026\u201d come\u00e7a nesta ter\u00e7a-feira, 30\/12, com a realiza\u00e7\u00e3o do \u201cR\u00e9veillon Gospel\u201d, no complexo tur\u00edstico Ponta Negra, das 17h30 \u00e0 meia-noite; na quarta-feira, 31\/12, acontece a grande virada do ano, com programa\u00e7\u00e3o simult\u00e2nea em tr\u00eas polos, sendo na Ponta Negra das 17h \u00e0s 5h, na alameda Alphaville, das 18h \u00e0s 5h, e no Amarelinho, no bairro Educandos, das 19h \u00e0s 5h.&nbsp;<\/p>\n\n\n\n<p>O &#8220;R\u00e9veillon Manaus 2026&#8221; re\u00fane as atra\u00e7\u00f5es nacionais Gabriel Guedes, grupo Morada, Bruno &amp; Marrone, Klessinha e mais de 50 artistas da terra, que ir\u00e3o animar a cidade e valorizar a cultura local.<\/p>\n\n\n\n<p>\u2014- \u2014- \u2014-<br><strong>Texto \u2013<\/strong> Divulga\u00e7\u00e3o \/ Semcom<\/p>\n","protected":false},"excerpt":{"rendered":"","protected":false},"author":68,"featured_media":238167,"comment_status":"closed","ping_status":"closed","sticky":false,"template":"","format":"standard","meta":{"footnotes":""},"categories":[59],"tags":[13005,18650,77],"acf":[],"yoast_head":"<!-- This site is optimized with the Yoast SEO plugin v23.0 - https:\/\/yoast.com\/wordpress\/plugins\/seo\/ -->\n<title>Acesso da imprensa ao \u2018R\u00e9veillon Manaus 2026\u2019<\/title>\n<meta name=\"description\" content=\"A Prefeitura de Manaus informa que o acesso dos profissionais da imprensa ao \u201cR\u00e9veillon Manaus 2026\u201d ser\u00e1 feito mediante apresenta\u00e7\u00e3o do crach\u00e1 funcional.\" \/>\n<meta name=\"robots\" content=\"index, follow, max-snippet:-1, max-image-preview:large, max-video-preview:-1\" \/>\n<link rel=\"canonical\" href=\"https:\/\/www.manaus.am.gov.br\/semcom\/acesso-da-imprensa\/\" \/>\n<meta property=\"og:locale\" content=\"pt_BR\" \/>\n<meta property=\"og:type\" content=\"article\" \/>\n<meta property=\"og:title\" content=\"Acesso da imprensa ao \u2018R\u00e9veillon Manaus 2026\u2019\" \/>\n<meta property=\"og:description\" content=\"A Prefeitura de Manaus informa que o acesso dos profissionais da imprensa ao \u201cR\u00e9veillon Manaus 2026\u201d ser\u00e1 feito mediante apresenta\u00e7\u00e3o do crach\u00e1 funcional.\" \/>\n<meta property=\"og:url\" content=\"https:\/\/www.manaus.am.gov.br\/semcom\/acesso-da-imprensa\/\" \/>\n<meta property=\"og:site_name\" content=\"SEMCOM\" \/>\n<meta property=\"article:published_time\" content=\"2025-12-29T23:14:41+00:00\" \/>\n<meta property=\"article:modified_time\" content=\"2025-12-29T23:14:42+00:00\" \/>\n<meta property=\"og:image\" content=\"https:\/\/www.manaus.am.gov.br\/semcom\/wp-content\/uploads\/sites\/5\/2025\/04\/BANNER-NOTA.png\" \/>\n\t<meta property=\"og:image:width\" content=\"900\" \/>\n\t<meta property=\"og:image:height\" content=\"509\" \/>\n\t<meta property=\"og:image:type\" content=\"image\/png\" \/>\n<meta name=\"author\" content=\"bvalente\" \/>\n<meta name=\"twitter:card\" content=\"summary_large_image\" \/>\n<meta name=\"twitter:label1\" content=\"Written by\" \/>\n\t<meta name=\"twitter:data1\" content=\"bvalente\" \/>\n\t<meta name=\"twitter:label2\" content=\"Est. reading time\" \/>\n\t<meta name=\"twitter:data2\" content=\"1 minuto\" \/>\n<script type=\"application\/ld+json\" class=\"yoast-schema-graph\">{\"@context\":\"https:\/\/schema.org\",\"@graph\":[{\"@type\":\"WebPage\",\"@id\":\"https:\/\/www.manaus.am.gov.br\/semcom\/acesso-da-imprensa\/\",\"url\":\"https:\/\/www.manaus.am.gov.br\/semcom\/acesso-da-imprensa\/\",\"name\":\"Acesso da imprensa ao \u2018R\u00e9veillon Manaus 2026\u2019\",\"isPartOf\":{\"@id\":\"https:\/\/www.manaus.am.gov.br\/semcom\/#website\"},\"primaryImageOfPage\":{\"@id\":\"https:\/\/www.manaus.am.gov.br\/semcom\/acesso-da-imprensa\/#primaryimage\"},\"image\":{\"@id\":\"https:\/\/www.manaus.am.gov.br\/semcom\/acesso-da-imprensa\/#primaryimage\"},\"thumbnailUrl\":\"https:\/\/www.manaus.am.gov.br\/semcom\/wp-content\/uploads\/sites\/5\/2025\/04\/BANNER-NOTA.png\",\"datePublished\":\"2025-12-29T23:14:41+00:00\",\"dateModified\":\"2025-12-29T23:14:42+00:00\",\"author\":{\"@id\":\"https:\/\/www.manaus.am.gov.br\/semcom\/#\/schema\/person\/466a0e03ae4b6062809046bd560ac955\"},\"description\":\"A Prefeitura de Manaus informa que o acesso dos profissionais da imprensa ao \u201cR\u00e9veillon Manaus 2026\u201d ser\u00e1 feito mediante apresenta\u00e7\u00e3o do crach\u00e1 funcional.\",\"inLanguage\":\"pt-BR\",\"potentialAction\":[{\"@type\":\"ReadAction\",\"target\":[\"https:\/\/www.manaus.am.gov.br\/semcom\/acesso-da-imprensa\/\"]}]},{\"@type\":\"ImageObject\",\"inLanguage\":\"pt-BR\",\"@id\":\"https:\/\/www.manaus.am.gov.br\/semcom\/acesso-da-imprensa\/#primaryimage\",\"url\":\"https:\/\/www.manaus.am.gov.br\/semcom\/wp-content\/uploads\/sites\/5\/2025\/04\/BANNER-NOTA.png\",\"contentUrl\":\"https:\/\/www.manaus.am.gov.br\/semcom\/wp-content\/uploads\/sites\/5\/2025\/04\/BANNER-NOTA.png\",\"width\":900,\"height\":509,\"caption\":\"37 ocorr\u00eancias ap\u00f3s fortes chuvas\"},{\"@type\":\"WebSite\",\"@id\":\"https:\/\/www.manaus.am.gov.br\/semcom\/#website\",\"url\":\"https:\/\/www.manaus.am.gov.br\/semcom\/\",\"name\":\"SEMCOM\",\"description\":\"Secretaria Municipal de Comunica\u00e7\u00e3o\",\"potentialAction\":[{\"@type\":\"SearchAction\",\"target\":{\"@type\":\"EntryPoint\",\"urlTemplate\":\"https:\/\/www.manaus.am.gov.br\/semcom\/?s={search_term_string}\"},\"query-input\":\"required name=search_term_string\"}],\"inLanguage\":\"pt-BR\"},{\"@type\":\"Person\",\"@id\":\"https:\/\/www.manaus.am.gov.br\/semcom\/#\/schema\/person\/466a0e03ae4b6062809046bd560ac955\",\"name\":\"bvalente\",\"image\":{\"@type\":\"ImageObject\",\"inLanguage\":\"pt-BR\",\"@id\":\"https:\/\/www.manaus.am.gov.br\/semcom\/#\/schema\/person\/image\/\",\"url\":\"https:\/\/secure.gravatar.com\/avatar\/3e69bc2b014bdad41adfec3a39de07d2?s=96&d=mm&r=g\",\"contentUrl\":\"https:\/\/secure.gravatar.com\/avatar\/3e69bc2b014bdad41adfec3a39de07d2?s=96&d=mm&r=g\",\"caption\":\"bvalente\"}}]}<\/script>\n<!-- \/ Yoast SEO plugin. -->","yoast_head_json":{"title":"Acesso da imprensa ao \u2018R\u00e9veillon Manaus 2026\u2019","description":"A Prefeitura de Manaus informa que o acesso dos profissionais da imprensa ao \u201cR\u00e9veillon Manaus 2026\u201d ser\u00e1 feito mediante apresenta\u00e7\u00e3o do crach\u00e1 funcional.","robots":{"index":"index","follow":"follow","max-snippet":"max-snippet:-1","max-image-preview":"max-image-preview:large","max-video-preview":"max-video-preview:-1"},"canonical":"https:\/\/www.manaus.am.gov.br\/semcom\/acesso-da-imprensa\/","og_locale":"pt_BR","og_type":"article","og_title":"Acesso da imprensa ao \u2018R\u00e9veillon Manaus 2026\u2019","og_description":"A Prefeitura de Manaus informa que o acesso dos profissionais da imprensa ao \u201cR\u00e9veillon Manaus 2026\u201d ser\u00e1 feito mediante apresenta\u00e7\u00e3o do crach\u00e1 funcional.","og_url":"https:\/\/www.manaus.am.gov.br\/semcom\/acesso-da-imprensa\/","og_site_name":"SEMCOM","article_published_time":"2025-12-29T23:14:41+00:00","article_modified_time":"2025-12-29T23:14:42+00:00","og_image":[{"width":900,"height":509,"url":"https:\/\/www.manaus.am.gov.br\/semcom\/wp-content\/uploads\/sites\/5\/2025\/04\/BANNER-NOTA.png","type":"image\/png"}],"author":"bvalente","twitter_card":"summary_large_image","twitter_misc":{"Written by":"bvalente","Est. reading time":"1 minuto"},"schema":{"@context":"https:\/\/schema.org","@graph":[{"@type":"WebPage","@id":"https:\/\/www.manaus.am.gov.br\/semcom\/acesso-da-imprensa\/","url":"https:\/\/www.manaus.am.gov.br\/semcom\/acesso-da-imprensa\/","name":"Acesso da imprensa ao \u2018R\u00e9veillon Manaus 2026\u2019","isPartOf":{"@id":"https:\/\/www.manaus.am.gov.br\/semcom\/#website"},"primaryImageOfPage":{"@id":"https:\/\/www.manaus.am.gov.br\/semcom\/acesso-da-imprensa\/#primaryimage"},"image":{"@id":"https:\/\/www.manaus.am.gov.br\/semcom\/acesso-da-imprensa\/#primaryimage"},"thumbnailUrl":"https:\/\/www.manaus.am.gov.br\/semcom\/wp-content\/uploads\/sites\/5\/2025\/04\/BANNER-NOTA.png","datePublished":"2025-12-29T23:14:41+00:00","dateModified":"2025-12-29T23:14:42+00:00","author":{"@id":"https:\/\/www.manaus.am.gov.br\/semcom\/#\/schema\/person\/466a0e03ae4b6062809046bd560ac955"},"description":"A Prefeitura de Manaus informa que o acesso dos profissionais da imprensa ao \u201cR\u00e9veillon Manaus 2026\u201d ser\u00e1 feito mediante apresenta\u00e7\u00e3o do crach\u00e1 funcional.","inLanguage":"pt-BR","potentialAction":[{"@type":"ReadAction","target":["https:\/\/www.manaus.am.gov.br\/semcom\/acesso-da-imprensa\/"]}]},{"@type":"ImageObject","inLanguage":"pt-BR","@id":"https:\/\/www.manaus.am.gov.br\/semcom\/acesso-da-imprensa\/#primaryimage","url":"https:\/\/www.manaus.am.gov.br\/semcom\/wp-content\/uploads\/sites\/5\/2025\/04\/BANNER-NOTA.png","contentUrl":"https:\/\/www.manaus.am.gov.br\/semcom\/wp-content\/uploads\/sites\/5\/2025\/04\/BANNER-NOTA.png","width":900,"height":509,"caption":"37 ocorr\u00eancias ap\u00f3s fortes chuvas"},{"@type":"WebSite","@id":"https:\/\/www.manaus.am.gov.br\/semcom\/#website","url":"https:\/\/www.manaus.am.gov.br\/semcom\/","name":"SEMCOM","description":"Secretaria Municipal de Comunica\u00e7\u00e3o","potentialAction":[{"@type":"SearchAction","target":{"@type":"EntryPoint","urlTemplate":"https:\/\/www.manaus.am.gov.br\/semcom\/?s={search_term_string}"},"query-input":"required name=search_term_string"}],"inLanguage":"pt-BR"},{"@type":"Person","@id":"https:\/\/www.manaus.am.gov.br\/semcom\/#\/schema\/person\/466a0e03ae4b6062809046bd560ac955","name":"bvalente","image":{"@type":"ImageObject","inLanguage":"pt-BR","@id":"https:\/\/www.manaus.am.gov.br\/semcom\/#\/schema\/person\/image\/","url":"https:\/\/secure.gravatar.com\/avatar\/3e69bc2b014bdad41adfec3a39de07d2?s=96&d=mm&r=g","contentUrl":"https:\/\/secure.gravatar.com\/avatar\/3e69bc2b014bdad41adfec3a39de07d2?s=96&d=mm&r=g","caption":"bvalente"}}]}},"_links":{"self":[{"href":"https:\/\/www.manaus.am.gov.br\/semcom\/wp-json\/wp\/v2\/posts\/250250"}],"collection":[{"href":"https:\/\/www.manaus.am.gov.br\/semcom\/wp-json\/wp\/v2\/posts"}],"about":[{"href":"https:\/\/www.manaus.am.gov.br\/semcom\/wp-json\/wp\/v2\/types\/post"}],"author":[{"embeddable":true,"href":"https:\/\/www.manaus.am.gov.br\/semcom\/wp-json\/wp\/v2\/users\/68"}],"replies":[{"embeddable":true,"href":"https:\/\/www.manaus.am.gov.br\/semcom\/wp-json\/wp\/v2\/comments?post=250250"}],"version-history":[{"count":0,"href":"https:\/\/www.manaus.am.gov.br\/semcom\/wp-json\/wp\/v2\/posts\/250250\/revisions"}],"wp:featuredmedia":[{"embeddable":true,"href":"https:\/\/www.manaus.am.gov.br\/semcom\/wp-json\/wp\/v2\/media\/238167"}],"wp:attachment":[{"href":"https:\/\/www.manaus.am.gov.br\/semcom\/wp-json\/wp\/v2\/media?parent=250250"}],"wp:term":[{"taxonomy":"category","embeddable":true,"href":"https:\/\/www.manaus.am.gov.br\/semcom\/wp-json\/wp\/v2\/categories?post=250250"},{"taxonomy":"post_tag","embeddable":true,"href":"https:\/\/www.manaus.am.gov.br\/semcom\/wp-json\/wp\/v2\/tags?post=250250"}],"curies":[{"name":"wp","href":"https:\/\/api.w.org\/{rel}","templated":true}]}}