{"id":250230,"date":"2025-12-29T16:03:41","date_gmt":"2025-12-29T20:03:41","guid":{"rendered":"https:\/\/www.manaus.am.gov.br\/semcom\/reveillon-manaus-2026-2\/"},"modified":"2025-12-29T16:03:41","modified_gmt":"2025-12-29T20:03:41","slug":"reveillon-manaus-2026-2","status":"publish","type":"post","link":"https:\/\/www.manaus.am.gov.br\/semcom\/reveillon-manaus-2026-2\/","title":{"rendered":"Prefeito David Almeida acompanha montagem final do \u2018R\u00e9veillon Manaus 2026\u2019 e destaca megaestrutura com tr\u00eas grandes palcos na virada do ano"},"content":{"rendered":"\n<p>O prefeito de Manaus, David Almeida, acompanhou, na manh\u00e3 desta segunda-feira, 29\/12, a fase final de montagem das estruturas do \u201cR\u00e9veillon Manaus 2026 \u2013 O encontro da nossa gente\u201d, no complexo tur\u00edstico Ponta Negra, zona Oeste da capital. A vistoria marca os \u00faltimos ajustes dos preparativos para a maior celebra\u00e7\u00e3o popular do calend\u00e1rio cultural do munic\u00edpio, que neste ano contar\u00e1 com uma programa\u00e7\u00e3o distribu\u00edda em tr\u00eas grandes polos da cidade no dia 31\/12.<\/p>\n\n\n\n<p>Durante a visita t\u00e9cnica, o prefeito verificou de perto a montagem dos palcos, sistemas de som, ilumina\u00e7\u00e3o e \u00e1reas de apoio que ir\u00e3o receber milhares de pessoas nos dois dias de evento. Na Ponta Negra, a estrutura principal impressiona pela dimens\u00e3o: o palco possui 70 metros de boca de cena e uma \u00e1rea total de aproximadamente 30 mil metros quadrados, garantindo conforto, visibilidade e seguran\u00e7a ao p\u00fablico.<\/p>\n\n\n\n<p>\u201cAqui na Ponta Negra estamos montando uma grande estrutura, com um palco de 70 metros de boca de cena, pensado para receber a popula\u00e7\u00e3o com qualidade e seguran\u00e7a. \u00c9 um trabalho feito com muito planejamento para que a cidade tenha uma virada de ano \u00e0 altura do que Manaus merece\u201d, destacou David Almeida.<\/p>\n\n\n\n<p>A opera\u00e7\u00e3o de montagem do \u201cR\u00e9veillon Manaus 2026\u201d envolve mais de mil profissionais trabalhando simultaneamente nos tr\u00eas pontos oficiais do evento, entre t\u00e9cnicos, montadores, eletricistas, engenheiros, equipes de apoio e log\u00edstica, movimentando a economia local e gerando emprego e renda j\u00e1 na fase de prepara\u00e7\u00e3o da festa.<\/p>\n\n\n\n<p>A programa\u00e7\u00e3o tem in\u00edcio nesta ter\u00e7a-feira, 30\/12, com a realiza\u00e7\u00e3o do \u201cR\u00e9veillon Gospel\u201d, no complexo tur\u00edstico Ponta Negra, reunindo f\u00e9, m\u00fasica e mensagens de esperan\u00e7a para o p\u00fablico crist\u00e3o.<\/p>\n\n\n\n<p>\u201cNo dia 30, come\u00e7amos com o \u2018R\u00e9veillon Gospel\u2019 aqui na Ponta Negra, e no dia 31 teremos a grande virada do ano com tr\u00eas palcos espalhados pela cidade. \u00c9 uma festa descentralizada, organizada e pensada para que as fam\u00edlias possam celebrar mais perto de casa\u201d, refor\u00e7ou o prefeito.<\/p>\n\n\n\n<p>No dia 30, o \u201cR\u00e9veillon Gospel\u201d contar\u00e1 com apresenta\u00e7\u00f5es nacionais do grupo Morada e do cantor Gabriel Guedes. J\u00e1 no dia 31, a festa da virada acontece, simultaneamente, em tr\u00eas pontos da capital: no complexo tur\u00edstico Ponta Negra, na zona Oeste; no parque Amazonino Mendes, na alameda Alphaville, entre as zonas Norte e Leste; e no bairro Educandos (Amarelinho), na zona Sul, ampliando o acesso da popula\u00e7\u00e3o \u00e0 maior celebra\u00e7\u00e3o de fim de ano da cidade.<\/p>\n\n\n\n<p>A programa\u00e7\u00e3o da virada contar\u00e1 com grandes atra\u00e7\u00f5es nacionais, como Bruno &amp; Marrone e a cantora Klessinha, al\u00e9m da participa\u00e7\u00e3o de mais de cem artistas locais ao longo dos dois dias de evento, fortalecendo a economia criativa, valorizando os artistas da terra e ampliando as oportunidades no setor cultural.<\/p>\n\n\n\n<p>\u201c\u00c9 uma festa que movimenta a economia, valoriza os nossos artistas e cria oportunidades. Enquanto muitos celebram, outros trabalham e garantem renda. Esse \u00e9 o impacto positivo que o R\u00e9veillon traz para a cidade\u201d, ressaltou David Almeida.<\/p>\n\n\n\n<p><strong>Seguran\u00e7a e organiza\u00e7\u00e3o<\/strong><\/p>\n\n\n\n<p>Al\u00e9m da estrutura art\u00edstica, a Prefeitura de Manaus refor\u00e7ou que todo o \u201cR\u00e9veillon Manaus 2026\u201d segue um plano integrado de seguran\u00e7a, com controle de acesso, orienta\u00e7\u00e3o ao p\u00fablico e atua\u00e7\u00e3o conjunta dos \u00f3rg\u00e3os municipais e das for\u00e7as de seguran\u00e7a. Na Ponta Negra, a praia estar\u00e1 interditada para banho a partir das 14h desta ter\u00e7a-feira, 30\/12, como medida preventiva tradicional adotada durante grandes eventos, garantindo a seguran\u00e7a das fam\u00edlias que ir\u00e3o acompanhar a programa\u00e7\u00e3o. O acesso ao complexo tur\u00edstico permanece liberado para o p\u00fablico.<\/p>\n\n\n\n<p>O evento contar\u00e1 ainda com queima de fogos de baixo ru\u00eddo, realizada simultaneamente nos tr\u00eas polos oficiais durante a virada do ano, priorizando o bem-estar de crian\u00e7as, idosos, Pessoas com Defici\u00eancia (PcDs), pessoas no espectro autista e animais, dentro da pol\u00edtica de sustentabilidade adotada pela gest\u00e3o municipal.<\/p>\n\n\n\n<p>A opera\u00e7\u00e3o envolve refor\u00e7o no transporte coletivo, monitoramento em tempo real pelo Centro de Coopera\u00e7\u00e3o da Cidade (CCC), al\u00e9m de um esquema especial de seguran\u00e7a com apoio da Pol\u00edcia Militar, Guarda Municipal, bombeiros civis, seguran\u00e7a privada e equipes de sa\u00fade distribu\u00eddas nos tr\u00eas pontos oficiais.<\/p>\n\n\n\n<p>Ao final da vistoria, o prefeito destacou o trabalho dos servidores municipais e profissionais envolvidos na organiza\u00e7\u00e3o do evento.<\/p>\n\n\n\n<p>\u201cPara a popula\u00e7\u00e3o, \u00e9 festa e celebra\u00e7\u00e3o. Para a prefeitura e para todos que est\u00e3o trabalhando nessa opera\u00e7\u00e3o, \u00e9 planejamento, dedica\u00e7\u00e3o e responsabilidade. S\u00e3o dias intensos de trabalho para que a virada do ano aconte\u00e7a com seguran\u00e7a, alegria e respeito \u00e0s pessoas\u201d, concluiu David Almeida.<\/p>\n\n\n\n<figure class=\"wp-block-image size-large\"><img loading=\"lazy\" decoding=\"async\" width=\"1024\" height=\"768\" src=\"https:\/\/www.manaus.am.gov.br\/semcom\/wp-content\/uploads\/sites\/5\/2025\/12\/WhatsApp-Image-2025-12-29-at-14.04.54-1024x768.jpeg\" alt=\"\" class=\"wp-image-250231\" srcset=\"https:\/\/www.manaus.am.gov.br\/semcom\/wp-content\/uploads\/sites\/5\/2025\/12\/WhatsApp-Image-2025-12-29-at-14.04.54-1024x768.jpeg 1024w, https:\/\/www.manaus.am.gov.br\/semcom\/wp-content\/uploads\/sites\/5\/2025\/12\/WhatsApp-Image-2025-12-29-at-14.04.54-300x225.jpeg 300w, https:\/\/www.manaus.am.gov.br\/semcom\/wp-content\/uploads\/sites\/5\/2025\/12\/WhatsApp-Image-2025-12-29-at-14.04.54-768x576.jpeg 768w, https:\/\/www.manaus.am.gov.br\/semcom\/wp-content\/uploads\/sites\/5\/2025\/12\/WhatsApp-Image-2025-12-29-at-14.04.54.jpeg 1280w\" sizes=\"(max-width: 1024px) 100vw, 1024px\" \/><figcaption class=\"wp-element-caption\">#paratodosverem &#8211; Megaestrutura para o r\u00e9veillon na praia da Ponta Negra<\/figcaption><\/figure>\n\n\n\n<p>&#8212; &#8212; &#8212;<\/p>\n\n\n\n<p><strong>Texto<\/strong>&nbsp;&#8211; Emanuelle Baires\/Semcom-Prefeito<\/p>\n\n\n\n<p><strong>Fotos &#8211;<\/strong> Dhyeizo Lemos\/Semcom-Prefeito<\/p>\n","protected":false},"excerpt":{"rendered":"","protected":false},"author":39,"featured_media":250232,"comment_status":"closed","ping_status":"closed","sticky":false,"template":"","format":"standard","meta":{"footnotes":""},"categories":[7],"tags":[35,18635,18636,77,18625,18637],"acf":[],"yoast_head":"<!-- This site is optimized with the Yoast SEO plugin v23.0 - https:\/\/yoast.com\/wordpress\/plugins\/seo\/ -->\n<title>Prefeito acompanha montagem final do \u2018R\u00e9veillon Manaus 2026\u2019<\/title>\n<meta name=\"description\" content=\"Prefeito David Almeida acompanha montagem final do \u2018R\u00e9veillon Manaus 2026\u2019 e destaca megaestrutura com tr\u00eas grandes palcos na virada do ano.\" \/>\n<meta name=\"robots\" content=\"index, follow, max-snippet:-1, max-image-preview:large, max-video-preview:-1\" \/>\n<link rel=\"canonical\" href=\"https:\/\/www.manaus.am.gov.br\/semcom\/reveillon-manaus-2026-2\/\" \/>\n<meta property=\"og:locale\" content=\"pt_BR\" \/>\n<meta property=\"og:type\" content=\"article\" \/>\n<meta property=\"og:title\" content=\"Prefeito acompanha montagem final do \u2018R\u00e9veillon Manaus 2026\u2019\" \/>\n<meta property=\"og:description\" content=\"Prefeito David Almeida acompanha montagem final do \u2018R\u00e9veillon Manaus 2026\u2019 e destaca megaestrutura com tr\u00eas grandes palcos na virada do ano.\" \/>\n<meta property=\"og:url\" content=\"https:\/\/www.manaus.am.gov.br\/semcom\/reveillon-manaus-2026-2\/\" \/>\n<meta property=\"og:site_name\" content=\"SEMCOM\" \/>\n<meta property=\"article:published_time\" content=\"2025-12-29T20:03:41+00:00\" \/>\n<meta property=\"og:image\" content=\"https:\/\/www.manaus.am.gov.br\/semcom\/wp-content\/uploads\/sites\/5\/2025\/12\/WhatsApp-Image-2025-12-29-at-14.04.54-2.jpeg\" \/>\n\t<meta property=\"og:image:width\" content=\"1280\" \/>\n\t<meta property=\"og:image:height\" content=\"960\" \/>\n\t<meta property=\"og:image:type\" content=\"image\/jpeg\" \/>\n<meta name=\"author\" content=\"Bruna Greco\" \/>\n<meta name=\"twitter:card\" content=\"summary_large_image\" \/>\n<meta name=\"twitter:label1\" content=\"Written by\" \/>\n\t<meta name=\"twitter:data1\" content=\"Bruna Greco\" \/>\n\t<meta name=\"twitter:label2\" content=\"Est. reading time\" \/>\n\t<meta name=\"twitter:data2\" content=\"5 minutos\" \/>\n<script type=\"application\/ld+json\" class=\"yoast-schema-graph\">{\"@context\":\"https:\/\/schema.org\",\"@graph\":[{\"@type\":\"WebPage\",\"@id\":\"https:\/\/www.manaus.am.gov.br\/semcom\/reveillon-manaus-2026-2\/\",\"url\":\"https:\/\/www.manaus.am.gov.br\/semcom\/reveillon-manaus-2026-2\/\",\"name\":\"Prefeito acompanha montagem final do \u2018R\u00e9veillon Manaus 2026\u2019\",\"isPartOf\":{\"@id\":\"https:\/\/www.manaus.am.gov.br\/semcom\/#website\"},\"primaryImageOfPage\":{\"@id\":\"https:\/\/www.manaus.am.gov.br\/semcom\/reveillon-manaus-2026-2\/#primaryimage\"},\"image\":{\"@id\":\"https:\/\/www.manaus.am.gov.br\/semcom\/reveillon-manaus-2026-2\/#primaryimage\"},\"thumbnailUrl\":\"https:\/\/www.manaus.am.gov.br\/semcom\/wp-content\/uploads\/sites\/5\/2025\/12\/WhatsApp-Image-2025-12-29-at-14.04.54-2.jpeg\",\"datePublished\":\"2025-12-29T20:03:41+00:00\",\"dateModified\":\"2025-12-29T20:03:41+00:00\",\"author\":{\"@id\":\"https:\/\/www.manaus.am.gov.br\/semcom\/#\/schema\/person\/05d223aea2bf115f9883a6ff3683d81b\"},\"description\":\"Prefeito David Almeida acompanha montagem final do \u2018R\u00e9veillon Manaus 2026\u2019 e destaca megaestrutura com tr\u00eas grandes palcos na virada do ano.\",\"inLanguage\":\"pt-BR\",\"potentialAction\":[{\"@type\":\"ReadAction\",\"target\":[\"https:\/\/www.manaus.am.gov.br\/semcom\/reveillon-manaus-2026-2\/\"]}]},{\"@type\":\"ImageObject\",\"inLanguage\":\"pt-BR\",\"@id\":\"https:\/\/www.manaus.am.gov.br\/semcom\/reveillon-manaus-2026-2\/#primaryimage\",\"url\":\"https:\/\/www.manaus.am.gov.br\/semcom\/wp-content\/uploads\/sites\/5\/2025\/12\/WhatsApp-Image-2025-12-29-at-14.04.54-2.jpeg\",\"contentUrl\":\"https:\/\/www.manaus.am.gov.br\/semcom\/wp-content\/uploads\/sites\/5\/2025\/12\/WhatsApp-Image-2025-12-29-at-14.04.54-2.jpeg\",\"width\":1280,\"height\":960,\"caption\":\"#paratodosverem - Prefeito de Manaus, David Almeida, vistoriando os ajustes finais do palco no complexo tur\u00edstico Ponta Negra para o r\u00e9veillon 2026\"},{\"@type\":\"WebSite\",\"@id\":\"https:\/\/www.manaus.am.gov.br\/semcom\/#website\",\"url\":\"https:\/\/www.manaus.am.gov.br\/semcom\/\",\"name\":\"SEMCOM\",\"description\":\"Secretaria Municipal de Comunica\u00e7\u00e3o\",\"potentialAction\":[{\"@type\":\"SearchAction\",\"target\":{\"@type\":\"EntryPoint\",\"urlTemplate\":\"https:\/\/www.manaus.am.gov.br\/semcom\/?s={search_term_string}\"},\"query-input\":\"required name=search_term_string\"}],\"inLanguage\":\"pt-BR\"},{\"@type\":\"Person\",\"@id\":\"https:\/\/www.manaus.am.gov.br\/semcom\/#\/schema\/person\/05d223aea2bf115f9883a6ff3683d81b\",\"name\":\"Bruna Greco\",\"image\":{\"@type\":\"ImageObject\",\"inLanguage\":\"pt-BR\",\"@id\":\"https:\/\/www.manaus.am.gov.br\/semcom\/#\/schema\/person\/image\/\",\"url\":\"https:\/\/secure.gravatar.com\/avatar\/9c877d1a6adc2a055330e5c09a8653ce?s=96&d=mm&r=g\",\"contentUrl\":\"https:\/\/secure.gravatar.com\/avatar\/9c877d1a6adc2a055330e5c09a8653ce?s=96&d=mm&r=g\",\"caption\":\"Bruna Greco\"}}]}<\/script>\n<!-- \/ Yoast SEO plugin. -->","yoast_head_json":{"title":"Prefeito acompanha montagem final do \u2018R\u00e9veillon Manaus 2026\u2019","description":"Prefeito David Almeida acompanha montagem final do \u2018R\u00e9veillon Manaus 2026\u2019 e destaca megaestrutura com tr\u00eas grandes palcos na virada do ano.","robots":{"index":"index","follow":"follow","max-snippet":"max-snippet:-1","max-image-preview":"max-image-preview:large","max-video-preview":"max-video-preview:-1"},"canonical":"https:\/\/www.manaus.am.gov.br\/semcom\/reveillon-manaus-2026-2\/","og_locale":"pt_BR","og_type":"article","og_title":"Prefeito acompanha montagem final do \u2018R\u00e9veillon Manaus 2026\u2019","og_description":"Prefeito David Almeida acompanha montagem final do \u2018R\u00e9veillon Manaus 2026\u2019 e destaca megaestrutura com tr\u00eas grandes palcos na virada do ano.","og_url":"https:\/\/www.manaus.am.gov.br\/semcom\/reveillon-manaus-2026-2\/","og_site_name":"SEMCOM","article_published_time":"2025-12-29T20:03:41+00:00","og_image":[{"width":1280,"height":960,"url":"https:\/\/www.manaus.am.gov.br\/semcom\/wp-content\/uploads\/sites\/5\/2025\/12\/WhatsApp-Image-2025-12-29-at-14.04.54-2.jpeg","type":"image\/jpeg"}],"author":"Bruna Greco","twitter_card":"summary_large_image","twitter_misc":{"Written by":"Bruna Greco","Est. reading time":"5 minutos"},"schema":{"@context":"https:\/\/schema.org","@graph":[{"@type":"WebPage","@id":"https:\/\/www.manaus.am.gov.br\/semcom\/reveillon-manaus-2026-2\/","url":"https:\/\/www.manaus.am.gov.br\/semcom\/reveillon-manaus-2026-2\/","name":"Prefeito acompanha montagem final do \u2018R\u00e9veillon Manaus 2026\u2019","isPartOf":{"@id":"https:\/\/www.manaus.am.gov.br\/semcom\/#website"},"primaryImageOfPage":{"@id":"https:\/\/www.manaus.am.gov.br\/semcom\/reveillon-manaus-2026-2\/#primaryimage"},"image":{"@id":"https:\/\/www.manaus.am.gov.br\/semcom\/reveillon-manaus-2026-2\/#primaryimage"},"thumbnailUrl":"https:\/\/www.manaus.am.gov.br\/semcom\/wp-content\/uploads\/sites\/5\/2025\/12\/WhatsApp-Image-2025-12-29-at-14.04.54-2.jpeg","datePublished":"2025-12-29T20:03:41+00:00","dateModified":"2025-12-29T20:03:41+00:00","author":{"@id":"https:\/\/www.manaus.am.gov.br\/semcom\/#\/schema\/person\/05d223aea2bf115f9883a6ff3683d81b"},"description":"Prefeito David Almeida acompanha montagem final do \u2018R\u00e9veillon Manaus 2026\u2019 e destaca megaestrutura com tr\u00eas grandes palcos na virada do ano.","inLanguage":"pt-BR","potentialAction":[{"@type":"ReadAction","target":["https:\/\/www.manaus.am.gov.br\/semcom\/reveillon-manaus-2026-2\/"]}]},{"@type":"ImageObject","inLanguage":"pt-BR","@id":"https:\/\/www.manaus.am.gov.br\/semcom\/reveillon-manaus-2026-2\/#primaryimage","url":"https:\/\/www.manaus.am.gov.br\/semcom\/wp-content\/uploads\/sites\/5\/2025\/12\/WhatsApp-Image-2025-12-29-at-14.04.54-2.jpeg","contentUrl":"https:\/\/www.manaus.am.gov.br\/semcom\/wp-content\/uploads\/sites\/5\/2025\/12\/WhatsApp-Image-2025-12-29-at-14.04.54-2.jpeg","width":1280,"height":960,"caption":"#paratodosverem - Prefeito de Manaus, David Almeida, vistoriando os ajustes finais do palco no complexo tur\u00edstico Ponta Negra para o r\u00e9veillon 2026"},{"@type":"WebSite","@id":"https:\/\/www.manaus.am.gov.br\/semcom\/#website","url":"https:\/\/www.manaus.am.gov.br\/semcom\/","name":"SEMCOM","description":"Secretaria Municipal de Comunica\u00e7\u00e3o","potentialAction":[{"@type":"SearchAction","target":{"@type":"EntryPoint","urlTemplate":"https:\/\/www.manaus.am.gov.br\/semcom\/?s={search_term_string}"},"query-input":"required name=search_term_string"}],"inLanguage":"pt-BR"},{"@type":"Person","@id":"https:\/\/www.manaus.am.gov.br\/semcom\/#\/schema\/person\/05d223aea2bf115f9883a6ff3683d81b","name":"Bruna Greco","image":{"@type":"ImageObject","inLanguage":"pt-BR","@id":"https:\/\/www.manaus.am.gov.br\/semcom\/#\/schema\/person\/image\/","url":"https:\/\/secure.gravatar.com\/avatar\/9c877d1a6adc2a055330e5c09a8653ce?s=96&d=mm&r=g","contentUrl":"https:\/\/secure.gravatar.com\/avatar\/9c877d1a6adc2a055330e5c09a8653ce?s=96&d=mm&r=g","caption":"Bruna Greco"}}]}},"_links":{"self":[{"href":"https:\/\/www.manaus.am.gov.br\/semcom\/wp-json\/wp\/v2\/posts\/250230"}],"collection":[{"href":"https:\/\/www.manaus.am.gov.br\/semcom\/wp-json\/wp\/v2\/posts"}],"about":[{"href":"https:\/\/www.manaus.am.gov.br\/semcom\/wp-json\/wp\/v2\/types\/post"}],"author":[{"embeddable":true,"href":"https:\/\/www.manaus.am.gov.br\/semcom\/wp-json\/wp\/v2\/users\/39"}],"replies":[{"embeddable":true,"href":"https:\/\/www.manaus.am.gov.br\/semcom\/wp-json\/wp\/v2\/comments?post=250230"}],"version-history":[{"count":1,"href":"https:\/\/www.manaus.am.gov.br\/semcom\/wp-json\/wp\/v2\/posts\/250230\/revisions"}],"predecessor-version":[{"id":250233,"href":"https:\/\/www.manaus.am.gov.br\/semcom\/wp-json\/wp\/v2\/posts\/250230\/revisions\/250233"}],"wp:featuredmedia":[{"embeddable":true,"href":"https:\/\/www.manaus.am.gov.br\/semcom\/wp-json\/wp\/v2\/media\/250232"}],"wp:attachment":[{"href":"https:\/\/www.manaus.am.gov.br\/semcom\/wp-json\/wp\/v2\/media?parent=250230"}],"wp:term":[{"taxonomy":"category","embeddable":true,"href":"https:\/\/www.manaus.am.gov.br\/semcom\/wp-json\/wp\/v2\/categories?post=250230"},{"taxonomy":"post_tag","embeddable":true,"href":"https:\/\/www.manaus.am.gov.br\/semcom\/wp-json\/wp\/v2\/tags?post=250230"}],"curies":[{"name":"wp","href":"https:\/\/api.w.org\/{rel}","templated":true}]}}