{"id":250184,"date":"2025-12-29T12:14:56","date_gmt":"2025-12-29T15:14:56","guid":{"rendered":"https:\/\/www.manaus.am.gov.br\/semcom\/praia-ponta-negra-interdicao-reveillon\/"},"modified":"2025-12-29T13:50:02","modified_gmt":"2025-12-29T16:50:02","slug":"praia-ponta-negra-interdicao-reveillon","status":"publish","type":"post","link":"https:\/\/www.manaus.am.gov.br\/semcom\/praia-ponta-negra-interdicao-reveillon\/","title":{"rendered":"Praia da Ponta Negra estar\u00e1 interditada para banho durante programa\u00e7\u00e3o do \u2018R\u00e9veillon Manaus 2026\u2019"},"content":{"rendered":"\n<p>A\u00a0praia\u00a0da\u00a0Ponta\u00a0Negra, na zona Oeste de Manaus, vai fechar para o banho a partir das 14h desta ter\u00e7a-feira, 30\/12, voltando a ser aberta ao p\u00fablico em geral a partir das 8h de quinta-feira, 1\u00ba de janeiro de 2026. A medida preventiva faz parte das a\u00e7\u00f5es de seguran\u00e7a da <a href=\"https:\/\/www.manaus.am.gov.br\">Prefeitura de Manaus<\/a> para a realiza\u00e7\u00e3o do \u201cR\u00e9veillon Manaus 2026\u201d. O evento tem entrada gratuita.<\/p>\n\n\n\n<p>O fechamento j\u00e1 \u00e9 realizado em outros anos, dando maior seguran\u00e7a para quem for ao local acompanhar a chegada do&nbsp;Ano-Novo. Na quarta e quinta, n\u00e3o ser\u00e1 permitido o banho no rio durante os eventos programados para a virada.<\/p>\n\n\n\n<p>As opera\u00e7\u00f5es de limpeza e varredura na praia ser\u00e3o realizadas por equipes do Instituto Municipal de Planejamento Urbano (Implurb) e da <a href=\"https:\/\/www.cmm.am.gov.br\/transparencia\/tag\/secretaria-municipal-de-limpeza-urbana-semulsp\/\">Secretaria Municipal de Limpeza Urbana<\/a> (Semulsp), com apoio da Pol\u00edcia Militar (PM) e Guarda Municipal.<\/p>\n\n\n\n<p>Quem for curtir o R\u00e9veillon Manaus 2026 na&nbsp;Ponta&nbsp;Negra&nbsp;dever\u00e1 ficar atento \u00e0s normas de seguran\u00e7a que s\u00e3o adotadas durante a realiza\u00e7\u00e3o de grandes eventos, segundo a portaria conjunta 001\/2025-GS\/SSP.<\/p>\n\n\n\n<p>&#8212; &#8212; &#8212;<\/p>\n\n\n\n<p><strong>Texto<\/strong>&nbsp;\u2013 Claudia do Valle \/&nbsp;Implurb<\/p>\n","protected":false},"excerpt":{"rendered":"","protected":false},"author":23,"featured_media":238167,"comment_status":"closed","ping_status":"closed","sticky":false,"template":"","format":"standard","meta":{"footnotes":""},"categories":[59],"tags":[18626,65,856,458,77,9932],"acf":[],"yoast_head":"<!-- This site is optimized with the Yoast SEO plugin v23.0 - https:\/\/yoast.com\/wordpress\/plugins\/seo\/ -->\n<title>Praia da Ponta Negra estar\u00e1 interditada para banho durante programa\u00e7\u00e3o do \u2018R\u00e9veillon Manaus 2026\u2019<\/title>\n<meta name=\"description\" content=\"A praia da Ponta Negra, na zona Oeste de Manaus, vai fechar para o banho a partir das 14h desta ter\u00e7a-feira, 30\/12, voltando a ser aberta ao p\u00fablico em geral a partir das 8h de quinta-feira, 1\u00ba de janeiro de 2026. A medida preventiva faz parte das a\u00e7\u00f5es de seguran\u00e7a da Prefeitura de Manaus para a realiza\u00e7\u00e3o do \u201cR\u00e9veillon Manaus 2026\u201d. O evento tem entrada gratuita.\" \/>\n<meta name=\"robots\" content=\"index, follow, max-snippet:-1, max-image-preview:large, max-video-preview:-1\" \/>\n<link rel=\"canonical\" href=\"https:\/\/www.manaus.am.gov.br\/semcom\/praia-ponta-negra-interdicao-reveillon\/\" \/>\n<meta property=\"og:locale\" content=\"pt_BR\" \/>\n<meta property=\"og:type\" content=\"article\" \/>\n<meta property=\"og:title\" content=\"Praia da Ponta Negra estar\u00e1 interditada para banho durante programa\u00e7\u00e3o do \u2018R\u00e9veillon Manaus 2026\u2019\" \/>\n<meta property=\"og:description\" content=\"A praia da Ponta Negra, na zona Oeste de Manaus, vai fechar para o banho a partir das 14h desta ter\u00e7a-feira, 30\/12, voltando a ser aberta ao p\u00fablico em geral a partir das 8h de quinta-feira, 1\u00ba de janeiro de 2026. A medida preventiva faz parte das a\u00e7\u00f5es de seguran\u00e7a da Prefeitura de Manaus para a realiza\u00e7\u00e3o do \u201cR\u00e9veillon Manaus 2026\u201d. O evento tem entrada gratuita.\" \/>\n<meta property=\"og:url\" content=\"https:\/\/www.manaus.am.gov.br\/semcom\/praia-ponta-negra-interdicao-reveillon\/\" \/>\n<meta property=\"og:site_name\" content=\"SEMCOM\" \/>\n<meta property=\"article:published_time\" content=\"2025-12-29T15:14:56+00:00\" \/>\n<meta property=\"article:modified_time\" content=\"2025-12-29T16:50:02+00:00\" \/>\n<meta property=\"og:image\" content=\"https:\/\/www.manaus.am.gov.br\/semcom\/wp-content\/uploads\/sites\/5\/2025\/04\/BANNER-NOTA.png\" \/>\n\t<meta property=\"og:image:width\" content=\"900\" \/>\n\t<meta property=\"og:image:height\" content=\"509\" \/>\n\t<meta property=\"og:image:type\" content=\"image\/png\" \/>\n<meta name=\"author\" content=\"Adriana Costa\" \/>\n<meta name=\"twitter:card\" content=\"summary_large_image\" \/>\n<meta name=\"twitter:label1\" content=\"Written by\" \/>\n\t<meta name=\"twitter:data1\" content=\"Adriana Costa\" \/>\n\t<meta name=\"twitter:label2\" content=\"Est. reading time\" \/>\n\t<meta name=\"twitter:data2\" content=\"1 minuto\" \/>\n<script type=\"application\/ld+json\" class=\"yoast-schema-graph\">{\"@context\":\"https:\/\/schema.org\",\"@graph\":[{\"@type\":\"WebPage\",\"@id\":\"https:\/\/www.manaus.am.gov.br\/semcom\/praia-ponta-negra-interdicao-reveillon\/\",\"url\":\"https:\/\/www.manaus.am.gov.br\/semcom\/praia-ponta-negra-interdicao-reveillon\/\",\"name\":\"Praia da Ponta Negra estar\u00e1 interditada para banho durante programa\u00e7\u00e3o do \u2018R\u00e9veillon Manaus 2026\u2019\",\"isPartOf\":{\"@id\":\"https:\/\/www.manaus.am.gov.br\/semcom\/#website\"},\"primaryImageOfPage\":{\"@id\":\"https:\/\/www.manaus.am.gov.br\/semcom\/praia-ponta-negra-interdicao-reveillon\/#primaryimage\"},\"image\":{\"@id\":\"https:\/\/www.manaus.am.gov.br\/semcom\/praia-ponta-negra-interdicao-reveillon\/#primaryimage\"},\"thumbnailUrl\":\"https:\/\/www.manaus.am.gov.br\/semcom\/wp-content\/uploads\/sites\/5\/2025\/04\/BANNER-NOTA.png\",\"datePublished\":\"2025-12-29T15:14:56+00:00\",\"dateModified\":\"2025-12-29T16:50:02+00:00\",\"author\":{\"@id\":\"https:\/\/www.manaus.am.gov.br\/semcom\/#\/schema\/person\/4e49f4e267757a06ca072ec61b2b9968\"},\"description\":\"A praia da Ponta Negra, na zona Oeste de Manaus, vai fechar para o banho a partir das 14h desta ter\u00e7a-feira, 30\/12, voltando a ser aberta ao p\u00fablico em geral a partir das 8h de quinta-feira, 1\u00ba de janeiro de 2026. A medida preventiva faz parte das a\u00e7\u00f5es de seguran\u00e7a da Prefeitura de Manaus para a realiza\u00e7\u00e3o do \u201cR\u00e9veillon Manaus 2026\u201d. O evento tem entrada gratuita.\",\"inLanguage\":\"pt-BR\",\"potentialAction\":[{\"@type\":\"ReadAction\",\"target\":[\"https:\/\/www.manaus.am.gov.br\/semcom\/praia-ponta-negra-interdicao-reveillon\/\"]}]},{\"@type\":\"ImageObject\",\"inLanguage\":\"pt-BR\",\"@id\":\"https:\/\/www.manaus.am.gov.br\/semcom\/praia-ponta-negra-interdicao-reveillon\/#primaryimage\",\"url\":\"https:\/\/www.manaus.am.gov.br\/semcom\/wp-content\/uploads\/sites\/5\/2025\/04\/BANNER-NOTA.png\",\"contentUrl\":\"https:\/\/www.manaus.am.gov.br\/semcom\/wp-content\/uploads\/sites\/5\/2025\/04\/BANNER-NOTA.png\",\"width\":900,\"height\":509,\"caption\":\"37 ocorr\u00eancias ap\u00f3s fortes chuvas\"},{\"@type\":\"WebSite\",\"@id\":\"https:\/\/www.manaus.am.gov.br\/semcom\/#website\",\"url\":\"https:\/\/www.manaus.am.gov.br\/semcom\/\",\"name\":\"SEMCOM\",\"description\":\"Secretaria Municipal de Comunica\u00e7\u00e3o\",\"potentialAction\":[{\"@type\":\"SearchAction\",\"target\":{\"@type\":\"EntryPoint\",\"urlTemplate\":\"https:\/\/www.manaus.am.gov.br\/semcom\/?s={search_term_string}\"},\"query-input\":\"required name=search_term_string\"}],\"inLanguage\":\"pt-BR\"},{\"@type\":\"Person\",\"@id\":\"https:\/\/www.manaus.am.gov.br\/semcom\/#\/schema\/person\/4e49f4e267757a06ca072ec61b2b9968\",\"name\":\"Adriana Costa\",\"image\":{\"@type\":\"ImageObject\",\"inLanguage\":\"pt-BR\",\"@id\":\"https:\/\/www.manaus.am.gov.br\/semcom\/#\/schema\/person\/image\/\",\"url\":\"https:\/\/secure.gravatar.com\/avatar\/576258617ef7194f718179e766d57bd4?s=96&d=mm&r=g\",\"contentUrl\":\"https:\/\/secure.gravatar.com\/avatar\/576258617ef7194f718179e766d57bd4?s=96&d=mm&r=g\",\"caption\":\"Adriana Costa\"}}]}<\/script>\n<!-- \/ Yoast SEO plugin. -->","yoast_head_json":{"title":"Praia da Ponta Negra estar\u00e1 interditada para banho durante programa\u00e7\u00e3o do \u2018R\u00e9veillon Manaus 2026\u2019","description":"A praia da Ponta Negra, na zona Oeste de Manaus, vai fechar para o banho a partir das 14h desta ter\u00e7a-feira, 30\/12, voltando a ser aberta ao p\u00fablico em geral a partir das 8h de quinta-feira, 1\u00ba de janeiro de 2026. A medida preventiva faz parte das a\u00e7\u00f5es de seguran\u00e7a da Prefeitura de Manaus para a realiza\u00e7\u00e3o do \u201cR\u00e9veillon Manaus 2026\u201d. O evento tem entrada gratuita.","robots":{"index":"index","follow":"follow","max-snippet":"max-snippet:-1","max-image-preview":"max-image-preview:large","max-video-preview":"max-video-preview:-1"},"canonical":"https:\/\/www.manaus.am.gov.br\/semcom\/praia-ponta-negra-interdicao-reveillon\/","og_locale":"pt_BR","og_type":"article","og_title":"Praia da Ponta Negra estar\u00e1 interditada para banho durante programa\u00e7\u00e3o do \u2018R\u00e9veillon Manaus 2026\u2019","og_description":"A praia da Ponta Negra, na zona Oeste de Manaus, vai fechar para o banho a partir das 14h desta ter\u00e7a-feira, 30\/12, voltando a ser aberta ao p\u00fablico em geral a partir das 8h de quinta-feira, 1\u00ba de janeiro de 2026. A medida preventiva faz parte das a\u00e7\u00f5es de seguran\u00e7a da Prefeitura de Manaus para a realiza\u00e7\u00e3o do \u201cR\u00e9veillon Manaus 2026\u201d. O evento tem entrada gratuita.","og_url":"https:\/\/www.manaus.am.gov.br\/semcom\/praia-ponta-negra-interdicao-reveillon\/","og_site_name":"SEMCOM","article_published_time":"2025-12-29T15:14:56+00:00","article_modified_time":"2025-12-29T16:50:02+00:00","og_image":[{"width":900,"height":509,"url":"https:\/\/www.manaus.am.gov.br\/semcom\/wp-content\/uploads\/sites\/5\/2025\/04\/BANNER-NOTA.png","type":"image\/png"}],"author":"Adriana Costa","twitter_card":"summary_large_image","twitter_misc":{"Written by":"Adriana Costa","Est. reading time":"1 minuto"},"schema":{"@context":"https:\/\/schema.org","@graph":[{"@type":"WebPage","@id":"https:\/\/www.manaus.am.gov.br\/semcom\/praia-ponta-negra-interdicao-reveillon\/","url":"https:\/\/www.manaus.am.gov.br\/semcom\/praia-ponta-negra-interdicao-reveillon\/","name":"Praia da Ponta Negra estar\u00e1 interditada para banho durante programa\u00e7\u00e3o do \u2018R\u00e9veillon Manaus 2026\u2019","isPartOf":{"@id":"https:\/\/www.manaus.am.gov.br\/semcom\/#website"},"primaryImageOfPage":{"@id":"https:\/\/www.manaus.am.gov.br\/semcom\/praia-ponta-negra-interdicao-reveillon\/#primaryimage"},"image":{"@id":"https:\/\/www.manaus.am.gov.br\/semcom\/praia-ponta-negra-interdicao-reveillon\/#primaryimage"},"thumbnailUrl":"https:\/\/www.manaus.am.gov.br\/semcom\/wp-content\/uploads\/sites\/5\/2025\/04\/BANNER-NOTA.png","datePublished":"2025-12-29T15:14:56+00:00","dateModified":"2025-12-29T16:50:02+00:00","author":{"@id":"https:\/\/www.manaus.am.gov.br\/semcom\/#\/schema\/person\/4e49f4e267757a06ca072ec61b2b9968"},"description":"A praia da Ponta Negra, na zona Oeste de Manaus, vai fechar para o banho a partir das 14h desta ter\u00e7a-feira, 30\/12, voltando a ser aberta ao p\u00fablico em geral a partir das 8h de quinta-feira, 1\u00ba de janeiro de 2026. A medida preventiva faz parte das a\u00e7\u00f5es de seguran\u00e7a da Prefeitura de Manaus para a realiza\u00e7\u00e3o do \u201cR\u00e9veillon Manaus 2026\u201d. O evento tem entrada gratuita.","inLanguage":"pt-BR","potentialAction":[{"@type":"ReadAction","target":["https:\/\/www.manaus.am.gov.br\/semcom\/praia-ponta-negra-interdicao-reveillon\/"]}]},{"@type":"ImageObject","inLanguage":"pt-BR","@id":"https:\/\/www.manaus.am.gov.br\/semcom\/praia-ponta-negra-interdicao-reveillon\/#primaryimage","url":"https:\/\/www.manaus.am.gov.br\/semcom\/wp-content\/uploads\/sites\/5\/2025\/04\/BANNER-NOTA.png","contentUrl":"https:\/\/www.manaus.am.gov.br\/semcom\/wp-content\/uploads\/sites\/5\/2025\/04\/BANNER-NOTA.png","width":900,"height":509,"caption":"37 ocorr\u00eancias ap\u00f3s fortes chuvas"},{"@type":"WebSite","@id":"https:\/\/www.manaus.am.gov.br\/semcom\/#website","url":"https:\/\/www.manaus.am.gov.br\/semcom\/","name":"SEMCOM","description":"Secretaria Municipal de Comunica\u00e7\u00e3o","potentialAction":[{"@type":"SearchAction","target":{"@type":"EntryPoint","urlTemplate":"https:\/\/www.manaus.am.gov.br\/semcom\/?s={search_term_string}"},"query-input":"required name=search_term_string"}],"inLanguage":"pt-BR"},{"@type":"Person","@id":"https:\/\/www.manaus.am.gov.br\/semcom\/#\/schema\/person\/4e49f4e267757a06ca072ec61b2b9968","name":"Adriana Costa","image":{"@type":"ImageObject","inLanguage":"pt-BR","@id":"https:\/\/www.manaus.am.gov.br\/semcom\/#\/schema\/person\/image\/","url":"https:\/\/secure.gravatar.com\/avatar\/576258617ef7194f718179e766d57bd4?s=96&d=mm&r=g","contentUrl":"https:\/\/secure.gravatar.com\/avatar\/576258617ef7194f718179e766d57bd4?s=96&d=mm&r=g","caption":"Adriana Costa"}}]}},"_links":{"self":[{"href":"https:\/\/www.manaus.am.gov.br\/semcom\/wp-json\/wp\/v2\/posts\/250184"}],"collection":[{"href":"https:\/\/www.manaus.am.gov.br\/semcom\/wp-json\/wp\/v2\/posts"}],"about":[{"href":"https:\/\/www.manaus.am.gov.br\/semcom\/wp-json\/wp\/v2\/types\/post"}],"author":[{"embeddable":true,"href":"https:\/\/www.manaus.am.gov.br\/semcom\/wp-json\/wp\/v2\/users\/23"}],"replies":[{"embeddable":true,"href":"https:\/\/www.manaus.am.gov.br\/semcom\/wp-json\/wp\/v2\/comments?post=250184"}],"version-history":[{"count":2,"href":"https:\/\/www.manaus.am.gov.br\/semcom\/wp-json\/wp\/v2\/posts\/250184\/revisions"}],"predecessor-version":[{"id":250200,"href":"https:\/\/www.manaus.am.gov.br\/semcom\/wp-json\/wp\/v2\/posts\/250184\/revisions\/250200"}],"wp:featuredmedia":[{"embeddable":true,"href":"https:\/\/www.manaus.am.gov.br\/semcom\/wp-json\/wp\/v2\/media\/238167"}],"wp:attachment":[{"href":"https:\/\/www.manaus.am.gov.br\/semcom\/wp-json\/wp\/v2\/media?parent=250184"}],"wp:term":[{"taxonomy":"category","embeddable":true,"href":"https:\/\/www.manaus.am.gov.br\/semcom\/wp-json\/wp\/v2\/categories?post=250184"},{"taxonomy":"post_tag","embeddable":true,"href":"https:\/\/www.manaus.am.gov.br\/semcom\/wp-json\/wp\/v2\/tags?post=250184"}],"curies":[{"name":"wp","href":"https:\/\/api.w.org\/{rel}","templated":true}]}}