{"id":250182,"date":"2025-12-29T12:03:24","date_gmt":"2025-12-29T15:03:24","guid":{"rendered":"https:\/\/www.manaus.am.gov.br\/semcom\/prefeitura-regrasdeacesso-reveillon2026\/"},"modified":"2025-12-29T13:35:39","modified_gmt":"2025-12-29T16:35:39","slug":"prefeitura-regras-de-acesso-reveillon-manaus-2026","status":"publish","type":"post","link":"https:\/\/www.manaus.am.gov.br\/semcom\/prefeitura-regras-de-acesso-reveillon-manaus-2026\/","title":{"rendered":"Prefeitura de Manaus divulga regras de acesso do \u2018R\u00e9veillon Manaus 2026\u2019"},"content":{"rendered":"\n<p>A <a href=\"https:\/\/www.manaus.am.gov.br\">Prefeitura de Manaus<\/a>, por meio da Funda\u00e7\u00e3o Municipal de Cultura, Turismo e Eventos (ManausCult), divulgou as regras de acesso oficial do R\u00e9veillon Manaus 2026, que ser\u00e1 realizado nos dias 30 e 31 de dezembro de 2025, com eventos distribu\u00eddos, simultaneamente, em tr\u00eas grandes polos da cidade: o complexo tur\u00edstico Ponta Negra, na zona Oeste; o parque Amazonino Mendes, na alameda Alphaville, entre as zonas Norte e Leste; e o bairro Educandos (Amarelinho), na zona Sul, ampliando o acesso da popula\u00e7\u00e3o \u00e0 maior celebra\u00e7\u00e3o do calend\u00e1rio festivo municipal. As orienta\u00e7\u00f5es fazem parte do plano de organiza\u00e7\u00e3o e seguran\u00e7a do evento, cujo objetivo \u00e9 garantir uma festa tranquila, acess\u00edvel e bem estruturada para toda a popula\u00e7\u00e3o.<\/p>\n\n\n\n<p>De acordo com o diretor-presidente da ManausCult, Jender Lobato, o cumprimento das normas \u00e9 essencial para o sucesso da celebra\u00e7\u00e3o. \u201cEstamos preparando uma grande festa para a chegada de 2026, mas com responsabilidade e planejamento, as regras de acesso existem para proteger o p\u00fablico, garantir conforto, organiza\u00e7\u00e3o e permitir que as fam\u00edlias possam celebrar este momento especial com tranquilidade e seguran\u00e7a\u201d, destacou.<\/p>\n\n\n\n<p>A programa\u00e7\u00e3o come\u00e7a, nesta ter\u00e7a-feira, 30\/12, com a realiza\u00e7\u00e3o do \u201cR\u00e9veillon Gospel\u201d, no complexo tur\u00edstico Ponta Negra, das 17h30 \u00e0 meia-noite; no dia 31\/12, acontece a grande virada do ano, com programa\u00e7\u00e3o simult\u00e2nea nos tr\u00eas polos, sendo na Ponta Negra das 17h \u00e0s 5h, na alameda Alphaville, das 18h \u00e0s 5h, e no Amarelinho, no bairro Educandos, das 19h \u00e0s 5h, reunindo as atra\u00e7\u00f5es nacionais Gabriel Guedes, grupo Morada, Bruno &amp;&nbsp;Marrone, Klessinha e mais de 50 artistas da terra, que ir\u00e3o animar a cidade e valorizar a cultura local.<\/p>\n\n\n\n<p><strong>O que pode levar<\/strong><\/p>\n\n\n\n<p>Para garantir a seguran\u00e7a do p\u00fablico, a organiza\u00e7\u00e3o estabeleceu crit\u00e9rios claros sobre o que pode e o que n\u00e3o pode ser levado para as \u00e1reas do evento, sendo permitido apenas o acesso com garrafas de \u00e1gua em embalagem pl\u00e1stica, capa de chuva, \u00f3culos escuros ou de grau e protetor auricular.<\/p>\n\n\n\n<p><strong>O que n\u00e3o pode levar<\/strong><\/p>\n\n\n\n<p>N\u00e3o ser\u00e1 permitida a entrada com embalagens r\u00edgidas e com tampa, latas, objetos de vidro ou metal, capacetes, armas de fogo, armas brancas ou de qualquer outro tipo, cadeiras, bancos e guarda-chuvas, fogos de artif\u00edcio, explosivos, sinalizadores e objetos incendi\u00e1rios, bebidas, skates, bicicletas e ve\u00edculos motorizados ou n\u00e3o, bast\u00e3o de selfie, subst\u00e2ncias venenosas ou t\u00f3xicas, drogas ilegais, bandeiras ou cartazes com mensagens ou s\u00edmbolos comerciais, todo tipo de drone, bem como a comercializa\u00e7\u00e3o de alimentos que representem risco \u00e0 seguran\u00e7a.<\/p>\n\n\n\n<p><strong>Baixo ru\u00eddo<\/strong><\/p>\n\n\n\n<p>A organiza\u00e7\u00e3o refor\u00e7a que o cumprimento dessas orienta\u00e7\u00f5es \u00e9 indispens\u00e1vel para garantir a seguran\u00e7a coletiva e o bom funcionamento do evento. Al\u00e9m das regras de acesso, o \u201cR\u00e9veillon Manaus 2026\u201d contar\u00e1 com queima de fogos de baixo ru\u00eddo, realizada simultaneamente nos tr\u00eas locais oficiais durante a virada do ano, a iniciativa integra a pol\u00edtica de sustentabilidade da gest\u00e3o municipal e prioriza o bem-estar de crian\u00e7as, idosos, pessoas com defici\u00eancia, pessoas no espectro autista e animais, mais sens\u00edveis a ru\u00eddos intensos.<\/p>\n\n\n\n<p>O evento tamb\u00e9m contar\u00e1 com o tradicional \u201cR\u00e9veillon Gospel\u201d, que integra oficialmente o calend\u00e1rio cultural do munic\u00edpio, conforme a Lei Municipal n\u00ba 3.238, de 21 de dezembro de 2023, organizado pela ManausCult, com apoio de outras secretarias municipais.<\/p>\n\n\n\n<p>A Prefeitura de Manaus orienta o p\u00fablico a chegar com anteced\u00eancia e respeitar as normas estabelecidas, contribuindo para que a chegada de 2026 seja celebrada com seguran\u00e7a, responsabilidade e esp\u00edrito de confraterniza\u00e7\u00e3o.<\/p>\n\n\n\n<p>&#8212; &#8212; &#8212;<\/p>\n\n\n\n<p><strong>Texto<\/strong>&nbsp;&#8211; J\u00e9ssica Trajano\/ManausCult<\/p>\n","protected":false},"excerpt":{"rendered":"","protected":false},"author":23,"featured_media":250183,"comment_status":"closed","ping_status":"closed","sticky":false,"template":"","format":"standard","meta":{"footnotes":""},"categories":[456],"tags":[18624,307,3711,458,77,8873,18625,101],"acf":[],"yoast_head":"<!-- This site is optimized with the Yoast SEO plugin v23.0 - https:\/\/yoast.com\/wordpress\/plugins\/seo\/ -->\n<title>Prefeitura de Manaus divulga regras de acesso do \u2018R\u00e9veillon Manaus 2026\u2019<\/title>\n<meta name=\"description\" content=\"A Prefeitura de Manaus, por meio da Funda\u00e7\u00e3o Municipal de Cultura, Turismo e Eventos (ManausCult), divulgou as regras de acesso oficial do \u201cR\u00e9veillon Manaus 2026\u201d, que ser\u00e1 realizado nos dias 30 e 31 de dezembro de 2025, com eventos distribu\u00eddos, simultaneamente, em tr\u00eas grandes polos da cidade\" \/>\n<meta name=\"robots\" content=\"index, follow, max-snippet:-1, max-image-preview:large, max-video-preview:-1\" \/>\n<link rel=\"canonical\" href=\"https:\/\/www.manaus.am.gov.br\/semcom\/prefeitura-regrasdeacesso-reveillon2026\/\" \/>\n<meta property=\"og:locale\" content=\"pt_BR\" \/>\n<meta property=\"og:type\" content=\"article\" \/>\n<meta property=\"og:title\" content=\"Prefeitura de Manaus divulga regras de acesso do \u2018R\u00e9veillon Manaus 2026\u2019\" \/>\n<meta property=\"og:description\" content=\"A Prefeitura de Manaus, por meio da Funda\u00e7\u00e3o Municipal de Cultura, Turismo e Eventos (ManausCult), divulgou as regras de acesso oficial do \u201cR\u00e9veillon Manaus 2026\u201d, que ser\u00e1 realizado nos dias 30 e 31 de dezembro de 2025, com eventos distribu\u00eddos, simultaneamente, em tr\u00eas grandes polos da cidade\" \/>\n<meta property=\"og:url\" content=\"https:\/\/www.manaus.am.gov.br\/semcom\/prefeitura-regrasdeacesso-reveillon2026\/\" \/>\n<meta property=\"og:site_name\" content=\"SEMCOM\" \/>\n<meta property=\"article:published_time\" content=\"2025-12-29T15:03:24+00:00\" \/>\n<meta property=\"article:modified_time\" content=\"2025-12-29T16:35:39+00:00\" \/>\n<meta property=\"og:image\" content=\"https:\/\/www.manaus.am.gov.br\/semcom\/wp-content\/uploads\/sites\/5\/2025\/12\/54242184799_6ba445f5b0_c.jpg\" \/>\n\t<meta property=\"og:image:width\" content=\"800\" \/>\n\t<meta property=\"og:image:height\" content=\"600\" \/>\n\t<meta property=\"og:image:type\" content=\"image\/jpeg\" \/>\n<meta name=\"author\" content=\"Adriana Costa\" \/>\n<meta name=\"twitter:card\" content=\"summary_large_image\" \/>\n<meta name=\"twitter:label1\" content=\"Written by\" \/>\n\t<meta name=\"twitter:data1\" content=\"Adriana Costa\" \/>\n\t<meta name=\"twitter:label2\" content=\"Est. reading time\" \/>\n\t<meta name=\"twitter:data2\" content=\"4 minutos\" \/>\n<script type=\"application\/ld+json\" class=\"yoast-schema-graph\">{\"@context\":\"https:\/\/schema.org\",\"@graph\":[{\"@type\":\"WebPage\",\"@id\":\"https:\/\/www.manaus.am.gov.br\/semcom\/prefeitura-regrasdeacesso-reveillon2026\/\",\"url\":\"https:\/\/www.manaus.am.gov.br\/semcom\/prefeitura-regrasdeacesso-reveillon2026\/\",\"name\":\"Prefeitura de Manaus divulga regras de acesso do \u2018R\u00e9veillon Manaus 2026\u2019\",\"isPartOf\":{\"@id\":\"https:\/\/www.manaus.am.gov.br\/semcom\/#website\"},\"primaryImageOfPage\":{\"@id\":\"https:\/\/www.manaus.am.gov.br\/semcom\/prefeitura-regrasdeacesso-reveillon2026\/#primaryimage\"},\"image\":{\"@id\":\"https:\/\/www.manaus.am.gov.br\/semcom\/prefeitura-regrasdeacesso-reveillon2026\/#primaryimage\"},\"thumbnailUrl\":\"https:\/\/www.manaus.am.gov.br\/semcom\/wp-content\/uploads\/sites\/5\/2025\/12\/54242184799_6ba445f5b0_c.jpg\",\"datePublished\":\"2025-12-29T15:03:24+00:00\",\"dateModified\":\"2025-12-29T16:35:39+00:00\",\"author\":{\"@id\":\"https:\/\/www.manaus.am.gov.br\/semcom\/#\/schema\/person\/4e49f4e267757a06ca072ec61b2b9968\"},\"description\":\"A Prefeitura de Manaus, por meio da Funda\u00e7\u00e3o Municipal de Cultura, Turismo e Eventos (ManausCult), divulgou as regras de acesso oficial do \u201cR\u00e9veillon Manaus 2026\u201d, que ser\u00e1 realizado nos dias 30 e 31 de dezembro de 2025, com eventos distribu\u00eddos, simultaneamente, em tr\u00eas grandes polos da cidade\",\"inLanguage\":\"pt-BR\",\"potentialAction\":[{\"@type\":\"ReadAction\",\"target\":[\"https:\/\/www.manaus.am.gov.br\/semcom\/prefeitura-regrasdeacesso-reveillon2026\/\"]}]},{\"@type\":\"ImageObject\",\"inLanguage\":\"pt-BR\",\"@id\":\"https:\/\/www.manaus.am.gov.br\/semcom\/prefeitura-regrasdeacesso-reveillon2026\/#primaryimage\",\"url\":\"https:\/\/www.manaus.am.gov.br\/semcom\/wp-content\/uploads\/sites\/5\/2025\/12\/54242184799_6ba445f5b0_c.jpg\",\"contentUrl\":\"https:\/\/www.manaus.am.gov.br\/semcom\/wp-content\/uploads\/sites\/5\/2025\/12\/54242184799_6ba445f5b0_c.jpg\",\"width\":800,\"height\":600,\"caption\":\"#paratodosverem - Vista a\u00e9rea de festa de R\u00e9veillon na Ponta Negra com p\u00fablico e queima de fogos\"},{\"@type\":\"WebSite\",\"@id\":\"https:\/\/www.manaus.am.gov.br\/semcom\/#website\",\"url\":\"https:\/\/www.manaus.am.gov.br\/semcom\/\",\"name\":\"SEMCOM\",\"description\":\"Secretaria Municipal de Comunica\u00e7\u00e3o\",\"potentialAction\":[{\"@type\":\"SearchAction\",\"target\":{\"@type\":\"EntryPoint\",\"urlTemplate\":\"https:\/\/www.manaus.am.gov.br\/semcom\/?s={search_term_string}\"},\"query-input\":\"required name=search_term_string\"}],\"inLanguage\":\"pt-BR\"},{\"@type\":\"Person\",\"@id\":\"https:\/\/www.manaus.am.gov.br\/semcom\/#\/schema\/person\/4e49f4e267757a06ca072ec61b2b9968\",\"name\":\"Adriana Costa\",\"image\":{\"@type\":\"ImageObject\",\"inLanguage\":\"pt-BR\",\"@id\":\"https:\/\/www.manaus.am.gov.br\/semcom\/#\/schema\/person\/image\/\",\"url\":\"https:\/\/secure.gravatar.com\/avatar\/576258617ef7194f718179e766d57bd4?s=96&d=mm&r=g\",\"contentUrl\":\"https:\/\/secure.gravatar.com\/avatar\/576258617ef7194f718179e766d57bd4?s=96&d=mm&r=g\",\"caption\":\"Adriana Costa\"}}]}<\/script>\n<!-- \/ Yoast SEO plugin. -->","yoast_head_json":{"title":"Prefeitura de Manaus divulga regras de acesso do \u2018R\u00e9veillon Manaus 2026\u2019","description":"A Prefeitura de Manaus, por meio da Funda\u00e7\u00e3o Municipal de Cultura, Turismo e Eventos (ManausCult), divulgou as regras de acesso oficial do \u201cR\u00e9veillon Manaus 2026\u201d, que ser\u00e1 realizado nos dias 30 e 31 de dezembro de 2025, com eventos distribu\u00eddos, simultaneamente, em tr\u00eas grandes polos da cidade","robots":{"index":"index","follow":"follow","max-snippet":"max-snippet:-1","max-image-preview":"max-image-preview:large","max-video-preview":"max-video-preview:-1"},"canonical":"https:\/\/www.manaus.am.gov.br\/semcom\/prefeitura-regrasdeacesso-reveillon2026\/","og_locale":"pt_BR","og_type":"article","og_title":"Prefeitura de Manaus divulga regras de acesso do \u2018R\u00e9veillon Manaus 2026\u2019","og_description":"A Prefeitura de Manaus, por meio da Funda\u00e7\u00e3o Municipal de Cultura, Turismo e Eventos (ManausCult), divulgou as regras de acesso oficial do \u201cR\u00e9veillon Manaus 2026\u201d, que ser\u00e1 realizado nos dias 30 e 31 de dezembro de 2025, com eventos distribu\u00eddos, simultaneamente, em tr\u00eas grandes polos da cidade","og_url":"https:\/\/www.manaus.am.gov.br\/semcom\/prefeitura-regrasdeacesso-reveillon2026\/","og_site_name":"SEMCOM","article_published_time":"2025-12-29T15:03:24+00:00","article_modified_time":"2025-12-29T16:35:39+00:00","og_image":[{"width":800,"height":600,"url":"https:\/\/www.manaus.am.gov.br\/semcom\/wp-content\/uploads\/sites\/5\/2025\/12\/54242184799_6ba445f5b0_c.jpg","type":"image\/jpeg"}],"author":"Adriana Costa","twitter_card":"summary_large_image","twitter_misc":{"Written by":"Adriana Costa","Est. reading time":"4 minutos"},"schema":{"@context":"https:\/\/schema.org","@graph":[{"@type":"WebPage","@id":"https:\/\/www.manaus.am.gov.br\/semcom\/prefeitura-regrasdeacesso-reveillon2026\/","url":"https:\/\/www.manaus.am.gov.br\/semcom\/prefeitura-regrasdeacesso-reveillon2026\/","name":"Prefeitura de Manaus divulga regras de acesso do \u2018R\u00e9veillon Manaus 2026\u2019","isPartOf":{"@id":"https:\/\/www.manaus.am.gov.br\/semcom\/#website"},"primaryImageOfPage":{"@id":"https:\/\/www.manaus.am.gov.br\/semcom\/prefeitura-regrasdeacesso-reveillon2026\/#primaryimage"},"image":{"@id":"https:\/\/www.manaus.am.gov.br\/semcom\/prefeitura-regrasdeacesso-reveillon2026\/#primaryimage"},"thumbnailUrl":"https:\/\/www.manaus.am.gov.br\/semcom\/wp-content\/uploads\/sites\/5\/2025\/12\/54242184799_6ba445f5b0_c.jpg","datePublished":"2025-12-29T15:03:24+00:00","dateModified":"2025-12-29T16:35:39+00:00","author":{"@id":"https:\/\/www.manaus.am.gov.br\/semcom\/#\/schema\/person\/4e49f4e267757a06ca072ec61b2b9968"},"description":"A Prefeitura de Manaus, por meio da Funda\u00e7\u00e3o Municipal de Cultura, Turismo e Eventos (ManausCult), divulgou as regras de acesso oficial do \u201cR\u00e9veillon Manaus 2026\u201d, que ser\u00e1 realizado nos dias 30 e 31 de dezembro de 2025, com eventos distribu\u00eddos, simultaneamente, em tr\u00eas grandes polos da cidade","inLanguage":"pt-BR","potentialAction":[{"@type":"ReadAction","target":["https:\/\/www.manaus.am.gov.br\/semcom\/prefeitura-regrasdeacesso-reveillon2026\/"]}]},{"@type":"ImageObject","inLanguage":"pt-BR","@id":"https:\/\/www.manaus.am.gov.br\/semcom\/prefeitura-regrasdeacesso-reveillon2026\/#primaryimage","url":"https:\/\/www.manaus.am.gov.br\/semcom\/wp-content\/uploads\/sites\/5\/2025\/12\/54242184799_6ba445f5b0_c.jpg","contentUrl":"https:\/\/www.manaus.am.gov.br\/semcom\/wp-content\/uploads\/sites\/5\/2025\/12\/54242184799_6ba445f5b0_c.jpg","width":800,"height":600,"caption":"#paratodosverem - Vista a\u00e9rea de festa de R\u00e9veillon na Ponta Negra com p\u00fablico e queima de fogos"},{"@type":"WebSite","@id":"https:\/\/www.manaus.am.gov.br\/semcom\/#website","url":"https:\/\/www.manaus.am.gov.br\/semcom\/","name":"SEMCOM","description":"Secretaria Municipal de Comunica\u00e7\u00e3o","potentialAction":[{"@type":"SearchAction","target":{"@type":"EntryPoint","urlTemplate":"https:\/\/www.manaus.am.gov.br\/semcom\/?s={search_term_string}"},"query-input":"required name=search_term_string"}],"inLanguage":"pt-BR"},{"@type":"Person","@id":"https:\/\/www.manaus.am.gov.br\/semcom\/#\/schema\/person\/4e49f4e267757a06ca072ec61b2b9968","name":"Adriana Costa","image":{"@type":"ImageObject","inLanguage":"pt-BR","@id":"https:\/\/www.manaus.am.gov.br\/semcom\/#\/schema\/person\/image\/","url":"https:\/\/secure.gravatar.com\/avatar\/576258617ef7194f718179e766d57bd4?s=96&d=mm&r=g","contentUrl":"https:\/\/secure.gravatar.com\/avatar\/576258617ef7194f718179e766d57bd4?s=96&d=mm&r=g","caption":"Adriana Costa"}}]}},"_links":{"self":[{"href":"https:\/\/www.manaus.am.gov.br\/semcom\/wp-json\/wp\/v2\/posts\/250182"}],"collection":[{"href":"https:\/\/www.manaus.am.gov.br\/semcom\/wp-json\/wp\/v2\/posts"}],"about":[{"href":"https:\/\/www.manaus.am.gov.br\/semcom\/wp-json\/wp\/v2\/types\/post"}],"author":[{"embeddable":true,"href":"https:\/\/www.manaus.am.gov.br\/semcom\/wp-json\/wp\/v2\/users\/23"}],"replies":[{"embeddable":true,"href":"https:\/\/www.manaus.am.gov.br\/semcom\/wp-json\/wp\/v2\/comments?post=250182"}],"version-history":[{"count":1,"href":"https:\/\/www.manaus.am.gov.br\/semcom\/wp-json\/wp\/v2\/posts\/250182\/revisions"}],"predecessor-version":[{"id":250197,"href":"https:\/\/www.manaus.am.gov.br\/semcom\/wp-json\/wp\/v2\/posts\/250182\/revisions\/250197"}],"wp:featuredmedia":[{"embeddable":true,"href":"https:\/\/www.manaus.am.gov.br\/semcom\/wp-json\/wp\/v2\/media\/250183"}],"wp:attachment":[{"href":"https:\/\/www.manaus.am.gov.br\/semcom\/wp-json\/wp\/v2\/media?parent=250182"}],"wp:term":[{"taxonomy":"category","embeddable":true,"href":"https:\/\/www.manaus.am.gov.br\/semcom\/wp-json\/wp\/v2\/categories?post=250182"},{"taxonomy":"post_tag","embeddable":true,"href":"https:\/\/www.manaus.am.gov.br\/semcom\/wp-json\/wp\/v2\/tags?post=250182"}],"curies":[{"name":"wp","href":"https:\/\/api.w.org\/{rel}","templated":true}]}}