{"id":250155,"date":"2025-12-24T12:56:17","date_gmt":"2025-12-24T15:56:17","guid":{"rendered":"https:\/\/www.manaus.am.gov.br\/semcom\/celebracao-de-natal-no-centro-pop\/"},"modified":"2025-12-24T12:56:19","modified_gmt":"2025-12-24T15:56:19","slug":"celebracao-de-natal-no-centro-pop","status":"publish","type":"post","link":"https:\/\/www.manaus.am.gov.br\/semcom\/celebracao-de-natal-no-centro-pop\/","title":{"rendered":"Prefeito David Almeida participa de celebra\u00e7\u00e3o de Natal no Centro Pop e refor\u00e7a pol\u00edtica de resgate da dignidade com pessoas em situa\u00e7\u00e3o de rua"},"content":{"rendered":"\n<p>A manh\u00e3 desta quarta-feira, 24\/12, foi marcada por acolhimento, escuta e humanidade no Centro de Refer\u00eancia Especializado para Popula\u00e7\u00e3o em Situa\u00e7\u00e3o de Rua (Centro Pop), no Centro. O prefeito David Almeida, acompanhado da primeira-dama Izabelle Fontenelle, participou de um caf\u00e9 da manh\u00e3 natalino ao lado de cerca de cem pessoas acolhidas pelo servi\u00e7o, refor\u00e7ando o compromisso da gest\u00e3o municipal com o cuidado, a dignidade e a inclus\u00e3o social.<\/p>\n\n\n\n<p>A a\u00e7\u00e3o, promovida pela Secretaria Municipal da Mulher, Assist\u00eancia Social e Cidadania (Semasc), reuniu ainda o secret\u00e1rio Saullo Vianna, a subsecret\u00e1ria de Pol\u00edticas Afirmativas para Mulheres e de Direitos Humanos, Gra\u00e7a Prola, o subsecret\u00e1rio Operacional de Gest\u00e3o, Nildo Mello, a diretora do Departamento de Prote\u00e7\u00e3o Social de Rua (DPSR), Elane Moreira, a secret\u00e1ria municipal de comunica\u00e7\u00e3o, Camila Silva, e o defensor p\u00fablico Thiago Rosas, evidenciando a atua\u00e7\u00e3o integrada do poder p\u00fablico na prote\u00e7\u00e3o de quem mais precisa.<\/p>\n\n\n\n<p>Durante o encontro, David Almeida destacou o car\u00e1ter inovador do Centro Pop e da Casa de Passagem, estruturas que passaram a oferecer, pela primeira vez na hist\u00f3ria da cidade, um atendimento cont\u00ednuo e humanizado \u00e0 popula\u00e7\u00e3o em situa\u00e7\u00e3o de rua. \u201cAqui \u00e9 o resgate da dignidade. As pessoas t\u00eam refei\u00e7\u00e3o tr\u00eas vezes por dia, banho, itens de higiene, um teto, uma cama, ar-condicionado. \u00c9 sair do relento e voltar a ter cuidado, respeito e esperan\u00e7a\u201d, afirmou o prefeito.<\/p>\n\n\n\n<p>O chefe do Executivo municipal ressaltou ainda o trabalho de busca ativa realizado pelas equipes da assist\u00eancia social, especialmente com pessoas em situa\u00e7\u00e3o de depend\u00eancia qu\u00edmica. \u201cNem todos aceitam o acolhimento, mas nossa miss\u00e3o \u00e9 insistir no cuidado, para que ningu\u00e9m precise passar o Natal, o Ano-Novo ou qualquer dia ao sol, \u00e0 chuva e ao sereno\u201d, completou.<\/p>\n\n\n\n<p>O secret\u00e1rio da Semasc, Saullo Vianna refor\u00e7ou que a pol\u00edtica p\u00fablica foi planejada com foco nas pessoas. \u201cO prefeito determinou que a ocupa\u00e7\u00e3o do Centro fosse feita cuidando primeiro de quem est\u00e1 em situa\u00e7\u00e3o de rua. O Centro Pop atende diariamente at\u00e9 cem pessoas, e a Casa de Passagem, 80. \u00c9 um trabalho de resgate, de devolver dignidade, e estar aqui na v\u00e9spera de Natal reafirma esse compromisso\u201d, disse.<\/p>\n\n\n\n<p>Para a diretora do DPSR, Elane Moreira, o momento simboliza mais do que uma a\u00e7\u00e3o social. \u201cEsse caf\u00e9 da manh\u00e3 \u00e9 alimento para o corpo e para a alma. Aqui, essas pessoas s\u00e3o vistas, s\u00e3o reconhecidas. O Centro Pop traz expectativa, esperan\u00e7a e novas possibilidades de vida\u201d, destacou, convidando a sociedade a colaborar de forma organizada com o servi\u00e7o, que funciona 24 horas por dia, sete dias por semana, na avenida Joaquim Nabuco.<\/p>\n\n\n\n<p>O defensor p\u00fablico Thiago Rosas tamb\u00e9m ressaltou o significado simb\u00f3lico da iniciativa. \u201cAcolher \u00e9 um ato de amor. Na v\u00e9spera do Natal, estar pr\u00f3ximo das pessoas para quem Jesus veio ao mundo \u00e9 um gesto concreto de humanidade. A Defensoria P\u00fablica \u00e9 parceira da prefeitura e de toda a rede de acolhimento\u201d, afirmou.<\/p>\n\n\n\n<p>Ao final, David Almeida refor\u00e7ou o apelo para que a\u00e7\u00f5es solid\u00e1rias sejam feitas de forma coordenada. \u201cQuem quiser ajudar, procure o nosso centro de acolhimento. Aqui temos equipes preparadas, que conhecem essa realidade e podem orientar para que a assist\u00eancia social seja feita de verdade, com ordem, cuidado e resultado\u201d, concluiu.<\/p>\n\n\n\n<p>A iniciativa reafirma a pol\u00edtica da Prefeitura de Manaus de colocar as pessoas no centro das decis\u00f5es, promovendo n\u00e3o apenas assist\u00eancia, mas dignidade, pertencimento e novas oportunidades para quem mais precisa.<\/p>\n\n\n\n<p>\u2014- \u2014- \u2014-<br><strong>Texto &#8211; <\/strong>Emanuelle Baires \/ Semcom-Prefeito<br><strong>Fotos &#8211; <\/strong>Dhyeizo Lemos \/ Semcom-Prefeito e Jo\u00e3o Viana \/ Semcom<br><strong>Dispon\u00edveis em &#8211;<\/strong><a href=\"https:\/\/flic.kr\/s\/aHBqjCEFy5\">https:\/\/flic.kr\/s\/aHBqjCEFy5<\/a><\/p>\n","protected":false},"excerpt":{"rendered":"","protected":false},"author":68,"featured_media":250156,"comment_status":"closed","ping_status":"closed","sticky":false,"template":"","format":"standard","meta":{"footnotes":""},"categories":[8875,834],"tags":[1743,18610,18611,18612,77],"acf":[],"yoast_head":"<!-- This site is optimized with the Yoast SEO plugin v23.0 - https:\/\/yoast.com\/wordpress\/plugins\/seo\/ -->\n<title>Prefeito participa de celebra\u00e7\u00e3o de Natal no Centro Pop<\/title>\n<meta name=\"description\" content=\"A manh\u00e3 desta quarta-feira, 24\/12, foi marcada por acolhimento, escuta e humanidade no Centro de Refer\u00eancia Especializado para Popula\u00e7\u00e3o em Situa\u00e7\u00e3o de Rua, no Centro.\" \/>\n<meta name=\"robots\" content=\"index, follow, max-snippet:-1, max-image-preview:large, max-video-preview:-1\" \/>\n<link rel=\"canonical\" href=\"https:\/\/www.manaus.am.gov.br\/semcom\/celebracao-de-natal-no-centro-pop\/\" \/>\n<meta property=\"og:locale\" content=\"pt_BR\" \/>\n<meta property=\"og:type\" content=\"article\" \/>\n<meta property=\"og:title\" content=\"Prefeito participa de celebra\u00e7\u00e3o de Natal no Centro Pop\" \/>\n<meta property=\"og:description\" content=\"A manh\u00e3 desta quarta-feira, 24\/12, foi marcada por acolhimento, escuta e humanidade no Centro de Refer\u00eancia Especializado para Popula\u00e7\u00e3o em Situa\u00e7\u00e3o de Rua, no Centro.\" \/>\n<meta property=\"og:url\" content=\"https:\/\/www.manaus.am.gov.br\/semcom\/celebracao-de-natal-no-centro-pop\/\" \/>\n<meta property=\"og:site_name\" content=\"SEMCOM\" \/>\n<meta property=\"article:published_time\" content=\"2025-12-24T15:56:17+00:00\" \/>\n<meta property=\"article:modified_time\" content=\"2025-12-24T15:56:19+00:00\" \/>\n<meta property=\"og:image\" content=\"https:\/\/www.manaus.am.gov.br\/semcom\/wp-content\/uploads\/sites\/5\/2025\/12\/55002949311_e1b46fcf54_c-1.jpg\" \/>\n\t<meta property=\"og:image:width\" content=\"799\" \/>\n\t<meta property=\"og:image:height\" content=\"533\" \/>\n\t<meta property=\"og:image:type\" content=\"image\/jpeg\" \/>\n<meta name=\"author\" content=\"bvalente\" \/>\n<meta name=\"twitter:card\" content=\"summary_large_image\" \/>\n<meta name=\"twitter:label1\" content=\"Written by\" \/>\n\t<meta name=\"twitter:data1\" content=\"bvalente\" \/>\n\t<meta name=\"twitter:label2\" content=\"Est. reading time\" \/>\n\t<meta name=\"twitter:data2\" content=\"4 minutos\" \/>\n<script type=\"application\/ld+json\" class=\"yoast-schema-graph\">{\"@context\":\"https:\/\/schema.org\",\"@graph\":[{\"@type\":\"WebPage\",\"@id\":\"https:\/\/www.manaus.am.gov.br\/semcom\/celebracao-de-natal-no-centro-pop\/\",\"url\":\"https:\/\/www.manaus.am.gov.br\/semcom\/celebracao-de-natal-no-centro-pop\/\",\"name\":\"Prefeito participa de celebra\u00e7\u00e3o de Natal no Centro Pop\",\"isPartOf\":{\"@id\":\"https:\/\/www.manaus.am.gov.br\/semcom\/#website\"},\"primaryImageOfPage\":{\"@id\":\"https:\/\/www.manaus.am.gov.br\/semcom\/celebracao-de-natal-no-centro-pop\/#primaryimage\"},\"image\":{\"@id\":\"https:\/\/www.manaus.am.gov.br\/semcom\/celebracao-de-natal-no-centro-pop\/#primaryimage\"},\"thumbnailUrl\":\"https:\/\/www.manaus.am.gov.br\/semcom\/wp-content\/uploads\/sites\/5\/2025\/12\/55002949311_e1b46fcf54_c-1.jpg\",\"datePublished\":\"2025-12-24T15:56:17+00:00\",\"dateModified\":\"2025-12-24T15:56:19+00:00\",\"author\":{\"@id\":\"https:\/\/www.manaus.am.gov.br\/semcom\/#\/schema\/person\/466a0e03ae4b6062809046bd560ac955\"},\"description\":\"A manh\u00e3 desta quarta-feira, 24\/12, foi marcada por acolhimento, escuta e humanidade no Centro de Refer\u00eancia Especializado para Popula\u00e7\u00e3o em Situa\u00e7\u00e3o de Rua, no Centro.\",\"inLanguage\":\"pt-BR\",\"potentialAction\":[{\"@type\":\"ReadAction\",\"target\":[\"https:\/\/www.manaus.am.gov.br\/semcom\/celebracao-de-natal-no-centro-pop\/\"]}]},{\"@type\":\"ImageObject\",\"inLanguage\":\"pt-BR\",\"@id\":\"https:\/\/www.manaus.am.gov.br\/semcom\/celebracao-de-natal-no-centro-pop\/#primaryimage\",\"url\":\"https:\/\/www.manaus.am.gov.br\/semcom\/wp-content\/uploads\/sites\/5\/2025\/12\/55002949311_e1b46fcf54_c-1.jpg\",\"contentUrl\":\"https:\/\/www.manaus.am.gov.br\/semcom\/wp-content\/uploads\/sites\/5\/2025\/12\/55002949311_e1b46fcf54_c-1.jpg\",\"width\":799,\"height\":533,\"caption\":\"#paratodosverem - Prefeito David Almeida, primeira-dama Izabelle Fontenelle e autoridades durante a\u00e7\u00e3o de Natal no Centro Pop\"},{\"@type\":\"WebSite\",\"@id\":\"https:\/\/www.manaus.am.gov.br\/semcom\/#website\",\"url\":\"https:\/\/www.manaus.am.gov.br\/semcom\/\",\"name\":\"SEMCOM\",\"description\":\"Secretaria Municipal de Comunica\u00e7\u00e3o\",\"potentialAction\":[{\"@type\":\"SearchAction\",\"target\":{\"@type\":\"EntryPoint\",\"urlTemplate\":\"https:\/\/www.manaus.am.gov.br\/semcom\/?s={search_term_string}\"},\"query-input\":\"required name=search_term_string\"}],\"inLanguage\":\"pt-BR\"},{\"@type\":\"Person\",\"@id\":\"https:\/\/www.manaus.am.gov.br\/semcom\/#\/schema\/person\/466a0e03ae4b6062809046bd560ac955\",\"name\":\"bvalente\",\"image\":{\"@type\":\"ImageObject\",\"inLanguage\":\"pt-BR\",\"@id\":\"https:\/\/www.manaus.am.gov.br\/semcom\/#\/schema\/person\/image\/\",\"url\":\"https:\/\/secure.gravatar.com\/avatar\/3e69bc2b014bdad41adfec3a39de07d2?s=96&d=mm&r=g\",\"contentUrl\":\"https:\/\/secure.gravatar.com\/avatar\/3e69bc2b014bdad41adfec3a39de07d2?s=96&d=mm&r=g\",\"caption\":\"bvalente\"}}]}<\/script>\n<!-- \/ Yoast SEO plugin. -->","yoast_head_json":{"title":"Prefeito participa de celebra\u00e7\u00e3o de Natal no Centro Pop","description":"A manh\u00e3 desta quarta-feira, 24\/12, foi marcada por acolhimento, escuta e humanidade no Centro de Refer\u00eancia Especializado para Popula\u00e7\u00e3o em Situa\u00e7\u00e3o de Rua, no Centro.","robots":{"index":"index","follow":"follow","max-snippet":"max-snippet:-1","max-image-preview":"max-image-preview:large","max-video-preview":"max-video-preview:-1"},"canonical":"https:\/\/www.manaus.am.gov.br\/semcom\/celebracao-de-natal-no-centro-pop\/","og_locale":"pt_BR","og_type":"article","og_title":"Prefeito participa de celebra\u00e7\u00e3o de Natal no Centro Pop","og_description":"A manh\u00e3 desta quarta-feira, 24\/12, foi marcada por acolhimento, escuta e humanidade no Centro de Refer\u00eancia Especializado para Popula\u00e7\u00e3o em Situa\u00e7\u00e3o de Rua, no Centro.","og_url":"https:\/\/www.manaus.am.gov.br\/semcom\/celebracao-de-natal-no-centro-pop\/","og_site_name":"SEMCOM","article_published_time":"2025-12-24T15:56:17+00:00","article_modified_time":"2025-12-24T15:56:19+00:00","og_image":[{"width":799,"height":533,"url":"https:\/\/www.manaus.am.gov.br\/semcom\/wp-content\/uploads\/sites\/5\/2025\/12\/55002949311_e1b46fcf54_c-1.jpg","type":"image\/jpeg"}],"author":"bvalente","twitter_card":"summary_large_image","twitter_misc":{"Written by":"bvalente","Est. reading time":"4 minutos"},"schema":{"@context":"https:\/\/schema.org","@graph":[{"@type":"WebPage","@id":"https:\/\/www.manaus.am.gov.br\/semcom\/celebracao-de-natal-no-centro-pop\/","url":"https:\/\/www.manaus.am.gov.br\/semcom\/celebracao-de-natal-no-centro-pop\/","name":"Prefeito participa de celebra\u00e7\u00e3o de Natal no Centro Pop","isPartOf":{"@id":"https:\/\/www.manaus.am.gov.br\/semcom\/#website"},"primaryImageOfPage":{"@id":"https:\/\/www.manaus.am.gov.br\/semcom\/celebracao-de-natal-no-centro-pop\/#primaryimage"},"image":{"@id":"https:\/\/www.manaus.am.gov.br\/semcom\/celebracao-de-natal-no-centro-pop\/#primaryimage"},"thumbnailUrl":"https:\/\/www.manaus.am.gov.br\/semcom\/wp-content\/uploads\/sites\/5\/2025\/12\/55002949311_e1b46fcf54_c-1.jpg","datePublished":"2025-12-24T15:56:17+00:00","dateModified":"2025-12-24T15:56:19+00:00","author":{"@id":"https:\/\/www.manaus.am.gov.br\/semcom\/#\/schema\/person\/466a0e03ae4b6062809046bd560ac955"},"description":"A manh\u00e3 desta quarta-feira, 24\/12, foi marcada por acolhimento, escuta e humanidade no Centro de Refer\u00eancia Especializado para Popula\u00e7\u00e3o em Situa\u00e7\u00e3o de Rua, no Centro.","inLanguage":"pt-BR","potentialAction":[{"@type":"ReadAction","target":["https:\/\/www.manaus.am.gov.br\/semcom\/celebracao-de-natal-no-centro-pop\/"]}]},{"@type":"ImageObject","inLanguage":"pt-BR","@id":"https:\/\/www.manaus.am.gov.br\/semcom\/celebracao-de-natal-no-centro-pop\/#primaryimage","url":"https:\/\/www.manaus.am.gov.br\/semcom\/wp-content\/uploads\/sites\/5\/2025\/12\/55002949311_e1b46fcf54_c-1.jpg","contentUrl":"https:\/\/www.manaus.am.gov.br\/semcom\/wp-content\/uploads\/sites\/5\/2025\/12\/55002949311_e1b46fcf54_c-1.jpg","width":799,"height":533,"caption":"#paratodosverem - Prefeito David Almeida, primeira-dama Izabelle Fontenelle e autoridades durante a\u00e7\u00e3o de Natal no Centro Pop"},{"@type":"WebSite","@id":"https:\/\/www.manaus.am.gov.br\/semcom\/#website","url":"https:\/\/www.manaus.am.gov.br\/semcom\/","name":"SEMCOM","description":"Secretaria Municipal de Comunica\u00e7\u00e3o","potentialAction":[{"@type":"SearchAction","target":{"@type":"EntryPoint","urlTemplate":"https:\/\/www.manaus.am.gov.br\/semcom\/?s={search_term_string}"},"query-input":"required name=search_term_string"}],"inLanguage":"pt-BR"},{"@type":"Person","@id":"https:\/\/www.manaus.am.gov.br\/semcom\/#\/schema\/person\/466a0e03ae4b6062809046bd560ac955","name":"bvalente","image":{"@type":"ImageObject","inLanguage":"pt-BR","@id":"https:\/\/www.manaus.am.gov.br\/semcom\/#\/schema\/person\/image\/","url":"https:\/\/secure.gravatar.com\/avatar\/3e69bc2b014bdad41adfec3a39de07d2?s=96&d=mm&r=g","contentUrl":"https:\/\/secure.gravatar.com\/avatar\/3e69bc2b014bdad41adfec3a39de07d2?s=96&d=mm&r=g","caption":"bvalente"}}]}},"_links":{"self":[{"href":"https:\/\/www.manaus.am.gov.br\/semcom\/wp-json\/wp\/v2\/posts\/250155"}],"collection":[{"href":"https:\/\/www.manaus.am.gov.br\/semcom\/wp-json\/wp\/v2\/posts"}],"about":[{"href":"https:\/\/www.manaus.am.gov.br\/semcom\/wp-json\/wp\/v2\/types\/post"}],"author":[{"embeddable":true,"href":"https:\/\/www.manaus.am.gov.br\/semcom\/wp-json\/wp\/v2\/users\/68"}],"replies":[{"embeddable":true,"href":"https:\/\/www.manaus.am.gov.br\/semcom\/wp-json\/wp\/v2\/comments?post=250155"}],"version-history":[{"count":0,"href":"https:\/\/www.manaus.am.gov.br\/semcom\/wp-json\/wp\/v2\/posts\/250155\/revisions"}],"wp:featuredmedia":[{"embeddable":true,"href":"https:\/\/www.manaus.am.gov.br\/semcom\/wp-json\/wp\/v2\/media\/250156"}],"wp:attachment":[{"href":"https:\/\/www.manaus.am.gov.br\/semcom\/wp-json\/wp\/v2\/media?parent=250155"}],"wp:term":[{"taxonomy":"category","embeddable":true,"href":"https:\/\/www.manaus.am.gov.br\/semcom\/wp-json\/wp\/v2\/categories?post=250155"},{"taxonomy":"post_tag","embeddable":true,"href":"https:\/\/www.manaus.am.gov.br\/semcom\/wp-json\/wp\/v2\/tags?post=250155"}],"curies":[{"name":"wp","href":"https:\/\/api.w.org\/{rel}","templated":true}]}}