{"id":250036,"date":"2025-12-21T13:18:49","date_gmt":"2025-12-21T16:18:49","guid":{"rendered":"https:\/\/www.manaus.am.gov.br\/semcom\/prefeitura-semasc-manauscidada-atendimentos2025\/"},"modified":"2025-12-22T15:43:16","modified_gmt":"2025-12-22T18:43:16","slug":"prefeitura-semasc-manaus-cidada-atendimentos2025","status":"publish","type":"post","link":"https:\/\/www.manaus.am.gov.br\/semcom\/prefeitura-semasc-manaus-cidada-atendimentos2025\/","title":{"rendered":"Prefeitura realiza 7\u00aa edi\u00e7\u00e3o do \u2018Manaus Cidad\u00e3\u2019 e encerra 2025 com mais de 120 mil atendimentos"},"content":{"rendered":"\n<p>A <a href=\"https:\/\/www.manaus.am.gov.br\">Prefeitura de Manaus<\/a>, por meio da Secretaria Municipal da Mulher, Assist\u00eancia Social e Cidadania (Semasc), realizou, no s\u00e1bado, 20\/12, a 7\u00aa e \u00faltima edi\u00e7\u00e3o de 2025 do mutir\u00e3o de servi\u00e7os \u201cManaus Cidad\u00e3\u201d. A a\u00e7\u00e3o aconteceu na <a href=\"https:\/\/manaus.cometahondamotocenter.com.br\/?gad_source=1&amp;gad_campaignid=22674721402&amp;gclid=EAIaIQobChMIiZbr0ezRkQMVt19IAB0CWjsvEAAYASAAEgKcF_D_BwE\">Cometa Honda Motocenter<\/a>, no bairro Flores, zona Centro-Sul. Foram realizados mais de 5.000 atendimentos, beneficiando quase 2.000 pessoas. Ao longo de 2025, o programa contabilizou aproximadamente 125 mil atendimentos, alcan\u00e7ando mais de 50 mil pessoas em sete edi\u00e7\u00f5es.<\/p>\n\n\n\n<p>Com o objetivo de ampliar o acesso da popula\u00e7\u00e3o a servi\u00e7os essenciais, a iniciativa ofertou atendimentos gratuitos em parceria com diversas secretarias municipais e institui\u00e7\u00f5es parceiras. Entre os servi\u00e7os disponibilizados estiveram inser\u00e7\u00e3o, atualiza\u00e7\u00e3o e orienta\u00e7\u00f5es sobre o Cadastro \u00danico (Cad\u00danico), consultas m\u00e9dicas, vacina\u00e7\u00e3o de rotina, atendimentos da \u00c1guas de Manaus, Amazonas Energia, Defensoria P\u00fablica, entre outros.<\/p>\n\n\n\n<p>\u201cEssa \u00faltima edi\u00e7\u00e3o foi muito marcante para n\u00f3s. Contamos com o apoio de um grupo parceiro que nos deu todo o suporte necess\u00e1rio, al\u00e9m das secretarias e \u00f3rg\u00e3os que sempre caminham conosco nas a\u00e7\u00f5es. Com essas parcerias, quem ganha \u00e9 a popula\u00e7\u00e3o, que passa a ter ainda mais acesso aos servi\u00e7os\u201d, destacou a diretora de \u00e1rea da Semasc, Ana Nascimento.<\/p>\n\n\n\n<p>Em parceria com o grupo Cometa Honda, a a\u00e7\u00e3o tamb\u00e9m contou com a doa\u00e7\u00e3o de cestas b\u00e1sicas e panetones para fam\u00edlias de baixa renda previamente inscritas, contribuindo para um Natal com mais dignidade e seguran\u00e7a alimentar.<\/p>\n\n\n\n<p>\u201cRealizamos o encerramento da nossa campanha \u2018Natal Solid\u00e1rio\u2019, e a parceria com o \u2018Manaus Cidad\u00e3\u2019 veio em um momento muito oportuno. Al\u00e9m de acessar os servi\u00e7os p\u00fablicos, a popula\u00e7\u00e3o p\u00f4de levar alimento para casa\u201d, ressaltou o gerente do grupo Cometa Honda, Agno Silva.<\/p>\n\n\n\n<p>Para a acad\u00eamica de enfermagem Relren Paula, a iniciativa facilita o acesso aos servi\u00e7os, especialmente para quem trabalha durante a semana. \u201cA a\u00e7\u00e3o \u00e9 muito importante, principalmente pelos atendimentos na \u00e1rea da sa\u00fade. Para quem trabalha de segunda a sexta, o s\u00e1bado \u00e9 a oportunidade de resolver pend\u00eancias, com servi\u00e7os gratuitos e concentrados em um s\u00f3 lugar\u201d, afirmou.<\/p>\n\n\n\n<p><strong>Mobilidade<\/strong><\/p>\n\n\n\n<p>Entre as secretarias na a\u00e7\u00e3o, o Instituto Municipal de Mobilidade Urbana (IMMU) atuou aproximando servi\u00e7os fundamentais de mobilidade e educa\u00e7\u00e3o da popula\u00e7\u00e3o. Entre os servi\u00e7os mais procurados estiveram a emiss\u00e3o imediata de credenciais de estacionamento para idosos e Pessoas com Defici\u00eancia (PcDs).&nbsp;<\/p>\n\n\n\n<p>O processo, desburocratizado para o evento, permitiu que os cidad\u00e3os sa\u00edssem do local com o documento em m\u00e3os. &#8220;Nosso objetivo \u00e9 facilitar o acesso aos direitos assegurados por lei. Ao trazer o atendimento para dentro do mutir\u00e3o, eliminamos barreiras geogr\u00e1ficas e garantimos que o idoso e as PcDs tenham sua credencial para utilizar as vagas especiais com dignidade e seguran\u00e7a&#8221;, destacou Jean Sobreiro, gerente de Atendimento Especial do IMMU.<\/p>\n\n\n\n<p>Al\u00e9m da emiss\u00e3o de documentos, o IMMU focou na orienta\u00e7\u00e3o sobre regras de tr\u00e2nsito. Crian\u00e7as e adolescentes participaram de atividades l\u00fadicas que simularam situa\u00e7\u00f5es cotidianas.&nbsp;<\/p>\n\n\n\n<p><strong>Sobre o programa<\/strong><\/p>\n\n\n\n<p>O \u201cManaus Cidad\u00e3\u201d consolida-se como uma das principais a\u00e7\u00f5es itinerantes de inclus\u00e3o social e garantia de direitos na capital amazonense, levando servi\u00e7os p\u00fablicos essenciais diretamente \u00e0s comunidades urbanas, rurais e ribeirinhas.<\/p>\n\n\n\n<p>A iniciativa re\u00fane mais de 30 \u00f3rg\u00e3os municipais e parceiros, mobilizando aproximadamente 300 servidores e ofertando mais de cem tipos de atendimentos nas \u00e1reas de assist\u00eancia social, cidadania, sa\u00fade, infraestrutura, emiss\u00e3o de documentos, Cad\u00danico, orienta\u00e7\u00e3o jur\u00eddica e servi\u00e7os das concession\u00e1rias. O formato itinerante amplia o alcance das pol\u00edticas p\u00fablicas, fortalece a presen\u00e7a do poder p\u00fablico nos territ\u00f3rios e assegura um atendimento humanizado, alinhado \u00e0s necessidades da popula\u00e7\u00e3o.<\/p>\n\n\n\n<p>\u2013 \u2013 \u2013&nbsp;<\/p>\n\n\n\n<p><strong>Texto<\/strong>&nbsp;&#8211; Syrrames Mendon\u00e7a \/ Semasc<\/p>\n\n\n\n<p><strong>Fotos<\/strong>&nbsp;&#8211;&nbsp; Valdo Le\u00e3o\/Semcom e Diego Lima \/ Semasc<\/p>\n\n\n\n<p><strong>Dispon\u00edveis em<\/strong>&nbsp;&#8211;&nbsp;<a href=\"https:\/\/flic.kr\/s\/aHBqjCEuWG\" target=\"_blank\" rel=\"noreferrer noopener\">https:\/\/flic.kr\/s\/aHBqjCEuWG<\/a><\/p>\n","protected":false},"excerpt":{"rendered":"","protected":false},"author":23,"featured_media":250037,"comment_status":"closed","ping_status":"closed","sticky":false,"template":"","format":"standard","meta":{"footnotes":""},"categories":[47],"tags":[1991,18575,1144,15618,77,153,897],"acf":[],"yoast_head":"<!-- This site is optimized with the Yoast SEO plugin v23.0 - https:\/\/yoast.com\/wordpress\/plugins\/seo\/ -->\n<title>Prefeitura realiza 7\u00aa edi\u00e7\u00e3o do \u2018Manaus Cidad\u00e3\u2019 com mais de 120 mil atendimentos em 2025<\/title>\n<meta name=\"description\" content=\"A Prefeitura de Manaus, por meio da Secretaria Municipal da Mulher, Assist\u00eancia Social e Cidadania (Semasc), realizou, no s\u00e1bado, 20\/12, a 7\u00aa e \u00faltima edi\u00e7\u00e3o de 2025 do mutir\u00e3o de servi\u00e7os \u201cManaus Cidad\u00e3\u201d.\" \/>\n<meta name=\"robots\" content=\"index, follow, max-snippet:-1, max-image-preview:large, max-video-preview:-1\" \/>\n<link rel=\"canonical\" href=\"https:\/\/www.manaus.am.gov.br\/semcom\/prefeitura-semasc-manauscidada-atendimentos2025\/\" \/>\n<meta property=\"og:locale\" content=\"pt_BR\" \/>\n<meta property=\"og:type\" content=\"article\" \/>\n<meta property=\"og:title\" content=\"Prefeitura realiza 7\u00aa edi\u00e7\u00e3o do \u2018Manaus Cidad\u00e3\u2019 com mais de 120 mil atendimentos em 2025\" \/>\n<meta property=\"og:description\" content=\"A Prefeitura de Manaus, por meio da Secretaria Municipal da Mulher, Assist\u00eancia Social e Cidadania (Semasc), realizou, no s\u00e1bado, 20\/12, a 7\u00aa e \u00faltima edi\u00e7\u00e3o de 2025 do mutir\u00e3o de servi\u00e7os \u201cManaus Cidad\u00e3\u201d.\" \/>\n<meta property=\"og:url\" content=\"https:\/\/www.manaus.am.gov.br\/semcom\/prefeitura-semasc-manauscidada-atendimentos2025\/\" \/>\n<meta property=\"og:site_name\" content=\"SEMCOM\" \/>\n<meta property=\"article:published_time\" content=\"2025-12-21T16:18:49+00:00\" \/>\n<meta property=\"article:modified_time\" content=\"2025-12-22T18:43:16+00:00\" \/>\n<meta property=\"og:image\" content=\"https:\/\/www.manaus.am.gov.br\/semcom\/wp-content\/uploads\/sites\/5\/2025\/12\/54995985244_f28173eb40_c.jpg\" \/>\n\t<meta property=\"og:image:width\" content=\"799\" \/>\n\t<meta property=\"og:image:height\" content=\"533\" \/>\n\t<meta property=\"og:image:type\" content=\"image\/jpeg\" \/>\n<meta name=\"author\" content=\"Adriana Costa\" \/>\n<meta name=\"twitter:card\" content=\"summary_large_image\" \/>\n<meta name=\"twitter:label1\" content=\"Written by\" \/>\n\t<meta name=\"twitter:data1\" content=\"Adriana Costa\" \/>\n\t<meta name=\"twitter:label2\" content=\"Est. reading time\" \/>\n\t<meta name=\"twitter:data2\" content=\"4 minutos\" \/>\n<script type=\"application\/ld+json\" class=\"yoast-schema-graph\">{\"@context\":\"https:\/\/schema.org\",\"@graph\":[{\"@type\":\"WebPage\",\"@id\":\"https:\/\/www.manaus.am.gov.br\/semcom\/prefeitura-semasc-manauscidada-atendimentos2025\/\",\"url\":\"https:\/\/www.manaus.am.gov.br\/semcom\/prefeitura-semasc-manauscidada-atendimentos2025\/\",\"name\":\"Prefeitura realiza 7\u00aa edi\u00e7\u00e3o do \u2018Manaus Cidad\u00e3\u2019 com mais de 120 mil atendimentos em 2025\",\"isPartOf\":{\"@id\":\"https:\/\/www.manaus.am.gov.br\/semcom\/#website\"},\"primaryImageOfPage\":{\"@id\":\"https:\/\/www.manaus.am.gov.br\/semcom\/prefeitura-semasc-manauscidada-atendimentos2025\/#primaryimage\"},\"image\":{\"@id\":\"https:\/\/www.manaus.am.gov.br\/semcom\/prefeitura-semasc-manauscidada-atendimentos2025\/#primaryimage\"},\"thumbnailUrl\":\"https:\/\/www.manaus.am.gov.br\/semcom\/wp-content\/uploads\/sites\/5\/2025\/12\/54995985244_f28173eb40_c.jpg\",\"datePublished\":\"2025-12-21T16:18:49+00:00\",\"dateModified\":\"2025-12-22T18:43:16+00:00\",\"author\":{\"@id\":\"https:\/\/www.manaus.am.gov.br\/semcom\/#\/schema\/person\/4e49f4e267757a06ca072ec61b2b9968\"},\"description\":\"A Prefeitura de Manaus, por meio da Secretaria Municipal da Mulher, Assist\u00eancia Social e Cidadania (Semasc), realizou, no s\u00e1bado, 20\/12, a 7\u00aa e \u00faltima edi\u00e7\u00e3o de 2025 do mutir\u00e3o de servi\u00e7os \u201cManaus Cidad\u00e3\u201d.\",\"inLanguage\":\"pt-BR\",\"potentialAction\":[{\"@type\":\"ReadAction\",\"target\":[\"https:\/\/www.manaus.am.gov.br\/semcom\/prefeitura-semasc-manauscidada-atendimentos2025\/\"]}]},{\"@type\":\"ImageObject\",\"inLanguage\":\"pt-BR\",\"@id\":\"https:\/\/www.manaus.am.gov.br\/semcom\/prefeitura-semasc-manauscidada-atendimentos2025\/#primaryimage\",\"url\":\"https:\/\/www.manaus.am.gov.br\/semcom\/wp-content\/uploads\/sites\/5\/2025\/12\/54995985244_f28173eb40_c.jpg\",\"contentUrl\":\"https:\/\/www.manaus.am.gov.br\/semcom\/wp-content\/uploads\/sites\/5\/2025\/12\/54995985244_f28173eb40_c.jpg\",\"width\":799,\"height\":533,\"caption\":\"#paratodosverem - Atendimento \u00e0 popula\u00e7\u00e3o na 7\u00aa e \u00faltima edi\u00e7\u00e3o do programa \\\"Manaus Cidad\u00e3\\\"\"},{\"@type\":\"WebSite\",\"@id\":\"https:\/\/www.manaus.am.gov.br\/semcom\/#website\",\"url\":\"https:\/\/www.manaus.am.gov.br\/semcom\/\",\"name\":\"SEMCOM\",\"description\":\"Secretaria Municipal de Comunica\u00e7\u00e3o\",\"potentialAction\":[{\"@type\":\"SearchAction\",\"target\":{\"@type\":\"EntryPoint\",\"urlTemplate\":\"https:\/\/www.manaus.am.gov.br\/semcom\/?s={search_term_string}\"},\"query-input\":\"required name=search_term_string\"}],\"inLanguage\":\"pt-BR\"},{\"@type\":\"Person\",\"@id\":\"https:\/\/www.manaus.am.gov.br\/semcom\/#\/schema\/person\/4e49f4e267757a06ca072ec61b2b9968\",\"name\":\"Adriana Costa\",\"image\":{\"@type\":\"ImageObject\",\"inLanguage\":\"pt-BR\",\"@id\":\"https:\/\/www.manaus.am.gov.br\/semcom\/#\/schema\/person\/image\/\",\"url\":\"https:\/\/secure.gravatar.com\/avatar\/576258617ef7194f718179e766d57bd4?s=96&d=mm&r=g\",\"contentUrl\":\"https:\/\/secure.gravatar.com\/avatar\/576258617ef7194f718179e766d57bd4?s=96&d=mm&r=g\",\"caption\":\"Adriana Costa\"}}]}<\/script>\n<!-- \/ Yoast SEO plugin. -->","yoast_head_json":{"title":"Prefeitura realiza 7\u00aa edi\u00e7\u00e3o do \u2018Manaus Cidad\u00e3\u2019 com mais de 120 mil atendimentos em 2025","description":"A Prefeitura de Manaus, por meio da Secretaria Municipal da Mulher, Assist\u00eancia Social e Cidadania (Semasc), realizou, no s\u00e1bado, 20\/12, a 7\u00aa e \u00faltima edi\u00e7\u00e3o de 2025 do mutir\u00e3o de servi\u00e7os \u201cManaus Cidad\u00e3\u201d.","robots":{"index":"index","follow":"follow","max-snippet":"max-snippet:-1","max-image-preview":"max-image-preview:large","max-video-preview":"max-video-preview:-1"},"canonical":"https:\/\/www.manaus.am.gov.br\/semcom\/prefeitura-semasc-manauscidada-atendimentos2025\/","og_locale":"pt_BR","og_type":"article","og_title":"Prefeitura realiza 7\u00aa edi\u00e7\u00e3o do \u2018Manaus Cidad\u00e3\u2019 com mais de 120 mil atendimentos em 2025","og_description":"A Prefeitura de Manaus, por meio da Secretaria Municipal da Mulher, Assist\u00eancia Social e Cidadania (Semasc), realizou, no s\u00e1bado, 20\/12, a 7\u00aa e \u00faltima edi\u00e7\u00e3o de 2025 do mutir\u00e3o de servi\u00e7os \u201cManaus Cidad\u00e3\u201d.","og_url":"https:\/\/www.manaus.am.gov.br\/semcom\/prefeitura-semasc-manauscidada-atendimentos2025\/","og_site_name":"SEMCOM","article_published_time":"2025-12-21T16:18:49+00:00","article_modified_time":"2025-12-22T18:43:16+00:00","og_image":[{"width":799,"height":533,"url":"https:\/\/www.manaus.am.gov.br\/semcom\/wp-content\/uploads\/sites\/5\/2025\/12\/54995985244_f28173eb40_c.jpg","type":"image\/jpeg"}],"author":"Adriana Costa","twitter_card":"summary_large_image","twitter_misc":{"Written by":"Adriana Costa","Est. reading time":"4 minutos"},"schema":{"@context":"https:\/\/schema.org","@graph":[{"@type":"WebPage","@id":"https:\/\/www.manaus.am.gov.br\/semcom\/prefeitura-semasc-manauscidada-atendimentos2025\/","url":"https:\/\/www.manaus.am.gov.br\/semcom\/prefeitura-semasc-manauscidada-atendimentos2025\/","name":"Prefeitura realiza 7\u00aa edi\u00e7\u00e3o do \u2018Manaus Cidad\u00e3\u2019 com mais de 120 mil atendimentos em 2025","isPartOf":{"@id":"https:\/\/www.manaus.am.gov.br\/semcom\/#website"},"primaryImageOfPage":{"@id":"https:\/\/www.manaus.am.gov.br\/semcom\/prefeitura-semasc-manauscidada-atendimentos2025\/#primaryimage"},"image":{"@id":"https:\/\/www.manaus.am.gov.br\/semcom\/prefeitura-semasc-manauscidada-atendimentos2025\/#primaryimage"},"thumbnailUrl":"https:\/\/www.manaus.am.gov.br\/semcom\/wp-content\/uploads\/sites\/5\/2025\/12\/54995985244_f28173eb40_c.jpg","datePublished":"2025-12-21T16:18:49+00:00","dateModified":"2025-12-22T18:43:16+00:00","author":{"@id":"https:\/\/www.manaus.am.gov.br\/semcom\/#\/schema\/person\/4e49f4e267757a06ca072ec61b2b9968"},"description":"A Prefeitura de Manaus, por meio da Secretaria Municipal da Mulher, Assist\u00eancia Social e Cidadania (Semasc), realizou, no s\u00e1bado, 20\/12, a 7\u00aa e \u00faltima edi\u00e7\u00e3o de 2025 do mutir\u00e3o de servi\u00e7os \u201cManaus Cidad\u00e3\u201d.","inLanguage":"pt-BR","potentialAction":[{"@type":"ReadAction","target":["https:\/\/www.manaus.am.gov.br\/semcom\/prefeitura-semasc-manauscidada-atendimentos2025\/"]}]},{"@type":"ImageObject","inLanguage":"pt-BR","@id":"https:\/\/www.manaus.am.gov.br\/semcom\/prefeitura-semasc-manauscidada-atendimentos2025\/#primaryimage","url":"https:\/\/www.manaus.am.gov.br\/semcom\/wp-content\/uploads\/sites\/5\/2025\/12\/54995985244_f28173eb40_c.jpg","contentUrl":"https:\/\/www.manaus.am.gov.br\/semcom\/wp-content\/uploads\/sites\/5\/2025\/12\/54995985244_f28173eb40_c.jpg","width":799,"height":533,"caption":"#paratodosverem - Atendimento \u00e0 popula\u00e7\u00e3o na 7\u00aa e \u00faltima edi\u00e7\u00e3o do programa \"Manaus Cidad\u00e3\""},{"@type":"WebSite","@id":"https:\/\/www.manaus.am.gov.br\/semcom\/#website","url":"https:\/\/www.manaus.am.gov.br\/semcom\/","name":"SEMCOM","description":"Secretaria Municipal de Comunica\u00e7\u00e3o","potentialAction":[{"@type":"SearchAction","target":{"@type":"EntryPoint","urlTemplate":"https:\/\/www.manaus.am.gov.br\/semcom\/?s={search_term_string}"},"query-input":"required name=search_term_string"}],"inLanguage":"pt-BR"},{"@type":"Person","@id":"https:\/\/www.manaus.am.gov.br\/semcom\/#\/schema\/person\/4e49f4e267757a06ca072ec61b2b9968","name":"Adriana Costa","image":{"@type":"ImageObject","inLanguage":"pt-BR","@id":"https:\/\/www.manaus.am.gov.br\/semcom\/#\/schema\/person\/image\/","url":"https:\/\/secure.gravatar.com\/avatar\/576258617ef7194f718179e766d57bd4?s=96&d=mm&r=g","contentUrl":"https:\/\/secure.gravatar.com\/avatar\/576258617ef7194f718179e766d57bd4?s=96&d=mm&r=g","caption":"Adriana Costa"}}]}},"_links":{"self":[{"href":"https:\/\/www.manaus.am.gov.br\/semcom\/wp-json\/wp\/v2\/posts\/250036"}],"collection":[{"href":"https:\/\/www.manaus.am.gov.br\/semcom\/wp-json\/wp\/v2\/posts"}],"about":[{"href":"https:\/\/www.manaus.am.gov.br\/semcom\/wp-json\/wp\/v2\/types\/post"}],"author":[{"embeddable":true,"href":"https:\/\/www.manaus.am.gov.br\/semcom\/wp-json\/wp\/v2\/users\/23"}],"replies":[{"embeddable":true,"href":"https:\/\/www.manaus.am.gov.br\/semcom\/wp-json\/wp\/v2\/comments?post=250036"}],"version-history":[{"count":4,"href":"https:\/\/www.manaus.am.gov.br\/semcom\/wp-json\/wp\/v2\/posts\/250036\/revisions"}],"predecessor-version":[{"id":250056,"href":"https:\/\/www.manaus.am.gov.br\/semcom\/wp-json\/wp\/v2\/posts\/250036\/revisions\/250056"}],"wp:featuredmedia":[{"embeddable":true,"href":"https:\/\/www.manaus.am.gov.br\/semcom\/wp-json\/wp\/v2\/media\/250037"}],"wp:attachment":[{"href":"https:\/\/www.manaus.am.gov.br\/semcom\/wp-json\/wp\/v2\/media?parent=250036"}],"wp:term":[{"taxonomy":"category","embeddable":true,"href":"https:\/\/www.manaus.am.gov.br\/semcom\/wp-json\/wp\/v2\/categories?post=250036"},{"taxonomy":"post_tag","embeddable":true,"href":"https:\/\/www.manaus.am.gov.br\/semcom\/wp-json\/wp\/v2\/tags?post=250036"}],"curies":[{"name":"wp","href":"https:\/\/api.w.org\/{rel}","templated":true}]}}