{"id":250032,"date":"2025-12-21T10:20:35","date_gmt":"2025-12-21T13:20:35","guid":{"rendered":"https:\/\/www.manaus.am.gov.br\/semcom\/prefeitura-fdt-natalcaboclo\/"},"modified":"2025-12-22T15:27:26","modified_gmt":"2025-12-22T18:27:26","slug":"prefeitura-fdt-natal-caboclo","status":"publish","type":"post","link":"https:\/\/www.manaus.am.gov.br\/semcom\/prefeitura-fdt-natal-caboclo\/","title":{"rendered":"Mais de mil pessoas prestigiam espet\u00e1culo \u2018Natal Caboclo\u2019 no Parque Municipal do Idoso"},"content":{"rendered":"\n<p>A <a href=\"https:\/\/www.manaus.am.gov.br\">Prefeitura de Manaus<\/a>, por meio da Funda\u00e7\u00e3o de Apoio ao Idoso Dr. Thomas (FDT), promoveu, no s\u00e1bado, 20\/12, no Parque Municipal do Idoso (PMI), na zona Centro-Sul, o espet\u00e1culo \u201cNatal Caboclo\u201d, que reuniu mais de mil pessoas em uma celebra\u00e7\u00e3o natalina marcada pela f\u00e9, emo\u00e7\u00e3o e valoriza\u00e7\u00e3o da cultura amaz\u00f4nica.<\/p>\n\n\n\n<p>A programa\u00e7\u00e3o contou com a participa\u00e7\u00e3o de aproximadamente 300 pessoas, entre idosos residentes da Funda\u00e7\u00e3o Dr. Thomas, frequentadores do PMI e servidores da FDT. O espet\u00e1culo \u201cNatal Caboclo\u201d apresentou uma releitura do Natal a partir do regionalismo caboclo, com apresenta\u00e7\u00f5es art\u00edsticas e musicais inspiradas nas tradi\u00e7\u00f5es, s\u00edmbolos e express\u00f5es culturais da Amaz\u00f4nia, proporcionando momentos de integra\u00e7\u00e3o, emo\u00e7\u00e3o e conviv\u00eancia entre o p\u00fablico presente.<\/p>\n\n\n\n<p>O presidente da Funda\u00e7\u00e3o Dr. Thomas, Eduardo Lucas, destacou o papel da iniciativa no fortalecimento da identidade cultural e no cuidado com a pessoa idosa. \u201cO \u2018Natal Caboclo\u2019 \u00e9 mais do que um espet\u00e1culo, \u00e9 uma celebra\u00e7\u00e3o da nossa identidade amaz\u00f4nica e do respeito \u00e0 pessoa idosa. \u00c9 um momento de f\u00e9, emo\u00e7\u00e3o e acolhimento, que refor\u00e7a o compromisso da gest\u00e3o do prefeito David Almeida com a valoriza\u00e7\u00e3o da cultura e a promo\u00e7\u00e3o da qualidade de vida, da dignidade e do bem-estar dos nossos idosos e idosas\u201d, afirmou o presidente.<\/p>\n\n\n\n<p>A a\u00e7\u00e3o integra o calend\u00e1rio de atividades da Funda\u00e7\u00e3o Dr. Thomas e refor\u00e7a o compromisso da gest\u00e3o municipal com a promo\u00e7\u00e3o da cultura, o fortalecimento da identidade regional e o cuidado integral com a pessoa idosa, por meio de pol\u00edticas p\u00fablicas voltadas ao envelhecimento ativo e ao bem-estar f\u00edsico, emocional e social.<\/p>\n\n\n\n<p>Gratuito e aberto ao p\u00fablico, o evento consolidou o Parque Municipal do Idoso como um espa\u00e7o de conviv\u00eancia, inclus\u00e3o e celebra\u00e7\u00e3o da vida.<\/p>\n\n\n\n<p>&#8212; &#8212; &#8212;<\/p>\n\n\n\n<p><strong>Texto<\/strong> &#8211; F\u00e1bio Sim\u00f5es\/FDT<\/p>\n\n\n\n<p><strong>Fotos<\/strong> \u2013 Cl\u00f3vis Miranda\/Semcom<\/p>\n\n\n\n<p><strong>Dispon\u00edveis em<\/strong> &#8211; <a href=\"https:\/\/flic.kr\/s\/aHBqjCEm5p\">https:\/\/flic.kr\/s\/aHBqjCEm5p<\/a><\/p>\n","protected":false},"excerpt":{"rendered":"","protected":false},"author":23,"featured_media":250033,"comment_status":"closed","ping_status":"closed","sticky":false,"template":"","format":"standard","meta":{"footnotes":""},"categories":[1884],"tags":[9465,935,18574,429,77],"acf":[],"yoast_head":"<!-- This site is optimized with the Yoast SEO plugin v23.0 - https:\/\/yoast.com\/wordpress\/plugins\/seo\/ -->\n<title>Mais de mil pessoas prestigiam espet\u00e1culo \u2018Natal Caboclo\u2019 no Parque Municipal do Idoso<\/title>\n<meta name=\"description\" content=\"A Prefeitura de Manaus, por meio da Funda\u00e7\u00e3o de Apoio ao Idoso Dr. Thomas (FDT), promoveu, no s\u00e1bado, 20\/12, no Parque Municipal do Idoso (PMI), na zona Centro-Sul, o espet\u00e1culo \u201cNatal Caboclo\u201d, que reuniu mais de mil pessoas em uma celebra\u00e7\u00e3o natalina marcada pela f\u00e9, emo\u00e7\u00e3o e valoriza\u00e7\u00e3o da cultura amaz\u00f4nica.\" \/>\n<meta name=\"robots\" content=\"index, follow, max-snippet:-1, max-image-preview:large, max-video-preview:-1\" \/>\n<link rel=\"canonical\" href=\"https:\/\/www.manaus.am.gov.br\/semcom\/prefeitura-fdt-natalcaboclo\/\" \/>\n<meta property=\"og:locale\" content=\"pt_BR\" \/>\n<meta property=\"og:type\" content=\"article\" \/>\n<meta property=\"og:title\" content=\"Mais de mil pessoas prestigiam espet\u00e1culo \u2018Natal Caboclo\u2019 no Parque Municipal do Idoso\" \/>\n<meta property=\"og:description\" content=\"A Prefeitura de Manaus, por meio da Funda\u00e7\u00e3o de Apoio ao Idoso Dr. Thomas (FDT), promoveu, no s\u00e1bado, 20\/12, no Parque Municipal do Idoso (PMI), na zona Centro-Sul, o espet\u00e1culo \u201cNatal Caboclo\u201d, que reuniu mais de mil pessoas em uma celebra\u00e7\u00e3o natalina marcada pela f\u00e9, emo\u00e7\u00e3o e valoriza\u00e7\u00e3o da cultura amaz\u00f4nica.\" \/>\n<meta property=\"og:url\" content=\"https:\/\/www.manaus.am.gov.br\/semcom\/prefeitura-fdt-natalcaboclo\/\" \/>\n<meta property=\"og:site_name\" content=\"SEMCOM\" \/>\n<meta property=\"article:published_time\" content=\"2025-12-21T13:20:35+00:00\" \/>\n<meta property=\"article:modified_time\" content=\"2025-12-22T18:27:26+00:00\" \/>\n<meta property=\"og:image\" content=\"https:\/\/www.manaus.am.gov.br\/semcom\/wp-content\/uploads\/sites\/5\/2025\/12\/54996632333_1939da680b_c.jpg\" \/>\n\t<meta property=\"og:image:width\" content=\"799\" \/>\n\t<meta property=\"og:image:height\" content=\"533\" \/>\n\t<meta property=\"og:image:type\" content=\"image\/jpeg\" \/>\n<meta name=\"author\" content=\"Adriana Costa\" \/>\n<meta name=\"twitter:card\" content=\"summary_large_image\" \/>\n<meta name=\"twitter:label1\" content=\"Written by\" \/>\n\t<meta name=\"twitter:data1\" content=\"Adriana Costa\" \/>\n\t<meta name=\"twitter:label2\" content=\"Est. reading time\" \/>\n\t<meta name=\"twitter:data2\" content=\"2 minutos\" \/>\n<script type=\"application\/ld+json\" class=\"yoast-schema-graph\">{\"@context\":\"https:\/\/schema.org\",\"@graph\":[{\"@type\":\"WebPage\",\"@id\":\"https:\/\/www.manaus.am.gov.br\/semcom\/prefeitura-fdt-natalcaboclo\/\",\"url\":\"https:\/\/www.manaus.am.gov.br\/semcom\/prefeitura-fdt-natalcaboclo\/\",\"name\":\"Mais de mil pessoas prestigiam espet\u00e1culo \u2018Natal Caboclo\u2019 no Parque Municipal do Idoso\",\"isPartOf\":{\"@id\":\"https:\/\/www.manaus.am.gov.br\/semcom\/#website\"},\"primaryImageOfPage\":{\"@id\":\"https:\/\/www.manaus.am.gov.br\/semcom\/prefeitura-fdt-natalcaboclo\/#primaryimage\"},\"image\":{\"@id\":\"https:\/\/www.manaus.am.gov.br\/semcom\/prefeitura-fdt-natalcaboclo\/#primaryimage\"},\"thumbnailUrl\":\"https:\/\/www.manaus.am.gov.br\/semcom\/wp-content\/uploads\/sites\/5\/2025\/12\/54996632333_1939da680b_c.jpg\",\"datePublished\":\"2025-12-21T13:20:35+00:00\",\"dateModified\":\"2025-12-22T18:27:26+00:00\",\"author\":{\"@id\":\"https:\/\/www.manaus.am.gov.br\/semcom\/#\/schema\/person\/4e49f4e267757a06ca072ec61b2b9968\"},\"description\":\"A Prefeitura de Manaus, por meio da Funda\u00e7\u00e3o de Apoio ao Idoso Dr. Thomas (FDT), promoveu, no s\u00e1bado, 20\/12, no Parque Municipal do Idoso (PMI), na zona Centro-Sul, o espet\u00e1culo \u201cNatal Caboclo\u201d, que reuniu mais de mil pessoas em uma celebra\u00e7\u00e3o natalina marcada pela f\u00e9, emo\u00e7\u00e3o e valoriza\u00e7\u00e3o da cultura amaz\u00f4nica.\",\"inLanguage\":\"pt-BR\",\"potentialAction\":[{\"@type\":\"ReadAction\",\"target\":[\"https:\/\/www.manaus.am.gov.br\/semcom\/prefeitura-fdt-natalcaboclo\/\"]}]},{\"@type\":\"ImageObject\",\"inLanguage\":\"pt-BR\",\"@id\":\"https:\/\/www.manaus.am.gov.br\/semcom\/prefeitura-fdt-natalcaboclo\/#primaryimage\",\"url\":\"https:\/\/www.manaus.am.gov.br\/semcom\/wp-content\/uploads\/sites\/5\/2025\/12\/54996632333_1939da680b_c.jpg\",\"contentUrl\":\"https:\/\/www.manaus.am.gov.br\/semcom\/wp-content\/uploads\/sites\/5\/2025\/12\/54996632333_1939da680b_c.jpg\",\"width\":799,\"height\":533,\"caption\":\"#paratodosverem - Espet\u00e1culo do \\\"Natal Caboclo\\\", com a apresenta\u00e7\u00e3o de idosos e servidores da FDT, assim como frequentadores da PMI\"},{\"@type\":\"WebSite\",\"@id\":\"https:\/\/www.manaus.am.gov.br\/semcom\/#website\",\"url\":\"https:\/\/www.manaus.am.gov.br\/semcom\/\",\"name\":\"SEMCOM\",\"description\":\"Secretaria Municipal de Comunica\u00e7\u00e3o\",\"potentialAction\":[{\"@type\":\"SearchAction\",\"target\":{\"@type\":\"EntryPoint\",\"urlTemplate\":\"https:\/\/www.manaus.am.gov.br\/semcom\/?s={search_term_string}\"},\"query-input\":\"required name=search_term_string\"}],\"inLanguage\":\"pt-BR\"},{\"@type\":\"Person\",\"@id\":\"https:\/\/www.manaus.am.gov.br\/semcom\/#\/schema\/person\/4e49f4e267757a06ca072ec61b2b9968\",\"name\":\"Adriana Costa\",\"image\":{\"@type\":\"ImageObject\",\"inLanguage\":\"pt-BR\",\"@id\":\"https:\/\/www.manaus.am.gov.br\/semcom\/#\/schema\/person\/image\/\",\"url\":\"https:\/\/secure.gravatar.com\/avatar\/576258617ef7194f718179e766d57bd4?s=96&d=mm&r=g\",\"contentUrl\":\"https:\/\/secure.gravatar.com\/avatar\/576258617ef7194f718179e766d57bd4?s=96&d=mm&r=g\",\"caption\":\"Adriana Costa\"}}]}<\/script>\n<!-- \/ Yoast SEO plugin. -->","yoast_head_json":{"title":"Mais de mil pessoas prestigiam espet\u00e1culo \u2018Natal Caboclo\u2019 no Parque Municipal do Idoso","description":"A Prefeitura de Manaus, por meio da Funda\u00e7\u00e3o de Apoio ao Idoso Dr. Thomas (FDT), promoveu, no s\u00e1bado, 20\/12, no Parque Municipal do Idoso (PMI), na zona Centro-Sul, o espet\u00e1culo \u201cNatal Caboclo\u201d, que reuniu mais de mil pessoas em uma celebra\u00e7\u00e3o natalina marcada pela f\u00e9, emo\u00e7\u00e3o e valoriza\u00e7\u00e3o da cultura amaz\u00f4nica.","robots":{"index":"index","follow":"follow","max-snippet":"max-snippet:-1","max-image-preview":"max-image-preview:large","max-video-preview":"max-video-preview:-1"},"canonical":"https:\/\/www.manaus.am.gov.br\/semcom\/prefeitura-fdt-natalcaboclo\/","og_locale":"pt_BR","og_type":"article","og_title":"Mais de mil pessoas prestigiam espet\u00e1culo \u2018Natal Caboclo\u2019 no Parque Municipal do Idoso","og_description":"A Prefeitura de Manaus, por meio da Funda\u00e7\u00e3o de Apoio ao Idoso Dr. Thomas (FDT), promoveu, no s\u00e1bado, 20\/12, no Parque Municipal do Idoso (PMI), na zona Centro-Sul, o espet\u00e1culo \u201cNatal Caboclo\u201d, que reuniu mais de mil pessoas em uma celebra\u00e7\u00e3o natalina marcada pela f\u00e9, emo\u00e7\u00e3o e valoriza\u00e7\u00e3o da cultura amaz\u00f4nica.","og_url":"https:\/\/www.manaus.am.gov.br\/semcom\/prefeitura-fdt-natalcaboclo\/","og_site_name":"SEMCOM","article_published_time":"2025-12-21T13:20:35+00:00","article_modified_time":"2025-12-22T18:27:26+00:00","og_image":[{"width":799,"height":533,"url":"https:\/\/www.manaus.am.gov.br\/semcom\/wp-content\/uploads\/sites\/5\/2025\/12\/54996632333_1939da680b_c.jpg","type":"image\/jpeg"}],"author":"Adriana Costa","twitter_card":"summary_large_image","twitter_misc":{"Written by":"Adriana Costa","Est. reading time":"2 minutos"},"schema":{"@context":"https:\/\/schema.org","@graph":[{"@type":"WebPage","@id":"https:\/\/www.manaus.am.gov.br\/semcom\/prefeitura-fdt-natalcaboclo\/","url":"https:\/\/www.manaus.am.gov.br\/semcom\/prefeitura-fdt-natalcaboclo\/","name":"Mais de mil pessoas prestigiam espet\u00e1culo \u2018Natal Caboclo\u2019 no Parque Municipal do Idoso","isPartOf":{"@id":"https:\/\/www.manaus.am.gov.br\/semcom\/#website"},"primaryImageOfPage":{"@id":"https:\/\/www.manaus.am.gov.br\/semcom\/prefeitura-fdt-natalcaboclo\/#primaryimage"},"image":{"@id":"https:\/\/www.manaus.am.gov.br\/semcom\/prefeitura-fdt-natalcaboclo\/#primaryimage"},"thumbnailUrl":"https:\/\/www.manaus.am.gov.br\/semcom\/wp-content\/uploads\/sites\/5\/2025\/12\/54996632333_1939da680b_c.jpg","datePublished":"2025-12-21T13:20:35+00:00","dateModified":"2025-12-22T18:27:26+00:00","author":{"@id":"https:\/\/www.manaus.am.gov.br\/semcom\/#\/schema\/person\/4e49f4e267757a06ca072ec61b2b9968"},"description":"A Prefeitura de Manaus, por meio da Funda\u00e7\u00e3o de Apoio ao Idoso Dr. Thomas (FDT), promoveu, no s\u00e1bado, 20\/12, no Parque Municipal do Idoso (PMI), na zona Centro-Sul, o espet\u00e1culo \u201cNatal Caboclo\u201d, que reuniu mais de mil pessoas em uma celebra\u00e7\u00e3o natalina marcada pela f\u00e9, emo\u00e7\u00e3o e valoriza\u00e7\u00e3o da cultura amaz\u00f4nica.","inLanguage":"pt-BR","potentialAction":[{"@type":"ReadAction","target":["https:\/\/www.manaus.am.gov.br\/semcom\/prefeitura-fdt-natalcaboclo\/"]}]},{"@type":"ImageObject","inLanguage":"pt-BR","@id":"https:\/\/www.manaus.am.gov.br\/semcom\/prefeitura-fdt-natalcaboclo\/#primaryimage","url":"https:\/\/www.manaus.am.gov.br\/semcom\/wp-content\/uploads\/sites\/5\/2025\/12\/54996632333_1939da680b_c.jpg","contentUrl":"https:\/\/www.manaus.am.gov.br\/semcom\/wp-content\/uploads\/sites\/5\/2025\/12\/54996632333_1939da680b_c.jpg","width":799,"height":533,"caption":"#paratodosverem - Espet\u00e1culo do \"Natal Caboclo\", com a apresenta\u00e7\u00e3o de idosos e servidores da FDT, assim como frequentadores da PMI"},{"@type":"WebSite","@id":"https:\/\/www.manaus.am.gov.br\/semcom\/#website","url":"https:\/\/www.manaus.am.gov.br\/semcom\/","name":"SEMCOM","description":"Secretaria Municipal de Comunica\u00e7\u00e3o","potentialAction":[{"@type":"SearchAction","target":{"@type":"EntryPoint","urlTemplate":"https:\/\/www.manaus.am.gov.br\/semcom\/?s={search_term_string}"},"query-input":"required name=search_term_string"}],"inLanguage":"pt-BR"},{"@type":"Person","@id":"https:\/\/www.manaus.am.gov.br\/semcom\/#\/schema\/person\/4e49f4e267757a06ca072ec61b2b9968","name":"Adriana Costa","image":{"@type":"ImageObject","inLanguage":"pt-BR","@id":"https:\/\/www.manaus.am.gov.br\/semcom\/#\/schema\/person\/image\/","url":"https:\/\/secure.gravatar.com\/avatar\/576258617ef7194f718179e766d57bd4?s=96&d=mm&r=g","contentUrl":"https:\/\/secure.gravatar.com\/avatar\/576258617ef7194f718179e766d57bd4?s=96&d=mm&r=g","caption":"Adriana Costa"}}]}},"_links":{"self":[{"href":"https:\/\/www.manaus.am.gov.br\/semcom\/wp-json\/wp\/v2\/posts\/250032"}],"collection":[{"href":"https:\/\/www.manaus.am.gov.br\/semcom\/wp-json\/wp\/v2\/posts"}],"about":[{"href":"https:\/\/www.manaus.am.gov.br\/semcom\/wp-json\/wp\/v2\/types\/post"}],"author":[{"embeddable":true,"href":"https:\/\/www.manaus.am.gov.br\/semcom\/wp-json\/wp\/v2\/users\/23"}],"replies":[{"embeddable":true,"href":"https:\/\/www.manaus.am.gov.br\/semcom\/wp-json\/wp\/v2\/comments?post=250032"}],"version-history":[{"count":2,"href":"https:\/\/www.manaus.am.gov.br\/semcom\/wp-json\/wp\/v2\/posts\/250032\/revisions"}],"predecessor-version":[{"id":250053,"href":"https:\/\/www.manaus.am.gov.br\/semcom\/wp-json\/wp\/v2\/posts\/250032\/revisions\/250053"}],"wp:featuredmedia":[{"embeddable":true,"href":"https:\/\/www.manaus.am.gov.br\/semcom\/wp-json\/wp\/v2\/media\/250033"}],"wp:attachment":[{"href":"https:\/\/www.manaus.am.gov.br\/semcom\/wp-json\/wp\/v2\/media?parent=250032"}],"wp:term":[{"taxonomy":"category","embeddable":true,"href":"https:\/\/www.manaus.am.gov.br\/semcom\/wp-json\/wp\/v2\/categories?post=250032"},{"taxonomy":"post_tag","embeddable":true,"href":"https:\/\/www.manaus.am.gov.br\/semcom\/wp-json\/wp\/v2\/tags?post=250032"}],"curies":[{"name":"wp","href":"https:\/\/api.w.org\/{rel}","templated":true}]}}