{"id":250026,"date":"2025-12-20T17:38:53","date_gmt":"2025-12-20T20:38:53","guid":{"rendered":"https:\/\/www.manaus.am.gov.br\/semcom\/prefeitura-seminf-constantinonery-prontaresposta\/"},"modified":"2025-12-22T15:19:37","modified_gmt":"2025-12-22T18:19:37","slug":"prefeitura-seminf-constantino-nery-prontaresposta","status":"publish","type":"post","link":"https:\/\/www.manaus.am.gov.br\/semcom\/prefeitura-seminf-constantino-nery-prontaresposta\/","title":{"rendered":"Prefeitura de Manaus atua de forma emergencial na manuten\u00e7\u00e3o de drenagem profunda na avenida Constantino Nery"},"content":{"rendered":"\n<p>A <a href=\"https:\/\/www.manaus.am.gov.br\">Prefeitura de Manaus<\/a>, por meio da Secretaria Municipal de Infraestrutura (Seminf), realiza, neste s\u00e1bado, 20\/12, uma a\u00e7\u00e3o emergencial e estrat\u00e9gica na avenida Constantino Nery, um dos principais corredores vi\u00e1rios da capital, no bairro Chapada, zona Centro-Sul. A interven\u00e7\u00e3o tem como objetivo executar a manuten\u00e7\u00e3o da rede de drenagem profunda, garantindo mais seguran\u00e7a, mobilidade e qualidade de vida \u00e0 popula\u00e7\u00e3o.<\/p>\n\n\n\n<p>O ac\u00famulo de lixo associado ao grande volume das \u00e1guas das chuvas comprometeu o pleno funcionamento do sistema de drenagem da avenida Constantino Nery, que ao ser obstru\u00eddo pelo lixo, provocou o rompimento do tubo pela for\u00e7a da \u00e1gua das \u00faltimas chuvas.<\/p>\n\n\n\n<p>A atua\u00e7\u00e3o r\u00e1pida da prefeitura refor\u00e7a o compromisso da gest\u00e3o municipal com a preven\u00e7\u00e3o de alagamentos, especialmente neste per\u00edodo de fortes chuvas, quando o funcionamento adequado do sistema de drenagem \u00e9 essencial para evitar transtornos \u00e0 cidade.<\/p>\n\n\n\n<p>O vice-prefeito e secret\u00e1rio de Obras, Renato Junior, destacou a prontid\u00e3o da gest\u00e3o em atender as demandas da popula\u00e7\u00e3o.<\/p>\n\n\n\n<p>\u201cA gest\u00e3o do prefeito David Almeida \u00e9 din\u00e2mica, presente e comprometida com as pessoas. Nossas equipes da Seminf trabalham incansavelmente, de dia, \u00e0 noite e at\u00e9 nos fins de semana, fa\u00e7a sol ou chuva. Esse \u00e9 o reflexo de uma prefeitura que est\u00e1 nas ruas, ouvindo a popula\u00e7\u00e3o e respondendo com trabalho\u201d, afirmou Renato Junior.<\/p>\n\n\n\n<p>Durante a escava\u00e7\u00e3o, as equipes se depararam com uma grande quantidade de lixo, garrafas PET, garrafas de vidro e outros res\u00edduos s\u00f3lidos. Esse material, acumulado ao longo do tempo, obstruiu a passagem da \u00e1gua das chuvas, comprometendo o escoamento e provocando o rompimento da rede de drenagem.<\/p>\n\n\n\n<p>A Prefeitura de Manaus refor\u00e7a que o descarte irregular de lixo \u00e9 um dos principais causadores de entupimentos, alagamentos e danos \u00e0 infraestrutura urbana, al\u00e9m de gerar preju\u00edzos \u00e0 coletividade. A colabora\u00e7\u00e3o da popula\u00e7\u00e3o \u00e9 fundamental para manter a cidade limpa, segura e funcionando adequadamente.<\/p>\n\n\n\n<p>A moradora e dona de casa F\u00e1tima Soares, que solicitou o servi\u00e7o, agradeceu a resposta imediata da prefeitura. \u201cCom as chuvas fortes, o buraco estava aumentando e a situa\u00e7\u00e3o ficou perigosa. Fizemos a solicita\u00e7\u00e3o e a Prefeitura de Manaus veio rapidamente nos atender. Mesmo sendo s\u00e1bado, a equipe est\u00e1 aqui trabalhando. S\u00f3 temos a agradecer\u201d, relatou.<\/p>\n\n\n\n<p><strong>Mais a\u00e7\u00e3o<\/strong><\/p>\n\n\n\n<p>Paralelamente, outra frente de servi\u00e7o da Seminf iniciou, tamb\u00e9m neste s\u00e1bado, os trabalhos de desobstru\u00e7\u00e3o da rede de drenagem na avenida Torquato Tapaj\u00f3s, com o apoio de um caminh\u00e3o hidrojato, ampliando o alcance das a\u00e7\u00f5es preventivas na cidade. A Seminf tamb\u00e9m acionou a concession\u00e1ria do munic\u00edpio para atuarem juntas no servi\u00e7o, uma vez que, na \u00e1rea, passa uma tubula\u00e7\u00e3o de distribui\u00e7\u00e3o de \u00e1gua.<\/p>\n\n\n\n<p>A Prefeitura de Manaus atua, de forma integrada e simult\u00e2nea em diversas zonas da capital, executando servi\u00e7os essenciais de drenagem e desobstru\u00e7\u00e3o, fundamentais para garantir o escoamento das \u00e1guas das chuvas, reduzir riscos de alagamentos e assegurar mais fluidez no tr\u00e2nsito e bem-estar \u00e0 popula\u00e7\u00e3o.<\/p>\n\n\n\n<p>&#8212; &#8212; &#8212;<\/p>\n\n\n\n<p><strong>Texto<\/strong> &#8211; Rayana Coutinho\/ Seminf<\/p>\n\n\n\n<p><strong>Fotos<\/strong> &#8211; Alessandro Ara\u00fajo\/ Seminf<\/p>\n","protected":false},"excerpt":{"rendered":"","protected":false},"author":23,"featured_media":250027,"comment_status":"closed","ping_status":"closed","sticky":false,"template":"","format":"standard","meta":{"footnotes":""},"categories":[90],"tags":[2031,1933,77,11807,199,33,1334],"acf":[],"yoast_head":"<!-- This site is optimized with the Yoast SEO plugin v23.0 - https:\/\/yoast.com\/wordpress\/plugins\/seo\/ -->\n<title>Prefeitura de Manaus atua de forma emergencial na manuten\u00e7\u00e3o de drenagem profunda na avenida Constantino Nery<\/title>\n<meta name=\"description\" content=\"A Prefeitura de Manaus, por meio da Secretaria Municipal de Infraestrutura (Seminf), realiza, neste s\u00e1bado, 20\/12, uma a\u00e7\u00e3o emergencial e estrat\u00e9gica na avenida Constantino Nery, um dos principais corredores vi\u00e1rios da capital, no bairro Chapada, zona Centro-Sul.\" \/>\n<meta name=\"robots\" content=\"index, follow, max-snippet:-1, max-image-preview:large, max-video-preview:-1\" \/>\n<link rel=\"canonical\" href=\"https:\/\/www.manaus.am.gov.br\/semcom\/prefeitura-seminf-constantinonery-prontaresposta\/\" \/>\n<meta property=\"og:locale\" content=\"pt_BR\" \/>\n<meta property=\"og:type\" content=\"article\" \/>\n<meta property=\"og:title\" content=\"Prefeitura de Manaus atua de forma emergencial na manuten\u00e7\u00e3o de drenagem profunda na avenida Constantino Nery\" \/>\n<meta property=\"og:description\" content=\"A Prefeitura de Manaus, por meio da Secretaria Municipal de Infraestrutura (Seminf), realiza, neste s\u00e1bado, 20\/12, uma a\u00e7\u00e3o emergencial e estrat\u00e9gica na avenida Constantino Nery, um dos principais corredores vi\u00e1rios da capital, no bairro Chapada, zona Centro-Sul.\" \/>\n<meta property=\"og:url\" content=\"https:\/\/www.manaus.am.gov.br\/semcom\/prefeitura-seminf-constantinonery-prontaresposta\/\" \/>\n<meta property=\"og:site_name\" content=\"SEMCOM\" \/>\n<meta property=\"article:published_time\" content=\"2025-12-20T20:38:53+00:00\" \/>\n<meta property=\"article:modified_time\" content=\"2025-12-22T18:19:37+00:00\" \/>\n<meta property=\"og:image\" content=\"https:\/\/www.manaus.am.gov.br\/semcom\/wp-content\/uploads\/sites\/5\/2025\/12\/Seminf-na-Constantino-4.jpeg\" \/>\n\t<meta property=\"og:image:width\" content=\"1600\" \/>\n\t<meta property=\"og:image:height\" content=\"900\" \/>\n\t<meta property=\"og:image:type\" content=\"image\/jpeg\" \/>\n<meta name=\"author\" content=\"Adriana Costa\" \/>\n<meta name=\"twitter:card\" content=\"summary_large_image\" \/>\n<meta name=\"twitter:label1\" content=\"Written by\" \/>\n\t<meta name=\"twitter:data1\" content=\"Adriana Costa\" \/>\n\t<meta name=\"twitter:label2\" content=\"Est. reading time\" \/>\n\t<meta name=\"twitter:data2\" content=\"3 minutos\" \/>\n<script type=\"application\/ld+json\" class=\"yoast-schema-graph\">{\"@context\":\"https:\/\/schema.org\",\"@graph\":[{\"@type\":\"WebPage\",\"@id\":\"https:\/\/www.manaus.am.gov.br\/semcom\/prefeitura-seminf-constantinonery-prontaresposta\/\",\"url\":\"https:\/\/www.manaus.am.gov.br\/semcom\/prefeitura-seminf-constantinonery-prontaresposta\/\",\"name\":\"Prefeitura de Manaus atua de forma emergencial na manuten\u00e7\u00e3o de drenagem profunda na avenida Constantino Nery\",\"isPartOf\":{\"@id\":\"https:\/\/www.manaus.am.gov.br\/semcom\/#website\"},\"primaryImageOfPage\":{\"@id\":\"https:\/\/www.manaus.am.gov.br\/semcom\/prefeitura-seminf-constantinonery-prontaresposta\/#primaryimage\"},\"image\":{\"@id\":\"https:\/\/www.manaus.am.gov.br\/semcom\/prefeitura-seminf-constantinonery-prontaresposta\/#primaryimage\"},\"thumbnailUrl\":\"https:\/\/www.manaus.am.gov.br\/semcom\/wp-content\/uploads\/sites\/5\/2025\/12\/Seminf-na-Constantino-4.jpeg\",\"datePublished\":\"2025-12-20T20:38:53+00:00\",\"dateModified\":\"2025-12-22T18:19:37+00:00\",\"author\":{\"@id\":\"https:\/\/www.manaus.am.gov.br\/semcom\/#\/schema\/person\/4e49f4e267757a06ca072ec61b2b9968\"},\"description\":\"A Prefeitura de Manaus, por meio da Secretaria Municipal de Infraestrutura (Seminf), realiza, neste s\u00e1bado, 20\/12, uma a\u00e7\u00e3o emergencial e estrat\u00e9gica na avenida Constantino Nery, um dos principais corredores vi\u00e1rios da capital, no bairro Chapada, zona Centro-Sul.\",\"inLanguage\":\"pt-BR\",\"potentialAction\":[{\"@type\":\"ReadAction\",\"target\":[\"https:\/\/www.manaus.am.gov.br\/semcom\/prefeitura-seminf-constantinonery-prontaresposta\/\"]}]},{\"@type\":\"ImageObject\",\"inLanguage\":\"pt-BR\",\"@id\":\"https:\/\/www.manaus.am.gov.br\/semcom\/prefeitura-seminf-constantinonery-prontaresposta\/#primaryimage\",\"url\":\"https:\/\/www.manaus.am.gov.br\/semcom\/wp-content\/uploads\/sites\/5\/2025\/12\/Seminf-na-Constantino-4.jpeg\",\"contentUrl\":\"https:\/\/www.manaus.am.gov.br\/semcom\/wp-content\/uploads\/sites\/5\/2025\/12\/Seminf-na-Constantino-4.jpeg\",\"width\":1600,\"height\":900,\"caption\":\"#paratodosverem - A\u00e7\u00e3o imediata da equipe da Seminf na avenida Constantino Nery com manuten\u00e7\u00e3o da rede de drenagem\"},{\"@type\":\"WebSite\",\"@id\":\"https:\/\/www.manaus.am.gov.br\/semcom\/#website\",\"url\":\"https:\/\/www.manaus.am.gov.br\/semcom\/\",\"name\":\"SEMCOM\",\"description\":\"Secretaria Municipal de Comunica\u00e7\u00e3o\",\"potentialAction\":[{\"@type\":\"SearchAction\",\"target\":{\"@type\":\"EntryPoint\",\"urlTemplate\":\"https:\/\/www.manaus.am.gov.br\/semcom\/?s={search_term_string}\"},\"query-input\":\"required name=search_term_string\"}],\"inLanguage\":\"pt-BR\"},{\"@type\":\"Person\",\"@id\":\"https:\/\/www.manaus.am.gov.br\/semcom\/#\/schema\/person\/4e49f4e267757a06ca072ec61b2b9968\",\"name\":\"Adriana Costa\",\"image\":{\"@type\":\"ImageObject\",\"inLanguage\":\"pt-BR\",\"@id\":\"https:\/\/www.manaus.am.gov.br\/semcom\/#\/schema\/person\/image\/\",\"url\":\"https:\/\/secure.gravatar.com\/avatar\/576258617ef7194f718179e766d57bd4?s=96&d=mm&r=g\",\"contentUrl\":\"https:\/\/secure.gravatar.com\/avatar\/576258617ef7194f718179e766d57bd4?s=96&d=mm&r=g\",\"caption\":\"Adriana Costa\"}}]}<\/script>\n<!-- \/ Yoast SEO plugin. -->","yoast_head_json":{"title":"Prefeitura de Manaus atua de forma emergencial na manuten\u00e7\u00e3o de drenagem profunda na avenida Constantino Nery","description":"A Prefeitura de Manaus, por meio da Secretaria Municipal de Infraestrutura (Seminf), realiza, neste s\u00e1bado, 20\/12, uma a\u00e7\u00e3o emergencial e estrat\u00e9gica na avenida Constantino Nery, um dos principais corredores vi\u00e1rios da capital, no bairro Chapada, zona Centro-Sul.","robots":{"index":"index","follow":"follow","max-snippet":"max-snippet:-1","max-image-preview":"max-image-preview:large","max-video-preview":"max-video-preview:-1"},"canonical":"https:\/\/www.manaus.am.gov.br\/semcom\/prefeitura-seminf-constantinonery-prontaresposta\/","og_locale":"pt_BR","og_type":"article","og_title":"Prefeitura de Manaus atua de forma emergencial na manuten\u00e7\u00e3o de drenagem profunda na avenida Constantino Nery","og_description":"A Prefeitura de Manaus, por meio da Secretaria Municipal de Infraestrutura (Seminf), realiza, neste s\u00e1bado, 20\/12, uma a\u00e7\u00e3o emergencial e estrat\u00e9gica na avenida Constantino Nery, um dos principais corredores vi\u00e1rios da capital, no bairro Chapada, zona Centro-Sul.","og_url":"https:\/\/www.manaus.am.gov.br\/semcom\/prefeitura-seminf-constantinonery-prontaresposta\/","og_site_name":"SEMCOM","article_published_time":"2025-12-20T20:38:53+00:00","article_modified_time":"2025-12-22T18:19:37+00:00","og_image":[{"width":1600,"height":900,"url":"https:\/\/www.manaus.am.gov.br\/semcom\/wp-content\/uploads\/sites\/5\/2025\/12\/Seminf-na-Constantino-4.jpeg","type":"image\/jpeg"}],"author":"Adriana Costa","twitter_card":"summary_large_image","twitter_misc":{"Written by":"Adriana Costa","Est. reading time":"3 minutos"},"schema":{"@context":"https:\/\/schema.org","@graph":[{"@type":"WebPage","@id":"https:\/\/www.manaus.am.gov.br\/semcom\/prefeitura-seminf-constantinonery-prontaresposta\/","url":"https:\/\/www.manaus.am.gov.br\/semcom\/prefeitura-seminf-constantinonery-prontaresposta\/","name":"Prefeitura de Manaus atua de forma emergencial na manuten\u00e7\u00e3o de drenagem profunda na avenida Constantino Nery","isPartOf":{"@id":"https:\/\/www.manaus.am.gov.br\/semcom\/#website"},"primaryImageOfPage":{"@id":"https:\/\/www.manaus.am.gov.br\/semcom\/prefeitura-seminf-constantinonery-prontaresposta\/#primaryimage"},"image":{"@id":"https:\/\/www.manaus.am.gov.br\/semcom\/prefeitura-seminf-constantinonery-prontaresposta\/#primaryimage"},"thumbnailUrl":"https:\/\/www.manaus.am.gov.br\/semcom\/wp-content\/uploads\/sites\/5\/2025\/12\/Seminf-na-Constantino-4.jpeg","datePublished":"2025-12-20T20:38:53+00:00","dateModified":"2025-12-22T18:19:37+00:00","author":{"@id":"https:\/\/www.manaus.am.gov.br\/semcom\/#\/schema\/person\/4e49f4e267757a06ca072ec61b2b9968"},"description":"A Prefeitura de Manaus, por meio da Secretaria Municipal de Infraestrutura (Seminf), realiza, neste s\u00e1bado, 20\/12, uma a\u00e7\u00e3o emergencial e estrat\u00e9gica na avenida Constantino Nery, um dos principais corredores vi\u00e1rios da capital, no bairro Chapada, zona Centro-Sul.","inLanguage":"pt-BR","potentialAction":[{"@type":"ReadAction","target":["https:\/\/www.manaus.am.gov.br\/semcom\/prefeitura-seminf-constantinonery-prontaresposta\/"]}]},{"@type":"ImageObject","inLanguage":"pt-BR","@id":"https:\/\/www.manaus.am.gov.br\/semcom\/prefeitura-seminf-constantinonery-prontaresposta\/#primaryimage","url":"https:\/\/www.manaus.am.gov.br\/semcom\/wp-content\/uploads\/sites\/5\/2025\/12\/Seminf-na-Constantino-4.jpeg","contentUrl":"https:\/\/www.manaus.am.gov.br\/semcom\/wp-content\/uploads\/sites\/5\/2025\/12\/Seminf-na-Constantino-4.jpeg","width":1600,"height":900,"caption":"#paratodosverem - A\u00e7\u00e3o imediata da equipe da Seminf na avenida Constantino Nery com manuten\u00e7\u00e3o da rede de drenagem"},{"@type":"WebSite","@id":"https:\/\/www.manaus.am.gov.br\/semcom\/#website","url":"https:\/\/www.manaus.am.gov.br\/semcom\/","name":"SEMCOM","description":"Secretaria Municipal de Comunica\u00e7\u00e3o","potentialAction":[{"@type":"SearchAction","target":{"@type":"EntryPoint","urlTemplate":"https:\/\/www.manaus.am.gov.br\/semcom\/?s={search_term_string}"},"query-input":"required name=search_term_string"}],"inLanguage":"pt-BR"},{"@type":"Person","@id":"https:\/\/www.manaus.am.gov.br\/semcom\/#\/schema\/person\/4e49f4e267757a06ca072ec61b2b9968","name":"Adriana Costa","image":{"@type":"ImageObject","inLanguage":"pt-BR","@id":"https:\/\/www.manaus.am.gov.br\/semcom\/#\/schema\/person\/image\/","url":"https:\/\/secure.gravatar.com\/avatar\/576258617ef7194f718179e766d57bd4?s=96&d=mm&r=g","contentUrl":"https:\/\/secure.gravatar.com\/avatar\/576258617ef7194f718179e766d57bd4?s=96&d=mm&r=g","caption":"Adriana Costa"}}]}},"_links":{"self":[{"href":"https:\/\/www.manaus.am.gov.br\/semcom\/wp-json\/wp\/v2\/posts\/250026"}],"collection":[{"href":"https:\/\/www.manaus.am.gov.br\/semcom\/wp-json\/wp\/v2\/posts"}],"about":[{"href":"https:\/\/www.manaus.am.gov.br\/semcom\/wp-json\/wp\/v2\/types\/post"}],"author":[{"embeddable":true,"href":"https:\/\/www.manaus.am.gov.br\/semcom\/wp-json\/wp\/v2\/users\/23"}],"replies":[{"embeddable":true,"href":"https:\/\/www.manaus.am.gov.br\/semcom\/wp-json\/wp\/v2\/comments?post=250026"}],"version-history":[{"count":1,"href":"https:\/\/www.manaus.am.gov.br\/semcom\/wp-json\/wp\/v2\/posts\/250026\/revisions"}],"predecessor-version":[{"id":250051,"href":"https:\/\/www.manaus.am.gov.br\/semcom\/wp-json\/wp\/v2\/posts\/250026\/revisions\/250051"}],"wp:featuredmedia":[{"embeddable":true,"href":"https:\/\/www.manaus.am.gov.br\/semcom\/wp-json\/wp\/v2\/media\/250027"}],"wp:attachment":[{"href":"https:\/\/www.manaus.am.gov.br\/semcom\/wp-json\/wp\/v2\/media?parent=250026"}],"wp:term":[{"taxonomy":"category","embeddable":true,"href":"https:\/\/www.manaus.am.gov.br\/semcom\/wp-json\/wp\/v2\/categories?post=250026"},{"taxonomy":"post_tag","embeddable":true,"href":"https:\/\/www.manaus.am.gov.br\/semcom\/wp-json\/wp\/v2\/tags?post=250026"}],"curies":[{"name":"wp","href":"https:\/\/api.w.org\/{rel}","templated":true}]}}