{"id":250018,"date":"2025-12-19T15:31:24","date_gmt":"2025-12-19T18:31:24","guid":{"rendered":"https:\/\/www.manaus.am.gov.br\/semcom\/prefeitura-cmdpi-pleito\/"},"modified":"2025-12-19T15:31:25","modified_gmt":"2025-12-19T18:31:25","slug":"prefeitura-cmdpi-pleito","status":"publish","type":"post","link":"https:\/\/www.manaus.am.gov.br\/semcom\/prefeitura-cmdpi-pleito\/","title":{"rendered":"Elei\u00e7\u00e3o do Conselho Municipal dos Direitos da Pessoa Idosa acontece na segunda-feira"},"content":{"rendered":"\n<p>O Conselho Municipal dos Direitos da Pessoa Idosa (CMDPI) realizar\u00e1, na segunda-feira, 22\/12, a elei\u00e7\u00e3o dos representantes das Organiza\u00e7\u00f5es da Sociedade&nbsp; Civil (OSCs) e da diretoria-executiva para o bi\u00eanio 2026-2027. O pleito acontecer\u00e1 das 8h \u00e0s 12h, no audit\u00f3rio do Parque Municipal do Idoso (PMI), localizado no bairro Nossa Senhora das Gra\u00e7as, zona Centro-Sul da capital.<\/p>\n\n\n\n<p>O presidente da Funda\u00e7\u00e3o de Apoio ao Idoso Dr. Thomas (FDT), Eduardo Lucas, destacou a import\u00e2ncia do processo eleitoral e da data definida. \u201cA elei\u00e7\u00e3o marcada para o dia 22 de dezembro fortalece o controle social e garante que a pol\u00edtica p\u00fablica voltada \u00e0 pessoa idosa continue sendo constru\u00edda de forma democr\u00e1tica, com a participa\u00e7\u00e3o ativa da sociedade civil\u201d, afirmou.<\/p>\n\n\n\n<p>A elei\u00e7\u00e3o ocorre conforme o Edital de Convoca\u00e7\u00e3o, publicado no Di\u00e1rio Oficial do Munic\u00edpio (DOM), com base na Lei Municipal n\u00ba 628, de 8 de novembro de 2001, que institui o Conselho Municipal do Idoso. O edital convoca as OSCs que atuam no atendimento \u00e0 pessoa idosa a participarem do processo eleitoral, na condi\u00e7\u00e3o de candidatas ou eleitoras.<\/p>\n\n\n\n<p>O Conselho Municipal dos Direitos da Pessoa Idosa \u00e9 um \u00f3rg\u00e3o colegiado de car\u00e1ter consultivo, deliberativo e controlador da pol\u00edtica de defesa dos direitos da pessoa idosa, vinculado \u00e0 Funda\u00e7\u00e3o Dr. Thomas, respons\u00e1vel pela coordena\u00e7\u00e3o e execu\u00e7\u00e3o da pol\u00edtica municipal de defesa dos direitos da pessoa idosa em Manaus. O colegiado \u00e9 constitu\u00eddo de forma parit\u00e1ria, com oito representantes de organiza\u00e7\u00f5es governamentais e oito representantes de organiza\u00e7\u00f5es n\u00e3o governamentais, garantindo equil\u00edbrio e representatividade nas decis\u00f5es.<\/p>\n\n\n\n<p>Para participar da elei\u00e7\u00e3o do dia 22 de dezembro, as entidades devem estar devidamente cadastradas junto ao CMDPI e atender aos crit\u00e9rios estabelecidos no edital, como estar regularmente constitu\u00eddas, possuir no m\u00ednimo dois anos de funcionamento, apresentar estatuto social e atas registradas em cart\u00f3rio, Plano de A\u00e7\u00e3o para 2026, rela\u00e7\u00e3o m\u00ednima de 30 idosos inscritos, al\u00e9m da documenta\u00e7\u00e3o dos representantes legais e of\u00edcio indicando o eleitor da institui\u00e7\u00e3o.<\/p>\n\n\n\n<p>A presidente do Conselho Municipal dos Direitos da Pessoa Idosa, Cl\u00e9lia Maia Ferreira, refor\u00e7ou a relev\u00e2ncia do pleito. \u201cO dia 22 de dezembro representa um momento decisivo para a pol\u00edtica da pessoa idosa em Manaus. \u00c9 quando a sociedade civil exerce seu papel democr\u00e1tico e contribui diretamente para a formula\u00e7\u00e3o, fiscaliza\u00e7\u00e3o e fortalecimento das a\u00e7\u00f5es do conselho\u201d, destacou.<\/p>\n\n\n\n<p>O processo eleitoral ser\u00e1 conduzido pela Comiss\u00e3o Eleitoral do CMDPI, respons\u00e1vel pela an\u00e1lise da documenta\u00e7\u00e3o e pela organiza\u00e7\u00e3o de todas as etapas do pleito. Ap\u00f3s a elei\u00e7\u00e3o dos representantes da sociedade civil, ser\u00e1 iniciado o processo para a escolha da diretoria-executiva do conselho, referente ao per\u00edodo 2026\u20132027, conforme previsto no regimento interno.<\/p>\n\n\n\n<p>O CMDPI refor\u00e7a a import\u00e2ncia da participa\u00e7\u00e3o das OSCs, destacando que a elei\u00e7\u00e3o do dia 22 de dezembro \u00e9 fundamental para assegurar representatividade, transpar\u00eancia e o fortalecimento das pol\u00edticas p\u00fablicas voltadas \u00e0 popula\u00e7\u00e3o idosa de Manaus.<\/p>\n\n\n\n<p>&#8212; &#8212; &#8212;<\/p>\n\n\n\n<p><strong>Texto e fotos<\/strong> &#8211;&nbsp;F\u00e1bio Sim\u00f5es\/FDT<\/p>\n","protected":false},"excerpt":{"rendered":"","protected":false},"author":23,"featured_media":250019,"comment_status":"closed","ping_status":"closed","sticky":false,"template":"","format":"standard","meta":{"footnotes":""},"categories":[7843],"tags":[18569,18570,3338,251,8193,77],"acf":[],"yoast_head":"<!-- This site is optimized with the Yoast SEO plugin v23.0 - https:\/\/yoast.com\/wordpress\/plugins\/seo\/ -->\n<title>Elei\u00e7\u00e3o do Conselho Municipal dos Direitos da Pessoa Idosa acontece na segunda-feira<\/title>\n<meta name=\"description\" content=\"O Conselho Municipal dos Direitos da Pessoa Idosa (CMDPI) realizar\u00e1, na segunda-feira, 22\/12, a elei\u00e7\u00e3o dos representantes das Organiza\u00e7\u00f5es da Sociedade Civil (OSCs) e da diretoria-executiva para o bi\u00eanio 2026-2027.\" \/>\n<meta name=\"robots\" content=\"index, follow, max-snippet:-1, max-image-preview:large, max-video-preview:-1\" \/>\n<link rel=\"canonical\" href=\"https:\/\/www.manaus.am.gov.br\/semcom\/prefeitura-cmdpi-pleito\/\" \/>\n<meta property=\"og:locale\" content=\"pt_BR\" \/>\n<meta property=\"og:type\" content=\"article\" \/>\n<meta property=\"og:title\" content=\"Elei\u00e7\u00e3o do Conselho Municipal dos Direitos da Pessoa Idosa acontece na segunda-feira\" \/>\n<meta property=\"og:description\" content=\"O Conselho Municipal dos Direitos da Pessoa Idosa (CMDPI) realizar\u00e1, na segunda-feira, 22\/12, a elei\u00e7\u00e3o dos representantes das Organiza\u00e7\u00f5es da Sociedade Civil (OSCs) e da diretoria-executiva para o bi\u00eanio 2026-2027.\" \/>\n<meta property=\"og:url\" content=\"https:\/\/www.manaus.am.gov.br\/semcom\/prefeitura-cmdpi-pleito\/\" \/>\n<meta property=\"og:site_name\" content=\"SEMCOM\" \/>\n<meta property=\"article:published_time\" content=\"2025-12-19T18:31:24+00:00\" \/>\n<meta property=\"article:modified_time\" content=\"2025-12-19T18:31:25+00:00\" \/>\n<meta property=\"og:image\" content=\"https:\/\/www.manaus.am.gov.br\/semcom\/wp-content\/uploads\/sites\/5\/2025\/12\/unnamed-3.jpg\" \/>\n\t<meta property=\"og:image:width\" content=\"1280\" \/>\n\t<meta property=\"og:image:height\" content=\"960\" \/>\n\t<meta property=\"og:image:type\" content=\"image\/jpeg\" \/>\n<meta name=\"author\" content=\"Adriana Costa\" \/>\n<meta name=\"twitter:card\" content=\"summary_large_image\" \/>\n<meta name=\"twitter:label1\" content=\"Written by\" \/>\n\t<meta name=\"twitter:data1\" content=\"Adriana Costa\" \/>\n\t<meta name=\"twitter:label2\" content=\"Est. reading time\" \/>\n\t<meta name=\"twitter:data2\" content=\"3 minutos\" \/>\n<script type=\"application\/ld+json\" class=\"yoast-schema-graph\">{\"@context\":\"https:\/\/schema.org\",\"@graph\":[{\"@type\":\"WebPage\",\"@id\":\"https:\/\/www.manaus.am.gov.br\/semcom\/prefeitura-cmdpi-pleito\/\",\"url\":\"https:\/\/www.manaus.am.gov.br\/semcom\/prefeitura-cmdpi-pleito\/\",\"name\":\"Elei\u00e7\u00e3o do Conselho Municipal dos Direitos da Pessoa Idosa acontece na segunda-feira\",\"isPartOf\":{\"@id\":\"https:\/\/www.manaus.am.gov.br\/semcom\/#website\"},\"primaryImageOfPage\":{\"@id\":\"https:\/\/www.manaus.am.gov.br\/semcom\/prefeitura-cmdpi-pleito\/#primaryimage\"},\"image\":{\"@id\":\"https:\/\/www.manaus.am.gov.br\/semcom\/prefeitura-cmdpi-pleito\/#primaryimage\"},\"thumbnailUrl\":\"https:\/\/www.manaus.am.gov.br\/semcom\/wp-content\/uploads\/sites\/5\/2025\/12\/unnamed-3.jpg\",\"datePublished\":\"2025-12-19T18:31:24+00:00\",\"dateModified\":\"2025-12-19T18:31:25+00:00\",\"author\":{\"@id\":\"https:\/\/www.manaus.am.gov.br\/semcom\/#\/schema\/person\/4e49f4e267757a06ca072ec61b2b9968\"},\"description\":\"O Conselho Municipal dos Direitos da Pessoa Idosa (CMDPI) realizar\u00e1, na segunda-feira, 22\/12, a elei\u00e7\u00e3o dos representantes das Organiza\u00e7\u00f5es da Sociedade Civil (OSCs) e da diretoria-executiva para o bi\u00eanio 2026-2027.\",\"inLanguage\":\"pt-BR\",\"potentialAction\":[{\"@type\":\"ReadAction\",\"target\":[\"https:\/\/www.manaus.am.gov.br\/semcom\/prefeitura-cmdpi-pleito\/\"]}]},{\"@type\":\"ImageObject\",\"inLanguage\":\"pt-BR\",\"@id\":\"https:\/\/www.manaus.am.gov.br\/semcom\/prefeitura-cmdpi-pleito\/#primaryimage\",\"url\":\"https:\/\/www.manaus.am.gov.br\/semcom\/wp-content\/uploads\/sites\/5\/2025\/12\/unnamed-3.jpg\",\"contentUrl\":\"https:\/\/www.manaus.am.gov.br\/semcom\/wp-content\/uploads\/sites\/5\/2025\/12\/unnamed-3.jpg\",\"width\":1280,\"height\":960,\"caption\":\"#paratodosverem - Reuni\u00e3o da atual diretoria do Conselho Municipal dos Direitos da Pessoa Idosa\"},{\"@type\":\"WebSite\",\"@id\":\"https:\/\/www.manaus.am.gov.br\/semcom\/#website\",\"url\":\"https:\/\/www.manaus.am.gov.br\/semcom\/\",\"name\":\"SEMCOM\",\"description\":\"Secretaria Municipal de Comunica\u00e7\u00e3o\",\"potentialAction\":[{\"@type\":\"SearchAction\",\"target\":{\"@type\":\"EntryPoint\",\"urlTemplate\":\"https:\/\/www.manaus.am.gov.br\/semcom\/?s={search_term_string}\"},\"query-input\":\"required name=search_term_string\"}],\"inLanguage\":\"pt-BR\"},{\"@type\":\"Person\",\"@id\":\"https:\/\/www.manaus.am.gov.br\/semcom\/#\/schema\/person\/4e49f4e267757a06ca072ec61b2b9968\",\"name\":\"Adriana Costa\",\"image\":{\"@type\":\"ImageObject\",\"inLanguage\":\"pt-BR\",\"@id\":\"https:\/\/www.manaus.am.gov.br\/semcom\/#\/schema\/person\/image\/\",\"url\":\"https:\/\/secure.gravatar.com\/avatar\/576258617ef7194f718179e766d57bd4?s=96&d=mm&r=g\",\"contentUrl\":\"https:\/\/secure.gravatar.com\/avatar\/576258617ef7194f718179e766d57bd4?s=96&d=mm&r=g\",\"caption\":\"Adriana Costa\"}}]}<\/script>\n<!-- \/ Yoast SEO plugin. -->","yoast_head_json":{"title":"Elei\u00e7\u00e3o do Conselho Municipal dos Direitos da Pessoa Idosa acontece na segunda-feira","description":"O Conselho Municipal dos Direitos da Pessoa Idosa (CMDPI) realizar\u00e1, na segunda-feira, 22\/12, a elei\u00e7\u00e3o dos representantes das Organiza\u00e7\u00f5es da Sociedade Civil (OSCs) e da diretoria-executiva para o bi\u00eanio 2026-2027.","robots":{"index":"index","follow":"follow","max-snippet":"max-snippet:-1","max-image-preview":"max-image-preview:large","max-video-preview":"max-video-preview:-1"},"canonical":"https:\/\/www.manaus.am.gov.br\/semcom\/prefeitura-cmdpi-pleito\/","og_locale":"pt_BR","og_type":"article","og_title":"Elei\u00e7\u00e3o do Conselho Municipal dos Direitos da Pessoa Idosa acontece na segunda-feira","og_description":"O Conselho Municipal dos Direitos da Pessoa Idosa (CMDPI) realizar\u00e1, na segunda-feira, 22\/12, a elei\u00e7\u00e3o dos representantes das Organiza\u00e7\u00f5es da Sociedade Civil (OSCs) e da diretoria-executiva para o bi\u00eanio 2026-2027.","og_url":"https:\/\/www.manaus.am.gov.br\/semcom\/prefeitura-cmdpi-pleito\/","og_site_name":"SEMCOM","article_published_time":"2025-12-19T18:31:24+00:00","article_modified_time":"2025-12-19T18:31:25+00:00","og_image":[{"width":1280,"height":960,"url":"https:\/\/www.manaus.am.gov.br\/semcom\/wp-content\/uploads\/sites\/5\/2025\/12\/unnamed-3.jpg","type":"image\/jpeg"}],"author":"Adriana Costa","twitter_card":"summary_large_image","twitter_misc":{"Written by":"Adriana Costa","Est. reading time":"3 minutos"},"schema":{"@context":"https:\/\/schema.org","@graph":[{"@type":"WebPage","@id":"https:\/\/www.manaus.am.gov.br\/semcom\/prefeitura-cmdpi-pleito\/","url":"https:\/\/www.manaus.am.gov.br\/semcom\/prefeitura-cmdpi-pleito\/","name":"Elei\u00e7\u00e3o do Conselho Municipal dos Direitos da Pessoa Idosa acontece na segunda-feira","isPartOf":{"@id":"https:\/\/www.manaus.am.gov.br\/semcom\/#website"},"primaryImageOfPage":{"@id":"https:\/\/www.manaus.am.gov.br\/semcom\/prefeitura-cmdpi-pleito\/#primaryimage"},"image":{"@id":"https:\/\/www.manaus.am.gov.br\/semcom\/prefeitura-cmdpi-pleito\/#primaryimage"},"thumbnailUrl":"https:\/\/www.manaus.am.gov.br\/semcom\/wp-content\/uploads\/sites\/5\/2025\/12\/unnamed-3.jpg","datePublished":"2025-12-19T18:31:24+00:00","dateModified":"2025-12-19T18:31:25+00:00","author":{"@id":"https:\/\/www.manaus.am.gov.br\/semcom\/#\/schema\/person\/4e49f4e267757a06ca072ec61b2b9968"},"description":"O Conselho Municipal dos Direitos da Pessoa Idosa (CMDPI) realizar\u00e1, na segunda-feira, 22\/12, a elei\u00e7\u00e3o dos representantes das Organiza\u00e7\u00f5es da Sociedade Civil (OSCs) e da diretoria-executiva para o bi\u00eanio 2026-2027.","inLanguage":"pt-BR","potentialAction":[{"@type":"ReadAction","target":["https:\/\/www.manaus.am.gov.br\/semcom\/prefeitura-cmdpi-pleito\/"]}]},{"@type":"ImageObject","inLanguage":"pt-BR","@id":"https:\/\/www.manaus.am.gov.br\/semcom\/prefeitura-cmdpi-pleito\/#primaryimage","url":"https:\/\/www.manaus.am.gov.br\/semcom\/wp-content\/uploads\/sites\/5\/2025\/12\/unnamed-3.jpg","contentUrl":"https:\/\/www.manaus.am.gov.br\/semcom\/wp-content\/uploads\/sites\/5\/2025\/12\/unnamed-3.jpg","width":1280,"height":960,"caption":"#paratodosverem - Reuni\u00e3o da atual diretoria do Conselho Municipal dos Direitos da Pessoa Idosa"},{"@type":"WebSite","@id":"https:\/\/www.manaus.am.gov.br\/semcom\/#website","url":"https:\/\/www.manaus.am.gov.br\/semcom\/","name":"SEMCOM","description":"Secretaria Municipal de Comunica\u00e7\u00e3o","potentialAction":[{"@type":"SearchAction","target":{"@type":"EntryPoint","urlTemplate":"https:\/\/www.manaus.am.gov.br\/semcom\/?s={search_term_string}"},"query-input":"required name=search_term_string"}],"inLanguage":"pt-BR"},{"@type":"Person","@id":"https:\/\/www.manaus.am.gov.br\/semcom\/#\/schema\/person\/4e49f4e267757a06ca072ec61b2b9968","name":"Adriana Costa","image":{"@type":"ImageObject","inLanguage":"pt-BR","@id":"https:\/\/www.manaus.am.gov.br\/semcom\/#\/schema\/person\/image\/","url":"https:\/\/secure.gravatar.com\/avatar\/576258617ef7194f718179e766d57bd4?s=96&d=mm&r=g","contentUrl":"https:\/\/secure.gravatar.com\/avatar\/576258617ef7194f718179e766d57bd4?s=96&d=mm&r=g","caption":"Adriana Costa"}}]}},"_links":{"self":[{"href":"https:\/\/www.manaus.am.gov.br\/semcom\/wp-json\/wp\/v2\/posts\/250018"}],"collection":[{"href":"https:\/\/www.manaus.am.gov.br\/semcom\/wp-json\/wp\/v2\/posts"}],"about":[{"href":"https:\/\/www.manaus.am.gov.br\/semcom\/wp-json\/wp\/v2\/types\/post"}],"author":[{"embeddable":true,"href":"https:\/\/www.manaus.am.gov.br\/semcom\/wp-json\/wp\/v2\/users\/23"}],"replies":[{"embeddable":true,"href":"https:\/\/www.manaus.am.gov.br\/semcom\/wp-json\/wp\/v2\/comments?post=250018"}],"version-history":[{"count":0,"href":"https:\/\/www.manaus.am.gov.br\/semcom\/wp-json\/wp\/v2\/posts\/250018\/revisions"}],"wp:featuredmedia":[{"embeddable":true,"href":"https:\/\/www.manaus.am.gov.br\/semcom\/wp-json\/wp\/v2\/media\/250019"}],"wp:attachment":[{"href":"https:\/\/www.manaus.am.gov.br\/semcom\/wp-json\/wp\/v2\/media?parent=250018"}],"wp:term":[{"taxonomy":"category","embeddable":true,"href":"https:\/\/www.manaus.am.gov.br\/semcom\/wp-json\/wp\/v2\/categories?post=250018"},{"taxonomy":"post_tag","embeddable":true,"href":"https:\/\/www.manaus.am.gov.br\/semcom\/wp-json\/wp\/v2\/tags?post=250018"}],"curies":[{"name":"wp","href":"https:\/\/api.w.org\/{rel}","templated":true}]}}