{"id":249993,"date":"2025-12-19T12:31:00","date_gmt":"2025-12-19T15:31:00","guid":{"rendered":"https:\/\/www.manaus.am.gov.br\/semcom\/habite-se-manaus-2025-regularizada\/"},"modified":"2025-12-19T12:31:01","modified_gmt":"2025-12-19T15:31:01","slug":"habite-se-manaus-2025-regularizada","status":"publish","type":"post","link":"https:\/\/www.manaus.am.gov.br\/semcom\/habite-se-manaus-2025-regularizada\/","title":{"rendered":"\u00c1rea regularizada com Habite-se avan\u00e7a em Manaus e registra alta de 5% em 2025"},"content":{"rendered":"\n<p>Mais do que uma formalidade administrativa, o Habite-se \u00e9 um documento essencial para garantir seguran\u00e7a jur\u00eddica, valoriza\u00e7\u00e3o imobili\u00e1ria e acesso a direitos fundamentais do propriet\u00e1rio. Emitida pela Prefeitura de Manaus, somente este ano, o Instituto Municipal de Planejamento Urbano (Implurb) licenciou mais de 710 mil metros quadrados de Habite-se, de janeiro a novembro, uma alta de 5% em rela\u00e7\u00e3o a 2024 (680 mil metros quadrados). O m\u00eas de novembro teve um incremento recorde de 296%, com 122,4 mil metros quadrados, contra 30,9 mil metros quadrados do ano anterior.<\/p>\n\n\n\n<p>Nos 11 meses do ano foram emitidas 675 certid\u00f5es, incremento de 3% com 2024 (653 documentos). Em toda a gest\u00e3o do prefeito David Almeida j\u00e1 foram expedidos 3.494 certid\u00f5es e regularizados mais de 4,4 milh\u00f5es de metros quadrados, de janeiro de 2021 a novembro de 2025.<\/p>\n\n\n\n<p>O Habite-se atesta que o im\u00f3vel foi constru\u00eddo de acordo com as normas t\u00e9cnicas e a legisla\u00e7\u00e3o de uso e ocupa\u00e7\u00e3o do solo, confirmando que a edifica\u00e7\u00e3o est\u00e1 apta para ser habitada.<\/p>\n\n\n\n<p><strong>Licenciamento<\/strong><\/p>\n\n\n\n<p>\u201cEstamos focados em metas claras e indicadores de efici\u00eancia para garantir avan\u00e7os constantes, com menos burocracia e mais agilidade nos processos, sempre dentro da legalidade. A meta da gest\u00e3o do prefeito David Almeida \u00e9 transformar Manaus em uma das melhores cidades para fazer neg\u00f3cios no Brasil\u201d, afirmou o diretor-presidente do&nbsp;Implurb, engenheiro Carlos Valente.<\/p>\n\n\n\n<p>Sem o Habite-se, o im\u00f3vel fica irregular, pode sofrer desvaloriza\u00e7\u00e3o e impede o acesso a financiamentos, tornando o documento indispens\u00e1vel ,tanto para quem constr\u00f3i quanto para quem compra.<\/p>\n\n\n\n<p>Regulariza\u00e7\u00e3o e&nbsp;Habite-se&nbsp;\u00e9 o servi\u00e7o utilizado para as obras j\u00e1 constru\u00eddas sem licen\u00e7a e aprova\u00e7\u00e3o, mas que podem ser regularizadas posteriormente, dentro dos mesmos crit\u00e9rios e par\u00e2metros estabelecidos pelo Plano Diretor de Manaus.<\/p>\n\n\n\n<p><strong>C\u00f3digo de Obras<\/strong><\/p>\n\n\n\n<p>O documento legal da certid\u00e3o de&nbsp;Habite-se&nbsp;consta no artigo 33, da Lei 673\/02, referente ao C\u00f3digo de Obras do Munic\u00edpio, uma das leis do Plano Diretor de Manaus. A certid\u00e3o atesta que o im\u00f3vel foi constru\u00eddo de acordo com o projeto aprovado e licenciado, seguindo-se&nbsp;as exig\u00eancias estabelecidas pela legisla\u00e7\u00e3o urbana em vigor. A lista com os documentos necess\u00e1rios para dar entrada em projetos e licen\u00e7as junto ao&nbsp;Implurb&nbsp;pode ser acessada no site do \u00f3rg\u00e3o.<\/p>\n\n\n\n<p>A concess\u00e3o da certid\u00e3o de&nbsp;Habite-se&nbsp;implica no reconhecimento da prefeitura de que foram cumpridas todas as formalidades legais, desde o licenciamento at\u00e9 o cumprimento correto das restri\u00e7\u00f5es contidas no alvar\u00e1 inicial. Enquanto o in\u00edcio da obra tem sua autoriza\u00e7\u00e3o legal a partir do alvar\u00e1 de constru\u00e7\u00e3o, sua conclus\u00e3o ser\u00e1 atestada pela emiss\u00e3o da certid\u00e3o.<\/p>\n\n\n\n<p>Com o&nbsp;Habite-se, o propriet\u00e1rio tem a garantia de que a constru\u00e7\u00e3o seguiu corretamente o que estava previsto no projeto aprovado e licenciado, respeitando os par\u00e2metros legais da legisla\u00e7\u00e3o e normas t\u00e9cnicas, atendendo a aspectos relacionados ao meio ambiente, preven\u00e7\u00e3o de combate a inc\u00eandio, esgotamento sanit\u00e1rio, seguran\u00e7a, ocupa\u00e7\u00e3o do lote, \u00e1rea constru\u00edda, integridade f\u00edsica e estrutural, entre outros itens.<\/p>\n\n\n\n<p>A emiss\u00e3o do documento \u00e9 importante por confirmar a conclus\u00e3o regular da obra; permitir a averba\u00e7\u00e3o do im\u00f3vel no Cart\u00f3rio de Registro de Im\u00f3veis; evitar preju\u00edzos jur\u00eddicos, financeiros e estruturais para o propriet\u00e1rio; ser requisito para financiamento e seguro imobili\u00e1rio; e viabilizar a constitui\u00e7\u00e3o legal de condom\u00ednio em edif\u00edcios.<\/p>\n\n\n\n<p>&#8212; &#8212; &#8212;<\/p>\n\n\n\n<p><strong>Texto <\/strong>\u2013 Claudia do Valle \/&nbsp;Implurb<\/p>\n\n\n\n<p><strong>Fotos <\/strong>&#8211; Maxwell Oliveira\/Implurb<\/p>\n","protected":false},"excerpt":{"rendered":"","protected":false},"author":57,"featured_media":249994,"comment_status":"closed","ping_status":"closed","sticky":false,"template":"","format":"standard","meta":{"footnotes":""},"categories":[977],"tags":[18561,65,77],"acf":[],"yoast_head":"<!-- This site is optimized with the Yoast SEO plugin v23.0 - https:\/\/yoast.com\/wordpress\/plugins\/seo\/ -->\n<title>\u00c1rea regularizada com Habite-se avan\u00e7a em Manaus em 2025<\/title>\n<meta name=\"description\" content=\"Emitida pela Prefeitura de Manaus, somente este ano, licenciou mais de 710 mil metros quadrados de Habite-se, de janeiro a novembro.\" \/>\n<meta name=\"robots\" content=\"index, follow, max-snippet:-1, max-image-preview:large, max-video-preview:-1\" \/>\n<link rel=\"canonical\" href=\"https:\/\/www.manaus.am.gov.br\/semcom\/habite-se-manaus-2025-regularizada\/\" \/>\n<meta property=\"og:locale\" content=\"pt_BR\" \/>\n<meta property=\"og:type\" content=\"article\" \/>\n<meta property=\"og:title\" content=\"\u00c1rea regularizada com Habite-se avan\u00e7a em Manaus em 2025\" \/>\n<meta property=\"og:description\" content=\"Emitida pela Prefeitura de Manaus, somente este ano, licenciou mais de 710 mil metros quadrados de Habite-se, de janeiro a novembro.\" \/>\n<meta property=\"og:url\" content=\"https:\/\/www.manaus.am.gov.br\/semcom\/habite-se-manaus-2025-regularizada\/\" \/>\n<meta property=\"og:site_name\" content=\"SEMCOM\" \/>\n<meta property=\"article:published_time\" content=\"2025-12-19T15:31:00+00:00\" \/>\n<meta property=\"article:modified_time\" content=\"2025-12-19T15:31:01+00:00\" \/>\n<meta property=\"og:image\" content=\"https:\/\/www.manaus.am.gov.br\/semcom\/wp-content\/uploads\/sites\/5\/2025\/12\/Habite-se-Manaus-_1_.jpg\" \/>\n\t<meta property=\"og:image:width\" content=\"1280\" \/>\n\t<meta property=\"og:image:height\" content=\"960\" \/>\n\t<meta property=\"og:image:type\" content=\"image\/jpeg\" \/>\n<meta name=\"author\" content=\"Thiago Fernando\" \/>\n<meta name=\"twitter:card\" content=\"summary_large_image\" \/>\n<meta name=\"twitter:label1\" content=\"Written by\" \/>\n\t<meta name=\"twitter:data1\" content=\"Thiago Fernando\" \/>\n\t<meta name=\"twitter:label2\" content=\"Est. reading time\" \/>\n\t<meta name=\"twitter:data2\" content=\"4 minutos\" \/>\n<script type=\"application\/ld+json\" class=\"yoast-schema-graph\">{\"@context\":\"https:\/\/schema.org\",\"@graph\":[{\"@type\":\"WebPage\",\"@id\":\"https:\/\/www.manaus.am.gov.br\/semcom\/habite-se-manaus-2025-regularizada\/\",\"url\":\"https:\/\/www.manaus.am.gov.br\/semcom\/habite-se-manaus-2025-regularizada\/\",\"name\":\"\u00c1rea regularizada com Habite-se avan\u00e7a em Manaus em 2025\",\"isPartOf\":{\"@id\":\"https:\/\/www.manaus.am.gov.br\/semcom\/#website\"},\"primaryImageOfPage\":{\"@id\":\"https:\/\/www.manaus.am.gov.br\/semcom\/habite-se-manaus-2025-regularizada\/#primaryimage\"},\"image\":{\"@id\":\"https:\/\/www.manaus.am.gov.br\/semcom\/habite-se-manaus-2025-regularizada\/#primaryimage\"},\"thumbnailUrl\":\"https:\/\/www.manaus.am.gov.br\/semcom\/wp-content\/uploads\/sites\/5\/2025\/12\/Habite-se-Manaus-_1_.jpg\",\"datePublished\":\"2025-12-19T15:31:00+00:00\",\"dateModified\":\"2025-12-19T15:31:01+00:00\",\"author\":{\"@id\":\"https:\/\/www.manaus.am.gov.br\/semcom\/#\/schema\/person\/a5ee5376db6e21af026374b369f30882\"},\"description\":\"Emitida pela Prefeitura de Manaus, somente este ano, licenciou mais de 710 mil metros quadrados de Habite-se, de janeiro a novembro.\",\"inLanguage\":\"pt-BR\",\"potentialAction\":[{\"@type\":\"ReadAction\",\"target\":[\"https:\/\/www.manaus.am.gov.br\/semcom\/habite-se-manaus-2025-regularizada\/\"]}]},{\"@type\":\"ImageObject\",\"inLanguage\":\"pt-BR\",\"@id\":\"https:\/\/www.manaus.am.gov.br\/semcom\/habite-se-manaus-2025-regularizada\/#primaryimage\",\"url\":\"https:\/\/www.manaus.am.gov.br\/semcom\/wp-content\/uploads\/sites\/5\/2025\/12\/Habite-se-Manaus-_1_.jpg\",\"contentUrl\":\"https:\/\/www.manaus.am.gov.br\/semcom\/wp-content\/uploads\/sites\/5\/2025\/12\/Habite-se-Manaus-_1_.jpg\",\"width\":1280,\"height\":960,\"caption\":\"#paratodosverem - Servidora do Implurb analisando pedido de regulariza\u00e7\u00e3o\"},{\"@type\":\"WebSite\",\"@id\":\"https:\/\/www.manaus.am.gov.br\/semcom\/#website\",\"url\":\"https:\/\/www.manaus.am.gov.br\/semcom\/\",\"name\":\"SEMCOM\",\"description\":\"Secretaria Municipal de Comunica\u00e7\u00e3o\",\"potentialAction\":[{\"@type\":\"SearchAction\",\"target\":{\"@type\":\"EntryPoint\",\"urlTemplate\":\"https:\/\/www.manaus.am.gov.br\/semcom\/?s={search_term_string}\"},\"query-input\":\"required name=search_term_string\"}],\"inLanguage\":\"pt-BR\"},{\"@type\":\"Person\",\"@id\":\"https:\/\/www.manaus.am.gov.br\/semcom\/#\/schema\/person\/a5ee5376db6e21af026374b369f30882\",\"name\":\"Thiago Fernando\",\"image\":{\"@type\":\"ImageObject\",\"inLanguage\":\"pt-BR\",\"@id\":\"https:\/\/www.manaus.am.gov.br\/semcom\/#\/schema\/person\/image\/\",\"url\":\"https:\/\/secure.gravatar.com\/avatar\/f5aab8722444041451501c077052ac07?s=96&d=mm&r=g\",\"contentUrl\":\"https:\/\/secure.gravatar.com\/avatar\/f5aab8722444041451501c077052ac07?s=96&d=mm&r=g\",\"caption\":\"Thiago Fernando\"}}]}<\/script>\n<!-- \/ Yoast SEO plugin. -->","yoast_head_json":{"title":"\u00c1rea regularizada com Habite-se avan\u00e7a em Manaus em 2025","description":"Emitida pela Prefeitura de Manaus, somente este ano, licenciou mais de 710 mil metros quadrados de Habite-se, de janeiro a novembro.","robots":{"index":"index","follow":"follow","max-snippet":"max-snippet:-1","max-image-preview":"max-image-preview:large","max-video-preview":"max-video-preview:-1"},"canonical":"https:\/\/www.manaus.am.gov.br\/semcom\/habite-se-manaus-2025-regularizada\/","og_locale":"pt_BR","og_type":"article","og_title":"\u00c1rea regularizada com Habite-se avan\u00e7a em Manaus em 2025","og_description":"Emitida pela Prefeitura de Manaus, somente este ano, licenciou mais de 710 mil metros quadrados de Habite-se, de janeiro a novembro.","og_url":"https:\/\/www.manaus.am.gov.br\/semcom\/habite-se-manaus-2025-regularizada\/","og_site_name":"SEMCOM","article_published_time":"2025-12-19T15:31:00+00:00","article_modified_time":"2025-12-19T15:31:01+00:00","og_image":[{"width":1280,"height":960,"url":"https:\/\/www.manaus.am.gov.br\/semcom\/wp-content\/uploads\/sites\/5\/2025\/12\/Habite-se-Manaus-_1_.jpg","type":"image\/jpeg"}],"author":"Thiago Fernando","twitter_card":"summary_large_image","twitter_misc":{"Written by":"Thiago Fernando","Est. reading time":"4 minutos"},"schema":{"@context":"https:\/\/schema.org","@graph":[{"@type":"WebPage","@id":"https:\/\/www.manaus.am.gov.br\/semcom\/habite-se-manaus-2025-regularizada\/","url":"https:\/\/www.manaus.am.gov.br\/semcom\/habite-se-manaus-2025-regularizada\/","name":"\u00c1rea regularizada com Habite-se avan\u00e7a em Manaus em 2025","isPartOf":{"@id":"https:\/\/www.manaus.am.gov.br\/semcom\/#website"},"primaryImageOfPage":{"@id":"https:\/\/www.manaus.am.gov.br\/semcom\/habite-se-manaus-2025-regularizada\/#primaryimage"},"image":{"@id":"https:\/\/www.manaus.am.gov.br\/semcom\/habite-se-manaus-2025-regularizada\/#primaryimage"},"thumbnailUrl":"https:\/\/www.manaus.am.gov.br\/semcom\/wp-content\/uploads\/sites\/5\/2025\/12\/Habite-se-Manaus-_1_.jpg","datePublished":"2025-12-19T15:31:00+00:00","dateModified":"2025-12-19T15:31:01+00:00","author":{"@id":"https:\/\/www.manaus.am.gov.br\/semcom\/#\/schema\/person\/a5ee5376db6e21af026374b369f30882"},"description":"Emitida pela Prefeitura de Manaus, somente este ano, licenciou mais de 710 mil metros quadrados de Habite-se, de janeiro a novembro.","inLanguage":"pt-BR","potentialAction":[{"@type":"ReadAction","target":["https:\/\/www.manaus.am.gov.br\/semcom\/habite-se-manaus-2025-regularizada\/"]}]},{"@type":"ImageObject","inLanguage":"pt-BR","@id":"https:\/\/www.manaus.am.gov.br\/semcom\/habite-se-manaus-2025-regularizada\/#primaryimage","url":"https:\/\/www.manaus.am.gov.br\/semcom\/wp-content\/uploads\/sites\/5\/2025\/12\/Habite-se-Manaus-_1_.jpg","contentUrl":"https:\/\/www.manaus.am.gov.br\/semcom\/wp-content\/uploads\/sites\/5\/2025\/12\/Habite-se-Manaus-_1_.jpg","width":1280,"height":960,"caption":"#paratodosverem - Servidora do Implurb analisando pedido de regulariza\u00e7\u00e3o"},{"@type":"WebSite","@id":"https:\/\/www.manaus.am.gov.br\/semcom\/#website","url":"https:\/\/www.manaus.am.gov.br\/semcom\/","name":"SEMCOM","description":"Secretaria Municipal de Comunica\u00e7\u00e3o","potentialAction":[{"@type":"SearchAction","target":{"@type":"EntryPoint","urlTemplate":"https:\/\/www.manaus.am.gov.br\/semcom\/?s={search_term_string}"},"query-input":"required name=search_term_string"}],"inLanguage":"pt-BR"},{"@type":"Person","@id":"https:\/\/www.manaus.am.gov.br\/semcom\/#\/schema\/person\/a5ee5376db6e21af026374b369f30882","name":"Thiago Fernando","image":{"@type":"ImageObject","inLanguage":"pt-BR","@id":"https:\/\/www.manaus.am.gov.br\/semcom\/#\/schema\/person\/image\/","url":"https:\/\/secure.gravatar.com\/avatar\/f5aab8722444041451501c077052ac07?s=96&d=mm&r=g","contentUrl":"https:\/\/secure.gravatar.com\/avatar\/f5aab8722444041451501c077052ac07?s=96&d=mm&r=g","caption":"Thiago Fernando"}}]}},"_links":{"self":[{"href":"https:\/\/www.manaus.am.gov.br\/semcom\/wp-json\/wp\/v2\/posts\/249993"}],"collection":[{"href":"https:\/\/www.manaus.am.gov.br\/semcom\/wp-json\/wp\/v2\/posts"}],"about":[{"href":"https:\/\/www.manaus.am.gov.br\/semcom\/wp-json\/wp\/v2\/types\/post"}],"author":[{"embeddable":true,"href":"https:\/\/www.manaus.am.gov.br\/semcom\/wp-json\/wp\/v2\/users\/57"}],"replies":[{"embeddable":true,"href":"https:\/\/www.manaus.am.gov.br\/semcom\/wp-json\/wp\/v2\/comments?post=249993"}],"version-history":[{"count":0,"href":"https:\/\/www.manaus.am.gov.br\/semcom\/wp-json\/wp\/v2\/posts\/249993\/revisions"}],"wp:featuredmedia":[{"embeddable":true,"href":"https:\/\/www.manaus.am.gov.br\/semcom\/wp-json\/wp\/v2\/media\/249994"}],"wp:attachment":[{"href":"https:\/\/www.manaus.am.gov.br\/semcom\/wp-json\/wp\/v2\/media?parent=249993"}],"wp:term":[{"taxonomy":"category","embeddable":true,"href":"https:\/\/www.manaus.am.gov.br\/semcom\/wp-json\/wp\/v2\/categories?post=249993"},{"taxonomy":"post_tag","embeddable":true,"href":"https:\/\/www.manaus.am.gov.br\/semcom\/wp-json\/wp\/v2\/tags?post=249993"}],"curies":[{"name":"wp","href":"https:\/\/api.w.org\/{rel}","templated":true}]}}