{"id":249980,"date":"2025-12-18T23:39:38","date_gmt":"2025-12-19T03:39:38","guid":{"rendered":"https:\/\/www.manaus.am.gov.br\/semcom\/acao-natal-nas-aguas\/"},"modified":"2025-12-18T23:39:38","modified_gmt":"2025-12-19T03:39:38","slug":"acao-natal-nas-aguas","status":"publish","type":"post","link":"https:\/\/www.manaus.am.gov.br\/semcom\/acao-natal-nas-aguas\/","title":{"rendered":"Prefeito David Almeida encerra &#8216;Natal das \u00c1guas&#8217; levando solidariedade e alegria a comunidade polo Jaraqui, no rio Negro"},"content":{"rendered":"\n<p>O prefeito de Manaus, David Almeida, participou, nesta quinta-feira, 18\/12, do encerramento do &#8220;Natal nas \u00c1guas&#8221; na zona rural. A iniciativa levou a balsa natalina totalmente iluminada, personagens e a distribui\u00e7\u00e3o de cestas b\u00e1sicas, panetones, latas de leite e brindes \u00e0 comunidade polo Jaraqui, que tamb\u00e9m atendeu as comunidades vizinhas Jaraquizinho, Araras, Baixote e Caio\u00e9.<\/p>\n\n\n\n<p>Na oportunidade, o prefeito destacou que a iniciativa visa fortalecer o esp\u00edrito de solidariedade neste per\u00edodo natalino.&nbsp;<\/p>\n\n\n\n<p>\u201cN\u00f3s trazemos o entretenimento, n\u00f3s trazemos a fraternidade, a bondade e o esp\u00edrito natalino. A balsa e o pres\u00e9pio significam muito, temos tamb\u00e9m comunidades ind\u00edgenas aqui que nunca viram um pres\u00e9pio ou um papai noel, ent\u00e3o estamos trazendo essa realidade, trazendo para essas pessoas a alegria do Natal, o que elas veem na televis\u00e3o\u201d, disse o prefeito.<br><\/p>\n\n\n\n<figure class=\"wp-block-image size-large\"><img loading=\"lazy\" decoding=\"async\" width=\"1024\" height=\"666\" src=\"https:\/\/www.manaus.am.gov.br\/semcom\/wp-content\/uploads\/sites\/5\/2025\/12\/WhatsApp-Image-2025-12-18-at-23.25.50-1024x666.jpeg\" alt=\"\" class=\"wp-image-249982\" srcset=\"https:\/\/www.manaus.am.gov.br\/semcom\/wp-content\/uploads\/sites\/5\/2025\/12\/WhatsApp-Image-2025-12-18-at-23.25.50-1024x666.jpeg 1024w, https:\/\/www.manaus.am.gov.br\/semcom\/wp-content\/uploads\/sites\/5\/2025\/12\/WhatsApp-Image-2025-12-18-at-23.25.50-300x195.jpeg 300w, https:\/\/www.manaus.am.gov.br\/semcom\/wp-content\/uploads\/sites\/5\/2025\/12\/WhatsApp-Image-2025-12-18-at-23.25.50-768x499.jpeg 768w, https:\/\/www.manaus.am.gov.br\/semcom\/wp-content\/uploads\/sites\/5\/2025\/12\/WhatsApp-Image-2025-12-18-at-23.25.50.jpeg 1280w\" sizes=\"(max-width: 1024px) 100vw, 1024px\" \/><\/figure>\n\n\n\n<p>Coordenado pelo Fundo Manaus Solid\u00e1ria (FMS), o \u201cNatal nas \u00c1guas&#8221; teve como objetivo levar a magia do Natal, apoio social e dignidade \u00e0s comunidades ribeirinhas da zona rural. Segundo a diretora-presidente do FMS, Viviana Lira, muitas pessoas nunca tiveram a oportunidade de viver o Natal como veem na televis\u00e3o.<\/p>\n\n\n\n<p>\u201cHoje, finalizamos a a\u00e7\u00e3o nas comunidades ribeirinhas com o cora\u00e7\u00e3o cheio de gratid\u00e3o, de poder trazer at\u00e9 essas fam\u00edlias o \u2018Natal nas \u00c1guas\u2019, trazer a magia do Natal, trazer f\u00e9, amor, esperan\u00e7a, e para a gente n\u00e3o tem pre\u00e7o, \u00e9 s\u00f3 felicidade\u201d, completou Lira.<br><\/p>\n\n\n\n<figure class=\"wp-block-image size-large\"><img loading=\"lazy\" decoding=\"async\" width=\"1024\" height=\"683\" src=\"https:\/\/www.manaus.am.gov.br\/semcom\/wp-content\/uploads\/sites\/5\/2025\/12\/WhatsApp-Image-2025-12-18-at-23.25.49-1024x683.jpeg\" alt=\"\" class=\"wp-image-249981\" srcset=\"https:\/\/www.manaus.am.gov.br\/semcom\/wp-content\/uploads\/sites\/5\/2025\/12\/WhatsApp-Image-2025-12-18-at-23.25.49-1024x683.jpeg 1024w, https:\/\/www.manaus.am.gov.br\/semcom\/wp-content\/uploads\/sites\/5\/2025\/12\/WhatsApp-Image-2025-12-18-at-23.25.49-300x200.jpeg 300w, https:\/\/www.manaus.am.gov.br\/semcom\/wp-content\/uploads\/sites\/5\/2025\/12\/WhatsApp-Image-2025-12-18-at-23.25.49-768x512.jpeg 768w, https:\/\/www.manaus.am.gov.br\/semcom\/wp-content\/uploads\/sites\/5\/2025\/12\/WhatsApp-Image-2025-12-18-at-23.25.49-1536x1024.jpeg 1536w, https:\/\/www.manaus.am.gov.br\/semcom\/wp-content\/uploads\/sites\/5\/2025\/12\/WhatsApp-Image-2025-12-18-at-23.25.49-2048x1365.jpeg 2048w\" sizes=\"(max-width: 1024px) 100vw, 1024px\" \/><\/figure>\n\n\n\n<p>O encerramento das a\u00e7\u00f5es na zona rural foi marcado por emo\u00e7\u00e3o e sentimento de gratid\u00e3o. Para os moradores, o projeto representa um momento \u00fanico de alegria e inclus\u00e3o social. O presidente da comunidade Bela Vista do Jaraqui, Daniel Ara\u00fajo, ressaltou a import\u00e2ncia da a\u00e7\u00e3o.<\/p>\n\n\n\n<p>\u201cToda a comunidade est\u00e1 muito feliz com esse grande monumento, uma vez que as crian\u00e7as e seus pais muitas vezes n\u00e3o t\u00eam condi\u00e7\u00f5es de ir at\u00e9 a cidade, portanto n\u00f3s agradecemos ao prefeito, e com certeza ser\u00e1 um Natal inesquec\u00edvel para as crian\u00e7as\u201d, celebrou o morador.&nbsp;&nbsp;<\/p>\n\n\n\n<p>A moradora Kelly da Silva, de 24 anos, veio de outra comunidade para prestigiar o evento e relatou que se sente amparada ao ver o sorriso das crian\u00e7as e receber os presentes.<\/p>\n\n\n\n<p>\u201cAgradecemos \u00e0 Prefeitura de Manaus por essa a\u00e7\u00e3o, por trazer alegria as nossas comunidades ribeirinhas, trazer sorrisos para essas crian\u00e7as. J\u00e1 estamos ansiosos para o pr\u00f3ximo ano\u201d.&nbsp;<\/p>\n\n\n\n<p>Entre as crian\u00e7as e os adultos a emo\u00e7\u00e3o era vis\u00edvel. \u201cEu estou muito feliz por finalmente ter o Natal na minha vila, muito obrigado, Prefeitura de Manaus\u201d, comemorou o estudante Derek de Souza.&nbsp;<\/p>\n\n\n\n<p>A estudante Luendra de Souza, tamb\u00e9m celebrou a a\u00e7\u00e3o. \u201cEstou gostando muito, ganhei cesta, uma boneca, panetone, estou muito feliz de verdade\u201d.&nbsp;<\/p>\n\n\n\n<p>O projeto, que teve in\u00edcio no dia 1\u00ba de dezembro, percorreu os rios amaz\u00f4nicos com uma balsa natalina totalmente iluminada, decorada, com personagens tem\u00e1ticos, realizando a distribui\u00e7\u00e3o de cestas b\u00e1sicas, panetones, latas de leite e brindes para a comunidade, promovendo momentos de alegria e integra\u00e7\u00e3o para fam\u00edlias que vivem em \u00e1reas de dif\u00edcil acesso.<\/p>\n\n\n\n<p>\u2014&#8211; \u2014&#8211; \u2014-<br><strong>Texto &#8211;<\/strong>\u00a0 Marcilene Frutuoso \/ Semcom<br><strong>Fotos &#8211; <\/strong>Dhyeizo Lemos \/ Semcom-Prefeito e Cl\u00f3vis Miranda \/ Semcom<br><strong>Dispon\u00edveis em &#8211; <\/strong><a href=\"https:\/\/flic.kr\/s\/aHBqjCEhKS\">https:\/\/flic.kr\/s\/aHBqjCEhKS<\/a><\/p>\n","protected":false},"excerpt":{"rendered":"","protected":false},"author":68,"featured_media":249983,"comment_status":"closed","ping_status":"closed","sticky":false,"template":"","format":"standard","meta":{"footnotes":""},"categories":[1884],"tags":[18557,35,18558,77],"acf":[],"yoast_head":"<!-- This site is optimized with the Yoast SEO plugin v23.0 - https:\/\/yoast.com\/wordpress\/plugins\/seo\/ -->\n<title>Prefeito David Almeida encerra \u2018Natal nas \u00c1guas\u2019<\/title>\n<meta name=\"description\" content=\"O prefeito de Manaus, David Almeida, participou, nesta quinta-feira, 18\/12, do encerramento do &quot;Natal nas \u00c1guas&quot; na zona rural.\" \/>\n<meta name=\"robots\" content=\"index, follow, max-snippet:-1, max-image-preview:large, max-video-preview:-1\" \/>\n<link rel=\"canonical\" href=\"https:\/\/www.manaus.am.gov.br\/semcom\/acao-natal-nas-aguas\/\" \/>\n<meta property=\"og:locale\" content=\"pt_BR\" \/>\n<meta property=\"og:type\" content=\"article\" \/>\n<meta property=\"og:title\" content=\"Prefeito David Almeida encerra \u2018Natal nas \u00c1guas\u2019\" \/>\n<meta property=\"og:description\" content=\"O prefeito de Manaus, David Almeida, participou, nesta quinta-feira, 18\/12, do encerramento do &quot;Natal nas \u00c1guas&quot; na zona rural.\" \/>\n<meta property=\"og:url\" content=\"https:\/\/www.manaus.am.gov.br\/semcom\/acao-natal-nas-aguas\/\" \/>\n<meta property=\"og:site_name\" content=\"SEMCOM\" \/>\n<meta property=\"article:published_time\" content=\"2025-12-19T03:39:38+00:00\" \/>\n<meta property=\"og:image\" content=\"https:\/\/www.manaus.am.gov.br\/semcom\/wp-content\/uploads\/sites\/5\/2025\/12\/WhatsApp-Image-2025-12-18-at-22.33.11.jpeg\" \/>\n\t<meta property=\"og:image:width\" content=\"4160\" \/>\n\t<meta property=\"og:image:height\" content=\"2773\" \/>\n\t<meta property=\"og:image:type\" content=\"image\/jpeg\" \/>\n<meta name=\"author\" content=\"bvalente\" \/>\n<meta name=\"twitter:card\" content=\"summary_large_image\" \/>\n<meta name=\"twitter:label1\" content=\"Written by\" \/>\n\t<meta name=\"twitter:data1\" content=\"bvalente\" \/>\n\t<meta name=\"twitter:label2\" content=\"Est. reading time\" \/>\n\t<meta name=\"twitter:data2\" content=\"4 minutos\" \/>\n<script type=\"application\/ld+json\" class=\"yoast-schema-graph\">{\"@context\":\"https:\/\/schema.org\",\"@graph\":[{\"@type\":\"WebPage\",\"@id\":\"https:\/\/www.manaus.am.gov.br\/semcom\/acao-natal-nas-aguas\/\",\"url\":\"https:\/\/www.manaus.am.gov.br\/semcom\/acao-natal-nas-aguas\/\",\"name\":\"Prefeito David Almeida encerra \u2018Natal nas \u00c1guas\u2019\",\"isPartOf\":{\"@id\":\"https:\/\/www.manaus.am.gov.br\/semcom\/#website\"},\"primaryImageOfPage\":{\"@id\":\"https:\/\/www.manaus.am.gov.br\/semcom\/acao-natal-nas-aguas\/#primaryimage\"},\"image\":{\"@id\":\"https:\/\/www.manaus.am.gov.br\/semcom\/acao-natal-nas-aguas\/#primaryimage\"},\"thumbnailUrl\":\"https:\/\/www.manaus.am.gov.br\/semcom\/wp-content\/uploads\/sites\/5\/2025\/12\/WhatsApp-Image-2025-12-18-at-22.33.11.jpeg\",\"datePublished\":\"2025-12-19T03:39:38+00:00\",\"dateModified\":\"2025-12-19T03:39:38+00:00\",\"author\":{\"@id\":\"https:\/\/www.manaus.am.gov.br\/semcom\/#\/schema\/person\/466a0e03ae4b6062809046bd560ac955\"},\"description\":\"O prefeito de Manaus, David Almeida, participou, nesta quinta-feira, 18\/12, do encerramento do \\\"Natal nas \u00c1guas\\\" na zona rural.\",\"inLanguage\":\"pt-BR\",\"potentialAction\":[{\"@type\":\"ReadAction\",\"target\":[\"https:\/\/www.manaus.am.gov.br\/semcom\/acao-natal-nas-aguas\/\"]}]},{\"@type\":\"ImageObject\",\"inLanguage\":\"pt-BR\",\"@id\":\"https:\/\/www.manaus.am.gov.br\/semcom\/acao-natal-nas-aguas\/#primaryimage\",\"url\":\"https:\/\/www.manaus.am.gov.br\/semcom\/wp-content\/uploads\/sites\/5\/2025\/12\/WhatsApp-Image-2025-12-18-at-22.33.11.jpeg\",\"contentUrl\":\"https:\/\/www.manaus.am.gov.br\/semcom\/wp-content\/uploads\/sites\/5\/2025\/12\/WhatsApp-Image-2025-12-18-at-22.33.11.jpeg\",\"width\":4160,\"height\":2773,\"caption\":\"#paratodosverem - Prefeito David Almeida com moradores da comunidade polo Jaraqui, no rio Negro durante encerramento do \\\"Natal nas \u00c1guas\\\" na zona rural\"},{\"@type\":\"WebSite\",\"@id\":\"https:\/\/www.manaus.am.gov.br\/semcom\/#website\",\"url\":\"https:\/\/www.manaus.am.gov.br\/semcom\/\",\"name\":\"SEMCOM\",\"description\":\"Secretaria Municipal de Comunica\u00e7\u00e3o\",\"potentialAction\":[{\"@type\":\"SearchAction\",\"target\":{\"@type\":\"EntryPoint\",\"urlTemplate\":\"https:\/\/www.manaus.am.gov.br\/semcom\/?s={search_term_string}\"},\"query-input\":\"required name=search_term_string\"}],\"inLanguage\":\"pt-BR\"},{\"@type\":\"Person\",\"@id\":\"https:\/\/www.manaus.am.gov.br\/semcom\/#\/schema\/person\/466a0e03ae4b6062809046bd560ac955\",\"name\":\"bvalente\",\"image\":{\"@type\":\"ImageObject\",\"inLanguage\":\"pt-BR\",\"@id\":\"https:\/\/www.manaus.am.gov.br\/semcom\/#\/schema\/person\/image\/\",\"url\":\"https:\/\/secure.gravatar.com\/avatar\/3e69bc2b014bdad41adfec3a39de07d2?s=96&d=mm&r=g\",\"contentUrl\":\"https:\/\/secure.gravatar.com\/avatar\/3e69bc2b014bdad41adfec3a39de07d2?s=96&d=mm&r=g\",\"caption\":\"bvalente\"}}]}<\/script>\n<!-- \/ Yoast SEO plugin. -->","yoast_head_json":{"title":"Prefeito David Almeida encerra \u2018Natal nas \u00c1guas\u2019","description":"O prefeito de Manaus, David Almeida, participou, nesta quinta-feira, 18\/12, do encerramento do \"Natal nas \u00c1guas\" na zona rural.","robots":{"index":"index","follow":"follow","max-snippet":"max-snippet:-1","max-image-preview":"max-image-preview:large","max-video-preview":"max-video-preview:-1"},"canonical":"https:\/\/www.manaus.am.gov.br\/semcom\/acao-natal-nas-aguas\/","og_locale":"pt_BR","og_type":"article","og_title":"Prefeito David Almeida encerra \u2018Natal nas \u00c1guas\u2019","og_description":"O prefeito de Manaus, David Almeida, participou, nesta quinta-feira, 18\/12, do encerramento do \"Natal nas \u00c1guas\" na zona rural.","og_url":"https:\/\/www.manaus.am.gov.br\/semcom\/acao-natal-nas-aguas\/","og_site_name":"SEMCOM","article_published_time":"2025-12-19T03:39:38+00:00","og_image":[{"width":4160,"height":2773,"url":"https:\/\/www.manaus.am.gov.br\/semcom\/wp-content\/uploads\/sites\/5\/2025\/12\/WhatsApp-Image-2025-12-18-at-22.33.11.jpeg","type":"image\/jpeg"}],"author":"bvalente","twitter_card":"summary_large_image","twitter_misc":{"Written by":"bvalente","Est. reading time":"4 minutos"},"schema":{"@context":"https:\/\/schema.org","@graph":[{"@type":"WebPage","@id":"https:\/\/www.manaus.am.gov.br\/semcom\/acao-natal-nas-aguas\/","url":"https:\/\/www.manaus.am.gov.br\/semcom\/acao-natal-nas-aguas\/","name":"Prefeito David Almeida encerra \u2018Natal nas \u00c1guas\u2019","isPartOf":{"@id":"https:\/\/www.manaus.am.gov.br\/semcom\/#website"},"primaryImageOfPage":{"@id":"https:\/\/www.manaus.am.gov.br\/semcom\/acao-natal-nas-aguas\/#primaryimage"},"image":{"@id":"https:\/\/www.manaus.am.gov.br\/semcom\/acao-natal-nas-aguas\/#primaryimage"},"thumbnailUrl":"https:\/\/www.manaus.am.gov.br\/semcom\/wp-content\/uploads\/sites\/5\/2025\/12\/WhatsApp-Image-2025-12-18-at-22.33.11.jpeg","datePublished":"2025-12-19T03:39:38+00:00","dateModified":"2025-12-19T03:39:38+00:00","author":{"@id":"https:\/\/www.manaus.am.gov.br\/semcom\/#\/schema\/person\/466a0e03ae4b6062809046bd560ac955"},"description":"O prefeito de Manaus, David Almeida, participou, nesta quinta-feira, 18\/12, do encerramento do \"Natal nas \u00c1guas\" na zona rural.","inLanguage":"pt-BR","potentialAction":[{"@type":"ReadAction","target":["https:\/\/www.manaus.am.gov.br\/semcom\/acao-natal-nas-aguas\/"]}]},{"@type":"ImageObject","inLanguage":"pt-BR","@id":"https:\/\/www.manaus.am.gov.br\/semcom\/acao-natal-nas-aguas\/#primaryimage","url":"https:\/\/www.manaus.am.gov.br\/semcom\/wp-content\/uploads\/sites\/5\/2025\/12\/WhatsApp-Image-2025-12-18-at-22.33.11.jpeg","contentUrl":"https:\/\/www.manaus.am.gov.br\/semcom\/wp-content\/uploads\/sites\/5\/2025\/12\/WhatsApp-Image-2025-12-18-at-22.33.11.jpeg","width":4160,"height":2773,"caption":"#paratodosverem - Prefeito David Almeida com moradores da comunidade polo Jaraqui, no rio Negro durante encerramento do \"Natal nas \u00c1guas\" na zona rural"},{"@type":"WebSite","@id":"https:\/\/www.manaus.am.gov.br\/semcom\/#website","url":"https:\/\/www.manaus.am.gov.br\/semcom\/","name":"SEMCOM","description":"Secretaria Municipal de Comunica\u00e7\u00e3o","potentialAction":[{"@type":"SearchAction","target":{"@type":"EntryPoint","urlTemplate":"https:\/\/www.manaus.am.gov.br\/semcom\/?s={search_term_string}"},"query-input":"required name=search_term_string"}],"inLanguage":"pt-BR"},{"@type":"Person","@id":"https:\/\/www.manaus.am.gov.br\/semcom\/#\/schema\/person\/466a0e03ae4b6062809046bd560ac955","name":"bvalente","image":{"@type":"ImageObject","inLanguage":"pt-BR","@id":"https:\/\/www.manaus.am.gov.br\/semcom\/#\/schema\/person\/image\/","url":"https:\/\/secure.gravatar.com\/avatar\/3e69bc2b014bdad41adfec3a39de07d2?s=96&d=mm&r=g","contentUrl":"https:\/\/secure.gravatar.com\/avatar\/3e69bc2b014bdad41adfec3a39de07d2?s=96&d=mm&r=g","caption":"bvalente"}}]}},"_links":{"self":[{"href":"https:\/\/www.manaus.am.gov.br\/semcom\/wp-json\/wp\/v2\/posts\/249980"}],"collection":[{"href":"https:\/\/www.manaus.am.gov.br\/semcom\/wp-json\/wp\/v2\/posts"}],"about":[{"href":"https:\/\/www.manaus.am.gov.br\/semcom\/wp-json\/wp\/v2\/types\/post"}],"author":[{"embeddable":true,"href":"https:\/\/www.manaus.am.gov.br\/semcom\/wp-json\/wp\/v2\/users\/68"}],"replies":[{"embeddable":true,"href":"https:\/\/www.manaus.am.gov.br\/semcom\/wp-json\/wp\/v2\/comments?post=249980"}],"version-history":[{"count":1,"href":"https:\/\/www.manaus.am.gov.br\/semcom\/wp-json\/wp\/v2\/posts\/249980\/revisions"}],"predecessor-version":[{"id":249984,"href":"https:\/\/www.manaus.am.gov.br\/semcom\/wp-json\/wp\/v2\/posts\/249980\/revisions\/249984"}],"wp:featuredmedia":[{"embeddable":true,"href":"https:\/\/www.manaus.am.gov.br\/semcom\/wp-json\/wp\/v2\/media\/249983"}],"wp:attachment":[{"href":"https:\/\/www.manaus.am.gov.br\/semcom\/wp-json\/wp\/v2\/media?parent=249980"}],"wp:term":[{"taxonomy":"category","embeddable":true,"href":"https:\/\/www.manaus.am.gov.br\/semcom\/wp-json\/wp\/v2\/categories?post=249980"},{"taxonomy":"post_tag","embeddable":true,"href":"https:\/\/www.manaus.am.gov.br\/semcom\/wp-json\/wp\/v2\/tags?post=249980"}],"curies":[{"name":"wp","href":"https:\/\/api.w.org\/{rel}","templated":true}]}}