{"id":249974,"date":"2025-12-18T21:02:07","date_gmt":"2025-12-19T00:02:07","guid":{"rendered":"https:\/\/www.manaus.am.gov.br\/semcom\/reveillon-manaus-2026\/"},"modified":"2025-12-18T21:02:08","modified_gmt":"2025-12-19T00:02:08","slug":"reveillon-manaus-2026","status":"publish","type":"post","link":"https:\/\/www.manaus.am.gov.br\/semcom\/reveillon-manaus-2026\/","title":{"rendered":"Prefeito David Almeida anuncia \u2018R\u00e9veillon Manaus 2026\u2019 com grandes atra\u00e7\u00f5es nacionais, valoriza\u00e7\u00e3o dos artistas locais e festa em tr\u00eas zonas da cidade"},"content":{"rendered":"\n<p>O prefeito de Manaus, David Almeida, anunciou, na manh\u00e3 desta quinta-feira, 18\/12, a programa\u00e7\u00e3o oficial do \u201cR\u00e9veillon Manaus 2026 \u2013 O encontro da nossa gente\u201d, consolidando a virada do ano como um dos maiores eventos populares da regi\u00e3o Norte. O lan\u00e7amento ocorreu no audit\u00f3rio do mirante L\u00facia Almeida, no centro hist\u00f3rico da capital, reunindo autoridades, artistas e representantes da imprensa.<\/p>\n\n\n\n<p>Organizado pela Funda\u00e7\u00e3o Municipal de Cultura, Turismo e Eventos (ManausCult), o R\u00e9veillon ser\u00e1 realizado simultaneamente em tr\u00eas grandes pontos da cidade: o complexo tur\u00edstico Ponta Negra, na zona Oeste; o parque Amazonino Mendes, na alameda Alphaville, entre as zonas Norte e Leste; e o bairro Educandos (Amarelinho), na zona Sul, ampliando o acesso da popula\u00e7\u00e3o \u00e0 maior celebra\u00e7\u00e3o do calend\u00e1rio festivo municipal.<\/p>\n\n\n\n<p>Durante o an\u00fancio, o prefeito destacou que a escolha das atra\u00e7\u00f5es nacionais foi baseada em pesquisa direta com o p\u00fablico, refor\u00e7ando o compromisso da gest\u00e3o com a participa\u00e7\u00e3o popular.<\/p>\n\n\n\n<p>\u201cN\u00f3s fizemos uma pesquisa de satisfa\u00e7\u00e3o no \u2018#Sou Manaus\u2019 e o p\u00fablico escolheu. Com 22% dos votos, a dupla Bruno &amp; Marrone foi a atra\u00e7\u00e3o que mais agradou e por isso estamos confirmando agora como atra\u00e7\u00e3o principal do R\u00e9veillon Manaus 2026\u201d, afirmou David Almeida.<\/p>\n\n\n\n<p>Al\u00e9m de Bruno &amp; Marrone, o prefeito confirmou a presen\u00e7a de 45 atra\u00e7\u00f5es locais, fortalecendo a economia criativa e valorizando os artistas da terra. \u201cA gente valoriza o bairro, cria pertencimento e fortalece a economia local. Enquanto muitos se divertem, ambulantes e comerciantes trabalham, gerando renda\u201d, ressaltou o prefeito.<\/p>\n\n\n\n<p>Os artistas locais anunciados foram: Uendel Pinheiro, Guto Lima, Mikael, John Veiga, Mailzon Mendes, Israel Paulain, Carlos Batata, Prefixo 92, Banda Impakto, Kelton Piloto, Edilson Santana, DJ May Seven, DJ Rafael Anjos, Banda Marrakesh, Banda Essence, Tome Xote, Am\u00e9rico Madrugada, Marcio Tinoco e Banda, Luiz Carlos, DJ Di Andrade, Banda Atrium e Isabele Ribeiro.<\/p>\n\n\n\n<p>A programa\u00e7\u00e3o inclui ainda dez minutos de show pirot\u00e9cnico silencioso nos tr\u00eas locais oficiais, seguindo o conceito de sustentabilidade adotado pela gest\u00e3o municipal, priorizando o bem-estar de crian\u00e7as, idosos, pessoas com defici\u00eancia, pessoas no espectro autista e animais sens\u00edveis a ru\u00eddos intensos.<\/p>\n\n\n\n<p><strong>R\u00e9veillon Gospel<\/strong><\/p>\n\n\n\n<p>O R\u00e9veillon Gospel, que integra oficialmente o calend\u00e1rio de eventos do munic\u00edpio, conforme a Lei n\u00ba 3.238\/2023, ser\u00e1 realizado no dia 30\/12, a partir das 17h, na Ponta Negra, com atra\u00e7\u00f5es nacionais como Banda Morada e Gabriel Guedes, reunindo f\u00e9, m\u00fasica e mensagens de esperan\u00e7a.<\/p>\n\n\n\n<p>Segundo o presidente da ManausCult, Jender Lobato, o evento reafirma o padr\u00e3o de excel\u00eancia das grandes festas promovidas pela Prefeitura de Manaus.<\/p>\n\n\n\n<p>\u201cQuem vem para um evento da prefeitura sabe que vai encontrar qualidade em palco, som, ilumina\u00e7\u00e3o, organiza\u00e7\u00e3o e, principalmente, seguran\u00e7a. O R\u00e9veillon Manaus 2026 foi pensado para democratizar o acesso \u00e0 cultura e valorizar os artistas da nossa terra\u201d, destacou.<\/p>\n\n\n\n<p>A estrutura do evento contar\u00e1 com hor\u00e1rio estendido e refor\u00e7o da frota de \u00f4nibus, monitorados em tempo real pelo Centro de Coopera\u00e7\u00e3o da Cidade (CCC), al\u00e9m de um robusto esquema de seguran\u00e7a com apoio da Pol\u00edcia Militar, Guarda Municipal, bombeiros civis e seguran\u00e7a privada. A \u00e1rea da sa\u00fade ter\u00e1 ambulat\u00f3rios, ambul\u00e2ncias, motol\u00e2ncias e equipes m\u00e9dicas distribu\u00eddas nos tr\u00eas pontos oficiais.<\/p>\n\n\n\n<p><strong>Acessibilidade<\/strong><\/p>\n\n\n\n<p>Refor\u00e7ando o compromisso com a inclus\u00e3o, o R\u00e9veillon Manaus 2026 contar\u00e1 com \u00e1reas exclusivas para Pessoas com Defici\u00eancia (PcDs), garantindo acessibilidade, conforto e seguran\u00e7a ao p\u00fablico. A estimativa \u00e9 de um p\u00fablico total de 411 mil pessoas ao longo da programa\u00e7\u00e3o.<\/p>\n\n\n\n<p>Ao encerrar o an\u00fancio, o prefeito fez quest\u00e3o de reconhecer o trabalho dos servidores municipais envolvidos na opera\u00e7\u00e3o.<\/p>\n\n\n\n<p>\u201cPara muitos, \u00e9 festa e alegria. Para os servidores da prefeitura, \u00e9 trabalho. S\u00e3o dias de montagem e planejamento para que tudo aconte\u00e7a com seguran\u00e7a e organiza\u00e7\u00e3o. O trabalho n\u00e3o para\u201d, concluiu David Almeida.<\/p>\n\n\n\n<p>&#8212; &#8212; &#8212;<br><strong>Texto &#8211; <\/strong>Emanuelle Baires \/ Semcom-Prefeito<br><strong>Fotos &#8211; <\/strong>Dhyeizo Lemos \/ Semcom-Prefeito e Jo\u00e3o Viana \/ Semcom<br><strong>Dispon\u00edveis em \u2013 <\/strong><a href=\"https:\/\/flic.kr\/s\/aHBqjCE8gy\">https:\/\/flic.kr\/s\/aHBqjCE8gy<\/a>\u00a0<\/p>\n","protected":false},"excerpt":{"rendered":"","protected":false},"author":68,"featured_media":249975,"comment_status":"closed","ping_status":"closed","sticky":false,"template":"","format":"standard","meta":{"footnotes":""},"categories":[1884],"tags":[18553,35,77],"acf":[],"yoast_head":"<!-- This site is optimized with the Yoast SEO plugin v23.0 - https:\/\/yoast.com\/wordpress\/plugins\/seo\/ -->\n<title>Prefeito David Almeida anuncia \u2018R\u00e9veillon Manaus 2026&#039;<\/title>\n<meta name=\"description\" content=\"O prefeito de Manaus, David Almeida, anunciou, na manh\u00e3 desta quinta-feira, 18\/12, a programa\u00e7\u00e3o oficial do \u201cR\u00e9veillon Manaus 2026 \u2013 O encontro da nossa gente\u201d.\" \/>\n<meta name=\"robots\" content=\"index, follow, max-snippet:-1, max-image-preview:large, max-video-preview:-1\" \/>\n<link rel=\"canonical\" href=\"https:\/\/www.manaus.am.gov.br\/semcom\/reveillon-manaus-2026\/\" \/>\n<meta property=\"og:locale\" content=\"pt_BR\" \/>\n<meta property=\"og:type\" content=\"article\" \/>\n<meta property=\"og:title\" content=\"Prefeito David Almeida anuncia \u2018R\u00e9veillon Manaus 2026&#039;\" \/>\n<meta property=\"og:description\" content=\"O prefeito de Manaus, David Almeida, anunciou, na manh\u00e3 desta quinta-feira, 18\/12, a programa\u00e7\u00e3o oficial do \u201cR\u00e9veillon Manaus 2026 \u2013 O encontro da nossa gente\u201d.\" \/>\n<meta property=\"og:url\" content=\"https:\/\/www.manaus.am.gov.br\/semcom\/reveillon-manaus-2026\/\" \/>\n<meta property=\"og:site_name\" content=\"SEMCOM\" \/>\n<meta property=\"article:published_time\" content=\"2025-12-19T00:02:07+00:00\" \/>\n<meta property=\"article:modified_time\" content=\"2025-12-19T00:02:08+00:00\" \/>\n<meta property=\"og:image\" content=\"https:\/\/www.manaus.am.gov.br\/semcom\/wp-content\/uploads\/sites\/5\/2025\/12\/WhatsApp-Image-2025-12-18-at-19.51.40.jpeg\" \/>\n\t<meta property=\"og:image:width\" content=\"4160\" \/>\n\t<meta property=\"og:image:height\" content=\"2773\" \/>\n\t<meta property=\"og:image:type\" content=\"image\/jpeg\" \/>\n<meta name=\"author\" content=\"bvalente\" \/>\n<meta name=\"twitter:card\" content=\"summary_large_image\" \/>\n<meta name=\"twitter:label1\" content=\"Written by\" \/>\n\t<meta name=\"twitter:data1\" content=\"bvalente\" \/>\n\t<meta name=\"twitter:label2\" content=\"Est. reading time\" \/>\n\t<meta name=\"twitter:data2\" content=\"4 minutos\" \/>\n<script type=\"application\/ld+json\" class=\"yoast-schema-graph\">{\"@context\":\"https:\/\/schema.org\",\"@graph\":[{\"@type\":\"WebPage\",\"@id\":\"https:\/\/www.manaus.am.gov.br\/semcom\/reveillon-manaus-2026\/\",\"url\":\"https:\/\/www.manaus.am.gov.br\/semcom\/reveillon-manaus-2026\/\",\"name\":\"Prefeito David Almeida anuncia \u2018R\u00e9veillon Manaus 2026'\",\"isPartOf\":{\"@id\":\"https:\/\/www.manaus.am.gov.br\/semcom\/#website\"},\"primaryImageOfPage\":{\"@id\":\"https:\/\/www.manaus.am.gov.br\/semcom\/reveillon-manaus-2026\/#primaryimage\"},\"image\":{\"@id\":\"https:\/\/www.manaus.am.gov.br\/semcom\/reveillon-manaus-2026\/#primaryimage\"},\"thumbnailUrl\":\"https:\/\/www.manaus.am.gov.br\/semcom\/wp-content\/uploads\/sites\/5\/2025\/12\/WhatsApp-Image-2025-12-18-at-19.51.40.jpeg\",\"datePublished\":\"2025-12-19T00:02:07+00:00\",\"dateModified\":\"2025-12-19T00:02:08+00:00\",\"author\":{\"@id\":\"https:\/\/www.manaus.am.gov.br\/semcom\/#\/schema\/person\/466a0e03ae4b6062809046bd560ac955\"},\"description\":\"O prefeito de Manaus, David Almeida, anunciou, na manh\u00e3 desta quinta-feira, 18\/12, a programa\u00e7\u00e3o oficial do \u201cR\u00e9veillon Manaus 2026 \u2013 O encontro da nossa gente\u201d.\",\"inLanguage\":\"pt-BR\",\"potentialAction\":[{\"@type\":\"ReadAction\",\"target\":[\"https:\/\/www.manaus.am.gov.br\/semcom\/reveillon-manaus-2026\/\"]}]},{\"@type\":\"ImageObject\",\"inLanguage\":\"pt-BR\",\"@id\":\"https:\/\/www.manaus.am.gov.br\/semcom\/reveillon-manaus-2026\/#primaryimage\",\"url\":\"https:\/\/www.manaus.am.gov.br\/semcom\/wp-content\/uploads\/sites\/5\/2025\/12\/WhatsApp-Image-2025-12-18-at-19.51.40.jpeg\",\"contentUrl\":\"https:\/\/www.manaus.am.gov.br\/semcom\/wp-content\/uploads\/sites\/5\/2025\/12\/WhatsApp-Image-2025-12-18-at-19.51.40.jpeg\",\"width\":4160,\"height\":2773,\"caption\":\"#paratodosverem - Prefeito David Almeida e secret\u00e1rios durante an\u00fancio do \u2018R\u00e9veillon Manaus 2026\u2019\"},{\"@type\":\"WebSite\",\"@id\":\"https:\/\/www.manaus.am.gov.br\/semcom\/#website\",\"url\":\"https:\/\/www.manaus.am.gov.br\/semcom\/\",\"name\":\"SEMCOM\",\"description\":\"Secretaria Municipal de Comunica\u00e7\u00e3o\",\"potentialAction\":[{\"@type\":\"SearchAction\",\"target\":{\"@type\":\"EntryPoint\",\"urlTemplate\":\"https:\/\/www.manaus.am.gov.br\/semcom\/?s={search_term_string}\"},\"query-input\":\"required name=search_term_string\"}],\"inLanguage\":\"pt-BR\"},{\"@type\":\"Person\",\"@id\":\"https:\/\/www.manaus.am.gov.br\/semcom\/#\/schema\/person\/466a0e03ae4b6062809046bd560ac955\",\"name\":\"bvalente\",\"image\":{\"@type\":\"ImageObject\",\"inLanguage\":\"pt-BR\",\"@id\":\"https:\/\/www.manaus.am.gov.br\/semcom\/#\/schema\/person\/image\/\",\"url\":\"https:\/\/secure.gravatar.com\/avatar\/3e69bc2b014bdad41adfec3a39de07d2?s=96&d=mm&r=g\",\"contentUrl\":\"https:\/\/secure.gravatar.com\/avatar\/3e69bc2b014bdad41adfec3a39de07d2?s=96&d=mm&r=g\",\"caption\":\"bvalente\"}}]}<\/script>\n<!-- \/ Yoast SEO plugin. -->","yoast_head_json":{"title":"Prefeito David Almeida anuncia \u2018R\u00e9veillon Manaus 2026'","description":"O prefeito de Manaus, David Almeida, anunciou, na manh\u00e3 desta quinta-feira, 18\/12, a programa\u00e7\u00e3o oficial do \u201cR\u00e9veillon Manaus 2026 \u2013 O encontro da nossa gente\u201d.","robots":{"index":"index","follow":"follow","max-snippet":"max-snippet:-1","max-image-preview":"max-image-preview:large","max-video-preview":"max-video-preview:-1"},"canonical":"https:\/\/www.manaus.am.gov.br\/semcom\/reveillon-manaus-2026\/","og_locale":"pt_BR","og_type":"article","og_title":"Prefeito David Almeida anuncia \u2018R\u00e9veillon Manaus 2026'","og_description":"O prefeito de Manaus, David Almeida, anunciou, na manh\u00e3 desta quinta-feira, 18\/12, a programa\u00e7\u00e3o oficial do \u201cR\u00e9veillon Manaus 2026 \u2013 O encontro da nossa gente\u201d.","og_url":"https:\/\/www.manaus.am.gov.br\/semcom\/reveillon-manaus-2026\/","og_site_name":"SEMCOM","article_published_time":"2025-12-19T00:02:07+00:00","article_modified_time":"2025-12-19T00:02:08+00:00","og_image":[{"width":4160,"height":2773,"url":"https:\/\/www.manaus.am.gov.br\/semcom\/wp-content\/uploads\/sites\/5\/2025\/12\/WhatsApp-Image-2025-12-18-at-19.51.40.jpeg","type":"image\/jpeg"}],"author":"bvalente","twitter_card":"summary_large_image","twitter_misc":{"Written by":"bvalente","Est. reading time":"4 minutos"},"schema":{"@context":"https:\/\/schema.org","@graph":[{"@type":"WebPage","@id":"https:\/\/www.manaus.am.gov.br\/semcom\/reveillon-manaus-2026\/","url":"https:\/\/www.manaus.am.gov.br\/semcom\/reveillon-manaus-2026\/","name":"Prefeito David Almeida anuncia \u2018R\u00e9veillon Manaus 2026'","isPartOf":{"@id":"https:\/\/www.manaus.am.gov.br\/semcom\/#website"},"primaryImageOfPage":{"@id":"https:\/\/www.manaus.am.gov.br\/semcom\/reveillon-manaus-2026\/#primaryimage"},"image":{"@id":"https:\/\/www.manaus.am.gov.br\/semcom\/reveillon-manaus-2026\/#primaryimage"},"thumbnailUrl":"https:\/\/www.manaus.am.gov.br\/semcom\/wp-content\/uploads\/sites\/5\/2025\/12\/WhatsApp-Image-2025-12-18-at-19.51.40.jpeg","datePublished":"2025-12-19T00:02:07+00:00","dateModified":"2025-12-19T00:02:08+00:00","author":{"@id":"https:\/\/www.manaus.am.gov.br\/semcom\/#\/schema\/person\/466a0e03ae4b6062809046bd560ac955"},"description":"O prefeito de Manaus, David Almeida, anunciou, na manh\u00e3 desta quinta-feira, 18\/12, a programa\u00e7\u00e3o oficial do \u201cR\u00e9veillon Manaus 2026 \u2013 O encontro da nossa gente\u201d.","inLanguage":"pt-BR","potentialAction":[{"@type":"ReadAction","target":["https:\/\/www.manaus.am.gov.br\/semcom\/reveillon-manaus-2026\/"]}]},{"@type":"ImageObject","inLanguage":"pt-BR","@id":"https:\/\/www.manaus.am.gov.br\/semcom\/reveillon-manaus-2026\/#primaryimage","url":"https:\/\/www.manaus.am.gov.br\/semcom\/wp-content\/uploads\/sites\/5\/2025\/12\/WhatsApp-Image-2025-12-18-at-19.51.40.jpeg","contentUrl":"https:\/\/www.manaus.am.gov.br\/semcom\/wp-content\/uploads\/sites\/5\/2025\/12\/WhatsApp-Image-2025-12-18-at-19.51.40.jpeg","width":4160,"height":2773,"caption":"#paratodosverem - Prefeito David Almeida e secret\u00e1rios durante an\u00fancio do \u2018R\u00e9veillon Manaus 2026\u2019"},{"@type":"WebSite","@id":"https:\/\/www.manaus.am.gov.br\/semcom\/#website","url":"https:\/\/www.manaus.am.gov.br\/semcom\/","name":"SEMCOM","description":"Secretaria Municipal de Comunica\u00e7\u00e3o","potentialAction":[{"@type":"SearchAction","target":{"@type":"EntryPoint","urlTemplate":"https:\/\/www.manaus.am.gov.br\/semcom\/?s={search_term_string}"},"query-input":"required name=search_term_string"}],"inLanguage":"pt-BR"},{"@type":"Person","@id":"https:\/\/www.manaus.am.gov.br\/semcom\/#\/schema\/person\/466a0e03ae4b6062809046bd560ac955","name":"bvalente","image":{"@type":"ImageObject","inLanguage":"pt-BR","@id":"https:\/\/www.manaus.am.gov.br\/semcom\/#\/schema\/person\/image\/","url":"https:\/\/secure.gravatar.com\/avatar\/3e69bc2b014bdad41adfec3a39de07d2?s=96&d=mm&r=g","contentUrl":"https:\/\/secure.gravatar.com\/avatar\/3e69bc2b014bdad41adfec3a39de07d2?s=96&d=mm&r=g","caption":"bvalente"}}]}},"_links":{"self":[{"href":"https:\/\/www.manaus.am.gov.br\/semcom\/wp-json\/wp\/v2\/posts\/249974"}],"collection":[{"href":"https:\/\/www.manaus.am.gov.br\/semcom\/wp-json\/wp\/v2\/posts"}],"about":[{"href":"https:\/\/www.manaus.am.gov.br\/semcom\/wp-json\/wp\/v2\/types\/post"}],"author":[{"embeddable":true,"href":"https:\/\/www.manaus.am.gov.br\/semcom\/wp-json\/wp\/v2\/users\/68"}],"replies":[{"embeddable":true,"href":"https:\/\/www.manaus.am.gov.br\/semcom\/wp-json\/wp\/v2\/comments?post=249974"}],"version-history":[{"count":0,"href":"https:\/\/www.manaus.am.gov.br\/semcom\/wp-json\/wp\/v2\/posts\/249974\/revisions"}],"wp:featuredmedia":[{"embeddable":true,"href":"https:\/\/www.manaus.am.gov.br\/semcom\/wp-json\/wp\/v2\/media\/249975"}],"wp:attachment":[{"href":"https:\/\/www.manaus.am.gov.br\/semcom\/wp-json\/wp\/v2\/media?parent=249974"}],"wp:term":[{"taxonomy":"category","embeddable":true,"href":"https:\/\/www.manaus.am.gov.br\/semcom\/wp-json\/wp\/v2\/categories?post=249974"},{"taxonomy":"post_tag","embeddable":true,"href":"https:\/\/www.manaus.am.gov.br\/semcom\/wp-json\/wp\/v2\/tags?post=249974"}],"curies":[{"name":"wp","href":"https:\/\/api.w.org\/{rel}","templated":true}]}}