{"id":249966,"date":"2025-12-18T18:51:29","date_gmt":"2025-12-18T21:51:29","guid":{"rendered":"https:\/\/www.manaus.am.gov.br\/semcom\/iptu-premiado-e-nota-premiada-manaus\/"},"modified":"2025-12-22T09:44:39","modified_gmt":"2025-12-22T12:44:39","slug":"iptu-premiado-e-nota-premiada-manaus","status":"publish","type":"post","link":"https:\/\/www.manaus.am.gov.br\/semcom\/iptu-premiado-e-nota-premiada-manaus\/","title":{"rendered":"Prefeitura entrega premia\u00e7\u00f5es das campanhas IPTU Premiado e Nota Premiada Manaus"},"content":{"rendered":"\n<p>A Prefeitura de Manaus, por meio da Secretaria Municipal de Finan\u00e7as, Planejamento e Tecnologia da Informa\u00e7\u00e3o (Semef), realizou, nesta quinta-feira, 18\/12, a entrega de cheques simb\u00f3licos aos ganhadores do sorteio 202509 do IPTU Premiado e do sorteio 202510 da campanha Nota Premiada Manaus. A cerim\u00f4nia aconteceu no audit\u00f3rio da Subsecretaria da Receita da Semef, na avenida Japur\u00e1, n\u00ba 493, no Centro, anexo do Manaus Atende.<\/p>\n\n\n\n<p>O evento reuniu representantes da administra\u00e7\u00e3o municipal, servidores da secretaria, contribuintes contemplados e integrantes do Grupo de Educa\u00e7\u00e3o Fiscal do Munic\u00edpio (GEFM), incluindo o coordenador Edson Fernandes, que participou do ato de entrega dos cheques simb\u00f3licos. As campanhas t\u00eam como objetivo incentivar a cidadania fiscal, estimular o pagamento em dia dos tributos municipais e refor\u00e7ar a import\u00e2ncia de solicitar a nota fiscal de servi\u00e7os, fortalecendo a transpar\u00eancia e a valoriza\u00e7\u00e3o do contribuinte.<\/p>\n\n\n\n<p>Durante a cerim\u00f4nia, Edson Fernandes destacou que a entrega reuniu, em um mesmo momento, os ganhadores das duas campanhas e lembrou que ainda h\u00e1 tempo para participar dos \u00faltimos sorteios referentes a 2025. \u201cNa Nota Premiada Manaus, basta se inscrever no site da campanha, em notapremiada.manaus.am.gov.br. O sorteio especial de 2025 acontecer\u00e1 em janeiro e vai sortear R$ 100 mil no pr\u00eamio principal\u201d, explicou.<\/p>\n\n\n\n<p>Sobre o IPTU Premiado, o coordenador refor\u00e7ou que manter o imposto em dia j\u00e1 garante a participa\u00e7\u00e3o. Segundo ele, contribuintes adimplentes com o IPTU 2025 concorrer\u00e3o ao pr\u00eamio de R$ 200 mil. J\u00e1 aqueles que n\u00e3o possuem qualquer d\u00e9bito com o munic\u00edpio, inclusive de exerc\u00edcios anteriores, disputar\u00e3o um pr\u00eamio extra de R$ 300 mil. \u201cContinuem acreditando e mantendo o IPTU em dia. Ainda teremos mais sorteios at\u00e9 o fim do ano\u201d, ressaltou Edson Fernandes.<\/p>\n\n\n\n<p><strong>Ganhadores<\/strong><\/p>\n\n\n\n<p>Entre os contemplados presentes da Nota Premiada Manaus estava a Adriana Lino, funcion\u00e1ria p\u00fablica. Ela contou que inicialmente desconfiou do contato informando sobre o pr\u00eamio. \u201cQuando me mandaram mensagem no WhatsApp, achei que era golpe. Fui pesquisar por conta pr\u00f3pria e foi uma grata surpresa descobrir que eu tinha ganhado R$ 10 mil. Esse pr\u00eamio veio em uma boa hora\u201d, relatou.<\/p>\n\n\n\n<p>Adriana tamb\u00e9m destacou a satisfa\u00e7\u00e3o em poder ajudar uma institui\u00e7\u00e3o social indicada por ela. \u201cNo meu caso, foi o S\u00e3o Vicente de Paulo, e acredito que esse valor vai ser muito ben\u00e9fico agora no final do ano\u201d, disse. Adepta do h\u00e1bito de pedir nota fiscal, ela incentivou a participa\u00e7\u00e3o. \u201c\u00c9 superinteressante. Se cadastrem, solicitem o CPF na nota. Hoje, fui eu, amanh\u00e3 pode ser voc\u00ea\u201d, convidou.<\/p>\n\n\n\n<p>A Irm\u00e3 Maria da Cruz, diretora da Casa da Crian\u00e7a, representou uma das institui\u00e7\u00f5es que foram indicadas e beneficiadas. Emocionada, ela destacou a import\u00e2ncia da campanha para o trabalho social desenvolvido. \u201cA Casa da Crian\u00e7a sobrevive, al\u00e9m de algumas doa\u00e7\u00f5es, da ajuda de benfeitores. N\u00f3s contamos com a sorte de ganhar na Nota Fiscal Manaus, que \u00e9 um benef\u00edcio. Quero agradecer ao prefeito e a todo o corpo administrativo pela iniciativa de manter essa campanha, que ajuda muitas pessoas e, sobretudo, as institui\u00e7\u00f5es\u201d, afirmou.&nbsp;<\/p>\n\n\n\n<p>Irm\u00e3 Maria ressaltou ainda que o pr\u00eamio chegou em um momento oportuno, no fim do ano, quando as despesas aumentam, e incentivou a popula\u00e7\u00e3o a acreditar e participar. \u201c\u00c9 verdade, cadastrem o CPF, porque al\u00e9m de incentivar o recolhimento dos impostos, beneficia pessoas f\u00edsicas e institui\u00e7\u00f5es\u201d, completou.<\/p>\n\n\n\n<p>Representando a esposa, ganhadora do pr\u00eamio de R$ 20 mil do IPTU Premiado (sorteio 202509), o industri\u00e1rio Ricardo Yanay tamb\u00e9m compartilhou sua experi\u00eancia. Ele contou que a fam\u00edlia pagou o IPTU 2025 em cota \u00fanica, no in\u00edcio do ano, e que a not\u00edcia da premia\u00e7\u00e3o causou surpresa. \u201cNo come\u00e7o, minha esposa n\u00e3o acreditou. Fomos pesquisar e vimos que o programa realmente existe. Ficamos muito felizes\u201d, afirmou.<\/p>\n\n\n\n<p>Ricardo ressaltou a import\u00e2ncia do compromisso do cidad\u00e3o com o munic\u00edpio. \u201cO IPTU \u00e9 um dever do cidad\u00e3o, porque \u00e9 com esses impostos que a prefeitura mant\u00e9m a cidade. A iniciativa de recompensar quem paga em dia \u00e9 muito boa e ajuda muito as fam\u00edlias. Fazer a nossa obriga\u00e7\u00e3o e ainda concorrer a pr\u00eamios \u00e9 algo positivo. S\u00f3 temos a agradecer \u00e0 Prefeitura de Manaus\u201d, declarou.<\/p>\n\n\n\n<p>A entrega simb\u00f3lica dos pr\u00eamios refor\u00e7a o compromisso da Prefeitura de Manaus com a educa\u00e7\u00e3o fiscal, a transpar\u00eancia na gest\u00e3o p\u00fablica e o reconhecimento dos contribuintes que contribuem para o desenvolvimento da cidade.<\/p>\n\n\n\n<p>\u2014&#8211; \u2014&#8211; \u2014- <\/p>\n\n\n\n<p>Texto \u2013 Anderson Farias\/Semef<br>Foto \u2013 Sidinei Rodrigues\/Semef<\/p>\n","protected":false},"excerpt":{"rendered":"","protected":false},"author":68,"featured_media":249967,"comment_status":"closed","ping_status":"closed","sticky":false,"template":"","format":"standard","meta":{"footnotes":""},"categories":[419],"tags":[18545,18546,77,18547,157],"acf":[],"yoast_head":"<!-- This site is optimized with the Yoast SEO plugin v23.0 - https:\/\/yoast.com\/wordpress\/plugins\/seo\/ -->\n<title>Prefeitura entrega premia\u00e7\u00f5es do IPTU Premiado e Nota Premiada<\/title>\n<meta name=\"description\" content=\"A Prefeitura de Manaus realizou a entrega de cheques simb\u00f3licos aos ganhadores do IPTU Premiado e da campanha Nota Premiada Manaus.\" \/>\n<meta name=\"robots\" content=\"index, follow, max-snippet:-1, max-image-preview:large, max-video-preview:-1\" \/>\n<link rel=\"canonical\" href=\"https:\/\/www.manaus.am.gov.br\/semcom\/iptu-premiado-e-nota-premiada-manaus\/\" \/>\n<meta property=\"og:locale\" content=\"pt_BR\" \/>\n<meta property=\"og:type\" content=\"article\" \/>\n<meta property=\"og:title\" content=\"Prefeitura entrega premia\u00e7\u00f5es do IPTU Premiado e Nota Premiada\" \/>\n<meta property=\"og:description\" content=\"A Prefeitura de Manaus realizou a entrega de cheques simb\u00f3licos aos ganhadores do IPTU Premiado e da campanha Nota Premiada Manaus.\" \/>\n<meta property=\"og:url\" content=\"https:\/\/www.manaus.am.gov.br\/semcom\/iptu-premiado-e-nota-premiada-manaus\/\" \/>\n<meta property=\"og:site_name\" content=\"SEMCOM\" \/>\n<meta property=\"article:published_time\" content=\"2025-12-18T21:51:29+00:00\" \/>\n<meta property=\"article:modified_time\" content=\"2025-12-22T12:44:39+00:00\" \/>\n<meta property=\"og:image\" content=\"https:\/\/www.manaus.am.gov.br\/semcom\/wp-content\/uploads\/sites\/5\/2025\/12\/Prefeitura-entrega-premiacoes-das-campanhas-IPTU-Premiado-e-Nota-Premiada-Manaus-4.jpg\" \/>\n\t<meta property=\"og:image:width\" content=\"1600\" \/>\n\t<meta property=\"og:image:height\" content=\"1067\" \/>\n\t<meta property=\"og:image:type\" content=\"image\/jpeg\" \/>\n<meta name=\"author\" content=\"bvalente\" \/>\n<meta name=\"twitter:card\" content=\"summary_large_image\" \/>\n<meta name=\"twitter:label1\" content=\"Written by\" \/>\n\t<meta name=\"twitter:data1\" content=\"bvalente\" \/>\n\t<meta name=\"twitter:label2\" content=\"Est. reading time\" \/>\n\t<meta name=\"twitter:data2\" content=\"5 minutos\" \/>\n<script type=\"application\/ld+json\" class=\"yoast-schema-graph\">{\"@context\":\"https:\/\/schema.org\",\"@graph\":[{\"@type\":\"WebPage\",\"@id\":\"https:\/\/www.manaus.am.gov.br\/semcom\/iptu-premiado-e-nota-premiada-manaus\/\",\"url\":\"https:\/\/www.manaus.am.gov.br\/semcom\/iptu-premiado-e-nota-premiada-manaus\/\",\"name\":\"Prefeitura entrega premia\u00e7\u00f5es do IPTU Premiado e Nota Premiada\",\"isPartOf\":{\"@id\":\"https:\/\/www.manaus.am.gov.br\/semcom\/#website\"},\"primaryImageOfPage\":{\"@id\":\"https:\/\/www.manaus.am.gov.br\/semcom\/iptu-premiado-e-nota-premiada-manaus\/#primaryimage\"},\"image\":{\"@id\":\"https:\/\/www.manaus.am.gov.br\/semcom\/iptu-premiado-e-nota-premiada-manaus\/#primaryimage\"},\"thumbnailUrl\":\"https:\/\/www.manaus.am.gov.br\/semcom\/wp-content\/uploads\/sites\/5\/2025\/12\/Prefeitura-entrega-premiacoes-das-campanhas-IPTU-Premiado-e-Nota-Premiada-Manaus-4.jpg\",\"datePublished\":\"2025-12-18T21:51:29+00:00\",\"dateModified\":\"2025-12-22T12:44:39+00:00\",\"author\":{\"@id\":\"https:\/\/www.manaus.am.gov.br\/semcom\/#\/schema\/person\/466a0e03ae4b6062809046bd560ac955\"},\"description\":\"A Prefeitura de Manaus realizou a entrega de cheques simb\u00f3licos aos ganhadores do IPTU Premiado e da campanha Nota Premiada Manaus.\",\"inLanguage\":\"pt-BR\",\"potentialAction\":[{\"@type\":\"ReadAction\",\"target\":[\"https:\/\/www.manaus.am.gov.br\/semcom\/iptu-premiado-e-nota-premiada-manaus\/\"]}]},{\"@type\":\"ImageObject\",\"inLanguage\":\"pt-BR\",\"@id\":\"https:\/\/www.manaus.am.gov.br\/semcom\/iptu-premiado-e-nota-premiada-manaus\/#primaryimage\",\"url\":\"https:\/\/www.manaus.am.gov.br\/semcom\/wp-content\/uploads\/sites\/5\/2025\/12\/Prefeitura-entrega-premiacoes-das-campanhas-IPTU-Premiado-e-Nota-Premiada-Manaus-4.jpg\",\"contentUrl\":\"https:\/\/www.manaus.am.gov.br\/semcom\/wp-content\/uploads\/sites\/5\/2025\/12\/Prefeitura-entrega-premiacoes-das-campanhas-IPTU-Premiado-e-Nota-Premiada-Manaus-4.jpg\",\"width\":1600,\"height\":1067,\"caption\":\"#paratodosverem \u2013 Premiados seguram cheques simb\u00f3licos das campanhas\"},{\"@type\":\"WebSite\",\"@id\":\"https:\/\/www.manaus.am.gov.br\/semcom\/#website\",\"url\":\"https:\/\/www.manaus.am.gov.br\/semcom\/\",\"name\":\"SEMCOM\",\"description\":\"Secretaria Municipal de Comunica\u00e7\u00e3o\",\"potentialAction\":[{\"@type\":\"SearchAction\",\"target\":{\"@type\":\"EntryPoint\",\"urlTemplate\":\"https:\/\/www.manaus.am.gov.br\/semcom\/?s={search_term_string}\"},\"query-input\":\"required name=search_term_string\"}],\"inLanguage\":\"pt-BR\"},{\"@type\":\"Person\",\"@id\":\"https:\/\/www.manaus.am.gov.br\/semcom\/#\/schema\/person\/466a0e03ae4b6062809046bd560ac955\",\"name\":\"bvalente\",\"image\":{\"@type\":\"ImageObject\",\"inLanguage\":\"pt-BR\",\"@id\":\"https:\/\/www.manaus.am.gov.br\/semcom\/#\/schema\/person\/image\/\",\"url\":\"https:\/\/secure.gravatar.com\/avatar\/3e69bc2b014bdad41adfec3a39de07d2?s=96&d=mm&r=g\",\"contentUrl\":\"https:\/\/secure.gravatar.com\/avatar\/3e69bc2b014bdad41adfec3a39de07d2?s=96&d=mm&r=g\",\"caption\":\"bvalente\"}}]}<\/script>\n<!-- \/ Yoast SEO plugin. -->","yoast_head_json":{"title":"Prefeitura entrega premia\u00e7\u00f5es do IPTU Premiado e Nota Premiada","description":"A Prefeitura de Manaus realizou a entrega de cheques simb\u00f3licos aos ganhadores do IPTU Premiado e da campanha Nota Premiada Manaus.","robots":{"index":"index","follow":"follow","max-snippet":"max-snippet:-1","max-image-preview":"max-image-preview:large","max-video-preview":"max-video-preview:-1"},"canonical":"https:\/\/www.manaus.am.gov.br\/semcom\/iptu-premiado-e-nota-premiada-manaus\/","og_locale":"pt_BR","og_type":"article","og_title":"Prefeitura entrega premia\u00e7\u00f5es do IPTU Premiado e Nota Premiada","og_description":"A Prefeitura de Manaus realizou a entrega de cheques simb\u00f3licos aos ganhadores do IPTU Premiado e da campanha Nota Premiada Manaus.","og_url":"https:\/\/www.manaus.am.gov.br\/semcom\/iptu-premiado-e-nota-premiada-manaus\/","og_site_name":"SEMCOM","article_published_time":"2025-12-18T21:51:29+00:00","article_modified_time":"2025-12-22T12:44:39+00:00","og_image":[{"width":1600,"height":1067,"url":"https:\/\/www.manaus.am.gov.br\/semcom\/wp-content\/uploads\/sites\/5\/2025\/12\/Prefeitura-entrega-premiacoes-das-campanhas-IPTU-Premiado-e-Nota-Premiada-Manaus-4.jpg","type":"image\/jpeg"}],"author":"bvalente","twitter_card":"summary_large_image","twitter_misc":{"Written by":"bvalente","Est. reading time":"5 minutos"},"schema":{"@context":"https:\/\/schema.org","@graph":[{"@type":"WebPage","@id":"https:\/\/www.manaus.am.gov.br\/semcom\/iptu-premiado-e-nota-premiada-manaus\/","url":"https:\/\/www.manaus.am.gov.br\/semcom\/iptu-premiado-e-nota-premiada-manaus\/","name":"Prefeitura entrega premia\u00e7\u00f5es do IPTU Premiado e Nota Premiada","isPartOf":{"@id":"https:\/\/www.manaus.am.gov.br\/semcom\/#website"},"primaryImageOfPage":{"@id":"https:\/\/www.manaus.am.gov.br\/semcom\/iptu-premiado-e-nota-premiada-manaus\/#primaryimage"},"image":{"@id":"https:\/\/www.manaus.am.gov.br\/semcom\/iptu-premiado-e-nota-premiada-manaus\/#primaryimage"},"thumbnailUrl":"https:\/\/www.manaus.am.gov.br\/semcom\/wp-content\/uploads\/sites\/5\/2025\/12\/Prefeitura-entrega-premiacoes-das-campanhas-IPTU-Premiado-e-Nota-Premiada-Manaus-4.jpg","datePublished":"2025-12-18T21:51:29+00:00","dateModified":"2025-12-22T12:44:39+00:00","author":{"@id":"https:\/\/www.manaus.am.gov.br\/semcom\/#\/schema\/person\/466a0e03ae4b6062809046bd560ac955"},"description":"A Prefeitura de Manaus realizou a entrega de cheques simb\u00f3licos aos ganhadores do IPTU Premiado e da campanha Nota Premiada Manaus.","inLanguage":"pt-BR","potentialAction":[{"@type":"ReadAction","target":["https:\/\/www.manaus.am.gov.br\/semcom\/iptu-premiado-e-nota-premiada-manaus\/"]}]},{"@type":"ImageObject","inLanguage":"pt-BR","@id":"https:\/\/www.manaus.am.gov.br\/semcom\/iptu-premiado-e-nota-premiada-manaus\/#primaryimage","url":"https:\/\/www.manaus.am.gov.br\/semcom\/wp-content\/uploads\/sites\/5\/2025\/12\/Prefeitura-entrega-premiacoes-das-campanhas-IPTU-Premiado-e-Nota-Premiada-Manaus-4.jpg","contentUrl":"https:\/\/www.manaus.am.gov.br\/semcom\/wp-content\/uploads\/sites\/5\/2025\/12\/Prefeitura-entrega-premiacoes-das-campanhas-IPTU-Premiado-e-Nota-Premiada-Manaus-4.jpg","width":1600,"height":1067,"caption":"#paratodosverem \u2013 Premiados seguram cheques simb\u00f3licos das campanhas"},{"@type":"WebSite","@id":"https:\/\/www.manaus.am.gov.br\/semcom\/#website","url":"https:\/\/www.manaus.am.gov.br\/semcom\/","name":"SEMCOM","description":"Secretaria Municipal de Comunica\u00e7\u00e3o","potentialAction":[{"@type":"SearchAction","target":{"@type":"EntryPoint","urlTemplate":"https:\/\/www.manaus.am.gov.br\/semcom\/?s={search_term_string}"},"query-input":"required name=search_term_string"}],"inLanguage":"pt-BR"},{"@type":"Person","@id":"https:\/\/www.manaus.am.gov.br\/semcom\/#\/schema\/person\/466a0e03ae4b6062809046bd560ac955","name":"bvalente","image":{"@type":"ImageObject","inLanguage":"pt-BR","@id":"https:\/\/www.manaus.am.gov.br\/semcom\/#\/schema\/person\/image\/","url":"https:\/\/secure.gravatar.com\/avatar\/3e69bc2b014bdad41adfec3a39de07d2?s=96&d=mm&r=g","contentUrl":"https:\/\/secure.gravatar.com\/avatar\/3e69bc2b014bdad41adfec3a39de07d2?s=96&d=mm&r=g","caption":"bvalente"}}]}},"_links":{"self":[{"href":"https:\/\/www.manaus.am.gov.br\/semcom\/wp-json\/wp\/v2\/posts\/249966"}],"collection":[{"href":"https:\/\/www.manaus.am.gov.br\/semcom\/wp-json\/wp\/v2\/posts"}],"about":[{"href":"https:\/\/www.manaus.am.gov.br\/semcom\/wp-json\/wp\/v2\/types\/post"}],"author":[{"embeddable":true,"href":"https:\/\/www.manaus.am.gov.br\/semcom\/wp-json\/wp\/v2\/users\/68"}],"replies":[{"embeddable":true,"href":"https:\/\/www.manaus.am.gov.br\/semcom\/wp-json\/wp\/v2\/comments?post=249966"}],"version-history":[{"count":1,"href":"https:\/\/www.manaus.am.gov.br\/semcom\/wp-json\/wp\/v2\/posts\/249966\/revisions"}],"predecessor-version":[{"id":250041,"href":"https:\/\/www.manaus.am.gov.br\/semcom\/wp-json\/wp\/v2\/posts\/249966\/revisions\/250041"}],"wp:featuredmedia":[{"embeddable":true,"href":"https:\/\/www.manaus.am.gov.br\/semcom\/wp-json\/wp\/v2\/media\/249967"}],"wp:attachment":[{"href":"https:\/\/www.manaus.am.gov.br\/semcom\/wp-json\/wp\/v2\/media?parent=249966"}],"wp:term":[{"taxonomy":"category","embeddable":true,"href":"https:\/\/www.manaus.am.gov.br\/semcom\/wp-json\/wp\/v2\/categories?post=249966"},{"taxonomy":"post_tag","embeddable":true,"href":"https:\/\/www.manaus.am.gov.br\/semcom\/wp-json\/wp\/v2\/tags?post=249966"}],"curies":[{"name":"wp","href":"https:\/\/api.w.org\/{rel}","templated":true}]}}