{"id":249932,"date":"2025-12-18T12:06:49","date_gmt":"2025-12-18T16:06:49","guid":{"rendered":"https:\/\/www.manaus.am.gov.br\/semcom\/formacao-estudantes-pah\/"},"modified":"2025-12-18T12:06:49","modified_gmt":"2025-12-18T16:06:49","slug":"formacao-estudantes-pah","status":"publish","type":"post","link":"https:\/\/www.manaus.am.gov.br\/semcom\/formacao-estudantes-pah\/","title":{"rendered":"Mais de 50 estudantes se formam em\u00a0ingl\u00eas, espanhol\u00a0e Libras no Programa Ampliando Horizontes da prefeitura"},"content":{"rendered":"\n<p>O Programa Ampliando Horizonte (PAH), da Prefeitura de Manaus, formou 58 estudantes nos cursos&nbsp;de L\u00edngua Inglesa, L\u00edngua Espanhola e L\u00edngua Brasileira de Sinais (Libras), referente ao 2\u00ba semestre deste ano.&nbsp;O PAH \u00e9 realizado pela Secretaria Municipal de Educa\u00e7\u00e3o (Semed), por meio Divis\u00e3o de Desenvolvimento Profissional do Magist\u00e9rio (DDPM). A formatura aconteceu no audit\u00f3rio da&nbsp;Semed, na avenida Macei\u00f3, zona Centro-Sul da capital.&nbsp;<\/p>\n\n\n\n<p>Nesta edi\u00e7\u00e3o, o evento marcou a formatura das primeiras turmas do PAH Juniors e do PAH para Chiquitos e&nbsp;Libritos, iniciativas voltadas a filhos de servidores, com idades entre 11 e 15 anos, ampliando o acesso ao ensino de idiomas desde cedo. Ao todo, foram certificados 20 alunos em Libras, 16 em&nbsp;espanhol&nbsp;e 22 em&nbsp;ingl\u00eas.&nbsp;<\/p>\n\n\n\n<p>Consolidado como uma pol\u00edtica p\u00fablica de forma\u00e7\u00e3o continuada, o Programa Ampliando Horizontes oferece cursos gratuitos de idiomas, com metodologia comunicativa, voltada ao desenvolvimento das compet\u00eancias de ouvir, falar, ler e escrever, al\u00e9m de promover inclus\u00e3o e valoriza\u00e7\u00e3o do capital humano da rede municipal de ensino.&nbsp;<\/p>\n\n\n\n<p>A coordenadora do PAH, Suellen Gomes, destacou a import\u00e2ncia da formatura como resultado dessa pol\u00edtica p\u00fablica.<\/p>\n\n\n\n<p>\u201cHoje estamos muito felizes em poder formar mais 58 alunos nos cursos de&nbsp;L\u00edngua Inglesa, L\u00edngua Espanhola&nbsp;e Libras. Essa formatura concretiza uma pol\u00edtica p\u00fablica de educa\u00e7\u00e3o voltada \u00e0 inclus\u00e3o e \u00e0 transforma\u00e7\u00e3o social, reafirmando o compromisso com a democratiza\u00e7\u00e3o do ensino e com a valoriza\u00e7\u00e3o do capital humano, ao investir no desenvolvimento intelectual e na amplia\u00e7\u00e3o de oportunidades futuras para essas fam\u00edlias\u201d, afirmou.&nbsp;<\/p>\n\n\n\n<p>Entre os formandos, Sabrina dos Reis concluiu o curso de Libras e ressaltou que a forma\u00e7\u00e3o vai fazer muita diferen\u00e7a em v\u00e1rias \u00e1reas da sua vida. \u201cAprender Libras ampliou minha vis\u00e3o sobre inclus\u00e3o e comunica\u00e7\u00e3o. Foi uma experi\u00eancia transformadora, que vai contribuir tanto para minha vida pessoal quanto profissional\u201d, concluiu.<\/p>\n\n\n\n<figure class=\"wp-block-image size-large\"><img loading=\"lazy\" decoding=\"async\" width=\"1024\" height=\"768\" src=\"https:\/\/www.manaus.am.gov.br\/semcom\/wp-content\/uploads\/sites\/5\/2025\/12\/WhatsApp-Image-2025-12-18-at-08.39.57-1024x768.jpeg\" alt=\"\" class=\"wp-image-249934\" srcset=\"https:\/\/www.manaus.am.gov.br\/semcom\/wp-content\/uploads\/sites\/5\/2025\/12\/WhatsApp-Image-2025-12-18-at-08.39.57-1024x768.jpeg 1024w, https:\/\/www.manaus.am.gov.br\/semcom\/wp-content\/uploads\/sites\/5\/2025\/12\/WhatsApp-Image-2025-12-18-at-08.39.57-300x225.jpeg 300w, https:\/\/www.manaus.am.gov.br\/semcom\/wp-content\/uploads\/sites\/5\/2025\/12\/WhatsApp-Image-2025-12-18-at-08.39.57-768x576.jpeg 768w, https:\/\/www.manaus.am.gov.br\/semcom\/wp-content\/uploads\/sites\/5\/2025\/12\/WhatsApp-Image-2025-12-18-at-08.39.57.jpeg 1280w\" sizes=\"(max-width: 1024px) 100vw, 1024px\" \/><figcaption class=\"wp-element-caption\">#paratodosverem &#8211; Forma\u00e7\u00e3o do Programa Ampliando Horizonte<\/figcaption><\/figure>\n\n\n\n<p>&#8212; &#8212; &#8212;<\/p>\n\n\n\n<p><strong>Texto<\/strong>&nbsp;&#8211; Jordana Rodrigues\/Semed&nbsp;<\/p>\n\n\n\n<p><strong>Fotos <\/strong>&#8211; Divulga\u00e7\u00e3o\/Semed&nbsp;<\/p>\n","protected":false},"excerpt":{"rendered":"","protected":false},"author":39,"featured_media":249933,"comment_status":"closed","ping_status":"closed","sticky":false,"template":"","format":"standard","meta":{"footnotes":""},"categories":[233],"tags":[18532,18533,77,758,62],"acf":[],"yoast_head":"<!-- This site is optimized with the Yoast SEO plugin v23.0 - https:\/\/yoast.com\/wordpress\/plugins\/seo\/ -->\n<title>Mais de 50 estudantes se formam no PAH<\/title>\n<meta name=\"description\" content=\"Mais de 50 estudantes se formam em ingl\u00eas, espanhol e Libras no Programa Ampliando Horizontes da prefeitura.\" \/>\n<meta name=\"robots\" content=\"index, follow, max-snippet:-1, max-image-preview:large, max-video-preview:-1\" \/>\n<link rel=\"canonical\" href=\"https:\/\/www.manaus.am.gov.br\/semcom\/formacao-estudantes-pah\/\" \/>\n<meta property=\"og:locale\" content=\"pt_BR\" \/>\n<meta property=\"og:type\" content=\"article\" \/>\n<meta property=\"og:title\" content=\"Mais de 50 estudantes se formam no PAH\" \/>\n<meta property=\"og:description\" content=\"Mais de 50 estudantes se formam em ingl\u00eas, espanhol e Libras no Programa Ampliando Horizontes da prefeitura.\" \/>\n<meta property=\"og:url\" content=\"https:\/\/www.manaus.am.gov.br\/semcom\/formacao-estudantes-pah\/\" \/>\n<meta property=\"og:site_name\" content=\"SEMCOM\" \/>\n<meta property=\"article:published_time\" content=\"2025-12-18T16:06:49+00:00\" \/>\n<meta property=\"og:image\" content=\"https:\/\/www.manaus.am.gov.br\/semcom\/wp-content\/uploads\/sites\/5\/2025\/12\/WhatsApp-Image-2025-12-18-at-08.39.58.jpeg\" \/>\n\t<meta property=\"og:image:width\" content=\"1500\" \/>\n\t<meta property=\"og:image:height\" content=\"1000\" \/>\n\t<meta property=\"og:image:type\" content=\"image\/jpeg\" \/>\n<meta name=\"author\" content=\"Bruna Greco\" \/>\n<meta name=\"twitter:card\" content=\"summary_large_image\" \/>\n<meta name=\"twitter:label1\" content=\"Written by\" \/>\n\t<meta name=\"twitter:data1\" content=\"Bruna Greco\" \/>\n\t<meta name=\"twitter:label2\" content=\"Est. reading time\" \/>\n\t<meta name=\"twitter:data2\" content=\"3 minutos\" \/>\n<script type=\"application\/ld+json\" class=\"yoast-schema-graph\">{\"@context\":\"https:\/\/schema.org\",\"@graph\":[{\"@type\":\"WebPage\",\"@id\":\"https:\/\/www.manaus.am.gov.br\/semcom\/formacao-estudantes-pah\/\",\"url\":\"https:\/\/www.manaus.am.gov.br\/semcom\/formacao-estudantes-pah\/\",\"name\":\"Mais de 50 estudantes se formam no PAH\",\"isPartOf\":{\"@id\":\"https:\/\/www.manaus.am.gov.br\/semcom\/#website\"},\"primaryImageOfPage\":{\"@id\":\"https:\/\/www.manaus.am.gov.br\/semcom\/formacao-estudantes-pah\/#primaryimage\"},\"image\":{\"@id\":\"https:\/\/www.manaus.am.gov.br\/semcom\/formacao-estudantes-pah\/#primaryimage\"},\"thumbnailUrl\":\"https:\/\/www.manaus.am.gov.br\/semcom\/wp-content\/uploads\/sites\/5\/2025\/12\/WhatsApp-Image-2025-12-18-at-08.39.58.jpeg\",\"datePublished\":\"2025-12-18T16:06:49+00:00\",\"dateModified\":\"2025-12-18T16:06:49+00:00\",\"author\":{\"@id\":\"https:\/\/www.manaus.am.gov.br\/semcom\/#\/schema\/person\/05d223aea2bf115f9883a6ff3683d81b\"},\"description\":\"Mais de 50 estudantes se formam em ingl\u00eas, espanhol e Libras no Programa Ampliando Horizontes da prefeitura.\",\"inLanguage\":\"pt-BR\",\"potentialAction\":[{\"@type\":\"ReadAction\",\"target\":[\"https:\/\/www.manaus.am.gov.br\/semcom\/formacao-estudantes-pah\/\"]}]},{\"@type\":\"ImageObject\",\"inLanguage\":\"pt-BR\",\"@id\":\"https:\/\/www.manaus.am.gov.br\/semcom\/formacao-estudantes-pah\/#primaryimage\",\"url\":\"https:\/\/www.manaus.am.gov.br\/semcom\/wp-content\/uploads\/sites\/5\/2025\/12\/WhatsApp-Image-2025-12-18-at-08.39.58.jpeg\",\"contentUrl\":\"https:\/\/www.manaus.am.gov.br\/semcom\/wp-content\/uploads\/sites\/5\/2025\/12\/WhatsApp-Image-2025-12-18-at-08.39.58.jpeg\",\"width\":1500,\"height\":1000,\"caption\":\"#paratodosverem - Estudantes do Programa Ampliando Horizontes (PAH) da Prefeitura de Manaus recebendo a certifica\u00e7\u00e3o de forma\u00e7\u00e3o de curso\"},{\"@type\":\"WebSite\",\"@id\":\"https:\/\/www.manaus.am.gov.br\/semcom\/#website\",\"url\":\"https:\/\/www.manaus.am.gov.br\/semcom\/\",\"name\":\"SEMCOM\",\"description\":\"Secretaria Municipal de Comunica\u00e7\u00e3o\",\"potentialAction\":[{\"@type\":\"SearchAction\",\"target\":{\"@type\":\"EntryPoint\",\"urlTemplate\":\"https:\/\/www.manaus.am.gov.br\/semcom\/?s={search_term_string}\"},\"query-input\":\"required name=search_term_string\"}],\"inLanguage\":\"pt-BR\"},{\"@type\":\"Person\",\"@id\":\"https:\/\/www.manaus.am.gov.br\/semcom\/#\/schema\/person\/05d223aea2bf115f9883a6ff3683d81b\",\"name\":\"Bruna Greco\",\"image\":{\"@type\":\"ImageObject\",\"inLanguage\":\"pt-BR\",\"@id\":\"https:\/\/www.manaus.am.gov.br\/semcom\/#\/schema\/person\/image\/\",\"url\":\"https:\/\/secure.gravatar.com\/avatar\/9c877d1a6adc2a055330e5c09a8653ce?s=96&d=mm&r=g\",\"contentUrl\":\"https:\/\/secure.gravatar.com\/avatar\/9c877d1a6adc2a055330e5c09a8653ce?s=96&d=mm&r=g\",\"caption\":\"Bruna Greco\"}}]}<\/script>\n<!-- \/ Yoast SEO plugin. -->","yoast_head_json":{"title":"Mais de 50 estudantes se formam no PAH","description":"Mais de 50 estudantes se formam em ingl\u00eas, espanhol e Libras no Programa Ampliando Horizontes da prefeitura.","robots":{"index":"index","follow":"follow","max-snippet":"max-snippet:-1","max-image-preview":"max-image-preview:large","max-video-preview":"max-video-preview:-1"},"canonical":"https:\/\/www.manaus.am.gov.br\/semcom\/formacao-estudantes-pah\/","og_locale":"pt_BR","og_type":"article","og_title":"Mais de 50 estudantes se formam no PAH","og_description":"Mais de 50 estudantes se formam em ingl\u00eas, espanhol e Libras no Programa Ampliando Horizontes da prefeitura.","og_url":"https:\/\/www.manaus.am.gov.br\/semcom\/formacao-estudantes-pah\/","og_site_name":"SEMCOM","article_published_time":"2025-12-18T16:06:49+00:00","og_image":[{"width":1500,"height":1000,"url":"https:\/\/www.manaus.am.gov.br\/semcom\/wp-content\/uploads\/sites\/5\/2025\/12\/WhatsApp-Image-2025-12-18-at-08.39.58.jpeg","type":"image\/jpeg"}],"author":"Bruna Greco","twitter_card":"summary_large_image","twitter_misc":{"Written by":"Bruna Greco","Est. reading time":"3 minutos"},"schema":{"@context":"https:\/\/schema.org","@graph":[{"@type":"WebPage","@id":"https:\/\/www.manaus.am.gov.br\/semcom\/formacao-estudantes-pah\/","url":"https:\/\/www.manaus.am.gov.br\/semcom\/formacao-estudantes-pah\/","name":"Mais de 50 estudantes se formam no PAH","isPartOf":{"@id":"https:\/\/www.manaus.am.gov.br\/semcom\/#website"},"primaryImageOfPage":{"@id":"https:\/\/www.manaus.am.gov.br\/semcom\/formacao-estudantes-pah\/#primaryimage"},"image":{"@id":"https:\/\/www.manaus.am.gov.br\/semcom\/formacao-estudantes-pah\/#primaryimage"},"thumbnailUrl":"https:\/\/www.manaus.am.gov.br\/semcom\/wp-content\/uploads\/sites\/5\/2025\/12\/WhatsApp-Image-2025-12-18-at-08.39.58.jpeg","datePublished":"2025-12-18T16:06:49+00:00","dateModified":"2025-12-18T16:06:49+00:00","author":{"@id":"https:\/\/www.manaus.am.gov.br\/semcom\/#\/schema\/person\/05d223aea2bf115f9883a6ff3683d81b"},"description":"Mais de 50 estudantes se formam em ingl\u00eas, espanhol e Libras no Programa Ampliando Horizontes da prefeitura.","inLanguage":"pt-BR","potentialAction":[{"@type":"ReadAction","target":["https:\/\/www.manaus.am.gov.br\/semcom\/formacao-estudantes-pah\/"]}]},{"@type":"ImageObject","inLanguage":"pt-BR","@id":"https:\/\/www.manaus.am.gov.br\/semcom\/formacao-estudantes-pah\/#primaryimage","url":"https:\/\/www.manaus.am.gov.br\/semcom\/wp-content\/uploads\/sites\/5\/2025\/12\/WhatsApp-Image-2025-12-18-at-08.39.58.jpeg","contentUrl":"https:\/\/www.manaus.am.gov.br\/semcom\/wp-content\/uploads\/sites\/5\/2025\/12\/WhatsApp-Image-2025-12-18-at-08.39.58.jpeg","width":1500,"height":1000,"caption":"#paratodosverem - Estudantes do Programa Ampliando Horizontes (PAH) da Prefeitura de Manaus recebendo a certifica\u00e7\u00e3o de forma\u00e7\u00e3o de curso"},{"@type":"WebSite","@id":"https:\/\/www.manaus.am.gov.br\/semcom\/#website","url":"https:\/\/www.manaus.am.gov.br\/semcom\/","name":"SEMCOM","description":"Secretaria Municipal de Comunica\u00e7\u00e3o","potentialAction":[{"@type":"SearchAction","target":{"@type":"EntryPoint","urlTemplate":"https:\/\/www.manaus.am.gov.br\/semcom\/?s={search_term_string}"},"query-input":"required name=search_term_string"}],"inLanguage":"pt-BR"},{"@type":"Person","@id":"https:\/\/www.manaus.am.gov.br\/semcom\/#\/schema\/person\/05d223aea2bf115f9883a6ff3683d81b","name":"Bruna Greco","image":{"@type":"ImageObject","inLanguage":"pt-BR","@id":"https:\/\/www.manaus.am.gov.br\/semcom\/#\/schema\/person\/image\/","url":"https:\/\/secure.gravatar.com\/avatar\/9c877d1a6adc2a055330e5c09a8653ce?s=96&d=mm&r=g","contentUrl":"https:\/\/secure.gravatar.com\/avatar\/9c877d1a6adc2a055330e5c09a8653ce?s=96&d=mm&r=g","caption":"Bruna Greco"}}]}},"_links":{"self":[{"href":"https:\/\/www.manaus.am.gov.br\/semcom\/wp-json\/wp\/v2\/posts\/249932"}],"collection":[{"href":"https:\/\/www.manaus.am.gov.br\/semcom\/wp-json\/wp\/v2\/posts"}],"about":[{"href":"https:\/\/www.manaus.am.gov.br\/semcom\/wp-json\/wp\/v2\/types\/post"}],"author":[{"embeddable":true,"href":"https:\/\/www.manaus.am.gov.br\/semcom\/wp-json\/wp\/v2\/users\/39"}],"replies":[{"embeddable":true,"href":"https:\/\/www.manaus.am.gov.br\/semcom\/wp-json\/wp\/v2\/comments?post=249932"}],"version-history":[{"count":1,"href":"https:\/\/www.manaus.am.gov.br\/semcom\/wp-json\/wp\/v2\/posts\/249932\/revisions"}],"predecessor-version":[{"id":249935,"href":"https:\/\/www.manaus.am.gov.br\/semcom\/wp-json\/wp\/v2\/posts\/249932\/revisions\/249935"}],"wp:featuredmedia":[{"embeddable":true,"href":"https:\/\/www.manaus.am.gov.br\/semcom\/wp-json\/wp\/v2\/media\/249933"}],"wp:attachment":[{"href":"https:\/\/www.manaus.am.gov.br\/semcom\/wp-json\/wp\/v2\/media?parent=249932"}],"wp:term":[{"taxonomy":"category","embeddable":true,"href":"https:\/\/www.manaus.am.gov.br\/semcom\/wp-json\/wp\/v2\/categories?post=249932"},{"taxonomy":"post_tag","embeddable":true,"href":"https:\/\/www.manaus.am.gov.br\/semcom\/wp-json\/wp\/v2\/tags?post=249932"}],"curies":[{"name":"wp","href":"https:\/\/api.w.org\/{rel}","templated":true}]}}