{"id":249926,"date":"2025-12-18T11:00:55","date_gmt":"2025-12-18T14:00:55","guid":{"rendered":"https:\/\/www.manaus.am.gov.br\/semcom\/prefeitura-fdt-oficinaculinaria\/"},"modified":"2025-12-18T11:00:57","modified_gmt":"2025-12-18T14:00:57","slug":"prefeitura-fdt-oficinaculinaria","status":"publish","type":"post","link":"https:\/\/www.manaus.am.gov.br\/semcom\/prefeitura-fdt-oficinaculinaria\/","title":{"rendered":"Prefeitura de Manaus leva qualifica\u00e7\u00e3o culin\u00e1ria a idosos empreendedores da zona Norte"},"content":{"rendered":"\n<p>A Prefeitura de Manaus, por meio da Funda\u00e7\u00e3o de Apoio ao Idoso Dr. Thomas (FDT), em parceria com o Instituto Mazon (Insma) realizou, na quarta-feira, 17\/12, uma oficina culin\u00e1ria voltada ao incentivo do empreendedorismo e \u00e0 gera\u00e7\u00e3o de renda para pessoas idosas do bairro Monte das Oliveiras, na zona Norte da capital.<\/p>\n\n\n\n<p>A a\u00e7\u00e3o integra a agenda de projetos desenvolvidos em coopera\u00e7\u00e3o com Organiza\u00e7\u00f5es da Sociedade Civil (OSCs), com o objetivo de ampliar o acesso da popula\u00e7\u00e3o idosa a oportunidades de qualifica\u00e7\u00e3o profissional. As atividades s\u00e3o levadas diretamente \u00e0s comunidades, estimulando o aprendizado pr\u00e1tico, o fortalecimento da autonomia e a cria\u00e7\u00e3o de alternativas de renda a partir da culin\u00e1ria.<\/p>\n\n\n\n<p>Durante a oficina, os participantes receberam orienta\u00e7\u00f5es t\u00e9cnicas e pr\u00e1ticas sobre o preparo de alimentos, possibilitando o aprimoramento de habilidades que podem ser aplicadas tanto no cotidiano quanto como fonte de renda complementar.<\/p>\n\n\n\n<p>O presidente da Funda\u00e7\u00e3o Dr. Thomas, Eduardo Lucas, destacou a relev\u00e2ncia das parcerias institucionais para o fortalecimento das pol\u00edticas p\u00fablicas voltadas \u00e0 pessoa idosa na cidade de Manaus.<\/p>\n\n\n\n<p>\u201cNosso compromisso, alinhado \u00e0 gest\u00e3o do prefeito David Almeida, \u00e9 ampliar o alcance das a\u00e7\u00f5es e garantir que os idosos e idosas da nossa cidade tenham acesso a iniciativas que promovam autonomia, aprendizado e oportunidades reais de gera\u00e7\u00e3o de renda\u201d, afirmou.<\/p>\n\n\n\n<p>A participante das oficinas, Iamiles da Silva, 60 anos, destacou que a iniciativa representa um marco em sua trajet\u00f3ria pessoal, ao ampliar conhecimentos, estimular a autonomia e abrir novas possibilidades de gera\u00e7\u00e3o de renda, refletindo diretamente na melhoria da qualidade de vida.<\/p>\n\n\n\n<p>\u201cO curso ajuda a aumentar a renda e a melhorar a qualidade de vida, especialmente no per\u00edodo do Natal, permitindo a cria\u00e7\u00e3o de pratos diferenciados para a fam\u00edlia e a vizinhan\u00e7a. \u00c9 uma oportunidade de aprendizado e de renda extra\u201d, disse.<\/p>\n\n\n\n<p>A iniciativa refor\u00e7a a atua\u00e7\u00e3o da Prefeitura de Manaus na consolida\u00e7\u00e3o de pol\u00edticas p\u00fablicas voltadas \u00e0 pessoa idosa, por meio do fortalecimento das parcerias com as OSCs e da amplia\u00e7\u00e3o de a\u00e7\u00f5es que promovem inclus\u00e3o produtiva, autonomia e melhoria da qualidade de vida em todas as regi\u00f5es da capital.<\/p>\n\n\n\n<p>&#8212; &#8212; &#8212;<\/p>\n\n\n\n<p><strong>Texto e fotos<\/strong> &#8211;&nbsp;Mar\u00edlia Freire\/FDT<\/p>\n","protected":false},"excerpt":{"rendered":"","protected":false},"author":23,"featured_media":249927,"comment_status":"closed","ping_status":"closed","sticky":false,"template":"","format":"standard","meta":{"footnotes":""},"categories":[1895],"tags":[935,18529,1064,18530,77],"acf":[],"yoast_head":"<!-- This site is optimized with the Yoast SEO plugin v23.0 - https:\/\/yoast.com\/wordpress\/plugins\/seo\/ -->\n<title>Prefeitura de Manaus leva qualifica\u00e7\u00e3o culin\u00e1ria a idosos empreendedores da zona Norte<\/title>\n<meta name=\"description\" content=\"A Prefeitura de Manaus, por meio da Funda\u00e7\u00e3o de Apoio ao Idoso Dr. Thomas (FDT), em parceria com o Instituto Mazon (Insma) realizou, na quarta-feira, 17\/12, uma oficina culin\u00e1ria voltada ao incentivo do empreendedorismo e \u00e0 gera\u00e7\u00e3o de renda para pessoas idosas do bairro Monte das Oliveiras, na zona Norte da capital.\" \/>\n<meta name=\"robots\" content=\"index, follow, max-snippet:-1, max-image-preview:large, max-video-preview:-1\" \/>\n<link rel=\"canonical\" href=\"https:\/\/www.manaus.am.gov.br\/semcom\/prefeitura-fdt-oficinaculinaria\/\" \/>\n<meta property=\"og:locale\" content=\"pt_BR\" \/>\n<meta property=\"og:type\" content=\"article\" \/>\n<meta property=\"og:title\" content=\"Prefeitura de Manaus leva qualifica\u00e7\u00e3o culin\u00e1ria a idosos empreendedores da zona Norte\" \/>\n<meta property=\"og:description\" content=\"A Prefeitura de Manaus, por meio da Funda\u00e7\u00e3o de Apoio ao Idoso Dr. Thomas (FDT), em parceria com o Instituto Mazon (Insma) realizou, na quarta-feira, 17\/12, uma oficina culin\u00e1ria voltada ao incentivo do empreendedorismo e \u00e0 gera\u00e7\u00e3o de renda para pessoas idosas do bairro Monte das Oliveiras, na zona Norte da capital.\" \/>\n<meta property=\"og:url\" content=\"https:\/\/www.manaus.am.gov.br\/semcom\/prefeitura-fdt-oficinaculinaria\/\" \/>\n<meta property=\"og:site_name\" content=\"SEMCOM\" \/>\n<meta property=\"article:published_time\" content=\"2025-12-18T14:00:55+00:00\" \/>\n<meta property=\"article:modified_time\" content=\"2025-12-18T14:00:57+00:00\" \/>\n<meta property=\"og:image\" content=\"https:\/\/www.manaus.am.gov.br\/semcom\/wp-content\/uploads\/sites\/5\/2025\/12\/f3bedf14-a6f3-457e-af33-d30791b7bd6a.jpeg\" \/>\n\t<meta property=\"og:image:width\" content=\"1600\" \/>\n\t<meta property=\"og:image:height\" content=\"1200\" \/>\n\t<meta property=\"og:image:type\" content=\"image\/jpeg\" \/>\n<meta name=\"author\" content=\"Adriana Costa\" \/>\n<meta name=\"twitter:card\" content=\"summary_large_image\" \/>\n<meta name=\"twitter:label1\" content=\"Written by\" \/>\n\t<meta name=\"twitter:data1\" content=\"Adriana Costa\" \/>\n\t<meta name=\"twitter:label2\" content=\"Est. reading time\" \/>\n\t<meta name=\"twitter:data2\" content=\"3 minutos\" \/>\n<script type=\"application\/ld+json\" class=\"yoast-schema-graph\">{\"@context\":\"https:\/\/schema.org\",\"@graph\":[{\"@type\":\"WebPage\",\"@id\":\"https:\/\/www.manaus.am.gov.br\/semcom\/prefeitura-fdt-oficinaculinaria\/\",\"url\":\"https:\/\/www.manaus.am.gov.br\/semcom\/prefeitura-fdt-oficinaculinaria\/\",\"name\":\"Prefeitura de Manaus leva qualifica\u00e7\u00e3o culin\u00e1ria a idosos empreendedores da zona Norte\",\"isPartOf\":{\"@id\":\"https:\/\/www.manaus.am.gov.br\/semcom\/#website\"},\"primaryImageOfPage\":{\"@id\":\"https:\/\/www.manaus.am.gov.br\/semcom\/prefeitura-fdt-oficinaculinaria\/#primaryimage\"},\"image\":{\"@id\":\"https:\/\/www.manaus.am.gov.br\/semcom\/prefeitura-fdt-oficinaculinaria\/#primaryimage\"},\"thumbnailUrl\":\"https:\/\/www.manaus.am.gov.br\/semcom\/wp-content\/uploads\/sites\/5\/2025\/12\/f3bedf14-a6f3-457e-af33-d30791b7bd6a.jpeg\",\"datePublished\":\"2025-12-18T14:00:55+00:00\",\"dateModified\":\"2025-12-18T14:00:57+00:00\",\"author\":{\"@id\":\"https:\/\/www.manaus.am.gov.br\/semcom\/#\/schema\/person\/4e49f4e267757a06ca072ec61b2b9968\"},\"description\":\"A Prefeitura de Manaus, por meio da Funda\u00e7\u00e3o de Apoio ao Idoso Dr. Thomas (FDT), em parceria com o Instituto Mazon (Insma) realizou, na quarta-feira, 17\/12, uma oficina culin\u00e1ria voltada ao incentivo do empreendedorismo e \u00e0 gera\u00e7\u00e3o de renda para pessoas idosas do bairro Monte das Oliveiras, na zona Norte da capital.\",\"inLanguage\":\"pt-BR\",\"potentialAction\":[{\"@type\":\"ReadAction\",\"target\":[\"https:\/\/www.manaus.am.gov.br\/semcom\/prefeitura-fdt-oficinaculinaria\/\"]}]},{\"@type\":\"ImageObject\",\"inLanguage\":\"pt-BR\",\"@id\":\"https:\/\/www.manaus.am.gov.br\/semcom\/prefeitura-fdt-oficinaculinaria\/#primaryimage\",\"url\":\"https:\/\/www.manaus.am.gov.br\/semcom\/wp-content\/uploads\/sites\/5\/2025\/12\/f3bedf14-a6f3-457e-af33-d30791b7bd6a.jpeg\",\"contentUrl\":\"https:\/\/www.manaus.am.gov.br\/semcom\/wp-content\/uploads\/sites\/5\/2025\/12\/f3bedf14-a6f3-457e-af33-d30791b7bd6a.jpeg\",\"width\":1600,\"height\":1200,\"caption\":\"#paratodosverem - Oficina de culin\u00e1ria para pessoas idosas\"},{\"@type\":\"WebSite\",\"@id\":\"https:\/\/www.manaus.am.gov.br\/semcom\/#website\",\"url\":\"https:\/\/www.manaus.am.gov.br\/semcom\/\",\"name\":\"SEMCOM\",\"description\":\"Secretaria Municipal de Comunica\u00e7\u00e3o\",\"potentialAction\":[{\"@type\":\"SearchAction\",\"target\":{\"@type\":\"EntryPoint\",\"urlTemplate\":\"https:\/\/www.manaus.am.gov.br\/semcom\/?s={search_term_string}\"},\"query-input\":\"required name=search_term_string\"}],\"inLanguage\":\"pt-BR\"},{\"@type\":\"Person\",\"@id\":\"https:\/\/www.manaus.am.gov.br\/semcom\/#\/schema\/person\/4e49f4e267757a06ca072ec61b2b9968\",\"name\":\"Adriana Costa\",\"image\":{\"@type\":\"ImageObject\",\"inLanguage\":\"pt-BR\",\"@id\":\"https:\/\/www.manaus.am.gov.br\/semcom\/#\/schema\/person\/image\/\",\"url\":\"https:\/\/secure.gravatar.com\/avatar\/576258617ef7194f718179e766d57bd4?s=96&d=mm&r=g\",\"contentUrl\":\"https:\/\/secure.gravatar.com\/avatar\/576258617ef7194f718179e766d57bd4?s=96&d=mm&r=g\",\"caption\":\"Adriana Costa\"}}]}<\/script>\n<!-- \/ Yoast SEO plugin. -->","yoast_head_json":{"title":"Prefeitura de Manaus leva qualifica\u00e7\u00e3o culin\u00e1ria a idosos empreendedores da zona Norte","description":"A Prefeitura de Manaus, por meio da Funda\u00e7\u00e3o de Apoio ao Idoso Dr. Thomas (FDT), em parceria com o Instituto Mazon (Insma) realizou, na quarta-feira, 17\/12, uma oficina culin\u00e1ria voltada ao incentivo do empreendedorismo e \u00e0 gera\u00e7\u00e3o de renda para pessoas idosas do bairro Monte das Oliveiras, na zona Norte da capital.","robots":{"index":"index","follow":"follow","max-snippet":"max-snippet:-1","max-image-preview":"max-image-preview:large","max-video-preview":"max-video-preview:-1"},"canonical":"https:\/\/www.manaus.am.gov.br\/semcom\/prefeitura-fdt-oficinaculinaria\/","og_locale":"pt_BR","og_type":"article","og_title":"Prefeitura de Manaus leva qualifica\u00e7\u00e3o culin\u00e1ria a idosos empreendedores da zona Norte","og_description":"A Prefeitura de Manaus, por meio da Funda\u00e7\u00e3o de Apoio ao Idoso Dr. Thomas (FDT), em parceria com o Instituto Mazon (Insma) realizou, na quarta-feira, 17\/12, uma oficina culin\u00e1ria voltada ao incentivo do empreendedorismo e \u00e0 gera\u00e7\u00e3o de renda para pessoas idosas do bairro Monte das Oliveiras, na zona Norte da capital.","og_url":"https:\/\/www.manaus.am.gov.br\/semcom\/prefeitura-fdt-oficinaculinaria\/","og_site_name":"SEMCOM","article_published_time":"2025-12-18T14:00:55+00:00","article_modified_time":"2025-12-18T14:00:57+00:00","og_image":[{"width":1600,"height":1200,"url":"https:\/\/www.manaus.am.gov.br\/semcom\/wp-content\/uploads\/sites\/5\/2025\/12\/f3bedf14-a6f3-457e-af33-d30791b7bd6a.jpeg","type":"image\/jpeg"}],"author":"Adriana Costa","twitter_card":"summary_large_image","twitter_misc":{"Written by":"Adriana Costa","Est. reading time":"3 minutos"},"schema":{"@context":"https:\/\/schema.org","@graph":[{"@type":"WebPage","@id":"https:\/\/www.manaus.am.gov.br\/semcom\/prefeitura-fdt-oficinaculinaria\/","url":"https:\/\/www.manaus.am.gov.br\/semcom\/prefeitura-fdt-oficinaculinaria\/","name":"Prefeitura de Manaus leva qualifica\u00e7\u00e3o culin\u00e1ria a idosos empreendedores da zona Norte","isPartOf":{"@id":"https:\/\/www.manaus.am.gov.br\/semcom\/#website"},"primaryImageOfPage":{"@id":"https:\/\/www.manaus.am.gov.br\/semcom\/prefeitura-fdt-oficinaculinaria\/#primaryimage"},"image":{"@id":"https:\/\/www.manaus.am.gov.br\/semcom\/prefeitura-fdt-oficinaculinaria\/#primaryimage"},"thumbnailUrl":"https:\/\/www.manaus.am.gov.br\/semcom\/wp-content\/uploads\/sites\/5\/2025\/12\/f3bedf14-a6f3-457e-af33-d30791b7bd6a.jpeg","datePublished":"2025-12-18T14:00:55+00:00","dateModified":"2025-12-18T14:00:57+00:00","author":{"@id":"https:\/\/www.manaus.am.gov.br\/semcom\/#\/schema\/person\/4e49f4e267757a06ca072ec61b2b9968"},"description":"A Prefeitura de Manaus, por meio da Funda\u00e7\u00e3o de Apoio ao Idoso Dr. Thomas (FDT), em parceria com o Instituto Mazon (Insma) realizou, na quarta-feira, 17\/12, uma oficina culin\u00e1ria voltada ao incentivo do empreendedorismo e \u00e0 gera\u00e7\u00e3o de renda para pessoas idosas do bairro Monte das Oliveiras, na zona Norte da capital.","inLanguage":"pt-BR","potentialAction":[{"@type":"ReadAction","target":["https:\/\/www.manaus.am.gov.br\/semcom\/prefeitura-fdt-oficinaculinaria\/"]}]},{"@type":"ImageObject","inLanguage":"pt-BR","@id":"https:\/\/www.manaus.am.gov.br\/semcom\/prefeitura-fdt-oficinaculinaria\/#primaryimage","url":"https:\/\/www.manaus.am.gov.br\/semcom\/wp-content\/uploads\/sites\/5\/2025\/12\/f3bedf14-a6f3-457e-af33-d30791b7bd6a.jpeg","contentUrl":"https:\/\/www.manaus.am.gov.br\/semcom\/wp-content\/uploads\/sites\/5\/2025\/12\/f3bedf14-a6f3-457e-af33-d30791b7bd6a.jpeg","width":1600,"height":1200,"caption":"#paratodosverem - Oficina de culin\u00e1ria para pessoas idosas"},{"@type":"WebSite","@id":"https:\/\/www.manaus.am.gov.br\/semcom\/#website","url":"https:\/\/www.manaus.am.gov.br\/semcom\/","name":"SEMCOM","description":"Secretaria Municipal de Comunica\u00e7\u00e3o","potentialAction":[{"@type":"SearchAction","target":{"@type":"EntryPoint","urlTemplate":"https:\/\/www.manaus.am.gov.br\/semcom\/?s={search_term_string}"},"query-input":"required name=search_term_string"}],"inLanguage":"pt-BR"},{"@type":"Person","@id":"https:\/\/www.manaus.am.gov.br\/semcom\/#\/schema\/person\/4e49f4e267757a06ca072ec61b2b9968","name":"Adriana Costa","image":{"@type":"ImageObject","inLanguage":"pt-BR","@id":"https:\/\/www.manaus.am.gov.br\/semcom\/#\/schema\/person\/image\/","url":"https:\/\/secure.gravatar.com\/avatar\/576258617ef7194f718179e766d57bd4?s=96&d=mm&r=g","contentUrl":"https:\/\/secure.gravatar.com\/avatar\/576258617ef7194f718179e766d57bd4?s=96&d=mm&r=g","caption":"Adriana Costa"}}]}},"_links":{"self":[{"href":"https:\/\/www.manaus.am.gov.br\/semcom\/wp-json\/wp\/v2\/posts\/249926"}],"collection":[{"href":"https:\/\/www.manaus.am.gov.br\/semcom\/wp-json\/wp\/v2\/posts"}],"about":[{"href":"https:\/\/www.manaus.am.gov.br\/semcom\/wp-json\/wp\/v2\/types\/post"}],"author":[{"embeddable":true,"href":"https:\/\/www.manaus.am.gov.br\/semcom\/wp-json\/wp\/v2\/users\/23"}],"replies":[{"embeddable":true,"href":"https:\/\/www.manaus.am.gov.br\/semcom\/wp-json\/wp\/v2\/comments?post=249926"}],"version-history":[{"count":0,"href":"https:\/\/www.manaus.am.gov.br\/semcom\/wp-json\/wp\/v2\/posts\/249926\/revisions"}],"wp:featuredmedia":[{"embeddable":true,"href":"https:\/\/www.manaus.am.gov.br\/semcom\/wp-json\/wp\/v2\/media\/249927"}],"wp:attachment":[{"href":"https:\/\/www.manaus.am.gov.br\/semcom\/wp-json\/wp\/v2\/media?parent=249926"}],"wp:term":[{"taxonomy":"category","embeddable":true,"href":"https:\/\/www.manaus.am.gov.br\/semcom\/wp-json\/wp\/v2\/categories?post=249926"},{"taxonomy":"post_tag","embeddable":true,"href":"https:\/\/www.manaus.am.gov.br\/semcom\/wp-json\/wp\/v2\/tags?post=249926"}],"curies":[{"name":"wp","href":"https:\/\/api.w.org\/{rel}","templated":true}]}}