{"id":249898,"date":"2025-12-17T15:57:59","date_gmt":"2025-12-17T19:57:59","guid":{"rendered":"https:\/\/www.manaus.am.gov.br\/semcom\/plantio-30-mil-mudas\/"},"modified":"2025-12-17T15:57:59","modified_gmt":"2025-12-17T19:57:59","slug":"plantio-30-mil-mudas","status":"publish","type":"post","link":"https:\/\/www.manaus.am.gov.br\/semcom\/plantio-30-mil-mudas\/","title":{"rendered":"Prefeitura de Manaus atinge marca hist\u00f3rica com plantio de mais de 30 mil mudas no ano"},"content":{"rendered":"\n<p>A Prefeitura de Manaus, por meio da Secretaria Municipal de Meio Ambiente e Sustentabilidade (Semmas), alcan\u00e7ou uma marca hist\u00f3rica na arboriza\u00e7\u00e3o urbana, neste m\u00eas de dezembro. Com o plantio de mais de 30 mil mudas ao longo de 2025, a gest\u00e3o municipal atingiu o dobro da meta estabelecida no in\u00edcio do ano.<\/p>\n\n\n\n<p>O resultado consolida o compromisso da capital amazonense com a arboriza\u00e7\u00e3o urbana e com o combate \u00e0s ilhas de calor, promovendo mais qualidade de vida para a popula\u00e7\u00e3o. O n\u00famero supera significativamente as 15 mil mudas previstas no Plano de Arboriza\u00e7\u00e3o para o exerc\u00edcio de 2025.<\/p>\n\n\n\n<p>&#8220;A gest\u00e3o do prefeito David Almeida teve muitas entregas na \u00e1rea ambiental. Conclu\u00edmos a elabora\u00e7\u00e3o do Plano de A\u00e7\u00e3o Clim\u00e1tica, estamos revisando o de Saneamento B\u00e1sico, participamos ativamente da COP 30, iniciamos o trabalho da subsecretaria de Prote\u00e7\u00e3o e Bem-estar Animal, tivemos \u00edndices baixos de ocorr\u00eancias de queimadas, intensificamos as a\u00e7\u00f5es de fiscaliza\u00e7\u00e3o e alcan\u00e7amos o marco hist\u00f3rico de 32 mil mudas plantadas em 2025, al\u00e9m da doa\u00e7\u00e3o de mais de 100 mil, produ\u00e7\u00e3o de mais de 600 mil mudas e implanta\u00e7\u00e3o de mais de 60 pomares urbanos&#8221;, destacou o secret\u00e1rio da Semmas, Fransu\u00e1 Matos.<\/p>\n\n\n\n<p>As a\u00e7\u00f5es de plantio foram intensificadas em todas as zonas da cidade, priorizando canteiros centrais, escolas municipais, \u00c1reas de Preserva\u00e7\u00e3o Permanente (APPs) e parques municipais. Entre as esp\u00e9cies plantadas, destacam-se o ip\u00ea, pau-pretinho e oiti, escolhidas por sua adapta\u00e7\u00e3o ao clima local e baixo impacto nas cal\u00e7adas e fia\u00e7\u00f5es. De acordo com a Semmas, o sucesso do projeto se deve \u00e0 moderniza\u00e7\u00e3o dos viveiros municipais, \u00e0s novas tecnologias utilizadas, como o hidrogel e as m\u00e1quinas multifuncionais de perfura\u00e7\u00e3o de solo, e ao engajamento popular por meio de programas de doa\u00e7\u00e3o itinerante, realizado semanalmente em uma zona diferente da cidade, por meio do qual foram doadas mais de 100 mil mudas frut\u00edferas, ornamentais e medicinais em 2025.<\/p>\n\n\n\n<figure class=\"wp-block-image size-full\"><img loading=\"lazy\" decoding=\"async\" width=\"799\" height=\"533\" src=\"https:\/\/www.manaus.am.gov.br\/semcom\/wp-content\/uploads\/sites\/5\/2025\/12\/54441364803_3ffc8815ea_c.jpg\" alt=\"\" class=\"wp-image-249900\" srcset=\"https:\/\/www.manaus.am.gov.br\/semcom\/wp-content\/uploads\/sites\/5\/2025\/12\/54441364803_3ffc8815ea_c.jpg 799w, https:\/\/www.manaus.am.gov.br\/semcom\/wp-content\/uploads\/sites\/5\/2025\/12\/54441364803_3ffc8815ea_c-300x200.jpg 300w, https:\/\/www.manaus.am.gov.br\/semcom\/wp-content\/uploads\/sites\/5\/2025\/12\/54441364803_3ffc8815ea_c-768x512.jpg 768w\" sizes=\"(max-width: 799px) 100vw, 799px\" \/><\/figure>\n\n\n\n<p>Al\u00e9m do trabalho direto das equipes da prefeitura, o \u00edndice recorde foi impulsionado por parcerias com a iniciativa privada e projetos de educa\u00e7\u00e3o ambiental em escolas municipais. O envolvimento da comunidade, por meio do programa \u201cManaus Mais Verde\u201d permitiu que moradores tamb\u00e9m adotassem mudas para suas frentes de casa, al\u00e9m de participarem da implanta\u00e7\u00e3o de pomares urbanos em mais de 60 locais.<\/p>\n\n\n\n<figure class=\"wp-block-image size-large\"><img loading=\"lazy\" decoding=\"async\" width=\"1024\" height=\"576\" src=\"https:\/\/www.manaus.am.gov.br\/semcom\/wp-content\/uploads\/sites\/5\/2025\/12\/creche-municipal-3-1-1024x576.jpeg\" alt=\"\" class=\"wp-image-249899\" srcset=\"https:\/\/www.manaus.am.gov.br\/semcom\/wp-content\/uploads\/sites\/5\/2025\/12\/creche-municipal-3-1-1024x576.jpeg 1024w, https:\/\/www.manaus.am.gov.br\/semcom\/wp-content\/uploads\/sites\/5\/2025\/12\/creche-municipal-3-1-300x169.jpeg 300w, https:\/\/www.manaus.am.gov.br\/semcom\/wp-content\/uploads\/sites\/5\/2025\/12\/creche-municipal-3-1-768x432.jpeg 768w, https:\/\/www.manaus.am.gov.br\/semcom\/wp-content\/uploads\/sites\/5\/2025\/12\/creche-municipal-3-1-1536x864.jpeg 1536w, https:\/\/www.manaus.am.gov.br\/semcom\/wp-content\/uploads\/sites\/5\/2025\/12\/creche-municipal-3-1.jpeg 1600w\" sizes=\"(max-width: 1024px) 100vw, 1024px\" \/><\/figure>\n\n\n\n<p>Com o plantio recorde em 2025, a prefeitura projeta benef\u00edcios a curto e longo prazo, como: redu\u00e7\u00e3o da temperatura m\u00e9dia em corredores vi\u00e1rios; melhoria da permeabilidade do solo, auxiliando no escoamento de chuvas; recupera\u00e7\u00e3o da biodiversidade local, atraindo aves e polinizadores.<\/p>\n\n\n\n<p>Os cidad\u00e3os que desejarem solicitar o plantio em empresas, escolas, unidades de sa\u00fade, ou obterem mudas para \u00e1reas privadas podem entrar em contato por meio do e-mail: <a href=\"mailto:semmas.protocolo@gmail.com\">semmas.protocolo@gmail.com<\/a> ou atendimento\/protocolo da Semmas por meio do n\u00famero: (92) 98842-2090, para orienta\u00e7\u00f5es t\u00e9cnicas e agendamento.<\/p>\n\n\n\n<p>\u2014&#8211; \u2014&#8211; \u2014-<br><strong>Texto &#8211;<\/strong>\u00a0 Taianna Castro e Vitoria Viegas \/ Semmas<br><strong>Fotos &#8211;<\/strong> Arquivo\/Semcom<\/p>\n","protected":false},"excerpt":{"rendered":"","protected":false},"author":68,"featured_media":249902,"comment_status":"closed","ping_status":"closed","sticky":false,"template":"","format":"standard","meta":{"footnotes":""},"categories":[3878],"tags":[18513,18514,18515,77,19],"acf":[],"yoast_head":"<!-- This site is optimized with the Yoast SEO plugin v23.0 - https:\/\/yoast.com\/wordpress\/plugins\/seo\/ -->\n<title>Prefeitura de Manaus atinge marca de 30 mil mudas no ano<\/title>\n<meta name=\"description\" content=\"A Prefeitura de Manaus, alcan\u00e7ou uma marca hist\u00f3rica na arboriza\u00e7\u00e3o urbana, neste m\u00eas de dezembro, com o plantio de mais de 30 mil mudas.\" \/>\n<meta name=\"robots\" content=\"index, follow, max-snippet:-1, max-image-preview:large, max-video-preview:-1\" \/>\n<link rel=\"canonical\" href=\"https:\/\/www.manaus.am.gov.br\/semcom\/plantio-30-mil-mudas\/\" \/>\n<meta property=\"og:locale\" content=\"pt_BR\" \/>\n<meta property=\"og:type\" content=\"article\" \/>\n<meta property=\"og:title\" content=\"Prefeitura de Manaus atinge marca de 30 mil mudas no ano\" \/>\n<meta property=\"og:description\" content=\"A Prefeitura de Manaus, alcan\u00e7ou uma marca hist\u00f3rica na arboriza\u00e7\u00e3o urbana, neste m\u00eas de dezembro, com o plantio de mais de 30 mil mudas.\" \/>\n<meta property=\"og:url\" content=\"https:\/\/www.manaus.am.gov.br\/semcom\/plantio-30-mil-mudas\/\" \/>\n<meta property=\"og:site_name\" content=\"SEMCOM\" \/>\n<meta property=\"article:published_time\" content=\"2025-12-17T19:57:59+00:00\" \/>\n<meta property=\"og:image\" content=\"https:\/\/www.manaus.am.gov.br\/semcom\/wp-content\/uploads\/sites\/5\/2025\/12\/54441490020_d7d57fa5e0_c.jpg\" \/>\n\t<meta property=\"og:image:width\" content=\"799\" \/>\n\t<meta property=\"og:image:height\" content=\"533\" \/>\n\t<meta property=\"og:image:type\" content=\"image\/jpeg\" \/>\n<meta name=\"author\" content=\"bvalente\" \/>\n<meta name=\"twitter:card\" content=\"summary_large_image\" \/>\n<meta name=\"twitter:label1\" content=\"Written by\" \/>\n\t<meta name=\"twitter:data1\" content=\"bvalente\" \/>\n\t<meta name=\"twitter:label2\" content=\"Est. reading time\" \/>\n\t<meta name=\"twitter:data2\" content=\"4 minutos\" \/>\n<script type=\"application\/ld+json\" class=\"yoast-schema-graph\">{\"@context\":\"https:\/\/schema.org\",\"@graph\":[{\"@type\":\"WebPage\",\"@id\":\"https:\/\/www.manaus.am.gov.br\/semcom\/plantio-30-mil-mudas\/\",\"url\":\"https:\/\/www.manaus.am.gov.br\/semcom\/plantio-30-mil-mudas\/\",\"name\":\"Prefeitura de Manaus atinge marca de 30 mil mudas no ano\",\"isPartOf\":{\"@id\":\"https:\/\/www.manaus.am.gov.br\/semcom\/#website\"},\"primaryImageOfPage\":{\"@id\":\"https:\/\/www.manaus.am.gov.br\/semcom\/plantio-30-mil-mudas\/#primaryimage\"},\"image\":{\"@id\":\"https:\/\/www.manaus.am.gov.br\/semcom\/plantio-30-mil-mudas\/#primaryimage\"},\"thumbnailUrl\":\"https:\/\/www.manaus.am.gov.br\/semcom\/wp-content\/uploads\/sites\/5\/2025\/12\/54441490020_d7d57fa5e0_c.jpg\",\"datePublished\":\"2025-12-17T19:57:59+00:00\",\"dateModified\":\"2025-12-17T19:57:59+00:00\",\"author\":{\"@id\":\"https:\/\/www.manaus.am.gov.br\/semcom\/#\/schema\/person\/466a0e03ae4b6062809046bd560ac955\"},\"description\":\"A Prefeitura de Manaus, alcan\u00e7ou uma marca hist\u00f3rica na arboriza\u00e7\u00e3o urbana, neste m\u00eas de dezembro, com o plantio de mais de 30 mil mudas.\",\"inLanguage\":\"pt-BR\",\"potentialAction\":[{\"@type\":\"ReadAction\",\"target\":[\"https:\/\/www.manaus.am.gov.br\/semcom\/plantio-30-mil-mudas\/\"]}]},{\"@type\":\"ImageObject\",\"inLanguage\":\"pt-BR\",\"@id\":\"https:\/\/www.manaus.am.gov.br\/semcom\/plantio-30-mil-mudas\/#primaryimage\",\"url\":\"https:\/\/www.manaus.am.gov.br\/semcom\/wp-content\/uploads\/sites\/5\/2025\/12\/54441490020_d7d57fa5e0_c.jpg\",\"contentUrl\":\"https:\/\/www.manaus.am.gov.br\/semcom\/wp-content\/uploads\/sites\/5\/2025\/12\/54441490020_d7d57fa5e0_c.jpg\",\"width\":799,\"height\":533,\"caption\":\"#paratodosverem - Equipe da Semmas realizando plantio com equipamento\"},{\"@type\":\"WebSite\",\"@id\":\"https:\/\/www.manaus.am.gov.br\/semcom\/#website\",\"url\":\"https:\/\/www.manaus.am.gov.br\/semcom\/\",\"name\":\"SEMCOM\",\"description\":\"Secretaria Municipal de Comunica\u00e7\u00e3o\",\"potentialAction\":[{\"@type\":\"SearchAction\",\"target\":{\"@type\":\"EntryPoint\",\"urlTemplate\":\"https:\/\/www.manaus.am.gov.br\/semcom\/?s={search_term_string}\"},\"query-input\":\"required name=search_term_string\"}],\"inLanguage\":\"pt-BR\"},{\"@type\":\"Person\",\"@id\":\"https:\/\/www.manaus.am.gov.br\/semcom\/#\/schema\/person\/466a0e03ae4b6062809046bd560ac955\",\"name\":\"bvalente\",\"image\":{\"@type\":\"ImageObject\",\"inLanguage\":\"pt-BR\",\"@id\":\"https:\/\/www.manaus.am.gov.br\/semcom\/#\/schema\/person\/image\/\",\"url\":\"https:\/\/secure.gravatar.com\/avatar\/3e69bc2b014bdad41adfec3a39de07d2?s=96&d=mm&r=g\",\"contentUrl\":\"https:\/\/secure.gravatar.com\/avatar\/3e69bc2b014bdad41adfec3a39de07d2?s=96&d=mm&r=g\",\"caption\":\"bvalente\"}}]}<\/script>\n<!-- \/ Yoast SEO plugin. -->","yoast_head_json":{"title":"Prefeitura de Manaus atinge marca de 30 mil mudas no ano","description":"A Prefeitura de Manaus, alcan\u00e7ou uma marca hist\u00f3rica na arboriza\u00e7\u00e3o urbana, neste m\u00eas de dezembro, com o plantio de mais de 30 mil mudas.","robots":{"index":"index","follow":"follow","max-snippet":"max-snippet:-1","max-image-preview":"max-image-preview:large","max-video-preview":"max-video-preview:-1"},"canonical":"https:\/\/www.manaus.am.gov.br\/semcom\/plantio-30-mil-mudas\/","og_locale":"pt_BR","og_type":"article","og_title":"Prefeitura de Manaus atinge marca de 30 mil mudas no ano","og_description":"A Prefeitura de Manaus, alcan\u00e7ou uma marca hist\u00f3rica na arboriza\u00e7\u00e3o urbana, neste m\u00eas de dezembro, com o plantio de mais de 30 mil mudas.","og_url":"https:\/\/www.manaus.am.gov.br\/semcom\/plantio-30-mil-mudas\/","og_site_name":"SEMCOM","article_published_time":"2025-12-17T19:57:59+00:00","og_image":[{"width":799,"height":533,"url":"https:\/\/www.manaus.am.gov.br\/semcom\/wp-content\/uploads\/sites\/5\/2025\/12\/54441490020_d7d57fa5e0_c.jpg","type":"image\/jpeg"}],"author":"bvalente","twitter_card":"summary_large_image","twitter_misc":{"Written by":"bvalente","Est. reading time":"4 minutos"},"schema":{"@context":"https:\/\/schema.org","@graph":[{"@type":"WebPage","@id":"https:\/\/www.manaus.am.gov.br\/semcom\/plantio-30-mil-mudas\/","url":"https:\/\/www.manaus.am.gov.br\/semcom\/plantio-30-mil-mudas\/","name":"Prefeitura de Manaus atinge marca de 30 mil mudas no ano","isPartOf":{"@id":"https:\/\/www.manaus.am.gov.br\/semcom\/#website"},"primaryImageOfPage":{"@id":"https:\/\/www.manaus.am.gov.br\/semcom\/plantio-30-mil-mudas\/#primaryimage"},"image":{"@id":"https:\/\/www.manaus.am.gov.br\/semcom\/plantio-30-mil-mudas\/#primaryimage"},"thumbnailUrl":"https:\/\/www.manaus.am.gov.br\/semcom\/wp-content\/uploads\/sites\/5\/2025\/12\/54441490020_d7d57fa5e0_c.jpg","datePublished":"2025-12-17T19:57:59+00:00","dateModified":"2025-12-17T19:57:59+00:00","author":{"@id":"https:\/\/www.manaus.am.gov.br\/semcom\/#\/schema\/person\/466a0e03ae4b6062809046bd560ac955"},"description":"A Prefeitura de Manaus, alcan\u00e7ou uma marca hist\u00f3rica na arboriza\u00e7\u00e3o urbana, neste m\u00eas de dezembro, com o plantio de mais de 30 mil mudas.","inLanguage":"pt-BR","potentialAction":[{"@type":"ReadAction","target":["https:\/\/www.manaus.am.gov.br\/semcom\/plantio-30-mil-mudas\/"]}]},{"@type":"ImageObject","inLanguage":"pt-BR","@id":"https:\/\/www.manaus.am.gov.br\/semcom\/plantio-30-mil-mudas\/#primaryimage","url":"https:\/\/www.manaus.am.gov.br\/semcom\/wp-content\/uploads\/sites\/5\/2025\/12\/54441490020_d7d57fa5e0_c.jpg","contentUrl":"https:\/\/www.manaus.am.gov.br\/semcom\/wp-content\/uploads\/sites\/5\/2025\/12\/54441490020_d7d57fa5e0_c.jpg","width":799,"height":533,"caption":"#paratodosverem - Equipe da Semmas realizando plantio com equipamento"},{"@type":"WebSite","@id":"https:\/\/www.manaus.am.gov.br\/semcom\/#website","url":"https:\/\/www.manaus.am.gov.br\/semcom\/","name":"SEMCOM","description":"Secretaria Municipal de Comunica\u00e7\u00e3o","potentialAction":[{"@type":"SearchAction","target":{"@type":"EntryPoint","urlTemplate":"https:\/\/www.manaus.am.gov.br\/semcom\/?s={search_term_string}"},"query-input":"required name=search_term_string"}],"inLanguage":"pt-BR"},{"@type":"Person","@id":"https:\/\/www.manaus.am.gov.br\/semcom\/#\/schema\/person\/466a0e03ae4b6062809046bd560ac955","name":"bvalente","image":{"@type":"ImageObject","inLanguage":"pt-BR","@id":"https:\/\/www.manaus.am.gov.br\/semcom\/#\/schema\/person\/image\/","url":"https:\/\/secure.gravatar.com\/avatar\/3e69bc2b014bdad41adfec3a39de07d2?s=96&d=mm&r=g","contentUrl":"https:\/\/secure.gravatar.com\/avatar\/3e69bc2b014bdad41adfec3a39de07d2?s=96&d=mm&r=g","caption":"bvalente"}}]}},"_links":{"self":[{"href":"https:\/\/www.manaus.am.gov.br\/semcom\/wp-json\/wp\/v2\/posts\/249898"}],"collection":[{"href":"https:\/\/www.manaus.am.gov.br\/semcom\/wp-json\/wp\/v2\/posts"}],"about":[{"href":"https:\/\/www.manaus.am.gov.br\/semcom\/wp-json\/wp\/v2\/types\/post"}],"author":[{"embeddable":true,"href":"https:\/\/www.manaus.am.gov.br\/semcom\/wp-json\/wp\/v2\/users\/68"}],"replies":[{"embeddable":true,"href":"https:\/\/www.manaus.am.gov.br\/semcom\/wp-json\/wp\/v2\/comments?post=249898"}],"version-history":[{"count":1,"href":"https:\/\/www.manaus.am.gov.br\/semcom\/wp-json\/wp\/v2\/posts\/249898\/revisions"}],"predecessor-version":[{"id":249903,"href":"https:\/\/www.manaus.am.gov.br\/semcom\/wp-json\/wp\/v2\/posts\/249898\/revisions\/249903"}],"wp:featuredmedia":[{"embeddable":true,"href":"https:\/\/www.manaus.am.gov.br\/semcom\/wp-json\/wp\/v2\/media\/249902"}],"wp:attachment":[{"href":"https:\/\/www.manaus.am.gov.br\/semcom\/wp-json\/wp\/v2\/media?parent=249898"}],"wp:term":[{"taxonomy":"category","embeddable":true,"href":"https:\/\/www.manaus.am.gov.br\/semcom\/wp-json\/wp\/v2\/categories?post=249898"},{"taxonomy":"post_tag","embeddable":true,"href":"https:\/\/www.manaus.am.gov.br\/semcom\/wp-json\/wp\/v2\/tags?post=249898"}],"curies":[{"name":"wp","href":"https:\/\/api.w.org\/{rel}","templated":true}]}}