{"id":249882,"date":"2025-12-17T14:25:53","date_gmt":"2025-12-17T18:25:53","guid":{"rendered":"https:\/\/www.manaus.am.gov.br\/semcom\/cmdu-atividades-reunioes\/"},"modified":"2025-12-17T14:25:53","modified_gmt":"2025-12-17T18:25:53","slug":"cmdu-atividades-reunioes","status":"publish","type":"post","link":"https:\/\/www.manaus.am.gov.br\/semcom\/cmdu-atividades-reunioes\/","title":{"rendered":"Colegiado da prefeitura, Conselho Municipal de Desenvolvimento Urbano encerra atividades deste ano e reuni\u00f5es retornam em 7 de janeiro"},"content":{"rendered":"\n<p>O Conselho Municipal de Desenvolvimento Urbano (CMDU), colegiado da&nbsp;Prefeitura de Manaus, aprovou a agenda de atividades de reuni\u00f5es semanais para 2026. A \u00faltima reuni\u00e3o deste ano foi realizada nesta quarta-feira, 17\/12. Em 2026, o colegiado ter\u00e1 52 reuni\u00f5es ordin\u00e1rias, come\u00e7ando em 7\/1 e finalizando no dia 18\/12, com encontros sempre \u00e0s quartas-feiras, com exce\u00e7\u00e3o dos dias 19\/2; 29\/10; e 4, 11 e 18\/12.<\/p>\n\n\n\n<p>At\u00e9 novembro deste ano, o conselho fez a an\u00e1lise de 432 processos, com 375 sendo deferidos (87%); 50 indeferidos (12%) e 6 com deferimento parcial (1%). A pauta do colegiado foi composta em sua maioria de an\u00e1lise t\u00e9cnica sobre regulariza\u00e7\u00e3o e Habite-se, que corresponde a 44,68% (193 processos); seguida de certid\u00f5es de modo geral, com 28,47% (123 procedimentos); e com a aprova\u00e7\u00e3o de projetos, tendo 18,75% (81 an\u00e1lises).<\/p>\n\n\n\n<p>\u201cO CMDU \u00e9 respons\u00e1vel pela an\u00e1lise de processos que envolvem licen\u00e7as, Habite-se, renova\u00e7\u00f5es, certid\u00f5es de licenciamento e medidas compensat\u00f3rias que tramitam no Implurb, sempre em conformidade com o Plano Diretor e a legisla\u00e7\u00e3o vigente\u201d, afirmou o assessor Eraldo Bandeira.<\/p>\n\n\n\n<p><strong>Conselho<\/strong><\/p>\n\n\n\n<p>Requerentes dos processos em pauta podem participar, entrando em contato com o colegiado, pelo e-mail&nbsp;<a href=\"mailto:cmdu.implurb@pmm.am.gov.br\" target=\"_blank\" rel=\"noreferrer noopener\">cmdu.implurb@pmm.am.gov.br<\/a>, caso tenham interesse.<\/p>\n\n\n\n<p>O conselho integra o sistema de licenciamento urbano municipal e entre suas compet\u00eancias est\u00e3o o acompanhamento da implementa\u00e7\u00e3o do Plano Diretor da cidade e a delibera\u00e7\u00e3o, dentro do Poder Executivo, sobre projetos de lei, planos, programas e projetos relativos ao desenvolvimento urbano da capital.<\/p>\n\n\n\n<p>A composi\u00e7\u00e3o do grupo \u00e9 de representantes de 18 entidades civis e p\u00fablicas. Em todo encontro, um participante de cada entidade deve compor a plen\u00e1ria, somando 18 conselheiros, que t\u00eam seus respectivos suplentes.<\/p>\n\n\n\n<p><strong>Atividade<\/strong><\/p>\n\n\n\n<p>O conselho foi criado pela Lei Org\u00e2nica do Munic\u00edpio (Loman), no artigo 221, tendo fun\u00e7\u00f5es normativas, disciplinares e deliberativas sobre as quest\u00f5es relativas aos sistemas, servi\u00e7os e ordena\u00e7\u00e3o do espa\u00e7o urbano, considerando a legisla\u00e7\u00e3o em vigor e o Plano Diretor da cidade. O colegiado ainda delibera sobre os recursos do Fundo Municipal de Desenvolvimento Urbano (FMDU), parte integrante do Implurb.<\/p>\n\n\n\n<figure class=\"wp-block-image size-large\"><img loading=\"lazy\" decoding=\"async\" width=\"1024\" height=\"768\" src=\"https:\/\/www.manaus.am.gov.br\/semcom\/wp-content\/uploads\/sites\/5\/2025\/12\/CMDU-3-1024x768.jpeg\" alt=\"\" class=\"wp-image-249884\" srcset=\"https:\/\/www.manaus.am.gov.br\/semcom\/wp-content\/uploads\/sites\/5\/2025\/12\/CMDU-3-1024x768.jpeg 1024w, https:\/\/www.manaus.am.gov.br\/semcom\/wp-content\/uploads\/sites\/5\/2025\/12\/CMDU-3-300x225.jpeg 300w, https:\/\/www.manaus.am.gov.br\/semcom\/wp-content\/uploads\/sites\/5\/2025\/12\/CMDU-3-768x576.jpeg 768w, https:\/\/www.manaus.am.gov.br\/semcom\/wp-content\/uploads\/sites\/5\/2025\/12\/CMDU-3-1536x1152.jpeg 1536w, https:\/\/www.manaus.am.gov.br\/semcom\/wp-content\/uploads\/sites\/5\/2025\/12\/CMDU-3.jpeg 1600w\" sizes=\"(max-width: 1024px) 100vw, 1024px\" \/><figcaption class=\"wp-element-caption\">#paratodosverem &#8211; Reuni\u00e3o do CMDU on-line<\/figcaption><\/figure>\n\n\n\n<p><strong>&#8212; &#8212; &#8212;<\/strong><\/p>\n\n\n\n<p><strong>Texto \u2013&nbsp;<\/strong>Claudia do Valle\/Implurb<\/p>\n\n\n\n<p><strong>Fotos \u2013<\/strong>&nbsp;Divulga\u00e7\u00e3o\/Implurb<\/p>\n","protected":false},"excerpt":{"rendered":"","protected":false},"author":39,"featured_media":249883,"comment_status":"closed","ping_status":"closed","sticky":false,"template":"","format":"standard","meta":{"footnotes":""},"categories":[3460],"tags":[18503,426,18504,65,77,4912],"acf":[],"yoast_head":"<!-- This site is optimized with the Yoast SEO plugin v23.0 - https:\/\/yoast.com\/wordpress\/plugins\/seo\/ -->\n<title>CMDU encerra atividades deste ano e reuni\u00f5es retornam em 7\/1<\/title>\n<meta name=\"description\" content=\"Colegiado da prefeitura, Conselho Municipal de Desenvolvimento Urbano encerra atividades deste ano e reuni\u00f5es retornam em 7 de janeiro.\" \/>\n<meta name=\"robots\" content=\"index, follow, max-snippet:-1, max-image-preview:large, max-video-preview:-1\" \/>\n<link rel=\"canonical\" href=\"https:\/\/www.manaus.am.gov.br\/semcom\/cmdu-atividades-reunioes\/\" \/>\n<meta property=\"og:locale\" content=\"pt_BR\" \/>\n<meta property=\"og:type\" content=\"article\" \/>\n<meta property=\"og:title\" content=\"CMDU encerra atividades deste ano e reuni\u00f5es retornam em 7\/1\" \/>\n<meta property=\"og:description\" content=\"Colegiado da prefeitura, Conselho Municipal de Desenvolvimento Urbano encerra atividades deste ano e reuni\u00f5es retornam em 7 de janeiro.\" \/>\n<meta property=\"og:url\" content=\"https:\/\/www.manaus.am.gov.br\/semcom\/cmdu-atividades-reunioes\/\" \/>\n<meta property=\"og:site_name\" content=\"SEMCOM\" \/>\n<meta property=\"article:published_time\" content=\"2025-12-17T18:25:53+00:00\" \/>\n<meta property=\"og:image\" content=\"https:\/\/www.manaus.am.gov.br\/semcom\/wp-content\/uploads\/sites\/5\/2025\/12\/CMDU-1.jpeg\" \/>\n\t<meta property=\"og:image:width\" content=\"1600\" \/>\n\t<meta property=\"og:image:height\" content=\"1200\" \/>\n\t<meta property=\"og:image:type\" content=\"image\/jpeg\" \/>\n<meta name=\"author\" content=\"Bruna Greco\" \/>\n<meta name=\"twitter:card\" content=\"summary_large_image\" \/>\n<meta name=\"twitter:label1\" content=\"Written by\" \/>\n\t<meta name=\"twitter:data1\" content=\"Bruna Greco\" \/>\n\t<meta name=\"twitter:label2\" content=\"Est. reading time\" \/>\n\t<meta name=\"twitter:data2\" content=\"3 minutos\" \/>\n<script type=\"application\/ld+json\" class=\"yoast-schema-graph\">{\"@context\":\"https:\/\/schema.org\",\"@graph\":[{\"@type\":\"WebPage\",\"@id\":\"https:\/\/www.manaus.am.gov.br\/semcom\/cmdu-atividades-reunioes\/\",\"url\":\"https:\/\/www.manaus.am.gov.br\/semcom\/cmdu-atividades-reunioes\/\",\"name\":\"CMDU encerra atividades deste ano e reuni\u00f5es retornam em 7\/1\",\"isPartOf\":{\"@id\":\"https:\/\/www.manaus.am.gov.br\/semcom\/#website\"},\"primaryImageOfPage\":{\"@id\":\"https:\/\/www.manaus.am.gov.br\/semcom\/cmdu-atividades-reunioes\/#primaryimage\"},\"image\":{\"@id\":\"https:\/\/www.manaus.am.gov.br\/semcom\/cmdu-atividades-reunioes\/#primaryimage\"},\"thumbnailUrl\":\"https:\/\/www.manaus.am.gov.br\/semcom\/wp-content\/uploads\/sites\/5\/2025\/12\/CMDU-1.jpeg\",\"datePublished\":\"2025-12-17T18:25:53+00:00\",\"dateModified\":\"2025-12-17T18:25:53+00:00\",\"author\":{\"@id\":\"https:\/\/www.manaus.am.gov.br\/semcom\/#\/schema\/person\/05d223aea2bf115f9883a6ff3683d81b\"},\"description\":\"Colegiado da prefeitura, Conselho Municipal de Desenvolvimento Urbano encerra atividades deste ano e reuni\u00f5es retornam em 7 de janeiro.\",\"inLanguage\":\"pt-BR\",\"potentialAction\":[{\"@type\":\"ReadAction\",\"target\":[\"https:\/\/www.manaus.am.gov.br\/semcom\/cmdu-atividades-reunioes\/\"]}]},{\"@type\":\"ImageObject\",\"inLanguage\":\"pt-BR\",\"@id\":\"https:\/\/www.manaus.am.gov.br\/semcom\/cmdu-atividades-reunioes\/#primaryimage\",\"url\":\"https:\/\/www.manaus.am.gov.br\/semcom\/wp-content\/uploads\/sites\/5\/2025\/12\/CMDU-1.jpeg\",\"contentUrl\":\"https:\/\/www.manaus.am.gov.br\/semcom\/wp-content\/uploads\/sites\/5\/2025\/12\/CMDU-1.jpeg\",\"width\":1600,\"height\":1200,\"caption\":\"#paratodosverem - Servidoras do CMDU durante expediente\"},{\"@type\":\"WebSite\",\"@id\":\"https:\/\/www.manaus.am.gov.br\/semcom\/#website\",\"url\":\"https:\/\/www.manaus.am.gov.br\/semcom\/\",\"name\":\"SEMCOM\",\"description\":\"Secretaria Municipal de Comunica\u00e7\u00e3o\",\"potentialAction\":[{\"@type\":\"SearchAction\",\"target\":{\"@type\":\"EntryPoint\",\"urlTemplate\":\"https:\/\/www.manaus.am.gov.br\/semcom\/?s={search_term_string}\"},\"query-input\":\"required name=search_term_string\"}],\"inLanguage\":\"pt-BR\"},{\"@type\":\"Person\",\"@id\":\"https:\/\/www.manaus.am.gov.br\/semcom\/#\/schema\/person\/05d223aea2bf115f9883a6ff3683d81b\",\"name\":\"Bruna Greco\",\"image\":{\"@type\":\"ImageObject\",\"inLanguage\":\"pt-BR\",\"@id\":\"https:\/\/www.manaus.am.gov.br\/semcom\/#\/schema\/person\/image\/\",\"url\":\"https:\/\/secure.gravatar.com\/avatar\/9c877d1a6adc2a055330e5c09a8653ce?s=96&d=mm&r=g\",\"contentUrl\":\"https:\/\/secure.gravatar.com\/avatar\/9c877d1a6adc2a055330e5c09a8653ce?s=96&d=mm&r=g\",\"caption\":\"Bruna Greco\"}}]}<\/script>\n<!-- \/ Yoast SEO plugin. -->","yoast_head_json":{"title":"CMDU encerra atividades deste ano e reuni\u00f5es retornam em 7\/1","description":"Colegiado da prefeitura, Conselho Municipal de Desenvolvimento Urbano encerra atividades deste ano e reuni\u00f5es retornam em 7 de janeiro.","robots":{"index":"index","follow":"follow","max-snippet":"max-snippet:-1","max-image-preview":"max-image-preview:large","max-video-preview":"max-video-preview:-1"},"canonical":"https:\/\/www.manaus.am.gov.br\/semcom\/cmdu-atividades-reunioes\/","og_locale":"pt_BR","og_type":"article","og_title":"CMDU encerra atividades deste ano e reuni\u00f5es retornam em 7\/1","og_description":"Colegiado da prefeitura, Conselho Municipal de Desenvolvimento Urbano encerra atividades deste ano e reuni\u00f5es retornam em 7 de janeiro.","og_url":"https:\/\/www.manaus.am.gov.br\/semcom\/cmdu-atividades-reunioes\/","og_site_name":"SEMCOM","article_published_time":"2025-12-17T18:25:53+00:00","og_image":[{"width":1600,"height":1200,"url":"https:\/\/www.manaus.am.gov.br\/semcom\/wp-content\/uploads\/sites\/5\/2025\/12\/CMDU-1.jpeg","type":"image\/jpeg"}],"author":"Bruna Greco","twitter_card":"summary_large_image","twitter_misc":{"Written by":"Bruna Greco","Est. reading time":"3 minutos"},"schema":{"@context":"https:\/\/schema.org","@graph":[{"@type":"WebPage","@id":"https:\/\/www.manaus.am.gov.br\/semcom\/cmdu-atividades-reunioes\/","url":"https:\/\/www.manaus.am.gov.br\/semcom\/cmdu-atividades-reunioes\/","name":"CMDU encerra atividades deste ano e reuni\u00f5es retornam em 7\/1","isPartOf":{"@id":"https:\/\/www.manaus.am.gov.br\/semcom\/#website"},"primaryImageOfPage":{"@id":"https:\/\/www.manaus.am.gov.br\/semcom\/cmdu-atividades-reunioes\/#primaryimage"},"image":{"@id":"https:\/\/www.manaus.am.gov.br\/semcom\/cmdu-atividades-reunioes\/#primaryimage"},"thumbnailUrl":"https:\/\/www.manaus.am.gov.br\/semcom\/wp-content\/uploads\/sites\/5\/2025\/12\/CMDU-1.jpeg","datePublished":"2025-12-17T18:25:53+00:00","dateModified":"2025-12-17T18:25:53+00:00","author":{"@id":"https:\/\/www.manaus.am.gov.br\/semcom\/#\/schema\/person\/05d223aea2bf115f9883a6ff3683d81b"},"description":"Colegiado da prefeitura, Conselho Municipal de Desenvolvimento Urbano encerra atividades deste ano e reuni\u00f5es retornam em 7 de janeiro.","inLanguage":"pt-BR","potentialAction":[{"@type":"ReadAction","target":["https:\/\/www.manaus.am.gov.br\/semcom\/cmdu-atividades-reunioes\/"]}]},{"@type":"ImageObject","inLanguage":"pt-BR","@id":"https:\/\/www.manaus.am.gov.br\/semcom\/cmdu-atividades-reunioes\/#primaryimage","url":"https:\/\/www.manaus.am.gov.br\/semcom\/wp-content\/uploads\/sites\/5\/2025\/12\/CMDU-1.jpeg","contentUrl":"https:\/\/www.manaus.am.gov.br\/semcom\/wp-content\/uploads\/sites\/5\/2025\/12\/CMDU-1.jpeg","width":1600,"height":1200,"caption":"#paratodosverem - Servidoras do CMDU durante expediente"},{"@type":"WebSite","@id":"https:\/\/www.manaus.am.gov.br\/semcom\/#website","url":"https:\/\/www.manaus.am.gov.br\/semcom\/","name":"SEMCOM","description":"Secretaria Municipal de Comunica\u00e7\u00e3o","potentialAction":[{"@type":"SearchAction","target":{"@type":"EntryPoint","urlTemplate":"https:\/\/www.manaus.am.gov.br\/semcom\/?s={search_term_string}"},"query-input":"required name=search_term_string"}],"inLanguage":"pt-BR"},{"@type":"Person","@id":"https:\/\/www.manaus.am.gov.br\/semcom\/#\/schema\/person\/05d223aea2bf115f9883a6ff3683d81b","name":"Bruna Greco","image":{"@type":"ImageObject","inLanguage":"pt-BR","@id":"https:\/\/www.manaus.am.gov.br\/semcom\/#\/schema\/person\/image\/","url":"https:\/\/secure.gravatar.com\/avatar\/9c877d1a6adc2a055330e5c09a8653ce?s=96&d=mm&r=g","contentUrl":"https:\/\/secure.gravatar.com\/avatar\/9c877d1a6adc2a055330e5c09a8653ce?s=96&d=mm&r=g","caption":"Bruna Greco"}}]}},"_links":{"self":[{"href":"https:\/\/www.manaus.am.gov.br\/semcom\/wp-json\/wp\/v2\/posts\/249882"}],"collection":[{"href":"https:\/\/www.manaus.am.gov.br\/semcom\/wp-json\/wp\/v2\/posts"}],"about":[{"href":"https:\/\/www.manaus.am.gov.br\/semcom\/wp-json\/wp\/v2\/types\/post"}],"author":[{"embeddable":true,"href":"https:\/\/www.manaus.am.gov.br\/semcom\/wp-json\/wp\/v2\/users\/39"}],"replies":[{"embeddable":true,"href":"https:\/\/www.manaus.am.gov.br\/semcom\/wp-json\/wp\/v2\/comments?post=249882"}],"version-history":[{"count":1,"href":"https:\/\/www.manaus.am.gov.br\/semcom\/wp-json\/wp\/v2\/posts\/249882\/revisions"}],"predecessor-version":[{"id":249885,"href":"https:\/\/www.manaus.am.gov.br\/semcom\/wp-json\/wp\/v2\/posts\/249882\/revisions\/249885"}],"wp:featuredmedia":[{"embeddable":true,"href":"https:\/\/www.manaus.am.gov.br\/semcom\/wp-json\/wp\/v2\/media\/249883"}],"wp:attachment":[{"href":"https:\/\/www.manaus.am.gov.br\/semcom\/wp-json\/wp\/v2\/media?parent=249882"}],"wp:term":[{"taxonomy":"category","embeddable":true,"href":"https:\/\/www.manaus.am.gov.br\/semcom\/wp-json\/wp\/v2\/categories?post=249882"},{"taxonomy":"post_tag","embeddable":true,"href":"https:\/\/www.manaus.am.gov.br\/semcom\/wp-json\/wp\/v2\/tags?post=249882"}],"curies":[{"name":"wp","href":"https:\/\/api.w.org\/{rel}","templated":true}]}}