{"id":249844,"date":"2025-12-16T19:33:25","date_gmt":"2025-12-16T22:33:25","guid":{"rendered":"https:\/\/www.manaus.am.gov.br\/semcom\/leilao-de-bens\/"},"modified":"2025-12-16T19:38:19","modified_gmt":"2025-12-16T22:38:19","slug":"leilao-de-bens","status":"publish","type":"post","link":"https:\/\/www.manaus.am.gov.br\/semcom\/leilao-de-bens\/","title":{"rendered":"Leil\u00e3o de bens inserv\u00edveis da Prefeitura de Manaus arrecada mais de R$ 1 milh\u00e3o"},"content":{"rendered":"\n<p>O leil\u00e3o p\u00fablico de bens inserv\u00edveis realizado pela Prefeitura de Manaus, por meio da Secretaria Municipal de Administra\u00e7\u00e3o e Gest\u00e3o (Semad), nesta ter\u00e7a-feira, 16\/12, arrecadou R$ 1,004 milh\u00e3o, um percentual de evolu\u00e7\u00e3o de 276% sobre a previs\u00e3o de R$ 359 mil, calculada com base nos lances iniciais.&nbsp; O evento aconteceu no Hotel Mercure, localizado na avenida M\u00e1rio Ypiranga Monteiro, Adrian\u00f3polis, zona Centro-Sul e contou com um n\u00famero significativo de concorrentes, presencialmente e online.<\/p>\n\n\n\n<p>Representando o titular da Semad, C\u00e9lio Guedes, o subsecret\u00e1rio de Gest\u00e3o de Processos, Alexandre do Carmo, acompanhou a disputa pelos 66 lotes, dos quais 65 foram vendidos.<\/p>\n\n\n\n<p>\u201cA gest\u00e3o do prefeito David Almeida busca a otimiza\u00e7\u00e3o de todo o patrim\u00f4nio da Prefeitura de Manaus. Em raz\u00e3o disso, a Semad, que \u00e9 o \u00f3rg\u00e3o gerenciador de todos os bens da administra\u00e7\u00e3o municipal, vem intensificando a identifica\u00e7\u00e3o, avalia\u00e7\u00e3o e destina\u00e7\u00e3o adequada desses bens, sempre com total transpar\u00eancia, a fim de assegurar o melhor retorno para os cofres p\u00fablicos\u201d, disse o subsecret\u00e1rio.<\/p>\n\n\n\n<p>O leiloeiro p\u00fablico oficial que conduziu a apresenta\u00e7\u00e3o dos lotes e recebeu os lances foi Fernando Caetano Moreira Filho, da empresa MGL Leil\u00f5es, de Minas Gerais (MG), definido por sorteio entre os oito leiloeiros credenciados pela Semad.<\/p>\n\n\n\n<p>Os bens foram leiloados por lotes, divididos entre 32, de bens como equipamentos e m\u00f3veis escolares, de escrit\u00f3rio, hospitalares, bebedouros, aparelhos de ar-condicionado, impressoras, monitores, microcomputadores; e 34 lotes de ve\u00edculos entre motocicletas, furg\u00f5es, pick-ups, caminhonetes e carros de passeio.<\/p>\n\n\n\n<p>Segundo o relat\u00f3rio do leiloeiro, do total de arrematantes, 38 foram online, e 27 presencialmente.<\/p>\n\n\n\n<p>O empres\u00e1rio Reginaldo Albino participou pela primeira vez de um leil\u00e3o da prefeitura. \u201cEu vi o an\u00fancio e fiquei interessado. Estou aqui para ver o que a gente pode levar de bom. Espero sair daqui satisfeito\u201d, comentou.<\/p>\n\n\n\n<p>&#8212; &#8212; &#8212;\u00a0<br><strong>Texto<\/strong> \u2013 Sandra Monteiro \/ Semad<br><strong>Fotos<\/strong> \u2013 Valdo Le\u00e3o \/ Semcom<br><strong>Dispon\u00edveis em &#8211; <\/strong><a href=\"https:\/\/flic.kr\/s\/aHBqjCDXGR\">https:\/\/flic.kr\/s\/aHBqjCDXGR<\/a><\/p>\n","protected":false},"excerpt":{"rendered":"","protected":false},"author":68,"featured_media":249845,"comment_status":"closed","ping_status":"closed","sticky":false,"template":"","format":"standard","meta":{"footnotes":""},"categories":[3411],"tags":[18498,18499,77,838],"acf":[],"yoast_head":"<!-- This site is optimized with the Yoast SEO plugin v23.0 - https:\/\/yoast.com\/wordpress\/plugins\/seo\/ -->\n<title>Leil\u00e3o de bens da prefeitura arrecada mais de R$ 1 milh\u00e3o<\/title>\n<meta name=\"description\" content=\"O leil\u00e3o p\u00fablico de bens inserv\u00edveis realizado pela Prefeitura de Manaus, arrecadou R$ 1,004 milh\u00e3o, um percentual de evolu\u00e7\u00e3o de 276%.\" \/>\n<meta name=\"robots\" content=\"index, follow, max-snippet:-1, max-image-preview:large, max-video-preview:-1\" \/>\n<link rel=\"canonical\" href=\"https:\/\/www.manaus.am.gov.br\/semcom\/leilao-de-bens\/\" \/>\n<meta property=\"og:locale\" content=\"pt_BR\" \/>\n<meta property=\"og:type\" content=\"article\" \/>\n<meta property=\"og:title\" content=\"Leil\u00e3o de bens da prefeitura arrecada mais de R$ 1 milh\u00e3o\" \/>\n<meta property=\"og:description\" content=\"O leil\u00e3o p\u00fablico de bens inserv\u00edveis realizado pela Prefeitura de Manaus, arrecadou R$ 1,004 milh\u00e3o, um percentual de evolu\u00e7\u00e3o de 276%.\" \/>\n<meta property=\"og:url\" content=\"https:\/\/www.manaus.am.gov.br\/semcom\/leilao-de-bens\/\" \/>\n<meta property=\"og:site_name\" content=\"SEMCOM\" \/>\n<meta property=\"article:published_time\" content=\"2025-12-16T22:33:25+00:00\" \/>\n<meta property=\"article:modified_time\" content=\"2025-12-16T22:38:19+00:00\" \/>\n<meta property=\"og:image\" content=\"https:\/\/www.manaus.am.gov.br\/semcom\/wp-content\/uploads\/sites\/5\/2025\/12\/54988256108_d68edb0532_c.jpg\" \/>\n\t<meta property=\"og:image:width\" content=\"799\" \/>\n\t<meta property=\"og:image:height\" content=\"533\" \/>\n\t<meta property=\"og:image:type\" content=\"image\/jpeg\" \/>\n<meta name=\"author\" content=\"bvalente\" \/>\n<meta name=\"twitter:card\" content=\"summary_large_image\" \/>\n<meta name=\"twitter:label1\" content=\"Written by\" \/>\n\t<meta name=\"twitter:data1\" content=\"bvalente\" \/>\n\t<meta name=\"twitter:label2\" content=\"Est. reading time\" \/>\n\t<meta name=\"twitter:data2\" content=\"2 minutos\" \/>\n<script type=\"application\/ld+json\" class=\"yoast-schema-graph\">{\"@context\":\"https:\/\/schema.org\",\"@graph\":[{\"@type\":\"WebPage\",\"@id\":\"https:\/\/www.manaus.am.gov.br\/semcom\/leilao-de-bens\/\",\"url\":\"https:\/\/www.manaus.am.gov.br\/semcom\/leilao-de-bens\/\",\"name\":\"Leil\u00e3o de bens da prefeitura arrecada mais de R$ 1 milh\u00e3o\",\"isPartOf\":{\"@id\":\"https:\/\/www.manaus.am.gov.br\/semcom\/#website\"},\"primaryImageOfPage\":{\"@id\":\"https:\/\/www.manaus.am.gov.br\/semcom\/leilao-de-bens\/#primaryimage\"},\"image\":{\"@id\":\"https:\/\/www.manaus.am.gov.br\/semcom\/leilao-de-bens\/#primaryimage\"},\"thumbnailUrl\":\"https:\/\/www.manaus.am.gov.br\/semcom\/wp-content\/uploads\/sites\/5\/2025\/12\/54988256108_d68edb0532_c.jpg\",\"datePublished\":\"2025-12-16T22:33:25+00:00\",\"dateModified\":\"2025-12-16T22:38:19+00:00\",\"author\":{\"@id\":\"https:\/\/www.manaus.am.gov.br\/semcom\/#\/schema\/person\/466a0e03ae4b6062809046bd560ac955\"},\"description\":\"O leil\u00e3o p\u00fablico de bens inserv\u00edveis realizado pela Prefeitura de Manaus, arrecadou R$ 1,004 milh\u00e3o, um percentual de evolu\u00e7\u00e3o de 276%.\",\"inLanguage\":\"pt-BR\",\"potentialAction\":[{\"@type\":\"ReadAction\",\"target\":[\"https:\/\/www.manaus.am.gov.br\/semcom\/leilao-de-bens\/\"]}]},{\"@type\":\"ImageObject\",\"inLanguage\":\"pt-BR\",\"@id\":\"https:\/\/www.manaus.am.gov.br\/semcom\/leilao-de-bens\/#primaryimage\",\"url\":\"https:\/\/www.manaus.am.gov.br\/semcom\/wp-content\/uploads\/sites\/5\/2025\/12\/54988256108_d68edb0532_c.jpg\",\"contentUrl\":\"https:\/\/www.manaus.am.gov.br\/semcom\/wp-content\/uploads\/sites\/5\/2025\/12\/54988256108_d68edb0532_c.jpg\",\"width\":799,\"height\":533,\"caption\":\"#paratodosverem \u2013 Leiloeiro Fernando Caetano Moreira Filho durante lance de bens inserv\u00edveis vendidos durante leil\u00e3o da Prefeitura de Manaus\"},{\"@type\":\"WebSite\",\"@id\":\"https:\/\/www.manaus.am.gov.br\/semcom\/#website\",\"url\":\"https:\/\/www.manaus.am.gov.br\/semcom\/\",\"name\":\"SEMCOM\",\"description\":\"Secretaria Municipal de Comunica\u00e7\u00e3o\",\"potentialAction\":[{\"@type\":\"SearchAction\",\"target\":{\"@type\":\"EntryPoint\",\"urlTemplate\":\"https:\/\/www.manaus.am.gov.br\/semcom\/?s={search_term_string}\"},\"query-input\":\"required name=search_term_string\"}],\"inLanguage\":\"pt-BR\"},{\"@type\":\"Person\",\"@id\":\"https:\/\/www.manaus.am.gov.br\/semcom\/#\/schema\/person\/466a0e03ae4b6062809046bd560ac955\",\"name\":\"bvalente\",\"image\":{\"@type\":\"ImageObject\",\"inLanguage\":\"pt-BR\",\"@id\":\"https:\/\/www.manaus.am.gov.br\/semcom\/#\/schema\/person\/image\/\",\"url\":\"https:\/\/secure.gravatar.com\/avatar\/3e69bc2b014bdad41adfec3a39de07d2?s=96&d=mm&r=g\",\"contentUrl\":\"https:\/\/secure.gravatar.com\/avatar\/3e69bc2b014bdad41adfec3a39de07d2?s=96&d=mm&r=g\",\"caption\":\"bvalente\"}}]}<\/script>\n<!-- \/ Yoast SEO plugin. -->","yoast_head_json":{"title":"Leil\u00e3o de bens da prefeitura arrecada mais de R$ 1 milh\u00e3o","description":"O leil\u00e3o p\u00fablico de bens inserv\u00edveis realizado pela Prefeitura de Manaus, arrecadou R$ 1,004 milh\u00e3o, um percentual de evolu\u00e7\u00e3o de 276%.","robots":{"index":"index","follow":"follow","max-snippet":"max-snippet:-1","max-image-preview":"max-image-preview:large","max-video-preview":"max-video-preview:-1"},"canonical":"https:\/\/www.manaus.am.gov.br\/semcom\/leilao-de-bens\/","og_locale":"pt_BR","og_type":"article","og_title":"Leil\u00e3o de bens da prefeitura arrecada mais de R$ 1 milh\u00e3o","og_description":"O leil\u00e3o p\u00fablico de bens inserv\u00edveis realizado pela Prefeitura de Manaus, arrecadou R$ 1,004 milh\u00e3o, um percentual de evolu\u00e7\u00e3o de 276%.","og_url":"https:\/\/www.manaus.am.gov.br\/semcom\/leilao-de-bens\/","og_site_name":"SEMCOM","article_published_time":"2025-12-16T22:33:25+00:00","article_modified_time":"2025-12-16T22:38:19+00:00","og_image":[{"width":799,"height":533,"url":"https:\/\/www.manaus.am.gov.br\/semcom\/wp-content\/uploads\/sites\/5\/2025\/12\/54988256108_d68edb0532_c.jpg","type":"image\/jpeg"}],"author":"bvalente","twitter_card":"summary_large_image","twitter_misc":{"Written by":"bvalente","Est. reading time":"2 minutos"},"schema":{"@context":"https:\/\/schema.org","@graph":[{"@type":"WebPage","@id":"https:\/\/www.manaus.am.gov.br\/semcom\/leilao-de-bens\/","url":"https:\/\/www.manaus.am.gov.br\/semcom\/leilao-de-bens\/","name":"Leil\u00e3o de bens da prefeitura arrecada mais de R$ 1 milh\u00e3o","isPartOf":{"@id":"https:\/\/www.manaus.am.gov.br\/semcom\/#website"},"primaryImageOfPage":{"@id":"https:\/\/www.manaus.am.gov.br\/semcom\/leilao-de-bens\/#primaryimage"},"image":{"@id":"https:\/\/www.manaus.am.gov.br\/semcom\/leilao-de-bens\/#primaryimage"},"thumbnailUrl":"https:\/\/www.manaus.am.gov.br\/semcom\/wp-content\/uploads\/sites\/5\/2025\/12\/54988256108_d68edb0532_c.jpg","datePublished":"2025-12-16T22:33:25+00:00","dateModified":"2025-12-16T22:38:19+00:00","author":{"@id":"https:\/\/www.manaus.am.gov.br\/semcom\/#\/schema\/person\/466a0e03ae4b6062809046bd560ac955"},"description":"O leil\u00e3o p\u00fablico de bens inserv\u00edveis realizado pela Prefeitura de Manaus, arrecadou R$ 1,004 milh\u00e3o, um percentual de evolu\u00e7\u00e3o de 276%.","inLanguage":"pt-BR","potentialAction":[{"@type":"ReadAction","target":["https:\/\/www.manaus.am.gov.br\/semcom\/leilao-de-bens\/"]}]},{"@type":"ImageObject","inLanguage":"pt-BR","@id":"https:\/\/www.manaus.am.gov.br\/semcom\/leilao-de-bens\/#primaryimage","url":"https:\/\/www.manaus.am.gov.br\/semcom\/wp-content\/uploads\/sites\/5\/2025\/12\/54988256108_d68edb0532_c.jpg","contentUrl":"https:\/\/www.manaus.am.gov.br\/semcom\/wp-content\/uploads\/sites\/5\/2025\/12\/54988256108_d68edb0532_c.jpg","width":799,"height":533,"caption":"#paratodosverem \u2013 Leiloeiro Fernando Caetano Moreira Filho durante lance de bens inserv\u00edveis vendidos durante leil\u00e3o da Prefeitura de Manaus"},{"@type":"WebSite","@id":"https:\/\/www.manaus.am.gov.br\/semcom\/#website","url":"https:\/\/www.manaus.am.gov.br\/semcom\/","name":"SEMCOM","description":"Secretaria Municipal de Comunica\u00e7\u00e3o","potentialAction":[{"@type":"SearchAction","target":{"@type":"EntryPoint","urlTemplate":"https:\/\/www.manaus.am.gov.br\/semcom\/?s={search_term_string}"},"query-input":"required name=search_term_string"}],"inLanguage":"pt-BR"},{"@type":"Person","@id":"https:\/\/www.manaus.am.gov.br\/semcom\/#\/schema\/person\/466a0e03ae4b6062809046bd560ac955","name":"bvalente","image":{"@type":"ImageObject","inLanguage":"pt-BR","@id":"https:\/\/www.manaus.am.gov.br\/semcom\/#\/schema\/person\/image\/","url":"https:\/\/secure.gravatar.com\/avatar\/3e69bc2b014bdad41adfec3a39de07d2?s=96&d=mm&r=g","contentUrl":"https:\/\/secure.gravatar.com\/avatar\/3e69bc2b014bdad41adfec3a39de07d2?s=96&d=mm&r=g","caption":"bvalente"}}]}},"_links":{"self":[{"href":"https:\/\/www.manaus.am.gov.br\/semcom\/wp-json\/wp\/v2\/posts\/249844"}],"collection":[{"href":"https:\/\/www.manaus.am.gov.br\/semcom\/wp-json\/wp\/v2\/posts"}],"about":[{"href":"https:\/\/www.manaus.am.gov.br\/semcom\/wp-json\/wp\/v2\/types\/post"}],"author":[{"embeddable":true,"href":"https:\/\/www.manaus.am.gov.br\/semcom\/wp-json\/wp\/v2\/users\/68"}],"replies":[{"embeddable":true,"href":"https:\/\/www.manaus.am.gov.br\/semcom\/wp-json\/wp\/v2\/comments?post=249844"}],"version-history":[{"count":1,"href":"https:\/\/www.manaus.am.gov.br\/semcom\/wp-json\/wp\/v2\/posts\/249844\/revisions"}],"predecessor-version":[{"id":249846,"href":"https:\/\/www.manaus.am.gov.br\/semcom\/wp-json\/wp\/v2\/posts\/249844\/revisions\/249846"}],"wp:featuredmedia":[{"embeddable":true,"href":"https:\/\/www.manaus.am.gov.br\/semcom\/wp-json\/wp\/v2\/media\/249845"}],"wp:attachment":[{"href":"https:\/\/www.manaus.am.gov.br\/semcom\/wp-json\/wp\/v2\/media?parent=249844"}],"wp:term":[{"taxonomy":"category","embeddable":true,"href":"https:\/\/www.manaus.am.gov.br\/semcom\/wp-json\/wp\/v2\/categories?post=249844"},{"taxonomy":"post_tag","embeddable":true,"href":"https:\/\/www.manaus.am.gov.br\/semcom\/wp-json\/wp\/v2\/tags?post=249844"}],"curies":[{"name":"wp","href":"https:\/\/api.w.org\/{rel}","templated":true}]}}