{"id":249830,"date":"2025-12-16T13:03:23","date_gmt":"2025-12-16T16:03:23","guid":{"rendered":"https:\/\/www.manaus.am.gov.br\/semcom\/prefeitura-implurb-atualizacao-imoveis-centro\/"},"modified":"2025-12-16T13:03:24","modified_gmt":"2025-12-16T16:03:24","slug":"prefeitura-implurb-atualizacao-imoveis-centro","status":"publish","type":"post","link":"https:\/\/www.manaus.am.gov.br\/semcom\/prefeitura-implurb-atualizacao-imoveis-centro\/","title":{"rendered":"Prefeitura conclui levantamento em campo para atualiza\u00e7\u00e3o de listagem do Centro Hist\u00f3rico de Manaus"},"content":{"rendered":"\n<p>Pra\u00e7as e pontes hist\u00f3ricas s\u00e3o as camadas georreferenciadas criadas pela Prefeitura de Manaus, via Instituto Municipal de Planejamento Urbano (Implurb), na etapa final dos trabalhos de atualiza\u00e7\u00e3o dos bens listados pelo Decreto Municipal n\u00ba 7.176\/2004. Com o uso de drones para produ\u00e7\u00e3o de imagens e localiza\u00e7\u00e3o geoespacial, a Ger\u00eancia de Patrim\u00f4nio Hist\u00f3rico (GPH) realiza a atualiza\u00e7\u00e3o dos dados nas camadas.<\/p>\n\n\n\n<p>O decreto estabelece o setor especial das Unidades de Interesse de Preserva\u00e7\u00e3o, localizado no centro antigo de Manaus, listando im\u00f3veis, a \u00e1rea portu\u00e1ria e pra\u00e7as p\u00fablicas, e est\u00e1 passando por revis\u00e3o para posterior envio de nova proposta \u00e0 C\u00e2mara Municipal de Manaus (CMM). A revis\u00e3o completa e com recursos de software, equipamentos e monitoramento em campo acontece quase 20 anos ap\u00f3s a primeira legisla\u00e7\u00e3o.<\/p>\n\n\n\n<p>A GPH j\u00e1 cobriu 100% da \u00e1rea de monitoramento, com base na&nbsp;listagem&nbsp;da lei. Nas ruas, o trabalho consistiu na visita \u00e0s unidades para&nbsp;atualiza\u00e7\u00e3o, identificando quais im\u00f3veis e lotes v\u00e3o permanecer, quais ser\u00e3o retirados e os que podem ser inclu\u00eddos, com base no Decreto n\u00ba 7.176.<\/p>\n\n\n\n<p>\u201cA renova\u00e7\u00e3o do decreto vai permitir que se visualize o conjunto arquitet\u00f4nico que temos ap\u00f3s esses 20 anos, em rela\u00e7\u00e3o \u00e0 primeira publica\u00e7\u00e3o. Teremos um mapa e uma vis\u00e3o do que se tem hoje, do que existe edificado em Manaus, do que foi alterado ou demolido, bem como do que n\u00e3o entrou no primeiro decreto e que faz parte do conjunto, e ser\u00e1 inclu\u00eddo. A import\u00e2ncia do documento \u00e9 exatamente esta, de preservar o que ainda existe e adicionar o que foi mantido. Manaus \u00e9 uma cidade que cresceu no meio de uma selva\u201d, comentou a arquiteta e urbanista Landa Bernardo, gerente de Patrim\u00f4nio Hist\u00f3rico da autarquia.<\/p>\n\n\n\n<p>Para Landa, a hist\u00f3ria da cidade foi edificada por meio de constru\u00e7\u00f5es antigas da primeira parte do surgimento e desenvolvimento de Manaus. \u201cO decreto \u00e9 importante pela preserva\u00e7\u00e3o da nossa hist\u00f3ria edificada como um todo\u201d.<\/p>\n\n\n\n<p>Aplicativo<\/p>\n\n\n\n<p>Usando exclusivamente o aplicativo&nbsp;ArcGIS&nbsp;Field Maps, t\u00e9cnicos da prefeitura alimentam, em tempo real, o banco de dados para posterior consulta p\u00fablica. \u201cVamos aos locais, registramos as informa\u00e7\u00f5es, produzimos fotos e refer\u00eancias, e usamos o aplicativo, fornecendo os dados como ano, endere\u00e7o, se \u00e9 um bem de compet\u00eancia federal, estadual ou municipal\u201d, explicou a arquiteta&nbsp;Lorena&nbsp;Mota.<\/p>\n\n\n\n<p>Com o app, a prefeitura, por meio do Implurb, eliminou as fichas de cadastro feitas em papel, usadas at\u00e9 ent\u00e3o para realizar o mapeamento e monitoramento dos itens. Al\u00e9m de deixar de usar fichas manuais e em papel, o ganho ainda \u00e9 na precis\u00e3o de dados, principalmente nos pontos&nbsp;pelos quais s\u00e3o&nbsp;georreferenciados.<\/p>\n\n\n\n<p>A Ger\u00eancia de Patrim\u00f4nio tem atendimento presencial \u00e0s segundas, quartas e sextas (exceto feriados e pontos facultativos), das 8h \u00e0s 11h, mas den\u00fancias e informa\u00e7\u00f5es podem ser encaminhadas pelo telefone (92) 3625-6577, de segunda a sexta, no mesmo hor\u00e1rio.<\/p>\n\n\n\n<p>&#8212; &#8212; &#8212;<\/p>\n\n\n\n<p><strong>Texto<\/strong>&nbsp;\u2013 Claudia do Valle \/ Implurb<\/p>\n\n\n\n<p><strong>Fotos<\/strong>&nbsp;\u2013 Maxwell Oliveira\/ Implurb<\/p>\n","protected":false},"excerpt":{"rendered":"","protected":false},"author":23,"featured_media":249831,"comment_status":"closed","ping_status":"closed","sticky":false,"template":"","format":"standard","meta":{"footnotes":""},"categories":[3411],"tags":[1562,5852,65,77],"acf":[],"yoast_head":"<!-- This site is optimized with the Yoast SEO plugin v23.0 - https:\/\/yoast.com\/wordpress\/plugins\/seo\/ -->\n<title>Prefeitura conclui levantamento em campo para atualiza\u00e7\u00e3o de listagem do Centro Hist\u00f3rico de Manaus<\/title>\n<meta name=\"description\" content=\"Pra\u00e7as e pontes hist\u00f3ricas s\u00e3o as camadas georreferenciadas criadas pela Prefeitura de Manaus, via Instituto Municipal de Planejamento Urbano (Implurb), na etapa final dos trabalhos de atualiza\u00e7\u00e3o dos bens listados pelo Decreto Municipal n\u00ba 7.176\/2004.\" \/>\n<meta name=\"robots\" content=\"index, follow, max-snippet:-1, max-image-preview:large, max-video-preview:-1\" \/>\n<link rel=\"canonical\" href=\"https:\/\/www.manaus.am.gov.br\/semcom\/prefeitura-implurb-atualizacao-imoveis-centro\/\" \/>\n<meta property=\"og:locale\" content=\"pt_BR\" \/>\n<meta property=\"og:type\" content=\"article\" \/>\n<meta property=\"og:title\" content=\"Prefeitura conclui levantamento em campo para atualiza\u00e7\u00e3o de listagem do Centro Hist\u00f3rico de Manaus\" \/>\n<meta property=\"og:description\" content=\"Pra\u00e7as e pontes hist\u00f3ricas s\u00e3o as camadas georreferenciadas criadas pela Prefeitura de Manaus, via Instituto Municipal de Planejamento Urbano (Implurb), na etapa final dos trabalhos de atualiza\u00e7\u00e3o dos bens listados pelo Decreto Municipal n\u00ba 7.176\/2004.\" \/>\n<meta property=\"og:url\" content=\"https:\/\/www.manaus.am.gov.br\/semcom\/prefeitura-implurb-atualizacao-imoveis-centro\/\" \/>\n<meta property=\"og:site_name\" content=\"SEMCOM\" \/>\n<meta property=\"article:published_time\" content=\"2025-12-16T16:03:23+00:00\" \/>\n<meta property=\"article:modified_time\" content=\"2025-12-16T16:03:24+00:00\" \/>\n<meta property=\"og:image\" content=\"https:\/\/www.manaus.am.gov.br\/semcom\/wp-content\/uploads\/sites\/5\/2025\/12\/GPHdez2.jpeg\" \/>\n\t<meta property=\"og:image:width\" content=\"1280\" \/>\n\t<meta property=\"og:image:height\" content=\"960\" \/>\n\t<meta property=\"og:image:type\" content=\"image\/jpeg\" \/>\n<meta name=\"author\" content=\"Adriana Costa\" \/>\n<meta name=\"twitter:card\" content=\"summary_large_image\" \/>\n<meta name=\"twitter:label1\" content=\"Written by\" \/>\n\t<meta name=\"twitter:data1\" content=\"Adriana Costa\" \/>\n\t<meta name=\"twitter:label2\" content=\"Est. reading time\" \/>\n\t<meta name=\"twitter:data2\" content=\"3 minutos\" \/>\n<script type=\"application\/ld+json\" class=\"yoast-schema-graph\">{\"@context\":\"https:\/\/schema.org\",\"@graph\":[{\"@type\":\"WebPage\",\"@id\":\"https:\/\/www.manaus.am.gov.br\/semcom\/prefeitura-implurb-atualizacao-imoveis-centro\/\",\"url\":\"https:\/\/www.manaus.am.gov.br\/semcom\/prefeitura-implurb-atualizacao-imoveis-centro\/\",\"name\":\"Prefeitura conclui levantamento em campo para atualiza\u00e7\u00e3o de listagem do Centro Hist\u00f3rico de Manaus\",\"isPartOf\":{\"@id\":\"https:\/\/www.manaus.am.gov.br\/semcom\/#website\"},\"primaryImageOfPage\":{\"@id\":\"https:\/\/www.manaus.am.gov.br\/semcom\/prefeitura-implurb-atualizacao-imoveis-centro\/#primaryimage\"},\"image\":{\"@id\":\"https:\/\/www.manaus.am.gov.br\/semcom\/prefeitura-implurb-atualizacao-imoveis-centro\/#primaryimage\"},\"thumbnailUrl\":\"https:\/\/www.manaus.am.gov.br\/semcom\/wp-content\/uploads\/sites\/5\/2025\/12\/GPHdez2.jpeg\",\"datePublished\":\"2025-12-16T16:03:23+00:00\",\"dateModified\":\"2025-12-16T16:03:24+00:00\",\"author\":{\"@id\":\"https:\/\/www.manaus.am.gov.br\/semcom\/#\/schema\/person\/4e49f4e267757a06ca072ec61b2b9968\"},\"description\":\"Pra\u00e7as e pontes hist\u00f3ricas s\u00e3o as camadas georreferenciadas criadas pela Prefeitura de Manaus, via Instituto Municipal de Planejamento Urbano (Implurb), na etapa final dos trabalhos de atualiza\u00e7\u00e3o dos bens listados pelo Decreto Municipal n\u00ba 7.176\/2004.\",\"inLanguage\":\"pt-BR\",\"potentialAction\":[{\"@type\":\"ReadAction\",\"target\":[\"https:\/\/www.manaus.am.gov.br\/semcom\/prefeitura-implurb-atualizacao-imoveis-centro\/\"]}]},{\"@type\":\"ImageObject\",\"inLanguage\":\"pt-BR\",\"@id\":\"https:\/\/www.manaus.am.gov.br\/semcom\/prefeitura-implurb-atualizacao-imoveis-centro\/#primaryimage\",\"url\":\"https:\/\/www.manaus.am.gov.br\/semcom\/wp-content\/uploads\/sites\/5\/2025\/12\/GPHdez2.jpeg\",\"contentUrl\":\"https:\/\/www.manaus.am.gov.br\/semcom\/wp-content\/uploads\/sites\/5\/2025\/12\/GPHdez2.jpeg\",\"width\":1280,\"height\":960,\"caption\":\"#paratodosverem - Servidor do Implurb atualiza dados em sistema com im\u00f3veis do centro antigo de Manaus\"},{\"@type\":\"WebSite\",\"@id\":\"https:\/\/www.manaus.am.gov.br\/semcom\/#website\",\"url\":\"https:\/\/www.manaus.am.gov.br\/semcom\/\",\"name\":\"SEMCOM\",\"description\":\"Secretaria Municipal de Comunica\u00e7\u00e3o\",\"potentialAction\":[{\"@type\":\"SearchAction\",\"target\":{\"@type\":\"EntryPoint\",\"urlTemplate\":\"https:\/\/www.manaus.am.gov.br\/semcom\/?s={search_term_string}\"},\"query-input\":\"required name=search_term_string\"}],\"inLanguage\":\"pt-BR\"},{\"@type\":\"Person\",\"@id\":\"https:\/\/www.manaus.am.gov.br\/semcom\/#\/schema\/person\/4e49f4e267757a06ca072ec61b2b9968\",\"name\":\"Adriana Costa\",\"image\":{\"@type\":\"ImageObject\",\"inLanguage\":\"pt-BR\",\"@id\":\"https:\/\/www.manaus.am.gov.br\/semcom\/#\/schema\/person\/image\/\",\"url\":\"https:\/\/secure.gravatar.com\/avatar\/576258617ef7194f718179e766d57bd4?s=96&d=mm&r=g\",\"contentUrl\":\"https:\/\/secure.gravatar.com\/avatar\/576258617ef7194f718179e766d57bd4?s=96&d=mm&r=g\",\"caption\":\"Adriana Costa\"}}]}<\/script>\n<!-- \/ Yoast SEO plugin. -->","yoast_head_json":{"title":"Prefeitura conclui levantamento em campo para atualiza\u00e7\u00e3o de listagem do Centro Hist\u00f3rico de Manaus","description":"Pra\u00e7as e pontes hist\u00f3ricas s\u00e3o as camadas georreferenciadas criadas pela Prefeitura de Manaus, via Instituto Municipal de Planejamento Urbano (Implurb), na etapa final dos trabalhos de atualiza\u00e7\u00e3o dos bens listados pelo Decreto Municipal n\u00ba 7.176\/2004.","robots":{"index":"index","follow":"follow","max-snippet":"max-snippet:-1","max-image-preview":"max-image-preview:large","max-video-preview":"max-video-preview:-1"},"canonical":"https:\/\/www.manaus.am.gov.br\/semcom\/prefeitura-implurb-atualizacao-imoveis-centro\/","og_locale":"pt_BR","og_type":"article","og_title":"Prefeitura conclui levantamento em campo para atualiza\u00e7\u00e3o de listagem do Centro Hist\u00f3rico de Manaus","og_description":"Pra\u00e7as e pontes hist\u00f3ricas s\u00e3o as camadas georreferenciadas criadas pela Prefeitura de Manaus, via Instituto Municipal de Planejamento Urbano (Implurb), na etapa final dos trabalhos de atualiza\u00e7\u00e3o dos bens listados pelo Decreto Municipal n\u00ba 7.176\/2004.","og_url":"https:\/\/www.manaus.am.gov.br\/semcom\/prefeitura-implurb-atualizacao-imoveis-centro\/","og_site_name":"SEMCOM","article_published_time":"2025-12-16T16:03:23+00:00","article_modified_time":"2025-12-16T16:03:24+00:00","og_image":[{"width":1280,"height":960,"url":"https:\/\/www.manaus.am.gov.br\/semcom\/wp-content\/uploads\/sites\/5\/2025\/12\/GPHdez2.jpeg","type":"image\/jpeg"}],"author":"Adriana Costa","twitter_card":"summary_large_image","twitter_misc":{"Written by":"Adriana Costa","Est. reading time":"3 minutos"},"schema":{"@context":"https:\/\/schema.org","@graph":[{"@type":"WebPage","@id":"https:\/\/www.manaus.am.gov.br\/semcom\/prefeitura-implurb-atualizacao-imoveis-centro\/","url":"https:\/\/www.manaus.am.gov.br\/semcom\/prefeitura-implurb-atualizacao-imoveis-centro\/","name":"Prefeitura conclui levantamento em campo para atualiza\u00e7\u00e3o de listagem do Centro Hist\u00f3rico de Manaus","isPartOf":{"@id":"https:\/\/www.manaus.am.gov.br\/semcom\/#website"},"primaryImageOfPage":{"@id":"https:\/\/www.manaus.am.gov.br\/semcom\/prefeitura-implurb-atualizacao-imoveis-centro\/#primaryimage"},"image":{"@id":"https:\/\/www.manaus.am.gov.br\/semcom\/prefeitura-implurb-atualizacao-imoveis-centro\/#primaryimage"},"thumbnailUrl":"https:\/\/www.manaus.am.gov.br\/semcom\/wp-content\/uploads\/sites\/5\/2025\/12\/GPHdez2.jpeg","datePublished":"2025-12-16T16:03:23+00:00","dateModified":"2025-12-16T16:03:24+00:00","author":{"@id":"https:\/\/www.manaus.am.gov.br\/semcom\/#\/schema\/person\/4e49f4e267757a06ca072ec61b2b9968"},"description":"Pra\u00e7as e pontes hist\u00f3ricas s\u00e3o as camadas georreferenciadas criadas pela Prefeitura de Manaus, via Instituto Municipal de Planejamento Urbano (Implurb), na etapa final dos trabalhos de atualiza\u00e7\u00e3o dos bens listados pelo Decreto Municipal n\u00ba 7.176\/2004.","inLanguage":"pt-BR","potentialAction":[{"@type":"ReadAction","target":["https:\/\/www.manaus.am.gov.br\/semcom\/prefeitura-implurb-atualizacao-imoveis-centro\/"]}]},{"@type":"ImageObject","inLanguage":"pt-BR","@id":"https:\/\/www.manaus.am.gov.br\/semcom\/prefeitura-implurb-atualizacao-imoveis-centro\/#primaryimage","url":"https:\/\/www.manaus.am.gov.br\/semcom\/wp-content\/uploads\/sites\/5\/2025\/12\/GPHdez2.jpeg","contentUrl":"https:\/\/www.manaus.am.gov.br\/semcom\/wp-content\/uploads\/sites\/5\/2025\/12\/GPHdez2.jpeg","width":1280,"height":960,"caption":"#paratodosverem - Servidor do Implurb atualiza dados em sistema com im\u00f3veis do centro antigo de Manaus"},{"@type":"WebSite","@id":"https:\/\/www.manaus.am.gov.br\/semcom\/#website","url":"https:\/\/www.manaus.am.gov.br\/semcom\/","name":"SEMCOM","description":"Secretaria Municipal de Comunica\u00e7\u00e3o","potentialAction":[{"@type":"SearchAction","target":{"@type":"EntryPoint","urlTemplate":"https:\/\/www.manaus.am.gov.br\/semcom\/?s={search_term_string}"},"query-input":"required name=search_term_string"}],"inLanguage":"pt-BR"},{"@type":"Person","@id":"https:\/\/www.manaus.am.gov.br\/semcom\/#\/schema\/person\/4e49f4e267757a06ca072ec61b2b9968","name":"Adriana Costa","image":{"@type":"ImageObject","inLanguage":"pt-BR","@id":"https:\/\/www.manaus.am.gov.br\/semcom\/#\/schema\/person\/image\/","url":"https:\/\/secure.gravatar.com\/avatar\/576258617ef7194f718179e766d57bd4?s=96&d=mm&r=g","contentUrl":"https:\/\/secure.gravatar.com\/avatar\/576258617ef7194f718179e766d57bd4?s=96&d=mm&r=g","caption":"Adriana Costa"}}]}},"_links":{"self":[{"href":"https:\/\/www.manaus.am.gov.br\/semcom\/wp-json\/wp\/v2\/posts\/249830"}],"collection":[{"href":"https:\/\/www.manaus.am.gov.br\/semcom\/wp-json\/wp\/v2\/posts"}],"about":[{"href":"https:\/\/www.manaus.am.gov.br\/semcom\/wp-json\/wp\/v2\/types\/post"}],"author":[{"embeddable":true,"href":"https:\/\/www.manaus.am.gov.br\/semcom\/wp-json\/wp\/v2\/users\/23"}],"replies":[{"embeddable":true,"href":"https:\/\/www.manaus.am.gov.br\/semcom\/wp-json\/wp\/v2\/comments?post=249830"}],"version-history":[{"count":0,"href":"https:\/\/www.manaus.am.gov.br\/semcom\/wp-json\/wp\/v2\/posts\/249830\/revisions"}],"wp:featuredmedia":[{"embeddable":true,"href":"https:\/\/www.manaus.am.gov.br\/semcom\/wp-json\/wp\/v2\/media\/249831"}],"wp:attachment":[{"href":"https:\/\/www.manaus.am.gov.br\/semcom\/wp-json\/wp\/v2\/media?parent=249830"}],"wp:term":[{"taxonomy":"category","embeddable":true,"href":"https:\/\/www.manaus.am.gov.br\/semcom\/wp-json\/wp\/v2\/categories?post=249830"},{"taxonomy":"post_tag","embeddable":true,"href":"https:\/\/www.manaus.am.gov.br\/semcom\/wp-json\/wp\/v2\/tags?post=249830"}],"curies":[{"name":"wp","href":"https:\/\/api.w.org\/{rel}","templated":true}]}}