{"id":249768,"date":"2025-12-15T16:32:43","date_gmt":"2025-12-15T20:32:43","guid":{"rendered":"https:\/\/www.manaus.am.gov.br\/semcom\/capacitacao-tecnica-nova-lei-previdenciaria-municipal\/"},"modified":"2025-12-16T10:50:50","modified_gmt":"2025-12-16T13:50:50","slug":"capacitacao-tecnica-nova-lei-previdenciaria-municipal","status":"publish","type":"post","link":"https:\/\/www.manaus.am.gov.br\/semcom\/capacitacao-tecnica-nova-lei-previdenciaria-municipal\/","title":{"rendered":"Prefeitura de Manaus promove capacita\u00e7\u00e3o t\u00e9cnica sobre a nova lei previdenci\u00e1ria municipal"},"content":{"rendered":"\n<p>A <a href=\"https:\/\/www.manaus.am.gov.br\/\">Prefeitura de Manaus,<\/a> por meio da Manaus Previd\u00eancia, deu in\u00edcio, nesta segunda-feira, 15\/12, a uma capacita\u00e7\u00e3o interna voltada aos servidores da autarquia, com foco nas mudan\u00e7as trazidas pela recente reforma da previd\u00eancia municipal, institu\u00edda pela Lei Complementar (LC) n\u00ba 27, de 19 de novembro de 2025.<\/p>\n\n\n\n<p>A capacita\u00e7\u00e3o intitulada \u201cNova Reforma Previdenci\u00e1ria Municipal: entendendo a LC n\u00ba 27\/2025 e suas aplica\u00e7\u00f5es pr\u00e1ticas\u201d tem como objetivo apresentar e esclarecer os principais pontos da nova legisla\u00e7\u00e3o, bem como seus impactos diretos na an\u00e1lise dos processos previdenci\u00e1rios e no atendimento ao p\u00fablico, garantindo alinhamento normativo e seguran\u00e7a jur\u00eddica \u00e0s atividades da autarquia.<\/p>\n\n\n\n<p>\u201cA iniciativa \u00e9 essencial para o funcionamento adequado da Manaus Previd\u00eancia diante das recentes mudan\u00e7as legislativas. Isso refor\u00e7a o compromisso da prefeitura com a qualifica\u00e7\u00e3o e excel\u00eancia na presta\u00e7\u00e3o dos servi\u00e7os previdenci\u00e1rios \u00e0 popula\u00e7\u00e3o\u201d, explica a diretora de Previd\u00eancia, Ana Silvia Domingues.<\/p>\n\n\n\n<p>A forma\u00e7\u00e3o ser\u00e1 realizada em duas turmas, no audit\u00f3rio do pr\u00e9dio anexo da <a href=\"https:\/\/www.instagram.com\/prefeiturademanaus\">Manaus<\/a> Previd\u00eancia. A primeira turma ocorre de 15 a 18\/12, e a segunda de 26 a 29\/1, ambas no hor\u00e1rio das 14h \u00e0s 17h. Cada turma contar\u00e1 com at\u00e9 60 vagas, e a participa\u00e7\u00e3o \u00e9 obrigat\u00f3ria para todos os servidores.<\/p>\n\n\n\n<p>Visando priorizar os profissionais que atuam diretamente no atendimento ao p\u00fablico, a primeira turma \u00e9 destinada, preferencialmente, aos servidores da \u00e1rea-fim, ou seja, a previdenci\u00e1ria. Os servidores da \u00e1rea administrativa e das assessorias tamb\u00e9m participar\u00e3o da capacita\u00e7\u00e3o, garantindo que toda a equipe esteja devidamente preparada para a correta aplica\u00e7\u00e3o da nova legisla\u00e7\u00e3o.<\/p>\n\n\n\n<p>Os servidores que atuam no setor de Recursos Humanos dos \u00f3rg\u00e3os municipais tamb\u00e9m s\u00e3o p\u00fablico-alvo do curso e v\u00e3o ser capacitados em janeiro do ano que vem para que todos atuem alinhados com a LC.<\/p>\n\n\n\n<figure class=\"wp-block-image size-large\"><img loading=\"lazy\" decoding=\"async\" width=\"1024\" height=\"768\" src=\"https:\/\/www.manaus.am.gov.br\/semcom\/wp-content\/uploads\/sites\/5\/2025\/12\/capacitacao-LC-1-1024x768.jpeg\" alt=\"\" class=\"wp-image-249770\" srcset=\"https:\/\/www.manaus.am.gov.br\/semcom\/wp-content\/uploads\/sites\/5\/2025\/12\/capacitacao-LC-1-1024x768.jpeg 1024w, https:\/\/www.manaus.am.gov.br\/semcom\/wp-content\/uploads\/sites\/5\/2025\/12\/capacitacao-LC-1-300x225.jpeg 300w, https:\/\/www.manaus.am.gov.br\/semcom\/wp-content\/uploads\/sites\/5\/2025\/12\/capacitacao-LC-1-768x576.jpeg 768w, https:\/\/www.manaus.am.gov.br\/semcom\/wp-content\/uploads\/sites\/5\/2025\/12\/capacitacao-LC-1-1536x1152.jpeg 1536w, https:\/\/www.manaus.am.gov.br\/semcom\/wp-content\/uploads\/sites\/5\/2025\/12\/capacitacao-LC-1.jpeg 1600w\" sizes=\"(max-width: 1024px) 100vw, 1024px\" \/><figcaption class=\"wp-element-caption\">#paratodosverem &#8211; Capacita\u00e7\u00e3o t\u00e9cnica<\/figcaption><\/figure>\n\n\n\n<p>&#8212; &#8212; &#8212;<\/p>\n\n\n\n<p><strong>Texto e fotos<\/strong>&nbsp;\u2013 Renata Felix\/Manaus Previd\u00eancia<\/p>\n","protected":false},"excerpt":{"rendered":"","protected":false},"author":39,"featured_media":249769,"comment_status":"closed","ping_status":"closed","sticky":false,"template":"","format":"standard","meta":{"footnotes":""},"categories":[4981],"tags":[18478,2350,228,18479,77],"acf":[],"yoast_head":"<!-- This site is optimized with the Yoast SEO plugin v23.0 - https:\/\/yoast.com\/wordpress\/plugins\/seo\/ -->\n<title>Prefeitura promove capacita\u00e7\u00e3o t\u00e9cnica sobre a nova lei previdenci\u00e1ria municipal<\/title>\n<meta name=\"description\" content=\"Prefeitura de Manaus, por meio da Manausprev, promove capacita\u00e7\u00e3o t\u00e9cnica sobre a nova lei previdenci\u00e1ria municipal.\" \/>\n<meta name=\"robots\" content=\"index, follow, max-snippet:-1, max-image-preview:large, max-video-preview:-1\" \/>\n<link rel=\"canonical\" href=\"https:\/\/www.manaus.am.gov.br\/semcom\/capacitacao-tecnica-nova-lei-previdenciaria-municipal\/\" \/>\n<meta property=\"og:locale\" content=\"pt_BR\" \/>\n<meta property=\"og:type\" content=\"article\" \/>\n<meta property=\"og:title\" content=\"Prefeitura promove capacita\u00e7\u00e3o t\u00e9cnica sobre a nova lei previdenci\u00e1ria municipal\" \/>\n<meta property=\"og:description\" content=\"Prefeitura de Manaus, por meio da Manausprev, promove capacita\u00e7\u00e3o t\u00e9cnica sobre a nova lei previdenci\u00e1ria municipal.\" \/>\n<meta property=\"og:url\" content=\"https:\/\/www.manaus.am.gov.br\/semcom\/capacitacao-tecnica-nova-lei-previdenciaria-municipal\/\" \/>\n<meta property=\"og:site_name\" content=\"SEMCOM\" \/>\n<meta property=\"article:published_time\" content=\"2025-12-15T20:32:43+00:00\" \/>\n<meta property=\"article:modified_time\" content=\"2025-12-16T13:50:50+00:00\" \/>\n<meta property=\"og:image\" content=\"https:\/\/www.manaus.am.gov.br\/semcom\/wp-content\/uploads\/sites\/5\/2025\/12\/capacitacao-LC-2.jpeg\" \/>\n\t<meta property=\"og:image:width\" content=\"1600\" \/>\n\t<meta property=\"og:image:height\" content=\"1200\" \/>\n\t<meta property=\"og:image:type\" content=\"image\/jpeg\" \/>\n<meta name=\"author\" content=\"Bruna Greco\" \/>\n<meta name=\"twitter:card\" content=\"summary_large_image\" \/>\n<meta name=\"twitter:label1\" content=\"Written by\" \/>\n\t<meta name=\"twitter:data1\" content=\"Bruna Greco\" \/>\n\t<meta name=\"twitter:label2\" content=\"Est. reading time\" \/>\n\t<meta name=\"twitter:data2\" content=\"3 minutos\" \/>\n<script type=\"application\/ld+json\" class=\"yoast-schema-graph\">{\"@context\":\"https:\/\/schema.org\",\"@graph\":[{\"@type\":\"WebPage\",\"@id\":\"https:\/\/www.manaus.am.gov.br\/semcom\/capacitacao-tecnica-nova-lei-previdenciaria-municipal\/\",\"url\":\"https:\/\/www.manaus.am.gov.br\/semcom\/capacitacao-tecnica-nova-lei-previdenciaria-municipal\/\",\"name\":\"Prefeitura promove capacita\u00e7\u00e3o t\u00e9cnica sobre a nova lei previdenci\u00e1ria municipal\",\"isPartOf\":{\"@id\":\"https:\/\/www.manaus.am.gov.br\/semcom\/#website\"},\"primaryImageOfPage\":{\"@id\":\"https:\/\/www.manaus.am.gov.br\/semcom\/capacitacao-tecnica-nova-lei-previdenciaria-municipal\/#primaryimage\"},\"image\":{\"@id\":\"https:\/\/www.manaus.am.gov.br\/semcom\/capacitacao-tecnica-nova-lei-previdenciaria-municipal\/#primaryimage\"},\"thumbnailUrl\":\"https:\/\/www.manaus.am.gov.br\/semcom\/wp-content\/uploads\/sites\/5\/2025\/12\/capacitacao-LC-2.jpeg\",\"datePublished\":\"2025-12-15T20:32:43+00:00\",\"dateModified\":\"2025-12-16T13:50:50+00:00\",\"author\":{\"@id\":\"https:\/\/www.manaus.am.gov.br\/semcom\/#\/schema\/person\/05d223aea2bf115f9883a6ff3683d81b\"},\"description\":\"Prefeitura de Manaus, por meio da Manausprev, promove capacita\u00e7\u00e3o t\u00e9cnica sobre a nova lei previdenci\u00e1ria municipal.\",\"inLanguage\":\"pt-BR\",\"potentialAction\":[{\"@type\":\"ReadAction\",\"target\":[\"https:\/\/www.manaus.am.gov.br\/semcom\/capacitacao-tecnica-nova-lei-previdenciaria-municipal\/\"]}]},{\"@type\":\"ImageObject\",\"inLanguage\":\"pt-BR\",\"@id\":\"https:\/\/www.manaus.am.gov.br\/semcom\/capacitacao-tecnica-nova-lei-previdenciaria-municipal\/#primaryimage\",\"url\":\"https:\/\/www.manaus.am.gov.br\/semcom\/wp-content\/uploads\/sites\/5\/2025\/12\/capacitacao-LC-2.jpeg\",\"contentUrl\":\"https:\/\/www.manaus.am.gov.br\/semcom\/wp-content\/uploads\/sites\/5\/2025\/12\/capacitacao-LC-2.jpeg\",\"width\":1600,\"height\":1200,\"caption\":\"#paratodosverem - Servidores da Manaus Previd\u00eancia participando de capacita\u00e7\u00e3o t\u00e9cnica sobre a nova lei previdenci\u00e1ria municipal\"},{\"@type\":\"WebSite\",\"@id\":\"https:\/\/www.manaus.am.gov.br\/semcom\/#website\",\"url\":\"https:\/\/www.manaus.am.gov.br\/semcom\/\",\"name\":\"SEMCOM\",\"description\":\"Secretaria Municipal de Comunica\u00e7\u00e3o\",\"potentialAction\":[{\"@type\":\"SearchAction\",\"target\":{\"@type\":\"EntryPoint\",\"urlTemplate\":\"https:\/\/www.manaus.am.gov.br\/semcom\/?s={search_term_string}\"},\"query-input\":\"required name=search_term_string\"}],\"inLanguage\":\"pt-BR\"},{\"@type\":\"Person\",\"@id\":\"https:\/\/www.manaus.am.gov.br\/semcom\/#\/schema\/person\/05d223aea2bf115f9883a6ff3683d81b\",\"name\":\"Bruna Greco\",\"image\":{\"@type\":\"ImageObject\",\"inLanguage\":\"pt-BR\",\"@id\":\"https:\/\/www.manaus.am.gov.br\/semcom\/#\/schema\/person\/image\/\",\"url\":\"https:\/\/secure.gravatar.com\/avatar\/9c877d1a6adc2a055330e5c09a8653ce?s=96&d=mm&r=g\",\"contentUrl\":\"https:\/\/secure.gravatar.com\/avatar\/9c877d1a6adc2a055330e5c09a8653ce?s=96&d=mm&r=g\",\"caption\":\"Bruna Greco\"}}]}<\/script>\n<!-- \/ Yoast SEO plugin. -->","yoast_head_json":{"title":"Prefeitura promove capacita\u00e7\u00e3o t\u00e9cnica sobre a nova lei previdenci\u00e1ria municipal","description":"Prefeitura de Manaus, por meio da Manausprev, promove capacita\u00e7\u00e3o t\u00e9cnica sobre a nova lei previdenci\u00e1ria municipal.","robots":{"index":"index","follow":"follow","max-snippet":"max-snippet:-1","max-image-preview":"max-image-preview:large","max-video-preview":"max-video-preview:-1"},"canonical":"https:\/\/www.manaus.am.gov.br\/semcom\/capacitacao-tecnica-nova-lei-previdenciaria-municipal\/","og_locale":"pt_BR","og_type":"article","og_title":"Prefeitura promove capacita\u00e7\u00e3o t\u00e9cnica sobre a nova lei previdenci\u00e1ria municipal","og_description":"Prefeitura de Manaus, por meio da Manausprev, promove capacita\u00e7\u00e3o t\u00e9cnica sobre a nova lei previdenci\u00e1ria municipal.","og_url":"https:\/\/www.manaus.am.gov.br\/semcom\/capacitacao-tecnica-nova-lei-previdenciaria-municipal\/","og_site_name":"SEMCOM","article_published_time":"2025-12-15T20:32:43+00:00","article_modified_time":"2025-12-16T13:50:50+00:00","og_image":[{"width":1600,"height":1200,"url":"https:\/\/www.manaus.am.gov.br\/semcom\/wp-content\/uploads\/sites\/5\/2025\/12\/capacitacao-LC-2.jpeg","type":"image\/jpeg"}],"author":"Bruna Greco","twitter_card":"summary_large_image","twitter_misc":{"Written by":"Bruna Greco","Est. reading time":"3 minutos"},"schema":{"@context":"https:\/\/schema.org","@graph":[{"@type":"WebPage","@id":"https:\/\/www.manaus.am.gov.br\/semcom\/capacitacao-tecnica-nova-lei-previdenciaria-municipal\/","url":"https:\/\/www.manaus.am.gov.br\/semcom\/capacitacao-tecnica-nova-lei-previdenciaria-municipal\/","name":"Prefeitura promove capacita\u00e7\u00e3o t\u00e9cnica sobre a nova lei previdenci\u00e1ria municipal","isPartOf":{"@id":"https:\/\/www.manaus.am.gov.br\/semcom\/#website"},"primaryImageOfPage":{"@id":"https:\/\/www.manaus.am.gov.br\/semcom\/capacitacao-tecnica-nova-lei-previdenciaria-municipal\/#primaryimage"},"image":{"@id":"https:\/\/www.manaus.am.gov.br\/semcom\/capacitacao-tecnica-nova-lei-previdenciaria-municipal\/#primaryimage"},"thumbnailUrl":"https:\/\/www.manaus.am.gov.br\/semcom\/wp-content\/uploads\/sites\/5\/2025\/12\/capacitacao-LC-2.jpeg","datePublished":"2025-12-15T20:32:43+00:00","dateModified":"2025-12-16T13:50:50+00:00","author":{"@id":"https:\/\/www.manaus.am.gov.br\/semcom\/#\/schema\/person\/05d223aea2bf115f9883a6ff3683d81b"},"description":"Prefeitura de Manaus, por meio da Manausprev, promove capacita\u00e7\u00e3o t\u00e9cnica sobre a nova lei previdenci\u00e1ria municipal.","inLanguage":"pt-BR","potentialAction":[{"@type":"ReadAction","target":["https:\/\/www.manaus.am.gov.br\/semcom\/capacitacao-tecnica-nova-lei-previdenciaria-municipal\/"]}]},{"@type":"ImageObject","inLanguage":"pt-BR","@id":"https:\/\/www.manaus.am.gov.br\/semcom\/capacitacao-tecnica-nova-lei-previdenciaria-municipal\/#primaryimage","url":"https:\/\/www.manaus.am.gov.br\/semcom\/wp-content\/uploads\/sites\/5\/2025\/12\/capacitacao-LC-2.jpeg","contentUrl":"https:\/\/www.manaus.am.gov.br\/semcom\/wp-content\/uploads\/sites\/5\/2025\/12\/capacitacao-LC-2.jpeg","width":1600,"height":1200,"caption":"#paratodosverem - Servidores da Manaus Previd\u00eancia participando de capacita\u00e7\u00e3o t\u00e9cnica sobre a nova lei previdenci\u00e1ria municipal"},{"@type":"WebSite","@id":"https:\/\/www.manaus.am.gov.br\/semcom\/#website","url":"https:\/\/www.manaus.am.gov.br\/semcom\/","name":"SEMCOM","description":"Secretaria Municipal de Comunica\u00e7\u00e3o","potentialAction":[{"@type":"SearchAction","target":{"@type":"EntryPoint","urlTemplate":"https:\/\/www.manaus.am.gov.br\/semcom\/?s={search_term_string}"},"query-input":"required name=search_term_string"}],"inLanguage":"pt-BR"},{"@type":"Person","@id":"https:\/\/www.manaus.am.gov.br\/semcom\/#\/schema\/person\/05d223aea2bf115f9883a6ff3683d81b","name":"Bruna Greco","image":{"@type":"ImageObject","inLanguage":"pt-BR","@id":"https:\/\/www.manaus.am.gov.br\/semcom\/#\/schema\/person\/image\/","url":"https:\/\/secure.gravatar.com\/avatar\/9c877d1a6adc2a055330e5c09a8653ce?s=96&d=mm&r=g","contentUrl":"https:\/\/secure.gravatar.com\/avatar\/9c877d1a6adc2a055330e5c09a8653ce?s=96&d=mm&r=g","caption":"Bruna Greco"}}]}},"_links":{"self":[{"href":"https:\/\/www.manaus.am.gov.br\/semcom\/wp-json\/wp\/v2\/posts\/249768"}],"collection":[{"href":"https:\/\/www.manaus.am.gov.br\/semcom\/wp-json\/wp\/v2\/posts"}],"about":[{"href":"https:\/\/www.manaus.am.gov.br\/semcom\/wp-json\/wp\/v2\/types\/post"}],"author":[{"embeddable":true,"href":"https:\/\/www.manaus.am.gov.br\/semcom\/wp-json\/wp\/v2\/users\/39"}],"replies":[{"embeddable":true,"href":"https:\/\/www.manaus.am.gov.br\/semcom\/wp-json\/wp\/v2\/comments?post=249768"}],"version-history":[{"count":3,"href":"https:\/\/www.manaus.am.gov.br\/semcom\/wp-json\/wp\/v2\/posts\/249768\/revisions"}],"predecessor-version":[{"id":249804,"href":"https:\/\/www.manaus.am.gov.br\/semcom\/wp-json\/wp\/v2\/posts\/249768\/revisions\/249804"}],"wp:featuredmedia":[{"embeddable":true,"href":"https:\/\/www.manaus.am.gov.br\/semcom\/wp-json\/wp\/v2\/media\/249769"}],"wp:attachment":[{"href":"https:\/\/www.manaus.am.gov.br\/semcom\/wp-json\/wp\/v2\/media?parent=249768"}],"wp:term":[{"taxonomy":"category","embeddable":true,"href":"https:\/\/www.manaus.am.gov.br\/semcom\/wp-json\/wp\/v2\/categories?post=249768"},{"taxonomy":"post_tag","embeddable":true,"href":"https:\/\/www.manaus.am.gov.br\/semcom\/wp-json\/wp\/v2\/tags?post=249768"}],"curies":[{"name":"wp","href":"https:\/\/api.w.org\/{rel}","templated":true}]}}