{"id":249740,"date":"2025-12-15T11:37:01","date_gmt":"2025-12-15T15:37:01","guid":{"rendered":"https:\/\/www.manaus.am.gov.br\/semcom\/retirada-fios-cabos-15-toneladas-centro\/"},"modified":"2025-12-15T16:34:46","modified_gmt":"2025-12-15T19:34:46","slug":"retirada-fios-cabos-15-toneladas-centro","status":"publish","type":"post","link":"https:\/\/www.manaus.am.gov.br\/semcom\/retirada-fios-cabos-15-toneladas-centro\/","title":{"rendered":"Prefeitura chega a 15 toneladas de fios e cabos retirados no Centro Hist\u00f3rico de Manaus"},"content":{"rendered":"\n<p>Dando continuidade ao investimento na melhoria do tecido urbano do centro hist\u00f3rico da cidade, a Prefeitura de Manaus realizou, neste domingo, 14\/12, mais um mutir\u00e3o para a retirada de fios e cabos da rede el\u00e9trica, com intuito de ampliar as a\u00e7\u00f5es de despolui\u00e7\u00e3o visual e garantir um ambiente de qualidade no com\u00e9rcio. Em parceria com a concession\u00e1ria Amazonas Energia e empresas de telefonia, internet e de l\u00f3gica, j\u00e1 foram retirados da \u00e1rea central 15 toneladas de fios e cabos obsoletos e sem uso.<\/p>\n\n\n\n<p>As a\u00e7\u00f5es acontecem desde o in\u00edcio de agosto e seguem at\u00e9 este m\u00eas de dezembro, com um trabalho in\u00e9dito feito pela gest\u00e3o do prefeito David Almeida.<\/p>\n\n\n\n<p>\u201cA polui\u00e7\u00e3o visual comprometia completamente o aspecto do Centro, deixando a cidade com uma imagem cinzenta, escurecida e em desacordo com a paisagem urbana que queremos para Manaus. Al\u00e9m da quest\u00e3o est\u00e9tica, esses cabos antigos tamb\u00e9m representavam risco \u00e0 popula\u00e7\u00e3o, j\u00e1 que, em caso de inc\u00eandio, poderiam contribuir para a propaga\u00e7\u00e3o do fogo. Por isso, essa a\u00e7\u00e3o une seguran\u00e7a, ordenamento urbano e cuidado com o espa\u00e7o p\u00fablico\u201d, explicou o vice-presidente do Instituto Municipal de Planejamento Urbano (Implurb), Antonio Peixoto.<\/p>\n\n\n\n<p>O Implurb atua na coordena\u00e7\u00e3o do programa \u201cMutir\u00e3o no Bairro\u201d, uma diretriz da atual gest\u00e3o com apoio de 16 secretarias e \u00f3rg\u00e3os municipais, envolvendo mais de 1.100 servidores.<\/p>\n\n\n\n<p>\u201cRecebemos uma determina\u00e7\u00e3o do prefeito David Almeida e do vice-prefeito Renato J\u00fanior para que, dentro do ordenamento do Centro, realiz\u00e1ssemos um mutir\u00e3o com as operadoras e a concession\u00e1ria de energia para combater a polui\u00e7\u00e3o visual. J\u00e1 estamos h\u00e1 quase cinco meses com essa opera\u00e7\u00e3o e, at\u00e9 agora, retiramos 15 toneladas de cabos obsoletos, que n\u00e3o tinham mais nenhuma serventia. E esse trabalho continua, porque esse \u00e9 apenas o in\u00edcio\u201d, completou Peixoto.<\/p>\n\n\n\n<p><strong>Servi\u00e7os<\/strong><\/p>\n\n\n\n<p>Presente nas ruas neste domingo, o supervisor de campo da Amazonas Energia, Igor Pedroso, lembrou que os servi\u00e7os visam oferecer um melhor ambiente aos usu\u00e1rios e comerciantes. \u201cAs nossas equipes est\u00e3o retirando os cabos obsoletos, cabos em desuso, cabos que n\u00e3o est\u00e3o sendo mais utilizados. Al\u00e9m do aspecto visual, tem a melhoria para evitar incidentes com a sobrecarga na infraestrutura\u201d, afirmou.<\/p>\n\n\n\n<p>Em 2026, a gest\u00e3o espera levar os servi\u00e7os para outras \u00e1reas da capital, grandes centros comerciais, como no bairro Parque 10 de Novembro, a avenida Ita\u00faba, a famosa rua do Fuxico, nos bairros Nova Esperan\u00e7a e L\u00edrio do Vale, e outros pontos de grande movimento.<\/p>\n\n\n\n<p>\u201cDepois de estabilizar as \u00e1reas mais centrais, a opera\u00e7\u00e3o segue agora para outras vias do Centro, avan\u00e7ando em dire\u00e7\u00e3o ao entorno do Teatro Amazonas. Em seguida, a nossa ideia \u00e9 ampliar esse trabalho para outras regi\u00f5es da cidade, contemplando \u00e1reas comerciais. O Centro \u00e9 apenas o come\u00e7o de um esfor\u00e7o maior para combater a polui\u00e7\u00e3o visual em Manaus\u201d, garantiu o vice-presidente.<\/p>\n\n\n\n<p>As a\u00e7\u00f5es come\u00e7aram no \u00faltimo dia 4\/8, e j\u00e1 passaram pelas ruas Marc\u00edlio Dias, Doutor Moreira, Guilherme Moreira, Marechal Deodoro e Quintino Bocai\u00fava; avenida Eduardo Ribeiro; travessa do Com\u00e9rcio; e outras. Em algumas vias foram feitas mais de uma opera\u00e7\u00e3o, em raz\u00e3o do grande volume de material.<\/p>\n\n\n\n<figure class=\"wp-block-image size-large\"><img loading=\"lazy\" decoding=\"async\" width=\"1024\" height=\"683\" src=\"https:\/\/www.manaus.am.gov.br\/semcom\/wp-content\/uploads\/sites\/5\/2025\/12\/54983692578_444085382e_k-1024x683.jpg\" alt=\"\" class=\"wp-image-249742\" srcset=\"https:\/\/www.manaus.am.gov.br\/semcom\/wp-content\/uploads\/sites\/5\/2025\/12\/54983692578_444085382e_k-1024x683.jpg 1024w, https:\/\/www.manaus.am.gov.br\/semcom\/wp-content\/uploads\/sites\/5\/2025\/12\/54983692578_444085382e_k-300x200.jpg 300w, https:\/\/www.manaus.am.gov.br\/semcom\/wp-content\/uploads\/sites\/5\/2025\/12\/54983692578_444085382e_k-768x512.jpg 768w, https:\/\/www.manaus.am.gov.br\/semcom\/wp-content\/uploads\/sites\/5\/2025\/12\/54983692578_444085382e_k-1536x1024.jpg 1536w, https:\/\/www.manaus.am.gov.br\/semcom\/wp-content\/uploads\/sites\/5\/2025\/12\/54983692578_444085382e_k.jpg 2048w\" sizes=\"(max-width: 1024px) 100vw, 1024px\" \/><figcaption class=\"wp-element-caption\">#paratodosverem &#8211; Vice-presidente do Implurb, Antonio Peixoto, acompanhando opera\u00e7\u00e3o de despolui\u00e7\u00e3o visual no Centro<\/figcaption><\/figure>\n\n\n\n<p>&#8212; &#8212; &#8212;<\/p>\n\n\n\n<p><strong>Texto &#8211; <\/strong>Cl\u00e1udia do Valle\/Implurb<\/p>\n\n\n\n<p><strong>Fotos <\/strong>&#8211; Valdo Le\u00e3o\/Semcom<\/p>\n\n\n\n<p><strong>Dispon\u00edveis em &#8211; <\/strong><a href=\"https:\/\/flic.kr\/s\/aHBqjCDMSm\">https:\/\/flic.kr\/s\/aHBqjCDMSm<\/a><\/p>\n","protected":false},"excerpt":{"rendered":"","protected":false},"author":39,"featured_media":249741,"comment_status":"closed","ping_status":"closed","sticky":false,"template":"","format":"standard","meta":{"footnotes":""},"categories":[56],"tags":[18469,638,18470,65,77],"acf":[],"yoast_head":"<!-- This site is optimized with the Yoast SEO plugin v23.0 - https:\/\/yoast.com\/wordpress\/plugins\/seo\/ -->\n<title>Prefeitura chega a 15 toneladas de fios e cabos retirados no Centro<\/title>\n<meta name=\"description\" content=\"Prefeitura de Manaus, por meio do Implurb, chega a 15 toneladas de fios e cabos retirados no centro hist\u00f3rico.\" \/>\n<meta name=\"robots\" content=\"index, follow, max-snippet:-1, max-image-preview:large, max-video-preview:-1\" \/>\n<link rel=\"canonical\" href=\"https:\/\/www.manaus.am.gov.br\/semcom\/retirada-fios-cabos-15-toneladas-centro\/\" \/>\n<meta property=\"og:locale\" content=\"pt_BR\" \/>\n<meta property=\"og:type\" content=\"article\" \/>\n<meta property=\"og:title\" content=\"Prefeitura chega a 15 toneladas de fios e cabos retirados no Centro\" \/>\n<meta property=\"og:description\" content=\"Prefeitura de Manaus, por meio do Implurb, chega a 15 toneladas de fios e cabos retirados no centro hist\u00f3rico.\" \/>\n<meta property=\"og:url\" content=\"https:\/\/www.manaus.am.gov.br\/semcom\/retirada-fios-cabos-15-toneladas-centro\/\" \/>\n<meta property=\"og:site_name\" content=\"SEMCOM\" \/>\n<meta property=\"article:published_time\" content=\"2025-12-15T15:37:01+00:00\" \/>\n<meta property=\"article:modified_time\" content=\"2025-12-15T19:34:46+00:00\" \/>\n<meta property=\"og:image\" content=\"https:\/\/www.manaus.am.gov.br\/semcom\/wp-content\/uploads\/sites\/5\/2025\/12\/54983799935_35a6a695c0_k.jpg\" \/>\n\t<meta property=\"og:image:width\" content=\"2048\" \/>\n\t<meta property=\"og:image:height\" content=\"1365\" \/>\n\t<meta property=\"og:image:type\" content=\"image\/jpeg\" \/>\n<meta name=\"author\" content=\"Bruna Greco\" \/>\n<meta name=\"twitter:card\" content=\"summary_large_image\" \/>\n<meta name=\"twitter:label1\" content=\"Written by\" \/>\n\t<meta name=\"twitter:data1\" content=\"Bruna Greco\" \/>\n\t<meta name=\"twitter:label2\" content=\"Est. reading time\" \/>\n\t<meta name=\"twitter:data2\" content=\"4 minutos\" \/>\n<script type=\"application\/ld+json\" class=\"yoast-schema-graph\">{\"@context\":\"https:\/\/schema.org\",\"@graph\":[{\"@type\":\"WebPage\",\"@id\":\"https:\/\/www.manaus.am.gov.br\/semcom\/retirada-fios-cabos-15-toneladas-centro\/\",\"url\":\"https:\/\/www.manaus.am.gov.br\/semcom\/retirada-fios-cabos-15-toneladas-centro\/\",\"name\":\"Prefeitura chega a 15 toneladas de fios e cabos retirados no Centro\",\"isPartOf\":{\"@id\":\"https:\/\/www.manaus.am.gov.br\/semcom\/#website\"},\"primaryImageOfPage\":{\"@id\":\"https:\/\/www.manaus.am.gov.br\/semcom\/retirada-fios-cabos-15-toneladas-centro\/#primaryimage\"},\"image\":{\"@id\":\"https:\/\/www.manaus.am.gov.br\/semcom\/retirada-fios-cabos-15-toneladas-centro\/#primaryimage\"},\"thumbnailUrl\":\"https:\/\/www.manaus.am.gov.br\/semcom\/wp-content\/uploads\/sites\/5\/2025\/12\/54983799935_35a6a695c0_k.jpg\",\"datePublished\":\"2025-12-15T15:37:01+00:00\",\"dateModified\":\"2025-12-15T19:34:46+00:00\",\"author\":{\"@id\":\"https:\/\/www.manaus.am.gov.br\/semcom\/#\/schema\/person\/05d223aea2bf115f9883a6ff3683d81b\"},\"description\":\"Prefeitura de Manaus, por meio do Implurb, chega a 15 toneladas de fios e cabos retirados no centro hist\u00f3rico.\",\"inLanguage\":\"pt-BR\",\"potentialAction\":[{\"@type\":\"ReadAction\",\"target\":[\"https:\/\/www.manaus.am.gov.br\/semcom\/retirada-fios-cabos-15-toneladas-centro\/\"]}]},{\"@type\":\"ImageObject\",\"inLanguage\":\"pt-BR\",\"@id\":\"https:\/\/www.manaus.am.gov.br\/semcom\/retirada-fios-cabos-15-toneladas-centro\/#primaryimage\",\"url\":\"https:\/\/www.manaus.am.gov.br\/semcom\/wp-content\/uploads\/sites\/5\/2025\/12\/54983799935_35a6a695c0_k.jpg\",\"contentUrl\":\"https:\/\/www.manaus.am.gov.br\/semcom\/wp-content\/uploads\/sites\/5\/2025\/12\/54983799935_35a6a695c0_k.jpg\",\"width\":2048,\"height\":1365,\"caption\":\"#paratodosverem - Funcion\u00e1rio de empresa de telefonia retirando cabos e fios obsoletos de rede el\u00e9trica no Centro de Manaus\"},{\"@type\":\"WebSite\",\"@id\":\"https:\/\/www.manaus.am.gov.br\/semcom\/#website\",\"url\":\"https:\/\/www.manaus.am.gov.br\/semcom\/\",\"name\":\"SEMCOM\",\"description\":\"Secretaria Municipal de Comunica\u00e7\u00e3o\",\"potentialAction\":[{\"@type\":\"SearchAction\",\"target\":{\"@type\":\"EntryPoint\",\"urlTemplate\":\"https:\/\/www.manaus.am.gov.br\/semcom\/?s={search_term_string}\"},\"query-input\":\"required name=search_term_string\"}],\"inLanguage\":\"pt-BR\"},{\"@type\":\"Person\",\"@id\":\"https:\/\/www.manaus.am.gov.br\/semcom\/#\/schema\/person\/05d223aea2bf115f9883a6ff3683d81b\",\"name\":\"Bruna Greco\",\"image\":{\"@type\":\"ImageObject\",\"inLanguage\":\"pt-BR\",\"@id\":\"https:\/\/www.manaus.am.gov.br\/semcom\/#\/schema\/person\/image\/\",\"url\":\"https:\/\/secure.gravatar.com\/avatar\/9c877d1a6adc2a055330e5c09a8653ce?s=96&d=mm&r=g\",\"contentUrl\":\"https:\/\/secure.gravatar.com\/avatar\/9c877d1a6adc2a055330e5c09a8653ce?s=96&d=mm&r=g\",\"caption\":\"Bruna Greco\"}}]}<\/script>\n<!-- \/ Yoast SEO plugin. -->","yoast_head_json":{"title":"Prefeitura chega a 15 toneladas de fios e cabos retirados no Centro","description":"Prefeitura de Manaus, por meio do Implurb, chega a 15 toneladas de fios e cabos retirados no centro hist\u00f3rico.","robots":{"index":"index","follow":"follow","max-snippet":"max-snippet:-1","max-image-preview":"max-image-preview:large","max-video-preview":"max-video-preview:-1"},"canonical":"https:\/\/www.manaus.am.gov.br\/semcom\/retirada-fios-cabos-15-toneladas-centro\/","og_locale":"pt_BR","og_type":"article","og_title":"Prefeitura chega a 15 toneladas de fios e cabos retirados no Centro","og_description":"Prefeitura de Manaus, por meio do Implurb, chega a 15 toneladas de fios e cabos retirados no centro hist\u00f3rico.","og_url":"https:\/\/www.manaus.am.gov.br\/semcom\/retirada-fios-cabos-15-toneladas-centro\/","og_site_name":"SEMCOM","article_published_time":"2025-12-15T15:37:01+00:00","article_modified_time":"2025-12-15T19:34:46+00:00","og_image":[{"width":2048,"height":1365,"url":"https:\/\/www.manaus.am.gov.br\/semcom\/wp-content\/uploads\/sites\/5\/2025\/12\/54983799935_35a6a695c0_k.jpg","type":"image\/jpeg"}],"author":"Bruna Greco","twitter_card":"summary_large_image","twitter_misc":{"Written by":"Bruna Greco","Est. reading time":"4 minutos"},"schema":{"@context":"https:\/\/schema.org","@graph":[{"@type":"WebPage","@id":"https:\/\/www.manaus.am.gov.br\/semcom\/retirada-fios-cabos-15-toneladas-centro\/","url":"https:\/\/www.manaus.am.gov.br\/semcom\/retirada-fios-cabos-15-toneladas-centro\/","name":"Prefeitura chega a 15 toneladas de fios e cabos retirados no Centro","isPartOf":{"@id":"https:\/\/www.manaus.am.gov.br\/semcom\/#website"},"primaryImageOfPage":{"@id":"https:\/\/www.manaus.am.gov.br\/semcom\/retirada-fios-cabos-15-toneladas-centro\/#primaryimage"},"image":{"@id":"https:\/\/www.manaus.am.gov.br\/semcom\/retirada-fios-cabos-15-toneladas-centro\/#primaryimage"},"thumbnailUrl":"https:\/\/www.manaus.am.gov.br\/semcom\/wp-content\/uploads\/sites\/5\/2025\/12\/54983799935_35a6a695c0_k.jpg","datePublished":"2025-12-15T15:37:01+00:00","dateModified":"2025-12-15T19:34:46+00:00","author":{"@id":"https:\/\/www.manaus.am.gov.br\/semcom\/#\/schema\/person\/05d223aea2bf115f9883a6ff3683d81b"},"description":"Prefeitura de Manaus, por meio do Implurb, chega a 15 toneladas de fios e cabos retirados no centro hist\u00f3rico.","inLanguage":"pt-BR","potentialAction":[{"@type":"ReadAction","target":["https:\/\/www.manaus.am.gov.br\/semcom\/retirada-fios-cabos-15-toneladas-centro\/"]}]},{"@type":"ImageObject","inLanguage":"pt-BR","@id":"https:\/\/www.manaus.am.gov.br\/semcom\/retirada-fios-cabos-15-toneladas-centro\/#primaryimage","url":"https:\/\/www.manaus.am.gov.br\/semcom\/wp-content\/uploads\/sites\/5\/2025\/12\/54983799935_35a6a695c0_k.jpg","contentUrl":"https:\/\/www.manaus.am.gov.br\/semcom\/wp-content\/uploads\/sites\/5\/2025\/12\/54983799935_35a6a695c0_k.jpg","width":2048,"height":1365,"caption":"#paratodosverem - Funcion\u00e1rio de empresa de telefonia retirando cabos e fios obsoletos de rede el\u00e9trica no Centro de Manaus"},{"@type":"WebSite","@id":"https:\/\/www.manaus.am.gov.br\/semcom\/#website","url":"https:\/\/www.manaus.am.gov.br\/semcom\/","name":"SEMCOM","description":"Secretaria Municipal de Comunica\u00e7\u00e3o","potentialAction":[{"@type":"SearchAction","target":{"@type":"EntryPoint","urlTemplate":"https:\/\/www.manaus.am.gov.br\/semcom\/?s={search_term_string}"},"query-input":"required name=search_term_string"}],"inLanguage":"pt-BR"},{"@type":"Person","@id":"https:\/\/www.manaus.am.gov.br\/semcom\/#\/schema\/person\/05d223aea2bf115f9883a6ff3683d81b","name":"Bruna Greco","image":{"@type":"ImageObject","inLanguage":"pt-BR","@id":"https:\/\/www.manaus.am.gov.br\/semcom\/#\/schema\/person\/image\/","url":"https:\/\/secure.gravatar.com\/avatar\/9c877d1a6adc2a055330e5c09a8653ce?s=96&d=mm&r=g","contentUrl":"https:\/\/secure.gravatar.com\/avatar\/9c877d1a6adc2a055330e5c09a8653ce?s=96&d=mm&r=g","caption":"Bruna Greco"}}]}},"_links":{"self":[{"href":"https:\/\/www.manaus.am.gov.br\/semcom\/wp-json\/wp\/v2\/posts\/249740"}],"collection":[{"href":"https:\/\/www.manaus.am.gov.br\/semcom\/wp-json\/wp\/v2\/posts"}],"about":[{"href":"https:\/\/www.manaus.am.gov.br\/semcom\/wp-json\/wp\/v2\/types\/post"}],"author":[{"embeddable":true,"href":"https:\/\/www.manaus.am.gov.br\/semcom\/wp-json\/wp\/v2\/users\/39"}],"replies":[{"embeddable":true,"href":"https:\/\/www.manaus.am.gov.br\/semcom\/wp-json\/wp\/v2\/comments?post=249740"}],"version-history":[{"count":3,"href":"https:\/\/www.manaus.am.gov.br\/semcom\/wp-json\/wp\/v2\/posts\/249740\/revisions"}],"predecessor-version":[{"id":249763,"href":"https:\/\/www.manaus.am.gov.br\/semcom\/wp-json\/wp\/v2\/posts\/249740\/revisions\/249763"}],"wp:featuredmedia":[{"embeddable":true,"href":"https:\/\/www.manaus.am.gov.br\/semcom\/wp-json\/wp\/v2\/media\/249741"}],"wp:attachment":[{"href":"https:\/\/www.manaus.am.gov.br\/semcom\/wp-json\/wp\/v2\/media?parent=249740"}],"wp:term":[{"taxonomy":"category","embeddable":true,"href":"https:\/\/www.manaus.am.gov.br\/semcom\/wp-json\/wp\/v2\/categories?post=249740"},{"taxonomy":"post_tag","embeddable":true,"href":"https:\/\/www.manaus.am.gov.br\/semcom\/wp-json\/wp\/v2\/tags?post=249740"}],"curies":[{"name":"wp","href":"https:\/\/api.w.org\/{rel}","templated":true}]}}