{"id":249710,"date":"2025-12-14T07:49:47","date_gmt":"2025-12-14T11:49:47","guid":{"rendered":"https:\/\/www.manaus.am.gov.br\/semcom\/inauguracao-arvore-viva-csu-parque-10\/"},"modified":"2025-12-14T09:02:55","modified_gmt":"2025-12-14T12:02:55","slug":"inauguracao-arvore-viva-csu-parque-10","status":"publish","type":"post","link":"https:\/\/www.manaus.am.gov.br\/semcom\/inauguracao-arvore-viva-csu-parque-10\/","title":{"rendered":"Composta por mais de cinco mil mudas, Prefeitura de Manaus inaugura \u2018\u00c1rvore Viva\u2019 no CSU do Parque 10"},"content":{"rendered":"\n<p>O Centro Social Urbano (CSU) do Parque 10 ganhou um novo atrativo, neste s\u00e1bado, 13\/12, a inovadora &#8220;\u00c1rvore Viva&#8221;, entregue pela Prefeitura de Manaus. A a\u00e7\u00e3o, que integra o projeto &#8220;Um Sonho M\u00e1gico de Natal&#8221;, coordenado pelo Fundo Manaus Solid\u00e1ria (FMS), se consolida como um novo s\u00edmbolo natalino da cidade.<\/p>\n\n\n\n<p>Esta \u00e1rvore especial \u00e9 composta por mais de cinco mil mudas de esp\u00e9cies nativas, transformando a decora\u00e7\u00e3o tradicional em uma grande celebra\u00e7\u00e3o da vida, do cuidado e da esperan\u00e7a por um futuro mais verde. A iniciativa reflete o compromisso da gest\u00e3o municipal com a preserva\u00e7\u00e3o ambiental e com a sustentabilidade.<\/p>\n\n\n\n<p>&#8220;Nosso prefeito todos os anos tenta inovar, trazer uma novidade e, este ano, n\u00f3s trouxemos a \u2018\u00c1rvore Viva\u2019, que s\u00f3 tem em dois lugares no Brasil e agora tem uma aqui em Manaus, abrilhantando com essas mudas. S\u00e3o cinco mil mudas de plantas da nossa regi\u00e3o, ela vai ficar aqui por tempo indeterminado&#8221;, destacou a presidente do FMS, Viviana Lira.<\/p>\n\n\n\n<p>Al\u00e9m da &#8220;\u00c1rvore Viva&#8221;, o p\u00fablico tamb\u00e9m pode conferir a completa ornamenta\u00e7\u00e3o natalina do CSU do Parque 10, onde as \u00e1rvores j\u00e1 existentes receberam ilumina\u00e7\u00e3o com pisca-piscas, com todo o ambiente pronto para a celebra\u00e7\u00e3o do Natal.<\/p>\n\n\n\n<p>O professor Jonssen Freitas agradeceu pela iniciativa da prefeitura de entregar esse novo atrativo para o CSU do Parque 10 e convidou a popula\u00e7\u00e3o para conhecer. &#8220;O CSU, a gente sabe que \u00e9 um parque muito importante da cidade e agora a gente espera que atraia mais pessoas para vir visitar. E se voc\u00ea ainda n\u00e3o veio, aproveite, venha visitar o CSU e venha ver a \u00e1rvore de Natal viva&#8221;, disse.<\/p>\n\n\n\n<p>A professora Josiane Magalh\u00e3es contou que achou linda a \u00e1rvore e que o bairro Parque 10 estava precisando de um atrativo como este. &#8220;Eu achei lindo. Muitas regi\u00f5es da cidade tem um atrativo desse e aqui estava faltando. Ent\u00e3o, foi uma ideia excelente proporcionar isso para a nossa comunidade&#8221;, concluiu.<\/p>\n\n\n\n<figure class=\"wp-block-image size-large\"><img loading=\"lazy\" decoding=\"async\" width=\"1024\" height=\"683\" src=\"https:\/\/www.manaus.am.gov.br\/semcom\/wp-content\/uploads\/sites\/5\/2025\/12\/54982701189_a43fafb74f_k-1024x683.jpg\" alt=\"\" class=\"wp-image-249711\" srcset=\"https:\/\/www.manaus.am.gov.br\/semcom\/wp-content\/uploads\/sites\/5\/2025\/12\/54982701189_a43fafb74f_k-1024x683.jpg 1024w, https:\/\/www.manaus.am.gov.br\/semcom\/wp-content\/uploads\/sites\/5\/2025\/12\/54982701189_a43fafb74f_k-300x200.jpg 300w, https:\/\/www.manaus.am.gov.br\/semcom\/wp-content\/uploads\/sites\/5\/2025\/12\/54982701189_a43fafb74f_k-768x512.jpg 768w, https:\/\/www.manaus.am.gov.br\/semcom\/wp-content\/uploads\/sites\/5\/2025\/12\/54982701189_a43fafb74f_k-1536x1024.jpg 1536w, https:\/\/www.manaus.am.gov.br\/semcom\/wp-content\/uploads\/sites\/5\/2025\/12\/54982701189_a43fafb74f_k.jpg 2048w\" sizes=\"(max-width: 1024px) 100vw, 1024px\" \/><figcaption class=\"wp-element-caption\">#paratodosverem &#8211; Presidente do FMS, Viviana Lira, acompanhada de parlamentar, personagens natalinos e crian\u00e7as, durante entrega da &#8220;\u00c1rvore Viva&#8221;<\/figcaption><\/figure>\n\n\n\n<p>&#8212; &#8212; &#8212;<\/p>\n\n\n\n<p><strong>Texto <\/strong>&#8211; Geraldo Farias\/Semcom<\/p>\n\n\n\n<p><strong>Fotos \u2013 <\/strong>Cl\u00f3vis Miranda\/Semcom<\/p>\n\n\n\n<p><strong>Dispon\u00edveis em &#8211; <\/strong><a href=\"https:\/\/flic.kr\/s\/aHBqjCDK3i\">https:\/\/flic.kr\/s\/aHBqjCDK3i<\/a><\/p>\n","protected":false},"excerpt":{"rendered":"","protected":false},"author":39,"featured_media":249713,"comment_status":"closed","ping_status":"closed","sticky":false,"template":"","format":"standard","meta":{"footnotes":""},"categories":[8875],"tags":[18463,10684,7695,18464,77],"acf":[],"yoast_head":"<!-- This site is optimized with the Yoast SEO plugin v23.0 - https:\/\/yoast.com\/wordpress\/plugins\/seo\/ -->\n<title>Prefeitura de Manaus inaugura \u2018\u00c1rvore Viva\u2019 no CSU do Parque 10<\/title>\n<meta name=\"description\" content=\"Composta por mais de cinco mil mudas, Prefeitura de Manaus inaugura \u2018\u00c1rvore Viva\u2019 no CSU do Parque 10, zona Centro-Sul.\" \/>\n<meta name=\"robots\" content=\"index, follow, max-snippet:-1, max-image-preview:large, max-video-preview:-1\" \/>\n<link rel=\"canonical\" href=\"https:\/\/www.manaus.am.gov.br\/semcom\/inauguracao-arvore-viva-csu-parque-10\/\" \/>\n<meta property=\"og:locale\" content=\"pt_BR\" \/>\n<meta property=\"og:type\" content=\"article\" \/>\n<meta property=\"og:title\" content=\"Prefeitura de Manaus inaugura \u2018\u00c1rvore Viva\u2019 no CSU do Parque 10\" \/>\n<meta property=\"og:description\" content=\"Composta por mais de cinco mil mudas, Prefeitura de Manaus inaugura \u2018\u00c1rvore Viva\u2019 no CSU do Parque 10, zona Centro-Sul.\" \/>\n<meta property=\"og:url\" content=\"https:\/\/www.manaus.am.gov.br\/semcom\/inauguracao-arvore-viva-csu-parque-10\/\" \/>\n<meta property=\"og:site_name\" content=\"SEMCOM\" \/>\n<meta property=\"article:published_time\" content=\"2025-12-14T11:49:47+00:00\" \/>\n<meta property=\"article:modified_time\" content=\"2025-12-14T12:02:55+00:00\" \/>\n<meta property=\"og:image\" content=\"https:\/\/www.manaus.am.gov.br\/semcom\/wp-content\/uploads\/sites\/5\/2025\/12\/54982451931_8f18f8272d_k.jpg\" \/>\n\t<meta property=\"og:image:width\" content=\"2048\" \/>\n\t<meta property=\"og:image:height\" content=\"1365\" \/>\n\t<meta property=\"og:image:type\" content=\"image\/jpeg\" \/>\n<meta name=\"author\" content=\"Bruna Greco\" \/>\n<meta name=\"twitter:card\" content=\"summary_large_image\" \/>\n<meta name=\"twitter:label1\" content=\"Written by\" \/>\n\t<meta name=\"twitter:data1\" content=\"Bruna Greco\" \/>\n\t<meta name=\"twitter:label2\" content=\"Est. reading time\" \/>\n\t<meta name=\"twitter:data2\" content=\"3 minutos\" \/>\n<script type=\"application\/ld+json\" class=\"yoast-schema-graph\">{\"@context\":\"https:\/\/schema.org\",\"@graph\":[{\"@type\":\"WebPage\",\"@id\":\"https:\/\/www.manaus.am.gov.br\/semcom\/inauguracao-arvore-viva-csu-parque-10\/\",\"url\":\"https:\/\/www.manaus.am.gov.br\/semcom\/inauguracao-arvore-viva-csu-parque-10\/\",\"name\":\"Prefeitura de Manaus inaugura \u2018\u00c1rvore Viva\u2019 no CSU do Parque 10\",\"isPartOf\":{\"@id\":\"https:\/\/www.manaus.am.gov.br\/semcom\/#website\"},\"primaryImageOfPage\":{\"@id\":\"https:\/\/www.manaus.am.gov.br\/semcom\/inauguracao-arvore-viva-csu-parque-10\/#primaryimage\"},\"image\":{\"@id\":\"https:\/\/www.manaus.am.gov.br\/semcom\/inauguracao-arvore-viva-csu-parque-10\/#primaryimage\"},\"thumbnailUrl\":\"https:\/\/www.manaus.am.gov.br\/semcom\/wp-content\/uploads\/sites\/5\/2025\/12\/54982451931_8f18f8272d_k.jpg\",\"datePublished\":\"2025-12-14T11:49:47+00:00\",\"dateModified\":\"2025-12-14T12:02:55+00:00\",\"author\":{\"@id\":\"https:\/\/www.manaus.am.gov.br\/semcom\/#\/schema\/person\/05d223aea2bf115f9883a6ff3683d81b\"},\"description\":\"Composta por mais de cinco mil mudas, Prefeitura de Manaus inaugura \u2018\u00c1rvore Viva\u2019 no CSU do Parque 10, zona Centro-Sul.\",\"inLanguage\":\"pt-BR\",\"potentialAction\":[{\"@type\":\"ReadAction\",\"target\":[\"https:\/\/www.manaus.am.gov.br\/semcom\/inauguracao-arvore-viva-csu-parque-10\/\"]}]},{\"@type\":\"ImageObject\",\"inLanguage\":\"pt-BR\",\"@id\":\"https:\/\/www.manaus.am.gov.br\/semcom\/inauguracao-arvore-viva-csu-parque-10\/#primaryimage\",\"url\":\"https:\/\/www.manaus.am.gov.br\/semcom\/wp-content\/uploads\/sites\/5\/2025\/12\/54982451931_8f18f8272d_k.jpg\",\"contentUrl\":\"https:\/\/www.manaus.am.gov.br\/semcom\/wp-content\/uploads\/sites\/5\/2025\/12\/54982451931_8f18f8272d_k.jpg\",\"width\":2048,\"height\":1365,\"caption\":\"#paratodosverem - Inaugura\u00e7\u00e3o da \\\"\u00c1rvore Viva\\\" no CSU do Parque 10 como parte do projeto \\\"Um Sonho M\u00e1gico de Natal\\\" da prefeitura\"},{\"@type\":\"WebSite\",\"@id\":\"https:\/\/www.manaus.am.gov.br\/semcom\/#website\",\"url\":\"https:\/\/www.manaus.am.gov.br\/semcom\/\",\"name\":\"SEMCOM\",\"description\":\"Secretaria Municipal de Comunica\u00e7\u00e3o\",\"potentialAction\":[{\"@type\":\"SearchAction\",\"target\":{\"@type\":\"EntryPoint\",\"urlTemplate\":\"https:\/\/www.manaus.am.gov.br\/semcom\/?s={search_term_string}\"},\"query-input\":\"required name=search_term_string\"}],\"inLanguage\":\"pt-BR\"},{\"@type\":\"Person\",\"@id\":\"https:\/\/www.manaus.am.gov.br\/semcom\/#\/schema\/person\/05d223aea2bf115f9883a6ff3683d81b\",\"name\":\"Bruna Greco\",\"image\":{\"@type\":\"ImageObject\",\"inLanguage\":\"pt-BR\",\"@id\":\"https:\/\/www.manaus.am.gov.br\/semcom\/#\/schema\/person\/image\/\",\"url\":\"https:\/\/secure.gravatar.com\/avatar\/9c877d1a6adc2a055330e5c09a8653ce?s=96&d=mm&r=g\",\"contentUrl\":\"https:\/\/secure.gravatar.com\/avatar\/9c877d1a6adc2a055330e5c09a8653ce?s=96&d=mm&r=g\",\"caption\":\"Bruna Greco\"}}]}<\/script>\n<!-- \/ Yoast SEO plugin. -->","yoast_head_json":{"title":"Prefeitura de Manaus inaugura \u2018\u00c1rvore Viva\u2019 no CSU do Parque 10","description":"Composta por mais de cinco mil mudas, Prefeitura de Manaus inaugura \u2018\u00c1rvore Viva\u2019 no CSU do Parque 10, zona Centro-Sul.","robots":{"index":"index","follow":"follow","max-snippet":"max-snippet:-1","max-image-preview":"max-image-preview:large","max-video-preview":"max-video-preview:-1"},"canonical":"https:\/\/www.manaus.am.gov.br\/semcom\/inauguracao-arvore-viva-csu-parque-10\/","og_locale":"pt_BR","og_type":"article","og_title":"Prefeitura de Manaus inaugura \u2018\u00c1rvore Viva\u2019 no CSU do Parque 10","og_description":"Composta por mais de cinco mil mudas, Prefeitura de Manaus inaugura \u2018\u00c1rvore Viva\u2019 no CSU do Parque 10, zona Centro-Sul.","og_url":"https:\/\/www.manaus.am.gov.br\/semcom\/inauguracao-arvore-viva-csu-parque-10\/","og_site_name":"SEMCOM","article_published_time":"2025-12-14T11:49:47+00:00","article_modified_time":"2025-12-14T12:02:55+00:00","og_image":[{"width":2048,"height":1365,"url":"https:\/\/www.manaus.am.gov.br\/semcom\/wp-content\/uploads\/sites\/5\/2025\/12\/54982451931_8f18f8272d_k.jpg","type":"image\/jpeg"}],"author":"Bruna Greco","twitter_card":"summary_large_image","twitter_misc":{"Written by":"Bruna Greco","Est. reading time":"3 minutos"},"schema":{"@context":"https:\/\/schema.org","@graph":[{"@type":"WebPage","@id":"https:\/\/www.manaus.am.gov.br\/semcom\/inauguracao-arvore-viva-csu-parque-10\/","url":"https:\/\/www.manaus.am.gov.br\/semcom\/inauguracao-arvore-viva-csu-parque-10\/","name":"Prefeitura de Manaus inaugura \u2018\u00c1rvore Viva\u2019 no CSU do Parque 10","isPartOf":{"@id":"https:\/\/www.manaus.am.gov.br\/semcom\/#website"},"primaryImageOfPage":{"@id":"https:\/\/www.manaus.am.gov.br\/semcom\/inauguracao-arvore-viva-csu-parque-10\/#primaryimage"},"image":{"@id":"https:\/\/www.manaus.am.gov.br\/semcom\/inauguracao-arvore-viva-csu-parque-10\/#primaryimage"},"thumbnailUrl":"https:\/\/www.manaus.am.gov.br\/semcom\/wp-content\/uploads\/sites\/5\/2025\/12\/54982451931_8f18f8272d_k.jpg","datePublished":"2025-12-14T11:49:47+00:00","dateModified":"2025-12-14T12:02:55+00:00","author":{"@id":"https:\/\/www.manaus.am.gov.br\/semcom\/#\/schema\/person\/05d223aea2bf115f9883a6ff3683d81b"},"description":"Composta por mais de cinco mil mudas, Prefeitura de Manaus inaugura \u2018\u00c1rvore Viva\u2019 no CSU do Parque 10, zona Centro-Sul.","inLanguage":"pt-BR","potentialAction":[{"@type":"ReadAction","target":["https:\/\/www.manaus.am.gov.br\/semcom\/inauguracao-arvore-viva-csu-parque-10\/"]}]},{"@type":"ImageObject","inLanguage":"pt-BR","@id":"https:\/\/www.manaus.am.gov.br\/semcom\/inauguracao-arvore-viva-csu-parque-10\/#primaryimage","url":"https:\/\/www.manaus.am.gov.br\/semcom\/wp-content\/uploads\/sites\/5\/2025\/12\/54982451931_8f18f8272d_k.jpg","contentUrl":"https:\/\/www.manaus.am.gov.br\/semcom\/wp-content\/uploads\/sites\/5\/2025\/12\/54982451931_8f18f8272d_k.jpg","width":2048,"height":1365,"caption":"#paratodosverem - Inaugura\u00e7\u00e3o da \"\u00c1rvore Viva\" no CSU do Parque 10 como parte do projeto \"Um Sonho M\u00e1gico de Natal\" da prefeitura"},{"@type":"WebSite","@id":"https:\/\/www.manaus.am.gov.br\/semcom\/#website","url":"https:\/\/www.manaus.am.gov.br\/semcom\/","name":"SEMCOM","description":"Secretaria Municipal de Comunica\u00e7\u00e3o","potentialAction":[{"@type":"SearchAction","target":{"@type":"EntryPoint","urlTemplate":"https:\/\/www.manaus.am.gov.br\/semcom\/?s={search_term_string}"},"query-input":"required name=search_term_string"}],"inLanguage":"pt-BR"},{"@type":"Person","@id":"https:\/\/www.manaus.am.gov.br\/semcom\/#\/schema\/person\/05d223aea2bf115f9883a6ff3683d81b","name":"Bruna Greco","image":{"@type":"ImageObject","inLanguage":"pt-BR","@id":"https:\/\/www.manaus.am.gov.br\/semcom\/#\/schema\/person\/image\/","url":"https:\/\/secure.gravatar.com\/avatar\/9c877d1a6adc2a055330e5c09a8653ce?s=96&d=mm&r=g","contentUrl":"https:\/\/secure.gravatar.com\/avatar\/9c877d1a6adc2a055330e5c09a8653ce?s=96&d=mm&r=g","caption":"Bruna Greco"}}]}},"_links":{"self":[{"href":"https:\/\/www.manaus.am.gov.br\/semcom\/wp-json\/wp\/v2\/posts\/249710"}],"collection":[{"href":"https:\/\/www.manaus.am.gov.br\/semcom\/wp-json\/wp\/v2\/posts"}],"about":[{"href":"https:\/\/www.manaus.am.gov.br\/semcom\/wp-json\/wp\/v2\/types\/post"}],"author":[{"embeddable":true,"href":"https:\/\/www.manaus.am.gov.br\/semcom\/wp-json\/wp\/v2\/users\/39"}],"replies":[{"embeddable":true,"href":"https:\/\/www.manaus.am.gov.br\/semcom\/wp-json\/wp\/v2\/comments?post=249710"}],"version-history":[{"count":3,"href":"https:\/\/www.manaus.am.gov.br\/semcom\/wp-json\/wp\/v2\/posts\/249710\/revisions"}],"predecessor-version":[{"id":249716,"href":"https:\/\/www.manaus.am.gov.br\/semcom\/wp-json\/wp\/v2\/posts\/249710\/revisions\/249716"}],"wp:featuredmedia":[{"embeddable":true,"href":"https:\/\/www.manaus.am.gov.br\/semcom\/wp-json\/wp\/v2\/media\/249713"}],"wp:attachment":[{"href":"https:\/\/www.manaus.am.gov.br\/semcom\/wp-json\/wp\/v2\/media?parent=249710"}],"wp:term":[{"taxonomy":"category","embeddable":true,"href":"https:\/\/www.manaus.am.gov.br\/semcom\/wp-json\/wp\/v2\/categories?post=249710"},{"taxonomy":"post_tag","embeddable":true,"href":"https:\/\/www.manaus.am.gov.br\/semcom\/wp-json\/wp\/v2\/tags?post=249710"}],"curies":[{"name":"wp","href":"https:\/\/api.w.org\/{rel}","templated":true}]}}