{"id":249702,"date":"2025-12-13T17:32:57","date_gmt":"2025-12-13T21:32:57","guid":{"rendered":"https:\/\/www.manaus.am.gov.br\/semcom\/evento-a-maior-poesia-de-improviso-do-mundo\/"},"modified":"2025-12-14T09:05:31","modified_gmt":"2025-12-14T12:05:31","slug":"evento-a-maior-poesia-de-improviso-do-mundo","status":"publish","type":"post","link":"https:\/\/www.manaus.am.gov.br\/semcom\/evento-a-maior-poesia-de-improviso-do-mundo\/","title":{"rendered":"Manaus \u00e9 palco do evento \u2018A Maior Poesia de Improviso do Mundo\u2019 realizado pela prefeitura e recebe o cordelista Oliveira de Panela"},"content":{"rendered":"\n<p>Atraindo um p\u00fablico diversificado, a Prefeitura de Manaus, por meio do Conselho Municipal de Cultura (Concultura), promoveu, neste s\u00e1bado, 13\/12, o evento \u201cA Maior Poesia de Improviso do Mundo\u201d. A programa\u00e7\u00e3o cultural, com entrada gratuita, ocorreu no tradicional Luso Sporting Clube, no Centro, zona Sul da cidade.<\/p>\n\n\n\n<p>\u201cN\u00f3s estamos celebrando os cem anos de cordel, de literatura e poesia na Amaz\u00f4nia. E o nosso objetivo nesse momento \u00e9 engrandecer e prestigiar esses eixos culturais em Manaus\u201d, afirmou o presidente do Concultura, Tony Medeiros.<\/p>\n\n\n\n<p>O grande destaque da programa\u00e7\u00e3o foi o renomado cordelista e repentista pernambucano, Oliveira de Panelas, que encantou os presentes com sua habilidade em improvisar versos e narrar hist\u00f3rias da literatura de cordel. Durante a celebra\u00e7\u00e3o, Oliveira recebeu uma placa de homenagem do Concultura, entregue por Tony Medeiros, em reconhecimento \u00e0 sua significativa contribui\u00e7\u00e3o \u00e0 cultura popular brasileira.<\/p>\n\n\n\n<p>\u201cEsse era o meu sonho, eu sempre pensei grande. E nessa \u2018A Maior Poesia de Improviso do Mundo\u2019 ainda n\u00e3o tinha algu\u00e9m que tivesse feito nem uma hora de improviso. Ent\u00e3o, eu fiz mais de uma hora me superando a mim mesmo\u201d, destacou o cordelista.<\/p>\n\n\n\n<p>Al\u00e9m da apresenta\u00e7\u00e3o de Oliveira, o evento contou com uma s\u00e9rie de atividades, incluindo recitais de cordel com poetas amazonenses, como Gui Cordel, Bento Sales, Julian Repentista, Joel Marinho, Alex Alves, Kayla Alves e Bosco Poeta, Conselheiro Municipal de Literatura.<\/p>\n\n\n\n<p>Momentos de grava\u00e7\u00e3o de poesia de improviso tamb\u00e9m foram realizados, permitindo ao p\u00fablico vivenciar a espontaneidade do repente. Adicionalmente, workshops e palestras promoveram discuss\u00f5es sobre a import\u00e2ncia da literatura de cordel e do improviso na cultura brasileira.<\/p>\n\n\n\n<p>\u201cA Maior Poesia de Improviso do Mundo\u201d n\u00e3o apenas entreteve, mas tamb\u00e9m educou e democratizou o acesso \u00e0 literatura, promovendo um interc\u00e2mbio cultural entre as tradi\u00e7\u00f5es do Nordeste e a produ\u00e7\u00e3o art\u00edstica do Norte. O evento refor\u00e7ou a import\u00e2ncia da cultura popular em Manaus, criando um espa\u00e7o de valoriza\u00e7\u00e3o da palavra falada e escrita, e consolidou-se como um marco na agenda cultural da cidade.<\/p>\n\n\n\n<p>Al\u00e9m de celebrar a mem\u00f3ria de Geraldo Rodrigues e os cem anos de Cordel na Amaz\u00f4nia, esse encontro, entre as culturas amaz\u00f4nica e nordestina, fortalece os la\u00e7os culturais e hist\u00f3ricos entre as duas regi\u00f5es.<\/p>\n\n\n\n<figure class=\"wp-block-image size-large\"><img loading=\"lazy\" decoding=\"async\" width=\"1024\" height=\"683\" src=\"https:\/\/www.manaus.am.gov.br\/semcom\/wp-content\/uploads\/sites\/5\/2025\/12\/54980720802_8c00d94fb8_k-1024x683.jpg\" alt=\"\" class=\"wp-image-249704\" srcset=\"https:\/\/www.manaus.am.gov.br\/semcom\/wp-content\/uploads\/sites\/5\/2025\/12\/54980720802_8c00d94fb8_k-1024x683.jpg 1024w, https:\/\/www.manaus.am.gov.br\/semcom\/wp-content\/uploads\/sites\/5\/2025\/12\/54980720802_8c00d94fb8_k-300x200.jpg 300w, https:\/\/www.manaus.am.gov.br\/semcom\/wp-content\/uploads\/sites\/5\/2025\/12\/54980720802_8c00d94fb8_k-768x512.jpg 768w, https:\/\/www.manaus.am.gov.br\/semcom\/wp-content\/uploads\/sites\/5\/2025\/12\/54980720802_8c00d94fb8_k-1536x1024.jpg 1536w, https:\/\/www.manaus.am.gov.br\/semcom\/wp-content\/uploads\/sites\/5\/2025\/12\/54980720802_8c00d94fb8_k.jpg 2048w\" sizes=\"(max-width: 1024px) 100vw, 1024px\" \/><figcaption class=\"wp-element-caption\">#paratodosverem &#8211; Presidente do Concultura, Tony Medeiros, discursando durante o evento \u201cA Maior Poesia de Improviso do Mundo\u201d<\/figcaption><\/figure>\n\n\n\n<p>&#8212; &#8212; &#8212;<\/p>\n\n\n\n<p><strong>Texto \u2013 <\/strong>Divulga\u00e7\u00e3o\/Concultura<\/p>\n\n\n\n<p><strong>Fotos<\/strong> \u2013 Valdo Le\u00e3o\/Semcom<\/p>\n\n\n\n<p><strong>Dispon\u00edveis em<\/strong> &#8211; <a href=\"https:\/\/flic.kr\/s\/aHBqjCDLyF\">https:\/\/flic.kr\/s\/aHBqjCDLyF<\/a><\/p>\n","protected":false},"excerpt":{"rendered":"","protected":false},"author":39,"featured_media":249703,"comment_status":"closed","ping_status":"closed","sticky":false,"template":"","format":"standard","meta":{"footnotes":""},"categories":[5],"tags":[695,18460,2304,18461,18462,77],"acf":[],"yoast_head":"<!-- This site is optimized with the Yoast SEO plugin v23.0 - https:\/\/yoast.com\/wordpress\/plugins\/seo\/ -->\n<title>Manaus \u00e9 palco do evento \u2018A Maior Poesia de Improviso do Mundo\u2019<\/title>\n<meta name=\"description\" content=\"Manaus \u00e9 palco do evento \u2018A Maior Poesia de Improviso do Mundo\u2019 realizado pela prefeitura e recebe o cordelista Oliveira de Panela.\" \/>\n<meta name=\"robots\" content=\"index, follow, max-snippet:-1, max-image-preview:large, max-video-preview:-1\" \/>\n<link rel=\"canonical\" href=\"https:\/\/www.manaus.am.gov.br\/semcom\/evento-a-maior-poesia-de-improviso-do-mundo\/\" \/>\n<meta property=\"og:locale\" content=\"pt_BR\" \/>\n<meta property=\"og:type\" content=\"article\" \/>\n<meta property=\"og:title\" content=\"Manaus \u00e9 palco do evento \u2018A Maior Poesia de Improviso do Mundo\u2019\" \/>\n<meta property=\"og:description\" content=\"Manaus \u00e9 palco do evento \u2018A Maior Poesia de Improviso do Mundo\u2019 realizado pela prefeitura e recebe o cordelista Oliveira de Panela.\" \/>\n<meta property=\"og:url\" content=\"https:\/\/www.manaus.am.gov.br\/semcom\/evento-a-maior-poesia-de-improviso-do-mundo\/\" \/>\n<meta property=\"og:site_name\" content=\"SEMCOM\" \/>\n<meta property=\"article:published_time\" content=\"2025-12-13T21:32:57+00:00\" \/>\n<meta property=\"article:modified_time\" content=\"2025-12-14T12:05:31+00:00\" \/>\n<meta property=\"og:image\" content=\"https:\/\/www.manaus.am.gov.br\/semcom\/wp-content\/uploads\/sites\/5\/2025\/12\/54981848014_ad0c324103_k.jpg\" \/>\n\t<meta property=\"og:image:width\" content=\"2048\" \/>\n\t<meta property=\"og:image:height\" content=\"1365\" \/>\n\t<meta property=\"og:image:type\" content=\"image\/jpeg\" \/>\n<meta name=\"author\" content=\"Bruna Greco\" \/>\n<meta name=\"twitter:card\" content=\"summary_large_image\" \/>\n<meta name=\"twitter:label1\" content=\"Written by\" \/>\n\t<meta name=\"twitter:data1\" content=\"Bruna Greco\" \/>\n\t<meta name=\"twitter:label2\" content=\"Est. reading time\" \/>\n\t<meta name=\"twitter:data2\" content=\"3 minutos\" \/>\n<script type=\"application\/ld+json\" class=\"yoast-schema-graph\">{\"@context\":\"https:\/\/schema.org\",\"@graph\":[{\"@type\":\"WebPage\",\"@id\":\"https:\/\/www.manaus.am.gov.br\/semcom\/evento-a-maior-poesia-de-improviso-do-mundo\/\",\"url\":\"https:\/\/www.manaus.am.gov.br\/semcom\/evento-a-maior-poesia-de-improviso-do-mundo\/\",\"name\":\"Manaus \u00e9 palco do evento \u2018A Maior Poesia de Improviso do Mundo\u2019\",\"isPartOf\":{\"@id\":\"https:\/\/www.manaus.am.gov.br\/semcom\/#website\"},\"primaryImageOfPage\":{\"@id\":\"https:\/\/www.manaus.am.gov.br\/semcom\/evento-a-maior-poesia-de-improviso-do-mundo\/#primaryimage\"},\"image\":{\"@id\":\"https:\/\/www.manaus.am.gov.br\/semcom\/evento-a-maior-poesia-de-improviso-do-mundo\/#primaryimage\"},\"thumbnailUrl\":\"https:\/\/www.manaus.am.gov.br\/semcom\/wp-content\/uploads\/sites\/5\/2025\/12\/54981848014_ad0c324103_k.jpg\",\"datePublished\":\"2025-12-13T21:32:57+00:00\",\"dateModified\":\"2025-12-14T12:05:31+00:00\",\"author\":{\"@id\":\"https:\/\/www.manaus.am.gov.br\/semcom\/#\/schema\/person\/05d223aea2bf115f9883a6ff3683d81b\"},\"description\":\"Manaus \u00e9 palco do evento \u2018A Maior Poesia de Improviso do Mundo\u2019 realizado pela prefeitura e recebe o cordelista Oliveira de Panela.\",\"inLanguage\":\"pt-BR\",\"potentialAction\":[{\"@type\":\"ReadAction\",\"target\":[\"https:\/\/www.manaus.am.gov.br\/semcom\/evento-a-maior-poesia-de-improviso-do-mundo\/\"]}]},{\"@type\":\"ImageObject\",\"inLanguage\":\"pt-BR\",\"@id\":\"https:\/\/www.manaus.am.gov.br\/semcom\/evento-a-maior-poesia-de-improviso-do-mundo\/#primaryimage\",\"url\":\"https:\/\/www.manaus.am.gov.br\/semcom\/wp-content\/uploads\/sites\/5\/2025\/12\/54981848014_ad0c324103_k.jpg\",\"contentUrl\":\"https:\/\/www.manaus.am.gov.br\/semcom\/wp-content\/uploads\/sites\/5\/2025\/12\/54981848014_ad0c324103_k.jpg\",\"width\":2048,\"height\":1365,\"caption\":\"#paratodosverem - Cordelista e repentista pernambucano, Oliveira de Panelas, durante apresenta\u00e7\u00e3o no evento \u201cA Maior Poesia de Improviso do Mundo\u201d\"},{\"@type\":\"WebSite\",\"@id\":\"https:\/\/www.manaus.am.gov.br\/semcom\/#website\",\"url\":\"https:\/\/www.manaus.am.gov.br\/semcom\/\",\"name\":\"SEMCOM\",\"description\":\"Secretaria Municipal de Comunica\u00e7\u00e3o\",\"potentialAction\":[{\"@type\":\"SearchAction\",\"target\":{\"@type\":\"EntryPoint\",\"urlTemplate\":\"https:\/\/www.manaus.am.gov.br\/semcom\/?s={search_term_string}\"},\"query-input\":\"required name=search_term_string\"}],\"inLanguage\":\"pt-BR\"},{\"@type\":\"Person\",\"@id\":\"https:\/\/www.manaus.am.gov.br\/semcom\/#\/schema\/person\/05d223aea2bf115f9883a6ff3683d81b\",\"name\":\"Bruna Greco\",\"image\":{\"@type\":\"ImageObject\",\"inLanguage\":\"pt-BR\",\"@id\":\"https:\/\/www.manaus.am.gov.br\/semcom\/#\/schema\/person\/image\/\",\"url\":\"https:\/\/secure.gravatar.com\/avatar\/9c877d1a6adc2a055330e5c09a8653ce?s=96&d=mm&r=g\",\"contentUrl\":\"https:\/\/secure.gravatar.com\/avatar\/9c877d1a6adc2a055330e5c09a8653ce?s=96&d=mm&r=g\",\"caption\":\"Bruna Greco\"}}]}<\/script>\n<!-- \/ Yoast SEO plugin. -->","yoast_head_json":{"title":"Manaus \u00e9 palco do evento \u2018A Maior Poesia de Improviso do Mundo\u2019","description":"Manaus \u00e9 palco do evento \u2018A Maior Poesia de Improviso do Mundo\u2019 realizado pela prefeitura e recebe o cordelista Oliveira de Panela.","robots":{"index":"index","follow":"follow","max-snippet":"max-snippet:-1","max-image-preview":"max-image-preview:large","max-video-preview":"max-video-preview:-1"},"canonical":"https:\/\/www.manaus.am.gov.br\/semcom\/evento-a-maior-poesia-de-improviso-do-mundo\/","og_locale":"pt_BR","og_type":"article","og_title":"Manaus \u00e9 palco do evento \u2018A Maior Poesia de Improviso do Mundo\u2019","og_description":"Manaus \u00e9 palco do evento \u2018A Maior Poesia de Improviso do Mundo\u2019 realizado pela prefeitura e recebe o cordelista Oliveira de Panela.","og_url":"https:\/\/www.manaus.am.gov.br\/semcom\/evento-a-maior-poesia-de-improviso-do-mundo\/","og_site_name":"SEMCOM","article_published_time":"2025-12-13T21:32:57+00:00","article_modified_time":"2025-12-14T12:05:31+00:00","og_image":[{"width":2048,"height":1365,"url":"https:\/\/www.manaus.am.gov.br\/semcom\/wp-content\/uploads\/sites\/5\/2025\/12\/54981848014_ad0c324103_k.jpg","type":"image\/jpeg"}],"author":"Bruna Greco","twitter_card":"summary_large_image","twitter_misc":{"Written by":"Bruna Greco","Est. reading time":"3 minutos"},"schema":{"@context":"https:\/\/schema.org","@graph":[{"@type":"WebPage","@id":"https:\/\/www.manaus.am.gov.br\/semcom\/evento-a-maior-poesia-de-improviso-do-mundo\/","url":"https:\/\/www.manaus.am.gov.br\/semcom\/evento-a-maior-poesia-de-improviso-do-mundo\/","name":"Manaus \u00e9 palco do evento \u2018A Maior Poesia de Improviso do Mundo\u2019","isPartOf":{"@id":"https:\/\/www.manaus.am.gov.br\/semcom\/#website"},"primaryImageOfPage":{"@id":"https:\/\/www.manaus.am.gov.br\/semcom\/evento-a-maior-poesia-de-improviso-do-mundo\/#primaryimage"},"image":{"@id":"https:\/\/www.manaus.am.gov.br\/semcom\/evento-a-maior-poesia-de-improviso-do-mundo\/#primaryimage"},"thumbnailUrl":"https:\/\/www.manaus.am.gov.br\/semcom\/wp-content\/uploads\/sites\/5\/2025\/12\/54981848014_ad0c324103_k.jpg","datePublished":"2025-12-13T21:32:57+00:00","dateModified":"2025-12-14T12:05:31+00:00","author":{"@id":"https:\/\/www.manaus.am.gov.br\/semcom\/#\/schema\/person\/05d223aea2bf115f9883a6ff3683d81b"},"description":"Manaus \u00e9 palco do evento \u2018A Maior Poesia de Improviso do Mundo\u2019 realizado pela prefeitura e recebe o cordelista Oliveira de Panela.","inLanguage":"pt-BR","potentialAction":[{"@type":"ReadAction","target":["https:\/\/www.manaus.am.gov.br\/semcom\/evento-a-maior-poesia-de-improviso-do-mundo\/"]}]},{"@type":"ImageObject","inLanguage":"pt-BR","@id":"https:\/\/www.manaus.am.gov.br\/semcom\/evento-a-maior-poesia-de-improviso-do-mundo\/#primaryimage","url":"https:\/\/www.manaus.am.gov.br\/semcom\/wp-content\/uploads\/sites\/5\/2025\/12\/54981848014_ad0c324103_k.jpg","contentUrl":"https:\/\/www.manaus.am.gov.br\/semcom\/wp-content\/uploads\/sites\/5\/2025\/12\/54981848014_ad0c324103_k.jpg","width":2048,"height":1365,"caption":"#paratodosverem - Cordelista e repentista pernambucano, Oliveira de Panelas, durante apresenta\u00e7\u00e3o no evento \u201cA Maior Poesia de Improviso do Mundo\u201d"},{"@type":"WebSite","@id":"https:\/\/www.manaus.am.gov.br\/semcom\/#website","url":"https:\/\/www.manaus.am.gov.br\/semcom\/","name":"SEMCOM","description":"Secretaria Municipal de Comunica\u00e7\u00e3o","potentialAction":[{"@type":"SearchAction","target":{"@type":"EntryPoint","urlTemplate":"https:\/\/www.manaus.am.gov.br\/semcom\/?s={search_term_string}"},"query-input":"required name=search_term_string"}],"inLanguage":"pt-BR"},{"@type":"Person","@id":"https:\/\/www.manaus.am.gov.br\/semcom\/#\/schema\/person\/05d223aea2bf115f9883a6ff3683d81b","name":"Bruna Greco","image":{"@type":"ImageObject","inLanguage":"pt-BR","@id":"https:\/\/www.manaus.am.gov.br\/semcom\/#\/schema\/person\/image\/","url":"https:\/\/secure.gravatar.com\/avatar\/9c877d1a6adc2a055330e5c09a8653ce?s=96&d=mm&r=g","contentUrl":"https:\/\/secure.gravatar.com\/avatar\/9c877d1a6adc2a055330e5c09a8653ce?s=96&d=mm&r=g","caption":"Bruna Greco"}}]}},"_links":{"self":[{"href":"https:\/\/www.manaus.am.gov.br\/semcom\/wp-json\/wp\/v2\/posts\/249702"}],"collection":[{"href":"https:\/\/www.manaus.am.gov.br\/semcom\/wp-json\/wp\/v2\/posts"}],"about":[{"href":"https:\/\/www.manaus.am.gov.br\/semcom\/wp-json\/wp\/v2\/types\/post"}],"author":[{"embeddable":true,"href":"https:\/\/www.manaus.am.gov.br\/semcom\/wp-json\/wp\/v2\/users\/39"}],"replies":[{"embeddable":true,"href":"https:\/\/www.manaus.am.gov.br\/semcom\/wp-json\/wp\/v2\/comments?post=249702"}],"version-history":[{"count":3,"href":"https:\/\/www.manaus.am.gov.br\/semcom\/wp-json\/wp\/v2\/posts\/249702\/revisions"}],"predecessor-version":[{"id":249718,"href":"https:\/\/www.manaus.am.gov.br\/semcom\/wp-json\/wp\/v2\/posts\/249702\/revisions\/249718"}],"wp:featuredmedia":[{"embeddable":true,"href":"https:\/\/www.manaus.am.gov.br\/semcom\/wp-json\/wp\/v2\/media\/249703"}],"wp:attachment":[{"href":"https:\/\/www.manaus.am.gov.br\/semcom\/wp-json\/wp\/v2\/media?parent=249702"}],"wp:term":[{"taxonomy":"category","embeddable":true,"href":"https:\/\/www.manaus.am.gov.br\/semcom\/wp-json\/wp\/v2\/categories?post=249702"},{"taxonomy":"post_tag","embeddable":true,"href":"https:\/\/www.manaus.am.gov.br\/semcom\/wp-json\/wp\/v2\/tags?post=249702"}],"curies":[{"name":"wp","href":"https:\/\/api.w.org\/{rel}","templated":true}]}}